{"id":1046,"date":"2009-01-28T11:36:03","date_gmt":"2009-01-28T16:06:03","guid":{"rendered":"http:\/\/www.sportalsub.net\/blog\/?p=1046"},"modified":"2019-09-01T02:08:51","modified_gmt":"2019-09-01T06:08:51","slug":"valle-obtuvo-18-medallas-de-oro-en-bogota","status":"publish","type":"post","link":"https:\/\/www.sportalsub.net\/blog\/valle-obtuvo-18-medallas-de-oro-en-bogota\/","title":{"rendered":"\ud83c\udde8\ud83c\uddf4 Valle obtuvo 18 medallas de Oro en Bogot\u00e1"},"content":{"rendered":"<p style=\"text-align: center;\"><img loading=\"lazy\" decoding=\"async\" class=\"alignnone size-full wp-image-8267\" title=\"goldenfinal3\" src=\"http:\/\/www.sportalsub.net\/blog\/wp-content\/uploads\/2009\/01\/goldenfinal3.jpg\" alt=\"\" width=\"600\" height=\"450\" srcset=\"https:\/\/www.sportalsub.net\/blog\/wp-content\/uploads\/2009\/01\/goldenfinal3.jpg 600w, https:\/\/www.sportalsub.net\/blog\/wp-content\/uploads\/2009\/01\/goldenfinal3-300x225.jpg 300w, https:\/\/www.sportalsub.net\/blog\/wp-content\/uploads\/2009\/01\/goldenfinal3-320x240.jpg 320w\" sizes=\"auto, (max-width: 600px) 100vw, 600px\" \/><\/p>\n<p>Los nadadores vallecaucanos que participaron en la 1ra Ronda de la IV Copa Mundo de Nataci\u00f3n con aletas\u00a0 realizada en Bogot\u00e1 el fin de semana alcanzaron una destacada actuaci\u00f3n al ganar 18 medallas de oro.<\/p>\n<p><!--more--><br \/>\nGrace Fern\u00e1ndez, Br\u00e9yner Pava y Juan Fernando Ocampo fueron las figuras de esta delegaci\u00f3n de 19 nadadores, al sumar cuatro medallas de oro cada uno en igual n\u00famero de pruebas.<\/p>\n<p>Marlene Am\u00e9zquita gan\u00f3 tres oros, mientras que Isabel Cristina Angarita y Vanessa Cuadrado ganaron dos preseas doradas. El resto de ganadores de medallas fueron: Esteban Caraballo, Mauricio Fern\u00e1ndez, Juan Manuel Andica, Daniel Fernando Carvajal, Crist\u00f3bal Guzm\u00e1n, Francy Rodr\u00edguez y Lina Grajales.<\/p>\n<p>El grupo del Club Tiburones, que represent\u00f3 al Valle en el certamen, cont\u00f3 adem\u00e1s con la participaci\u00f3n de Diana Marcela P\u00e9rez, Luis G\u00f3mez, Julia G\u00f3mez, Ginna Caraballo, Willintong Valencia y Arlex David G\u00f3mez.<\/p>\n<p>Tras su actuaci\u00f3n en Bogot\u00e1, el grupo de deportistas contin\u00faa con su preparaci\u00f3n en Cali bajo la orientaci\u00f3n del entrenador Manuel Escobar, mientras los voceros de la Liga, encabezados por el presidente Jairo Caraballo, buscan patrocinadores para el conjunto de nadadores que tiene pendiente su participaci\u00f3n en otras paradas nacionales e internacionales.<\/p>\n<p>De acuerdo con lo expuesto por el Presidente de la Liga, hasta el momento Mauricio Fern\u00e1ndez est\u00e1 clasificado al Mundial que se realizar\u00e1 en T\u00fanez, pero varios deportistas han sumado puntos que les permiten so\u00f1ar con alcanzar un cupo al certamen orbital y por ello requieren participar en el resto de paradas clasificatorias-<\/p>\n<p>Fuente: El Pais<span style=\"font-size: x-small; color: #666666; font-family: Arial;\">.<\/span><\/p>\n","protected":false},"excerpt":{"rendered":"<p>Los nadadores vallecaucanos que participaron en la 1ra Ronda de la IV Copa Mundo de Nataci\u00f3n con aletas\u00a0 realizada en Bogot\u00e1 el fin de semana alcanzaron una destacada actuaci\u00f3n al ganar 18 medallas de oro.<\/p>\n","protected":false},"author":1,"featured_media":8267,"comment_status":"open","ping_status":"closed","sticky":false,"template":"","format":"standard","meta":{"_lmt_disableupdate":"","_lmt_disable":"","jetpack_post_was_ever_published":false,"_jetpack_newsletter_access":"","_jetpack_dont_email_post_to_subs":false,"_jetpack_newsletter_tier_id":0,"_jetpack_memberships_contains_paywalled_content":false,"_jetpack_memberships_contains_paid_content":false,"footnotes":"","jetpack_publicize_message":"","jetpack_publicize_feature_enabled":true,"jetpack_social_post_already_shared":false,"jetpack_social_options":{"image_generator_settings":{"template":"highway","default_image_id":0,"font":"","enabled":false},"version":2}},"categories":[3,108,12],"tags":[],"class_list":["post-1046","post","type-post","status-publish","format-standard","has-post-thumbnail","hentry","category-colombia","category-1ra-ronda-copa-mundo-natacion-con-aletas-bogota-2009","category-natacion-con-aletas"],"modified_by":"Sportalsub.net","views":4295,"jetpack_publicize_connections":[],"jetpack_featured_media_url":"https:\/\/www.sportalsub.net\/blog\/wp-content\/uploads\/2009\/01\/goldenfinal3.jpg","jetpack_sharing_enabled":true,"jetpack_shortlink":"https:\/\/wp.me\/pf9lN-gS","jetpack_likes_enabled":false,"jetpack-related-posts":[{"id":2743,"url":"https:\/\/www.sportalsub.net\/blog\/colombia-logra-9-medallas-de-oro-en-la-golden-final-de-la-copa-del-mundo-de-natacion-con-aletas-cmas-2009\/","url_meta":{"origin":1046,"position":0},"title":"\ud83c\udde8\ud83c\uddf4 Colombia logra 9 medallas de oro en la Golden Final de la Copa del Mundo de Nataci\u00f3n con Aletas CMAS 2009","author":"Sportalsub.net","date":"15 septiembre 2009","format":false,"excerpt":"Victoria P\u00e9rez se consolid\u00f3 entre las mejores del mundo \u00a0Colombia tuvo un gran desempe\u00f1o en la\u00a0Golden Final de Nataci\u00f3n con Aletas realizada en Valencia, Espa\u00f1a, del 10 al 14 de septiembre,\u00a0al totalizar 9 medallas de oro, 3 de plata y 5 de bronce.\u00a0 Los deportistas m\u00e1s destacados por el pa\u00eds\u2026","rel":"","context":"En \u00abCMAS\u00bb","block_context":{"text":"CMAS","link":"https:\/\/www.sportalsub.net\/blog\/category\/mas\/organizaciones\/cmas-organizaciones\/"},"img":{"alt_text":"","src":"https:\/\/i0.wp.com\/www.sportalsub.net\/blog\/wp-content\/uploads\/2009\/09\/goldenfinal.jpg?resize=350%2C200&ssl=1","width":350,"height":200},"classes":[]},{"id":1980,"url":"https:\/\/www.sportalsub.net\/blog\/resultados-de-la-5ta-ronda-de-la-iv-copa-mundo-de-natacion-con-aletas-cmas-2009\/","url_meta":{"origin":1046,"position":1},"title":"\ud83c\udde8\ud83c\uddf4 Colombia destaca en la 5ta Ronda de la IV Copa Mundo de Nataci\u00f3n con Aletas CMAS 2009 + Resultados","author":"Sportalsub.net","date":"27 abril 2009","format":false,"excerpt":"Una destacada actuaci\u00f3n cumpli\u00f3 Colombia en la quinta parada de la IV Copa Mundo Cmas de Nataci\u00f3n con Aletas,\u00a0realizada este 25 y 26 de Abril en Estambul, Turqu\u00eda. Al t\u00e9rmino de la segunda jornada, los deportistas vallecaucanos, dirigidos por el entrenador Fabio Delgado,\u00a0han conseguido seis medallas de oro,\u00a0ocho de plata\u2026","rel":"","context":"En \u00abColombia\u00bb","block_context":{"text":"Colombia","link":"https:\/\/www.sportalsub.net\/blog\/category\/paises\/america\/colombia\/"},"img":{"alt_text":"","src":"https:\/\/i0.wp.com\/www.sportalsub.net\/blog\/wp-content\/uploads\/2009\/04\/3rajornadafedecas.jpg?resize=350%2C200&ssl=1","width":350,"height":200,"srcset":"https:\/\/i0.wp.com\/www.sportalsub.net\/blog\/wp-content\/uploads\/2009\/04\/3rajornadafedecas.jpg?resize=350%2C200&ssl=1 1x, https:\/\/i0.wp.com\/www.sportalsub.net\/blog\/wp-content\/uploads\/2009\/04\/3rajornadafedecas.jpg?resize=525%2C300&ssl=1 1.5x, https:\/\/i0.wp.com\/www.sportalsub.net\/blog\/wp-content\/uploads\/2009\/04\/3rajornadafedecas.jpg?resize=700%2C400&ssl=1 2x"},"classes":[]},{"id":5907,"url":"https:\/\/www.sportalsub.net\/blog\/resultados-de-la-6ta-ronda-v-copa-mundo-de-natacion-con-aletas-cmas-bogota-colombia\/","url_meta":{"origin":1046,"position":2},"title":"\ud83c\udde8\ud83c\uddf4 Resultados de la 6ta Ronda V Copa Mundo de Nataci\u00f3n con Aletas CMAS. Bogot\u00e1, Colombia","author":"Sportalsub.net","date":"18 agosto 2010","format":false,"excerpt":"Anny Trejos, Alix Victoria P\u00e9rez y Ana Mar\u00eda Cifuentes Foto: Andr\u00e9s Valderrama - CAFAM (Especial Sportalsub.net) El pasado fin de semana 14 y 15 de agosto, se realiz\u00f3 en la capital de Colombia, Bogot\u00e1 la 6ta Ronda de la V Copa Mundo de Nataci\u00f3n con Aletas de Nataci\u00f3n con Aletas\u2026","rel":"","context":"En \u00abCMAS\u00bb","block_context":{"text":"CMAS","link":"https:\/\/www.sportalsub.net\/blog\/category\/mas\/organizaciones\/cmas-organizaciones\/"},"img":{"alt_text":"","src":"https:\/\/i0.wp.com\/www.sportalsub.net\/blog\/wp-content\/uploads\/2010\/08\/copamundo.jpg?resize=350%2C200&ssl=1","width":350,"height":200,"srcset":"https:\/\/i0.wp.com\/www.sportalsub.net\/blog\/wp-content\/uploads\/2010\/08\/copamundo.jpg?resize=350%2C200&ssl=1 1x, https:\/\/i0.wp.com\/www.sportalsub.net\/blog\/wp-content\/uploads\/2010\/08\/copamundo.jpg?resize=525%2C300&ssl=1 1.5x"},"classes":[]},{"id":2708,"url":"https:\/\/www.sportalsub.net\/blog\/resultados-de-la-golden-final-de-la-copa-del-mundo-de-natacion-con-aletas-2009-valencia-espana\/","url_meta":{"origin":1046,"position":3},"title":"\ud83c\uddea\ud83c\uddf8 Resultados de la Golden Final de la Copa del Mundo de Nataci\u00f3n con Aletas 2009. Valencia, Espa\u00f1a","author":"Sportalsub.net","date":"10 septiembre 2009","format":false,"excerpt":"Este jueves 10 de septiembre iniciaron las competencias Especial Sportalsub.net Sigue la actuaci\u00f3n de los deportistas hispanoamericanos en la Golden Final de la IV Copa del Mundo de Nataci\u00f3n con Aletas interclubes que se realiza desde este jueves 10 de octubre hasta el s\u00e1bado 12 en Valencia, Espa\u00f1a. Los atletas\u2026","rel":"","context":"En \u00abCMAS\u00bb","block_context":{"text":"CMAS","link":"https:\/\/www.sportalsub.net\/blog\/category\/mas\/organizaciones\/cmas-organizaciones\/"},"img":{"alt_text":"","src":"https:\/\/i0.wp.com\/www.sportalsub.net\/blog\/wp-content\/uploads\/2013\/11\/0009.jpg?resize=350%2C200&ssl=1","width":350,"height":200,"srcset":"https:\/\/i0.wp.com\/www.sportalsub.net\/blog\/wp-content\/uploads\/2013\/11\/0009.jpg?resize=350%2C200&ssl=1 1x, https:\/\/i0.wp.com\/www.sportalsub.net\/blog\/wp-content\/uploads\/2013\/11\/0009.jpg?resize=525%2C300&ssl=1 1.5x"},"classes":[]},{"id":23482,"url":"https:\/\/www.sportalsub.net\/blog\/finswimming-world-cup-france-2016","url_meta":{"origin":1046,"position":4},"title":"\ud83c\uddeb\ud83c\uddf7 Resultados 4ta Ronda Copa Mundo CMAS Nataci\u00f3n Con Aletas 2016 \u2013 Francia","author":"Sportalsub.net","date":"3 abril 2016","format":false,"excerpt":"(Sportalsub.net \/ CMAS \/ FFESSM \/ PAN) \u2013 Read in English La 4ta Ronda de la Copa del Mundo de Nataci\u00f3n con Aletas 2016 por clubes en\u00a0Aix-en-Provence, Francia se realiz\u00f3 los d\u00edas 2 y 3 de abril organizada por el Club Pays d\u2019Aix Natation (PAN). Mas de 450 nadadoras y\u2026","rel":"","context":"En \u00abColombia\u00bb","block_context":{"text":"Colombia","link":"https:\/\/www.sportalsub.net\/blog\/category\/paises\/america\/colombia\/"},"img":{"alt_text":"","src":"https:\/\/i0.wp.com\/www.sportalsub.net\/blog\/wp-content\/uploads\/2016\/04\/francia-day1.jpg?resize=350%2C200&ssl=1","width":350,"height":200,"srcset":"https:\/\/i0.wp.com\/www.sportalsub.net\/blog\/wp-content\/uploads\/2016\/04\/francia-day1.jpg?resize=350%2C200&ssl=1 1x, https:\/\/i0.wp.com\/www.sportalsub.net\/blog\/wp-content\/uploads\/2016\/04\/francia-day1.jpg?resize=525%2C300&ssl=1 1.5x, https:\/\/i0.wp.com\/www.sportalsub.net\/blog\/wp-content\/uploads\/2016\/04\/francia-day1.jpg?resize=700%2C400&ssl=1 2x"},"classes":[]},{"id":2384,"url":"https:\/\/www.sportalsub.net\/blog\/segunda-jornada-campeonato-nacional-interclubes-de-natacion-con-aletas-categoria-abierta-colombia-medellin-2009\/","url_meta":{"origin":1046,"position":5},"title":"\ud83c\udde8\ud83c\uddf4 Segunda Jornada Campeonato Nacional Interclubes de Nataci\u00f3n con Aletas Categor\u00eda Abierta Colombia Medell\u00edn 2009","author":"Sportalsub.net","date":"26 junio 2009","format":false,"excerpt":"Foto:\u00a0ColombiaFinswimming.com El Club Tiburones del Valle asumi\u00f3 el primer lugar en el cuadro general de medaller\u00eda al conquistar un total de 12\u00a0de las 18 medallas de oro que estaban en disputa en\u00a0la II jornada de finales del Campeonato Nacional Interclubes de Nataci\u00f3n con Aletas, categor\u00eda abierta, que se desarrolla en\u2026","rel":"","context":"En \u00abColombia\u00bb","block_context":{"text":"Colombia","link":"https:\/\/www.sportalsub.net\/blog\/category\/paises\/america\/colombia\/"},"img":{"alt_text":"","src":"https:\/\/i0.wp.com\/www.sportalsub.net\/blog\/wp-content\/uploads\/2013\/11\/IMG_37971-768x1024.jpg?resize=350%2C200&ssl=1","width":350,"height":200,"srcset":"https:\/\/i0.wp.com\/www.sportalsub.net\/blog\/wp-content\/uploads\/2013\/11\/IMG_37971-768x1024.jpg?resize=350%2C200&ssl=1 1x, https:\/\/i0.wp.com\/www.sportalsub.net\/blog\/wp-content\/uploads\/2013\/11\/IMG_37971-768x1024.jpg?resize=525%2C300&ssl=1 1.5x, https:\/\/i0.wp.com\/www.sportalsub.net\/blog\/wp-content\/uploads\/2013\/11\/IMG_37971-768x1024.jpg?resize=700%2C400&ssl=1 2x"},"classes":[]}],"_links":{"self":[{"href":"https:\/\/www.sportalsub.net\/blog\/wp-json\/wp\/v2\/posts\/1046","targetHints":{"allow":["GET"]}}],"collection":[{"href":"https:\/\/www.sportalsub.net\/blog\/wp-json\/wp\/v2\/posts"}],"about":[{"href":"https:\/\/www.sportalsub.net\/blog\/wp-json\/wp\/v2\/types\/post"}],"author":[{"embeddable":true,"href":"https:\/\/www.sportalsub.net\/blog\/wp-json\/wp\/v2\/users\/1"}],"replies":[{"embeddable":true,"href":"https:\/\/www.sportalsub.net\/blog\/wp-json\/wp\/v2\/comments?post=1046"}],"version-history":[{"count":0,"href":"https:\/\/www.sportalsub.net\/blog\/wp-json\/wp\/v2\/posts\/1046\/revisions"}],"wp:featuredmedia":[{"embeddable":true,"href":"https:\/\/www.sportalsub.net\/blog\/wp-json\/wp\/v2\/media\/8267"}],"wp:attachment":[{"href":"https:\/\/www.sportalsub.net\/blog\/wp-json\/wp\/v2\/media?parent=1046"}],"wp:term":[{"taxonomy":"category","embeddable":true,"href":"https:\/\/www.sportalsub.net\/blog\/wp-json\/wp\/v2\/categories?post=1046"},{"taxonomy":"post_tag","embeddable":true,"href":"https:\/\/www.sportalsub.net\/blog\/wp-json\/wp\/v2\/tags?post=1046"}],"curies":[{"name":"wp","href":"https:\/\/api.w.org\/{rel}","templated":true}]}}