{"id":11320,"date":"2011-11-17T11:31:38","date_gmt":"2011-11-17T16:01:38","guid":{"rendered":"http:\/\/www.sportalsub.net\/blog\/?p=11320"},"modified":"2019-08-29T22:26:49","modified_gmt":"2019-08-30T02:26:49","slug":"atleta-turca-sahika-ercumen-implanta-2-nuevos-records-mundiales-de-apnea-cmas","status":"publish","type":"post","link":"https:\/\/www.sportalsub.net\/blog\/atleta-turca-sahika-ercumen-implanta-2-nuevos-records-mundiales-de-apnea-cmas\/","title":{"rendered":"\ud83c\uddf9\ud83c\uddf7 Atleta turca \u015eahika ERC\u00dcMEN implanta 2 nuevos r\u00e9cords mundiales de apnea CMAS"},"content":{"rendered":"<p><img loading=\"lazy\" decoding=\"async\" class=\"alignnone size-full wp-image-11323\" title=\"IMG_3408-kucuk\" src=\"http:\/\/www.sportalsub.net\/blog\/wp-content\/uploads\/2011\/11\/IMG_3408-kucuk.jpg\" alt=\"\" width=\"600\" height=\"400\" srcset=\"https:\/\/www.sportalsub.net\/blog\/wp-content\/uploads\/2011\/11\/IMG_3408-kucuk.jpg 800w, https:\/\/www.sportalsub.net\/blog\/wp-content\/uploads\/2011\/11\/IMG_3408-kucuk-768x512.jpg 768w, https:\/\/www.sportalsub.net\/blog\/wp-content\/uploads\/2011\/11\/IMG_3408-kucuk-300x200.jpg 300w, https:\/\/www.sportalsub.net\/blog\/wp-content\/uploads\/2011\/11\/IMG_3408-kucuk-177x118.jpg 177w\" sizes=\"auto, (max-width: 600px) 100vw, 600px\" \/><\/p>\n<p>(Especial Sportalsub.net \/ CMAS)<br \/>\nLa apneista de turqu\u00eda \u015eahika ERC\u00dcMEN implant\u00f3 el pasado 10 de noviembre los r\u00e9cords mundiales de apnea de profundidad, avalados por la Confederaci\u00f3n Mundial de Actividades Subacu\u00e1ticas (CMAS) en las modalidades de: peso constante\u00a0(-70mts) y peso variable sin aletas (-60mts). Los r\u00e9cords fueron realizados en el Blue Hole de Dahab, Egipto, con la organizaci\u00f3n y apoyo de la Federaci\u00f3n Turca de Actividades Subacu\u00e1ticas y el Freediving Dahab Club.<\/p>\n<p>Todos los protocolos exigidos por la organizaci\u00f3n mundial fueron cumplidos, esperando \u00fanicamente la confirmaci\u00f3n de las pruebas antidopaje para oficializar las nuevas marcas mundiales.<\/p>\n<p><strong>Fuente: <a href=\"http:\/\/cmas.org\/114-39321.php\" target=\"_blank\" rel=\"noopener noreferrer\" target=\"_blank\">CMAS<\/a> \/ <a href=\"http:\/\/www.tssf.gov.tr\/Default.aspx?lang=TR&amp;type=news&amp;hid=860\" target=\"_blank\" rel=\"noopener noreferrer\" target=\"_blank\">TSSF<\/a><\/strong><\/p>\n<p><strong><a href=\"http:\/\/www.sahikaercumen.com\" target=\"_blank\" rel=\"noopener noreferrer\" target=\"_blank\">Sitio Web Oficial\u00a0\u015eahika ERC\u00dcMEN<\/a><\/strong><\/p>\n<p><img loading=\"lazy\" decoding=\"async\" title=\"record-turquia\" src=\"http:\/\/www.sportalsub.net\/blog\/wp-content\/uploads\/2011\/11\/record-turquia.jpg\" alt=\"\" width=\"600\" height=\"268\" \/><\/p>\n<p><strong>Noticia patrocinada por:<\/strong><\/p>\n<p><a href=\"http:\/\/www.nolimitsdive.com\/\" target=\"_blank\" rel=\"noopener noreferrer\" target=\"_blank\"><img decoding=\"async\" title=\"No Limits Dive Center - Carabobo, Valencia. Venezuela\" src=\"http:\/\/www.sportalsub.net\/blog\/wp-content\/uploads\/2011\/11\/no-limits-dive.jpg\" alt=\"\" width=\"600\" \/><\/a><\/p>\n","protected":false},"excerpt":{"rendered":"<p>(Especial Sportalsub.net \/ CMAS) La apneista de turqu\u00eda \u015eahika ERC\u00dcMEN implant\u00f3 el pasado 10 de noviembre los r\u00e9cords mundiales de apnea de profundidad, avalados por la Confederaci\u00f3n Mundial de Actividades Subacu\u00e1ticas (CMAS) en las modalidades de: peso constante\u00a0(-70mts) y peso variable sin aletas (-60mts). Los r\u00e9cords fueron realizados en el Blue Hole de Dahab, Egipto, con la organizaci\u00f3n y apoyo [&#8230;]<\/p>\n","protected":false},"author":1,"featured_media":11323,"comment_status":"open","ping_status":"closed","sticky":false,"template":"","format":"standard","meta":{"_lmt_disableupdate":"","_lmt_disable":"","jetpack_post_was_ever_published":false,"_jetpack_newsletter_access":"","_jetpack_dont_email_post_to_subs":false,"_jetpack_newsletter_tier_id":0,"_jetpack_memberships_contains_paywalled_content":false,"_jetpack_memberships_contains_paid_content":false,"footnotes":"","jetpack_publicize_message":"","jetpack_publicize_feature_enabled":true,"jetpack_social_post_already_shared":false,"jetpack_social_options":{"image_generator_settings":{"template":"highway","default_image_id":0,"font":"","enabled":false},"version":2}},"categories":[9,148,133,50,217],"tags":[],"class_list":["post-11320","post","type-post","status-publish","format-standard","has-post-thumbnail","hentry","category-apnea","category-cmas-organizaciones","category-destacados-anteriores","category-records","category-turquia"],"modified_by":"Sportalsub.net","views":4366,"jetpack_publicize_connections":[],"jetpack_featured_media_url":"https:\/\/www.sportalsub.net\/blog\/wp-content\/uploads\/2011\/11\/IMG_3408-kucuk.jpg","jetpack_sharing_enabled":true,"jetpack_shortlink":"https:\/\/wp.me\/pf9lN-2WA","jetpack_likes_enabled":false,"jetpack-related-posts":[{"id":16300,"url":"https:\/\/www.sportalsub.net\/blog\/dos-nuevos-records-mundiales-de-apnea-cmas-inmersion-libre-y-peso-variable-sin-aletas-de-deyra-can-de-turquia-videos\/","url_meta":{"origin":11320,"position":0},"title":"\ud83c\uddf9\ud83c\uddf7 Dos Nuevos R\u00e9cords Mundiales de Apnea CMAS (Inmersi\u00f3n Libre y Peso Variable sin aletas) de Deyra Can de Turqu\u00eda + Videos","author":"Sportalsub.net","date":"8 noviembre 2013","format":false,"excerpt":"(Especial Sportalsub.net \/ CMAS \/ TSSF) Durante los d\u00edas 17 al 19 de octubre, la apneistas de Turqu\u00eda Derya Can\u00a0implant\u00f3 2 r\u00e9cords mundiales de apnea de la Confederaci\u00f3n Mundial de Actividades Subacu\u00e1ticas (CMAS) en aguas de Antalya. Con el aval y organizaci\u00f3n de la Federaci\u00f3n Turca de Actividades Subacu\u00e1ticas (TSSF)\u2026","rel":"","context":"En \u00abApnea\u00bb","block_context":{"text":"Apnea","link":"https:\/\/www.sportalsub.net\/blog\/category\/modalidades\/apnea\/"},"img":{"alt_text":"","src":"https:\/\/i0.wp.com\/www.sportalsub.net\/blog\/wp-content\/uploads\/2013\/11\/Derya-CAN.jpg?resize=350%2C200&ssl=1","width":350,"height":200,"srcset":"https:\/\/i0.wp.com\/www.sportalsub.net\/blog\/wp-content\/uploads\/2013\/11\/Derya-CAN.jpg?resize=350%2C200&ssl=1 1x, https:\/\/i0.wp.com\/www.sportalsub.net\/blog\/wp-content\/uploads\/2013\/11\/Derya-CAN.jpg?resize=525%2C300&ssl=1 1.5x"},"classes":[]},{"id":23375,"url":"https:\/\/www.sportalsub.net\/blog\/cmas-2nd-apnea-world-championship-outdoor-turkey-2016","url_meta":{"origin":11320,"position":1},"title":"\ud83c\uddf9\ud83c\uddf7 Resultados Finales 2do Campeonato Mundial de Apnea de Profundidad CMAS Turqu\u00eda 2016","author":"Sportalsub.net","date":"10 octubre 2016","format":false,"excerpt":"(Sportalsub.net \/ CMAS \/ TSSF) -\u00a0Read in English La Federaci\u00f3n de Actividades Subacu\u00e1ticas de Turqu\u00eda organiz\u00f3 el 2do Campeonato Mundial de Apnea de Profundidad u\u00a0Outdoor de la Confederaci\u00f3n Mundial de Actividades Subacu\u00e1ticas, del\u00a02 al 9 de octubre de 2016 en\u00a0Ka\u015f, Antalya, Turqu\u00eda.\u00a0Esta no fue\u00a0la primera vez que Turqu\u00eda fue\u00a0sede de\u2026","rel":"","context":"En \u00abApnea\u00bb","block_context":{"text":"Apnea","link":"https:\/\/www.sportalsub.net\/blog\/category\/modalidades\/apnea\/"},"img":{"alt_text":"","src":"https:\/\/i0.wp.com\/www.sportalsub.net\/blog\/wp-content\/uploads\/2016\/10\/bifinsworldrecord.jpg?resize=350%2C200&ssl=1","width":350,"height":200,"srcset":"https:\/\/i0.wp.com\/www.sportalsub.net\/blog\/wp-content\/uploads\/2016\/10\/bifinsworldrecord.jpg?resize=350%2C200&ssl=1 1x, https:\/\/i0.wp.com\/www.sportalsub.net\/blog\/wp-content\/uploads\/2016\/10\/bifinsworldrecord.jpg?resize=525%2C300&ssl=1 1.5x, https:\/\/i0.wp.com\/www.sportalsub.net\/blog\/wp-content\/uploads\/2016\/10\/bifinsworldrecord.jpg?resize=700%2C400&ssl=1 2x, https:\/\/i0.wp.com\/www.sportalsub.net\/blog\/wp-content\/uploads\/2016\/10\/bifinsworldrecord.jpg?resize=1050%2C600&ssl=1 3x, https:\/\/i0.wp.com\/www.sportalsub.net\/blog\/wp-content\/uploads\/2016\/10\/bifinsworldrecord.jpg?resize=1400%2C800&ssl=1 4x"},"classes":[]},{"id":13707,"url":"https:\/\/www.sportalsub.net\/blog\/nuevos-records-de-apnea-de-profundidad-cmas-del-turco-devrim-ulusoy\/","url_meta":{"origin":11320,"position":2},"title":"\ud83c\uddf9\ud83c\uddf7 Nuevos R\u00e9cords de Apnea de profundidad CMAS del turco Devrim Ulusoy","author":"Sportalsub.net","date":"15 octubre 2012","format":false,"excerpt":"(Especial Sportalsub.net \/ CMAS) El apneista turco Devrim Ulusoy estableci\u00f3 2 nuevos r\u00e9cords mundiales de apnea, avalados por la Confederaci\u00f3n Mundial de Actividades Subacu\u00e1ticas (CMAS), realizados los pasados 25 y 26 de septiembre en Kas, Antalya, Turqu\u00eda. El 25 de septiembre el turco realiz\u00f3 el r\u00e9cord en la modalidad de\u2026","rel":"","context":"En \u00abApnea\u00bb","block_context":{"text":"Apnea","link":"https:\/\/www.sportalsub.net\/blog\/category\/modalidades\/apnea\/"},"img":{"alt_text":"","src":"https:\/\/i0.wp.com\/www.sportalsub.net\/blog\/wp-content\/uploads\/2012\/10\/record-cmas-turco1.jpg?resize=350%2C200&ssl=1","width":350,"height":200,"srcset":"https:\/\/i0.wp.com\/www.sportalsub.net\/blog\/wp-content\/uploads\/2012\/10\/record-cmas-turco1.jpg?resize=350%2C200&ssl=1 1x, https:\/\/i0.wp.com\/www.sportalsub.net\/blog\/wp-content\/uploads\/2012\/10\/record-cmas-turco1.jpg?resize=525%2C300&ssl=1 1.5x"},"classes":[]},{"id":19465,"url":"https:\/\/www.sportalsub.net\/blog\/mundial-apnea-cmas-outdoor-italia-2015","url_meta":{"origin":11320,"position":3},"title":"\ud83c\uddee\ud83c\uddf9 Resultados Finales &#8211; 1er Campeonato Mundial de Apnea CMAS de Peso Constante y Jump Blue. Ischia, Italia 2015","author":"Sportalsub.net","date":"10 octubre 2015","format":false,"excerpt":"(Sportalsub.net \/ CMAS \/ FIPSAS) - English La Confederaci\u00f3n Mundial de Actividades Subacu\u00e1ticas CMAS\u00a0conjuntamente con la Federaci\u00f3n Italiana de Pesca Deportiva y Actividades Subacu\u00e1ticas FIPSAS\u00a0organizaron la 1ra edici\u00f3n de los Campeonatos Mundiales de Apnea Outdoor.\u00a0El evento se realiz\u00f3 en la Isla de Ischia, Naples, Italia, del\u00a04 al 10 de octubre\u2026","rel":"","context":"En \u00abAlgeria\u00bb","block_context":{"text":"Algeria","link":"https:\/\/www.sportalsub.net\/blog\/category\/paises\/africa\/algeria\/"},"img":{"alt_text":"","src":"https:\/\/i0.wp.com\/www.sportalsub.net\/blog\/wp-content\/uploads\/2015\/10\/jumpblue.jpg?resize=350%2C200&ssl=1","width":350,"height":200,"srcset":"https:\/\/i0.wp.com\/www.sportalsub.net\/blog\/wp-content\/uploads\/2015\/10\/jumpblue.jpg?resize=350%2C200&ssl=1 1x, https:\/\/i0.wp.com\/www.sportalsub.net\/blog\/wp-content\/uploads\/2015\/10\/jumpblue.jpg?resize=525%2C300&ssl=1 1.5x, https:\/\/i0.wp.com\/www.sportalsub.net\/blog\/wp-content\/uploads\/2015\/10\/jumpblue.jpg?resize=700%2C400&ssl=1 2x, https:\/\/i0.wp.com\/www.sportalsub.net\/blog\/wp-content\/uploads\/2015\/10\/jumpblue.jpg?resize=1050%2C600&ssl=1 3x"},"classes":[]},{"id":11010,"url":"https:\/\/www.sportalsub.net\/blog\/nuevos-records-mundiales-de-apnea-de-profundidad-cmas\/","url_meta":{"origin":11320,"position":4},"title":"\ud83c\uddf9\ud83c\uddf7 \ud83c\uddee\ud83c\uddf9 Nuevos R\u00e9cords Mundiales de Apnea de Profundidad CMAS","author":"Sportalsub.net","date":"4 octubre 2011","format":false,"excerpt":"(Especial Sportalsub.net \/ CMAS \/ FIPSAS) En d\u00edas recientes, 3 atletas han sido protagonistas de la carrera por los r\u00e9cords mundiales de apnea de la Confederaci\u00f3n Mundial de Actividades Subacu\u00e1ticas (CMAS). El pasado mes de septiembre, el italiano Homar Leuci lograba con una inmersi\u00f3n de -86mts la nueva marca mundial\u2026","rel":"","context":"En \u00abApnea\u00bb","block_context":{"text":"Apnea","link":"https:\/\/www.sportalsub.net\/blog\/category\/modalidades\/apnea\/"},"img":{"alt_text":"","src":"https:\/\/i0.wp.com\/www.sportalsub.net\/blog\/wp-content\/uploads\/2013\/11\/recordcmas2.jpg?resize=350%2C200&ssl=1","width":350,"height":200,"srcset":"https:\/\/i0.wp.com\/www.sportalsub.net\/blog\/wp-content\/uploads\/2013\/11\/recordcmas2.jpg?resize=350%2C200&ssl=1 1x, https:\/\/i0.wp.com\/www.sportalsub.net\/blog\/wp-content\/uploads\/2013\/11\/recordcmas2.jpg?resize=525%2C300&ssl=1 1.5x"},"classes":[]},{"id":14163,"url":"https:\/\/www.sportalsub.net\/blog\/6-nuevos-records-mundiales-en-campeonato-europeo-de-apnea-cmas-turquia-2012\/","url_meta":{"origin":11320,"position":5},"title":"\ud83c\uddf9\ud83c\uddf7 6 Nuevos R\u00e9cords Mundiales en Campeonato Europeo de Apnea CMAS Turqu\u00eda 2012","author":"Sportalsub.net","date":"6 noviembre 2012","format":false,"excerpt":"(Especial Sportalsub.net \/ CMAS) Este domingo 4 de noviembre culmin\u00f3 el 3er Campeonato Europeo de Apnea de la Confederaci\u00f3n Mundial de Actividades Subacu\u00e1ticas (CMAS) llevado a cabo en Antalya, Turqu\u00eda, en el cual se implantaron 6 nuevos r\u00e9cords mundiales en las 3 modalidades de competencia en ambos g\u00e9neros, destacando la\u2026","rel":"","context":"En \u00abApnea\u00bb","block_context":{"text":"Apnea","link":"https:\/\/www.sportalsub.net\/blog\/category\/modalidades\/apnea\/"},"img":{"alt_text":"","src":"https:\/\/i0.wp.com\/www.sportalsub.net\/blog\/wp-content\/uploads\/2012\/11\/europeoapneacmas2012-final.jpg?resize=350%2C200&ssl=1","width":350,"height":200,"srcset":"https:\/\/i0.wp.com\/www.sportalsub.net\/blog\/wp-content\/uploads\/2012\/11\/europeoapneacmas2012-final.jpg?resize=350%2C200&ssl=1 1x, https:\/\/i0.wp.com\/www.sportalsub.net\/blog\/wp-content\/uploads\/2012\/11\/europeoapneacmas2012-final.jpg?resize=525%2C300&ssl=1 1.5x"},"classes":[]}],"_links":{"self":[{"href":"https:\/\/www.sportalsub.net\/blog\/wp-json\/wp\/v2\/posts\/11320","targetHints":{"allow":["GET"]}}],"collection":[{"href":"https:\/\/www.sportalsub.net\/blog\/wp-json\/wp\/v2\/posts"}],"about":[{"href":"https:\/\/www.sportalsub.net\/blog\/wp-json\/wp\/v2\/types\/post"}],"author":[{"embeddable":true,"href":"https:\/\/www.sportalsub.net\/blog\/wp-json\/wp\/v2\/users\/1"}],"replies":[{"embeddable":true,"href":"https:\/\/www.sportalsub.net\/blog\/wp-json\/wp\/v2\/comments?post=11320"}],"version-history":[{"count":0,"href":"https:\/\/www.sportalsub.net\/blog\/wp-json\/wp\/v2\/posts\/11320\/revisions"}],"wp:featuredmedia":[{"embeddable":true,"href":"https:\/\/www.sportalsub.net\/blog\/wp-json\/wp\/v2\/media\/11323"}],"wp:attachment":[{"href":"https:\/\/www.sportalsub.net\/blog\/wp-json\/wp\/v2\/media?parent=11320"}],"wp:term":[{"taxonomy":"category","embeddable":true,"href":"https:\/\/www.sportalsub.net\/blog\/wp-json\/wp\/v2\/categories?post=11320"},{"taxonomy":"post_tag","embeddable":true,"href":"https:\/\/www.sportalsub.net\/blog\/wp-json\/wp\/v2\/tags?post=11320"}],"curies":[{"name":"wp","href":"https:\/\/api.w.org\/{rel}","templated":true}]}}