{"id":11679,"date":"2012-01-16T13:45:53","date_gmt":"2012-01-16T18:15:53","guid":{"rendered":"http:\/\/www.sportalsub.net\/blog\/?p=11679"},"modified":"2019-08-31T23:18:04","modified_gmt":"2019-09-01T03:18:04","slug":"ganadores-premios-ser-subacuatico-2011","status":"publish","type":"post","link":"https:\/\/www.sportalsub.net\/blog\/ganadores-premios-ser-subacuatico-2011\/","title":{"rendered":"\ud83c\udfc6 Ganadores Premios \u201cSer Subacuatico\u201d 2011"},"content":{"rendered":"<p><img loading=\"lazy\" decoding=\"async\" class=\"alignnone size-full wp-image-11682\" title=\"ganadores-sersubacuatico2011\" src=\"http:\/\/www.sportalsub.net\/blog\/wp-content\/uploads\/2012\/01\/ganadores-sersubacuatico2011.jpg\" alt=\"\" width=\"600\" height=\"268\" srcset=\"https:\/\/www.sportalsub.net\/blog\/wp-content\/uploads\/2012\/01\/ganadores-sersubacuatico2011.jpg 600w, https:\/\/www.sportalsub.net\/blog\/wp-content\/uploads\/2012\/01\/ganadores-sersubacuatico2011-300x134.jpg 300w, https:\/\/www.sportalsub.net\/blog\/wp-content\/uploads\/2012\/01\/ganadores-sersubacuatico2011-364x164.jpg 364w\" sizes=\"auto, (max-width: 600px) 100vw, 600px\" \/><\/p>\n<p>(Especial Sportalsub.net)<\/p>\n<p>El a\u00f1o 2011 fue un a\u00f1o de muchos eventos y notables actuaciones de deportistas subacu\u00e1ticos en todo el mundo. Es por ello que para recordar y reconocer a todas aquellas personas, instituciones y organizaciones que destacaron y contribuyeron a que el deporte subacu\u00e1tico en los pa\u00edses de habla hispana siga en crecimiento, creamos y otorgamos por primera vez el premio \u00abSer Subacuatico\u00bb 2011.\u00a0Los nominados fueron sido escogidos por el equipo de Sportsub &amp; Sportalsub de los eventos internacionales rese\u00f1ados por\u00a0<a href=\"http:\/\/www.sportalsub.net\" target=\"_blank\" rel=\"noopener noreferrer\">www.sportalsub.net<\/a>\u00a0en 2011 en los cuales participaron atletas y organizaciones de habla hispana.<\/p>\n<p>En esta primera edici\u00f3n reconocimos en diferentes categor\u00edas y modalidades a los deportistas, entrenadores y dirigentes destacados en eventos internacionales y fueotorgado por votaciones en nuestro portal de actividades subacu\u00e1ticas <a href=\"http:\/\/www.sportalsub.net\" target=\"_blank\" rel=\"noopener noreferrer\">www.sportalsub.net<\/a> entre el 11 de diciembre 2011 y 15 de enero 2012.<\/p>\n<p>A continuaci\u00f3n los resultados finales y ganadores.<\/p>\n<p style=\"text-align: center;\"><strong>Apneista Masculino <strong>\u00abSer Subacu\u00e1tico\u00bb<\/strong>\u00a02011<\/strong><\/p>\n<table class=\"aligncenter\" border=\"0\" cellspacing=\"3\" cellpadding=\"3\" align=\"center\">\n<tbody>\n<tr>\n<td align=\"center\" valign=\"top\"><strong>Carlos Coste <img loading=\"lazy\" decoding=\"async\" src=\"http:\/\/es.fifa.com\/imgml\/flags\/s\/ven.gif\" alt=\"chi Eventos\" width=\"19\" height=\"13\" \/><\/strong><\/td>\n<\/tr>\n<tr>\n<td align=\"center\" valign=\"top\">\u00a0<img decoding=\"async\" src=\"http:\/\/www.sportalsub.net\/blog\/wp-content\/uploads\/2011\/12\/carlos-coste-2011-150x150.jpg\" alt=\"Carlos Coste, m\u00e1s de una d\u00e9cada escribiendo la historia de la apnea, por Miguel Cede\u00f1o\" width=\"100\" \/><\/td>\n<\/tr>\n<tr>\n<td align=\"center\" valign=\"top\"><a href=\"http:\/\/www.sportalsub.net\/blog\/2011\/09\/22\/carlos-coste-nuevo-record-panamericano-e-iru-balic-nuevo-record-nacional-en-mundia-de-apnea-de-profundidad-aida-2011\/\" target=\"_blank\" rel=\"noopener noreferrer\">Subcampe\u00f3n Mundial y R\u00e9cord Panamericano Apnea Peso Constante en Campeonato Mundial AIDA Profundidad 2011<\/a><\/td>\n<\/tr>\n<tr>\n<td align=\"center\" valign=\"top\"><\/td>\n<\/tr>\n<\/tbody>\n<\/table>\n<p style=\"text-align: center;\"><div id=\"polls-7\" class=\"wp-polls\">\n\t\t<p style=\"text-align: center\"><strong>Resultados Apneista Masculino \"Ser Subacu\u00e1tico\" 2011<\/strong><\/p><div id=\"polls-7-ans\" class=\"wp-polls-ans\"><ul class=\"wp-polls-ul\">\n\t\t<li>Carlos Coste (Venezuela) <small>(52%, 1.583 Votos)<\/small><div class=\"wp-polls-bar\" aria-hidden=\"true\"><div class=\"wp-polls-bar-fill\" style=\"width: 52%;\"><\/div><\/div><\/li>\n\t\t<li>Francisco Chavez (Colombia) <small>(23%, 700 Votos)<\/small><div class=\"wp-polls-bar\" aria-hidden=\"true\"><div class=\"wp-polls-bar-fill\" style=\"width: 23%;\"><\/div><\/div><\/li>\n\t\t<li>Antonio del Duca (Venezuela) <small>(17%, 533 Votos)<\/small><div class=\"wp-polls-bar\" aria-hidden=\"true\"><div class=\"wp-polls-bar-fill\" style=\"width: 17%;\"><\/div><\/div><\/li>\n\t\t<li>Miguel Lozano (Espa\u00f1a) <small>(3%, 100 Votos)<\/small><div class=\"wp-polls-bar\" aria-hidden=\"true\"><div class=\"wp-polls-bar-fill\" style=\"width: 3%;\"><\/div><\/div><\/li>\n\t\t<li>Alejandro Guedez (Venezuela) <small>(2%, 72 Votos)<\/small><div class=\"wp-polls-bar\" aria-hidden=\"true\"><div class=\"wp-polls-bar-fill\" style=\"width: 2%;\"><\/div><\/div><\/li>\n\t\t<li>Alfredo Rosado (Ecuador) <small>(2%, 63 Votos)<\/small><div class=\"wp-polls-bar\" aria-hidden=\"true\"><div class=\"wp-polls-bar-fill\" style=\"width: 2%;\"><\/div><\/div><\/li>\n\t\t<\/ul><p style=\"text-align: center\">Votantes: <strong>3.051<\/strong><\/p><\/div>\n\t\t<input type=\"hidden\" id=\"poll_7_nonce\" name=\"wp-polls-nonce\" value=\"61ed2fea31\" \/>\n<\/div>\n<div id=\"polls-7-loading\" class=\"wp-polls wp-polls-loading\"><span class=\"wp-polls-spinner\" aria-hidden=\"true\"><\/span> Cargando ...<\/div>\n<\/p>\n<p style=\"text-align: center;\"><strong>Apneista Femenina <strong>\u00abSer Subacu\u00e1tico\u00bb\u00a0<\/strong>2011<\/strong><\/p>\n<table class=\"aligncenter\" border=\"0\" cellspacing=\"3\" cellpadding=\"3\" align=\"center\">\n<tbody>\n<tr>\n<td align=\"center\" valign=\"top\"><strong>Iru Balic\u00a0<img loading=\"lazy\" decoding=\"async\" src=\"http:\/\/es.fifa.com\/imgml\/flags\/s\/ven.gif\" alt=\"chi Eventos\" width=\"19\" height=\"13\" \/><\/strong><\/td>\n<\/tr>\n<tr>\n<td align=\"center\" valign=\"top\">\u00a0<img decoding=\"async\" src=\"http:\/\/www.sportalsub.net\/blog\/wp-content\/uploads\/2011\/05\/irubalicprof-150x150.jpg\" alt=\"Iru Balic dicta taller de Apnea en Valencia, Estado Carabobo. Venezuela\" width=\"100\" \/><\/td>\n<\/tr>\n<tr>\n<td align=\"center\" valign=\"top\"><a href=\"http:\/\/www.sportalsub.net\/blog\/2011\/09\/22\/carlos-coste-nuevo-record-panamericano-e-iru-balic-nuevo-record-nacional-en-mundia-de-apnea-de-profundidad-aida-2011\/\" target=\"_blank\" rel=\"noopener noreferrer\">7mo Lugar Apnea Peso Constante en Campeonato Mundial AIDA Profundidad 2011<\/a><\/td>\n<\/tr>\n<\/tbody>\n<\/table>\n<p style=\"text-align: center;\"><div id=\"polls-8\" class=\"wp-polls\">\n\t\t<p style=\"text-align: center\"><strong>Resultados Apneista Femenina \"Ser Subacu\u00e1tico\" 2011<\/strong><\/p><div id=\"polls-8-ans\" class=\"wp-polls-ans\"><ul class=\"wp-polls-ul\">\n\t\t<li>Iru Balic (Venezuela) <small>(38%, 1.192 Votos)<\/small><div class=\"wp-polls-bar\" aria-hidden=\"true\"><div class=\"wp-polls-bar-fill\" style=\"width: 38%;\"><\/div><\/div><\/li>\n\t\t<li>Sandra Escobar (Colombia) <small>(19%, 596 Votos)<\/small><div class=\"wp-polls-bar\" aria-hidden=\"true\"><div class=\"wp-polls-bar-fill\" style=\"width: 19%;\"><\/div><\/div><\/li>\n\t\t<li>Camila Gonzalez (Cuba) <small>(16%, 504 Votos)<\/small><div class=\"wp-polls-bar\" aria-hidden=\"true\"><div class=\"wp-polls-bar-fill\" style=\"width: 16%;\"><\/div><\/div><\/li>\n\t\t<li>Ambar Peralta (Venezuela) <small>(11%, 351 Votos)<\/small><div class=\"wp-polls-bar\" aria-hidden=\"true\"><div class=\"wp-polls-bar-fill\" style=\"width: 11%;\"><\/div><\/div><\/li>\n\t\t<li>Violeta Nava (M\u00e9xico) <small>(8%, 254 Votos)<\/small><div class=\"wp-polls-bar\" aria-hidden=\"true\"><div class=\"wp-polls-bar-fill\" style=\"width: 8%;\"><\/div><\/div><\/li>\n\t\t<li>Sofia Gomez (Colombia) <small>(7%, 214 Votos)<\/small><div class=\"wp-polls-bar\" aria-hidden=\"true\"><div class=\"wp-polls-bar-fill\" style=\"width: 7%;\"><\/div><\/div><\/li>\n\t\t<li>Roberta Arellano (Ecuador) <small>(1%, 36 Votos)<\/small><div class=\"wp-polls-bar\" aria-hidden=\"true\"><div class=\"wp-polls-bar-fill\" style=\"width: 1%;\"><\/div><\/div><\/li>\n\t\t<\/ul><p style=\"text-align: center\">Votantes: <strong>3.146<\/strong><\/p><\/div>\n\t\t<input type=\"hidden\" id=\"poll_8_nonce\" name=\"wp-polls-nonce\" value=\"45dae13e91\" \/>\n<\/div>\n<div id=\"polls-8-loading\" class=\"wp-polls wp-polls-loading\"><span class=\"wp-polls-spinner\" aria-hidden=\"true\"><\/span> Cargando ...<\/div>\n<\/p>\n<p style=\"text-align: center;\"><strong>\u00a0Nadador con Aletas (Monoaleta) Masculino <strong>\u00abSer Subacu\u00e1tico\u00bb\u00a0<\/strong>2011<\/strong><\/p>\n<table class=\"aligncenter\" border=\"0\" cellspacing=\"3\" cellpadding=\"3\" align=\"center\">\n<tbody>\n<tr>\n<td align=\"center\" valign=\"top\"><strong>Alejandro Cruz\u00a0<strong><strong><img loading=\"lazy\" decoding=\"async\" src=\"http:\/\/es.fifa.com\/imgml\/flags\/s\/col.gif\" alt=\"chi Eventos\" width=\"19\" height=\"13\" \/><\/strong><\/strong><\/strong><\/td>\n<\/tr>\n<tr>\n<td align=\"center\" valign=\"top\">\u00a0<img decoding=\"async\" src=\"http:\/\/www.sportalsub.net\/blog\/wp-content\/uploads\/2011\/08\/jornada8-150x150.jpg\" alt=\"Resultados 8va Jornada Campeonato Mundial de Nataci\u00f3n con Aletas CMAS Hungr\u00eda 2011\" width=\"100\" \/><\/td>\n<\/tr>\n<tr>\n<td align=\"center\" valign=\"top\">\u00a0<a href=\"http:\/\/www.sportalsub.net\/blog\/2011\/08\/07\/resultados-8va-jornada-campeonato-mundial-de-natacion-con-aletas-cmas-hungria-2011\/\" target=\"_blank\" rel=\"noopener noreferrer\">6to Lugar 20.000mts Campeonato Mundial de Nataci\u00f3n con Aletas Hungr\u00eda 2011<\/a><\/td>\n<\/tr>\n<\/tbody>\n<\/table>\n<p style=\"text-align: center;\"><div id=\"polls-9\" class=\"wp-polls\">\n\t\t<p style=\"text-align: center\"><strong>Resultados Nadador con Aletas (Monoaleta) Masculino \"Ser Subacu\u00e1tico\" 2011<\/strong><\/p><div id=\"polls-9-ans\" class=\"wp-polls-ans\"><ul class=\"wp-polls-ul\">\n\t\t<li>Alejandro Cruz (Colombia) <small>(61%, 4.470 Votos)<\/small><div class=\"wp-polls-bar\" aria-hidden=\"true\"><div class=\"wp-polls-bar-fill\" style=\"width: 61%;\"><\/div><\/div><\/li>\n\t\t<li>Mauricio Fern\u00e1ndez (Colombia) <small>(33%, 2.400 Votos)<\/small><div class=\"wp-polls-bar\" aria-hidden=\"true\"><div class=\"wp-polls-bar-fill\" style=\"width: 33%;\"><\/div><\/div><\/li>\n\t\t<li>Alvaro Polo (Colombia) <small>(4%, 278 Votos)<\/small><div class=\"wp-polls-bar\" aria-hidden=\"true\"><div class=\"wp-polls-bar-fill\" style=\"width: 4%;\"><\/div><\/div><\/li>\n\t\t<li>Alejandro Fonseca (Colombia) <small>(1%, 84 Votos)<\/small><div class=\"wp-polls-bar\" aria-hidden=\"true\"><div class=\"wp-polls-bar-fill\" style=\"width: 1%;\"><\/div><\/div><\/li>\n\t\t<li>Alexander Jimenez (Colombia) <small>(1%, 54 Votos)<\/small><div class=\"wp-polls-bar\" aria-hidden=\"true\"><div class=\"wp-polls-bar-fill\" style=\"width: 1%;\"><\/div><\/div><\/li>\n\t\t<li>Jairo Taborda (Colombia) <small>(0%, 28 Votos)<\/small><div class=\"wp-polls-bar\" aria-hidden=\"true\"><div class=\"wp-polls-bar-fill\" style=\"width: 0%;\"><\/div><\/div><\/li>\n\t\t<\/ul><p style=\"text-align: center\">Votantes: <strong>7.314<\/strong><\/p><\/div>\n\t\t<input type=\"hidden\" id=\"poll_9_nonce\" name=\"wp-polls-nonce\" value=\"64f55b9ff4\" \/>\n<\/div>\n<div id=\"polls-9-loading\" class=\"wp-polls wp-polls-loading\"><span class=\"wp-polls-spinner\" aria-hidden=\"true\"><\/span> Cargando ...<\/div>\n<\/p>\n<p style=\"text-align: center;\"><strong>Nadadora con Aletas (Monoaleta) Femenina\u00a0<strong>\u00abSer Subacu\u00e1tico\u00bb\u00a0<\/strong> 2011<\/strong><\/p>\n<table class=\"aligncenter\" border=\"0\" cellspacing=\"3\" cellpadding=\"3\" align=\"center\">\n<tbody>\n<tr>\n<td align=\"center\" valign=\"top\"><strong>Mary Angela Mejia\u00a0<strong><strong><img loading=\"lazy\" decoding=\"async\" src=\"http:\/\/es.fifa.com\/imgml\/flags\/s\/col.gif\" alt=\"chi Eventos\" width=\"19\" height=\"13\" \/><\/strong><\/strong><\/strong><\/td>\n<\/tr>\n<tr>\n<td align=\"center\" valign=\"top\">\u00a0<img loading=\"lazy\" decoding=\"async\" src=\"https:\/\/fbcdn-sphotos-a-a.akamaihd.net\/hphotos-ak-prn1\/535506_10150977447889768_594451565_n.jpg\" alt=\"\" width=\"100\" height=\"100\" \/><\/td>\n<\/tr>\n<tr>\n<td align=\"center\" valign=\"top\"><a href=\"http:\/\/www.sportalsub.net\/blog\/2011\/08\/03\/resultados-5ta-jornada-campeonato-mundial-de-natacion-con-aletas-cmas-hungria-2011\/\" target=\"_blank\" rel=\"noopener noreferrer\">7mo lugar 800 inmersi\u00f3n Campeonato Mundial de Nataci\u00f3n con Aletas Hungr\u00eda 2011<\/a><\/td>\n<\/tr>\n<\/tbody>\n<\/table>\n<p style=\"text-align: center;\">\u00a0<div id=\"polls-10\" class=\"wp-polls\">\n\t\t<p style=\"text-align: center\"><strong>Resultados Nadadora con Aletas (Monoaleta) Femenino \"Ser Subacu\u00e1tico\" 2011<\/strong><\/p><div id=\"polls-10-ans\" class=\"wp-polls-ans\"><ul class=\"wp-polls-ul\">\n\t\t<li>Mary Angela Mejia (Colombia) <small>(52%, 1.042 Votos)<\/small><div class=\"wp-polls-bar\" aria-hidden=\"true\"><div class=\"wp-polls-bar-fill\" style=\"width: 52%;\"><\/div><\/div><\/li>\n\t\t<li>Johanna Alegria (Colombia) <small>(24%, 477 Votos)<\/small><div class=\"wp-polls-bar\" aria-hidden=\"true\"><div class=\"wp-polls-bar-fill\" style=\"width: 24%;\"><\/div><\/div><\/li>\n\t\t<li>Victoria P\u00e9rez (Colombia) <small>(11%, 232 Votos)<\/small><div class=\"wp-polls-bar\" aria-hidden=\"true\"><div class=\"wp-polls-bar-fill\" style=\"width: 11%;\"><\/div><\/div><\/li>\n\t\t<li>Grace Fern\u00e1ndez (Colombia) <small>(10%, 208 Votos)<\/small><div class=\"wp-polls-bar\" aria-hidden=\"true\"><div class=\"wp-polls-bar-fill\" style=\"width: 10%;\"><\/div><\/div><\/li>\n\t\t<li>Lina Arango (Colombia) <small>(3%, 61 Votos)<\/small><div class=\"wp-polls-bar\" aria-hidden=\"true\"><div class=\"wp-polls-bar-fill\" style=\"width: 3%;\"><\/div><\/div><\/li>\n\t\t<\/ul><p style=\"text-align: center\">Votantes: <strong>2.020<\/strong><\/p><\/div>\n\t\t<input type=\"hidden\" id=\"poll_10_nonce\" name=\"wp-polls-nonce\" value=\"a12b8ab189\" \/>\n<\/div>\n<div id=\"polls-10-loading\" class=\"wp-polls wp-polls-loading\"><span class=\"wp-polls-spinner\" aria-hidden=\"true\"><\/span> Cargando ...<\/div>\n<\/p>\n<p style=\"text-align: center;\"><strong>Nadador con Aletas (Bialetas) Masculino <strong>\u00abSer Subacu\u00e1tico\u00bb\u00a0<\/strong>2011<\/strong><\/p>\n<table class=\"aligncenter\" border=\"0\" cellspacing=\"3\" cellpadding=\"3\" align=\"center\">\n<tbody>\n<tr>\n<td align=\"center\" valign=\"top\"><strong>Luis Tendero\u00a0<strong><strong><img loading=\"lazy\" decoding=\"async\" src=\"http:\/\/es.fifa.com\/imgml\/flags\/s\/ven.gif\" alt=\"chi Eventos\" width=\"19\" height=\"13\" \/><\/strong><\/strong><\/strong><\/td>\n<\/tr>\n<tr>\n<td align=\"center\" valign=\"top\"><img decoding=\"async\" src=\"http:\/\/www.sportalsub.net\/blog\/wp-content\/uploads\/2009\/01\/foto2-150x150.jpg\" alt=\"Venezuela estar\u00e1 presente en la Copa del Mundo de Nataci\u00f3n con Aletas Bogot\u00e1 2009\" width=\"100\" \/><\/td>\n<\/tr>\n<tr>\n<td align=\"center\" valign=\"top\"><a href=\"http:\/\/www.sportalsub.net\/blog\/2011\/10\/28\/resultados-finales-copa-internacional-de-actividades-subacuaticas-cuba-2011\/\" target=\"_blank\" rel=\"noopener noreferrer\">Doble Medallista (1 Oro y 1 Bronce) en Copa Internacional de Actividades Subacu\u00e1ticas Cuba 2011<\/a><\/td>\n<\/tr>\n<\/tbody>\n<\/table>\n<p style=\"text-align: center;\">\u00a0\u00a0<div id=\"polls-11\" class=\"wp-polls\">\n\t\t<p style=\"text-align: center\"><strong>Resultados Nadador con Aletas (Bialetas) Masculino \"Ser Subacu\u00e1tico\" 2011<\/strong><\/p><div id=\"polls-11-ans\" class=\"wp-polls-ans\"><ul class=\"wp-polls-ul\">\n\t\t<li>Luis Tendero (Venezuela) <small>(58%, 2.560 Votos)<\/small><div class=\"wp-polls-bar\" aria-hidden=\"true\"><div class=\"wp-polls-bar-fill\" style=\"width: 58%;\"><\/div><\/div><\/li>\n\t\t<li>Romano Lozano (Colombia) <small>(24%, 1.057 Votos)<\/small><div class=\"wp-polls-bar\" aria-hidden=\"true\"><div class=\"wp-polls-bar-fill\" style=\"width: 24%;\"><\/div><\/div><\/li>\n\t\t<li>Aziz Figarella (Venezuela) <small>(17%, 760 Votos)<\/small><div class=\"wp-polls-bar\" aria-hidden=\"true\"><div class=\"wp-polls-bar-fill\" style=\"width: 17%;\"><\/div><\/div><\/li>\n\t\t<\/ul><p style=\"text-align: center\">Votantes: <strong>4.377<\/strong><\/p><\/div>\n\t\t<input type=\"hidden\" id=\"poll_11_nonce\" name=\"wp-polls-nonce\" value=\"ba3a5bb69a\" \/>\n<\/div>\n<div id=\"polls-11-loading\" class=\"wp-polls wp-polls-loading\"><span class=\"wp-polls-spinner\" aria-hidden=\"true\"><\/span> Cargando ...<\/div>\n<\/p>\n<p style=\"text-align: center;\"><strong>Nadadora con Aletas (Bialetas) Femenino\u00a0<strong>\u00abSer Subacu\u00e1tico\u00bb\u00a0<\/strong> 2011<\/strong><\/p>\n<table class=\"aligncenter\" border=\"0\" cellspacing=\"3\" cellpadding=\"3\" align=\"center\">\n<tbody>\n<tr>\n<td align=\"center\" valign=\"top\"><strong><strong><strong><strong>Sof\u00eda G\u00f3mez<\/strong>\u00a0<img loading=\"lazy\" decoding=\"async\" src=\"http:\/\/es.fifa.com\/imgml\/flags\/s\/col.gif\" alt=\"chi Eventos\" width=\"19\" height=\"13\" \/><\/strong><\/strong> <\/strong><\/td>\n<\/tr>\n<tr>\n<td align=\"center\" valign=\"top\">\u00a0<img loading=\"lazy\" decoding=\"async\" src=\"https:\/\/fbcdn-sphotos-e-a.akamaihd.net\/hphotos-ak-ash4\/297210_2566532773200_1550603558_2709138_1182023301_n.jpg\" alt=\"\" width=\"100\" height=\"100\" \/><\/td>\n<\/tr>\n<tr>\n<td align=\"center\" valign=\"top\"><a href=\"http:\/\/www.sportalsub.net\/blog\/2011\/10\/28\/resultados-finales-copa-internacional-de-actividades-subacuaticas-cuba-2011\/\" target=\"_blank\" rel=\"noopener noreferrer\">3 medallas de Oro en Copa Internacional de Actividades Subacu\u00e1ticas Cuba 2011<\/a><\/td>\n<\/tr>\n<tr>\n<td align=\"center\" valign=\"top\"><a href=\"http:\/\/www.sportalsub.net\/blog\/2011\/10\/28\/resultados-finales-copa-internacional-de-actividades-subacuaticas-cuba-2011\/\" target=\"_blank\" rel=\"noopener noreferrer\">1 medalla de plata y 1 de bronce Copa Internacional de Actividades Subacu\u00e1ticas Cuba 2011<\/a><\/td>\n<\/tr>\n<\/tbody>\n<\/table>\n<p style=\"text-align: center;\"><div id=\"polls-12\" class=\"wp-polls\">\n\t\t<p style=\"text-align: center\"><strong>Resultados Nadadora con Aletas (Bialetas) Femenino \"Ser Subacu\u00e1tico\" 2011<\/strong><\/p><div id=\"polls-12-ans\" class=\"wp-polls-ans\"><ul class=\"wp-polls-ul\">\n\t\t<li>Sofia Gomez (Colombia) <small>(60%, 991 Votos)<\/small><div class=\"wp-polls-bar\" aria-hidden=\"true\"><div class=\"wp-polls-bar-fill\" style=\"width: 60%;\"><\/div><\/div><\/li>\n\t\t<li>Maria Franco (Venezuela) <small>(20%, 336 Votos)<\/small><div class=\"wp-polls-bar\" aria-hidden=\"true\"><div class=\"wp-polls-bar-fill\" style=\"width: 20%;\"><\/div><\/div><\/li>\n\t\t<li>Angela Alegria (Colombia) <small>(10%, 163 Votos)<\/small><div class=\"wp-polls-bar\" aria-hidden=\"true\"><div class=\"wp-polls-bar-fill\" style=\"width: 10%;\"><\/div><\/div><\/li>\n\t\t<li>Tania Rizo (Cuba) <small>(10%, 163 Votos)<\/small><div class=\"wp-polls-bar\" aria-hidden=\"true\"><div class=\"wp-polls-bar-fill\" style=\"width: 10%;\"><\/div><\/div><\/li>\n\t\t<\/ul><p style=\"text-align: center\">Votantes: <strong>1.653<\/strong><\/p><\/div>\n\t\t<input type=\"hidden\" id=\"poll_12_nonce\" name=\"wp-polls-nonce\" value=\"cdcafd07ff\" \/>\n<\/div>\n<div id=\"polls-12-loading\" class=\"wp-polls wp-polls-loading\"><span class=\"wp-polls-spinner\" aria-hidden=\"true\"><\/span> Cargando ...<\/div>\n<\/p>\n<p style=\"text-align: center;\"><strong>Pescador Submarino <strong>\u00abSer Subacu\u00e1tico\u00bb\u00a0<\/strong>2011<\/strong><\/p>\n<table class=\"aligncenter\" border=\"0\" cellspacing=\"3\" cellpadding=\"3\" align=\"center\">\n<tbody>\n<tr>\n<td align=\"center\" valign=\"top\"><strong><strong><strong><strong>Franco Bosquez<\/strong>\u00a0<img loading=\"lazy\" decoding=\"async\" src=\"http:\/\/es.fifa.com\/imgml\/flags\/s\/chi.gif\" alt=\"chi Eventos\" width=\"19\" height=\"13\" \/><\/strong><\/strong> <\/strong><\/td>\n<\/tr>\n<tr>\n<td align=\"center\" valign=\"top\">\u00a0<img decoding=\"async\" src=\"http:\/\/www.sportalsub.net\/blog\/wp-content\/uploads\/2011\/12\/chile-pescasub-150x150.jpg\" alt=\"Chile se titula Campe\u00f3n en 3er Panamericano de Pesca Submarina CMAS Am\u00e9rica\" width=\"100\" \/><\/td>\n<\/tr>\n<tr>\n<td align=\"center\" valign=\"top\"><a href=\"http:\/\/www.sportalsub.net\/blog\/2011\/12\/08\/chile-se-titula-campeon-en-3er-panamericano-de-pesca-submarina-cmas-america\/\" target=\"_blank\" rel=\"noopener noreferrer\">Campe\u00f3n del 3er Campeonato Panamericano de Pesca Submarina Per\u00fa 2011<\/a><\/td>\n<\/tr>\n<\/tbody>\n<\/table>\n<p style=\"text-align: center;\">\u00a0<div id=\"polls-13\" class=\"wp-polls\">\n\t\t<p style=\"text-align: center\"><strong>Resultados Pescador Submarino \"Ser Subacu\u00e1tico\"  2011<\/strong><\/p><div id=\"polls-13-ans\" class=\"wp-polls-ans\"><ul class=\"wp-polls-ul\">\n\t\t<li>Franco Bosquez (Chile) <small>(74%, 492 Votos)<\/small><div class=\"wp-polls-bar\" aria-hidden=\"true\"><div class=\"wp-polls-bar-fill\" style=\"width: 74%;\"><\/div><\/div><\/li>\n\t\t<li>Santi Lopez Cid (Espa\u00f1a) <small>(16%, 108 Votos)<\/small><div class=\"wp-polls-bar\" aria-hidden=\"true\"><div class=\"wp-polls-bar-fill\" style=\"width: 16%;\"><\/div><\/div><\/li>\n\t\t<li>David Primo (Espa\u00f1a) <small>(10%, 64 Votos)<\/small><div class=\"wp-polls-bar\" aria-hidden=\"true\"><div class=\"wp-polls-bar-fill\" style=\"width: 10%;\"><\/div><\/div><\/li>\n\t\t<\/ul><p style=\"text-align: center\">Votantes: <strong>664<\/strong><\/p><\/div>\n\t\t<input type=\"hidden\" id=\"poll_13_nonce\" name=\"wp-polls-nonce\" value=\"c49abe00be\" \/>\n<\/div>\n<div id=\"polls-13-loading\" class=\"wp-polls wp-polls-loading\"><span class=\"wp-polls-spinner\" aria-hidden=\"true\"><\/span> Cargando ...<\/div>\n<\/p>\n<p style=\"text-align: center;\"><strong>Equipo de Rugby Subacu\u00e1tico <strong>\u00abSer Subacu\u00e1tico\u00bb\u00a0<\/strong>2011<\/strong><\/p>\n<table class=\"aligncenter\" border=\"0\" cellspacing=\"3\" cellpadding=\"3\" align=\"center\">\n<tbody>\n<tr>\n<td align=\"center\" valign=\"top\"><strong><strong><strong><strong><strong>Colombia Sub-21 Masculino<\/strong>\u00a0<strong><strong><strong><strong><strong><strong><strong><img loading=\"lazy\" decoding=\"async\" src=\"http:\/\/es.fifa.com\/imgml\/flags\/s\/col.gif\" alt=\"chi Eventos\" width=\"19\" height=\"13\" \/><\/strong><\/strong><\/strong><\/strong><\/strong><\/strong><\/strong><\/strong><\/strong><\/strong> <\/strong><\/td>\n<\/tr>\n<tr>\n<td align=\"center\" valign=\"top\"><img decoding=\"async\" src=\"http:\/\/www.sportalsub.net\/blog\/wp-content\/uploads\/2011\/11\/copa-nordicasub21-150x150.jpg\" alt=\"Selecci\u00f3n Colombia Sub-21 obtuvo el 3er lugar en la Copa N\u00f3rdica de Rugby Subacu\u00e1tico 2011\" width=\"100\" \/><\/td>\n<\/tr>\n<tr>\n<td align=\"center\" valign=\"top\"><a href=\"http:\/\/www.sportalsub.net\/blog\/2011\/11\/21\/seleccion-colombia-sub-21-obtuvo-el-3er-lugar-en-la-copa-nordica-de-rugby-subacuatico-2011\/\" target=\"_blank\" rel=\"noopener noreferrer\">3er Lugar Copa N\u00f3rdica Sub-21 de Rugby Subacu\u00e1tico Suecia 2011<\/a><\/td>\n<\/tr>\n<\/tbody>\n<\/table>\n<p style=\"text-align: center;\">\u00a0<div id=\"polls-14\" class=\"wp-polls\">\n\t\t<p style=\"text-align: center\"><strong>Resultados Equipo de Rugby Subacu\u00e1tico \"Ser Subacu\u00e1tico\" 2011<\/strong><\/p><div id=\"polls-14-ans\" class=\"wp-polls-ans\"><ul class=\"wp-polls-ul\">\n\t\t<li>Selecci\u00f3n Sub-21 Masculino (Colombia) <small>(55%, 791 Votos)<\/small><div class=\"wp-polls-bar\" aria-hidden=\"true\"><div class=\"wp-polls-bar-fill\" style=\"width: 55%;\"><\/div><\/div><\/li>\n\t\t<li>Equipo Orcas Masculino (Colombia) <small>(31%, 444 Votos)<\/small><div class=\"wp-polls-bar\" aria-hidden=\"true\"><div class=\"wp-polls-bar-fill\" style=\"width: 31%;\"><\/div><\/div><\/li>\n\t\t<li>Selecci\u00f3n Absoluta  Femenina (Colombia) <small>(9%, 130 Votos)<\/small><div class=\"wp-polls-bar\" aria-hidden=\"true\"><div class=\"wp-polls-bar-fill\" style=\"width: 9%;\"><\/div><\/div><\/li>\n\t\t<li>Selecci\u00f3n Absoluta Masculino (Colombia) <small>(5%, 71 Votos)<\/small><div class=\"wp-polls-bar\" aria-hidden=\"true\"><div class=\"wp-polls-bar-fill\" style=\"width: 5%;\"><\/div><\/div><\/li>\n\t\t<\/ul><p style=\"text-align: center\">Votantes: <strong>1.436<\/strong><\/p><\/div>\n\t\t<input type=\"hidden\" id=\"poll_14_nonce\" name=\"wp-polls-nonce\" value=\"126601e287\" \/>\n<\/div>\n<div id=\"polls-14-loading\" class=\"wp-polls wp-polls-loading\"><span class=\"wp-polls-spinner\" aria-hidden=\"true\"><\/span> Cargando ...<\/div>\n<\/p>\n<p style=\"text-align: center;\"><strong>Equipo de Hockey Subacu\u00e1tico <strong>\u00abSer Subacu\u00e1tico\u00bb\u00a0<\/strong>\u00a02011<\/strong><\/p>\n<table class=\"aligncenter\" border=\"0\" cellspacing=\"3\" cellpadding=\"3\" align=\"center\">\n<tbody>\n<tr>\n<td align=\"center\" valign=\"top\"><strong><strong><strong><strong><strong>Espa\u00f1a Sub-23 Masculino<\/strong>\u00a0<strong><strong><strong><strong><img decoding=\"async\" src=\"http:\/\/es.fifa.com\/imgml\/flags\/s\/esp.gif\" alt=\"chi Eventos\" \/><\/strong><\/strong><\/strong><\/strong><\/strong><\/strong><\/strong> <\/strong><\/td>\n<\/tr>\n<tr>\n<td align=\"center\" valign=\"top\"><img decoding=\"async\" src=\"http:\/\/www.sportalsub.net\/blog\/wp-content\/uploads\/2011\/07\/hockeysub1-150x150.jpg\" alt=\"Contin\u00faa el Mundial de Hockey Subacu\u00e1tico Juvenil y Master en Holanda\" height=\"100\" \/><\/td>\n<\/tr>\n<tr>\n<td align=\"center\" valign=\"top\"><a href=\"http:\/\/www.sportalsub.net\/blog\/2011\/07\/17\/resultados-finales-mundial-junior-y-master-de-hockey-subacuatico-holanda-2011\/\" target=\"_blank\" rel=\"noopener noreferrer\">SubCampe\u00f3n Categor\u00eda Sub-23 Campeonato Mundial Holanda 2011<\/a><\/td>\n<\/tr>\n<\/tbody>\n<\/table>\n<p style=\"text-align: center;\">\u00a0<div id=\"polls-15\" class=\"wp-polls\">\n\t\t<p style=\"text-align: center\"><strong>Resultados Equipo de Hockey Subacu\u00e1tico \"Ser Subacu\u00e1tico\" 2011<\/strong><\/p><div id=\"polls-15-ans\" class=\"wp-polls-ans\"><ul class=\"wp-polls-ul\">\n\t\t<li>Selecci\u00f3n Sub-23 Masculino (Espa\u00f1a) <small>(49%, 772 Votos)<\/small><div class=\"wp-polls-bar\" aria-hidden=\"true\"><div class=\"wp-polls-bar-fill\" style=\"width: 49%;\"><\/div><\/div><\/li>\n\t\t<li>Selecci\u00f3n Absoluta Masculino (Colombia) <small>(37%, 579 Votos)<\/small><div class=\"wp-polls-bar\" aria-hidden=\"true\"><div class=\"wp-polls-bar-fill\" style=\"width: 37%;\"><\/div><\/div><\/li>\n\t\t<li>Selecci\u00f3n Absoluta Femenina (Colombia) <small>(11%, 169 Votos)<\/small><div class=\"wp-polls-bar\" aria-hidden=\"true\"><div class=\"wp-polls-bar-fill\" style=\"width: 11%;\"><\/div><\/div><\/li>\n\t\t<li>Equipo GS Barcelona Masculino (Espa\u00f1a) <small>(4%, 60 Votos)<\/small><div class=\"wp-polls-bar\" aria-hidden=\"true\"><div class=\"wp-polls-bar-fill\" style=\"width: 4%;\"><\/div><\/div><\/li>\n\t\t<\/ul><p style=\"text-align: center\">Votantes: <strong>1.580<\/strong><\/p><\/div>\n\t\t<input type=\"hidden\" id=\"poll_15_nonce\" name=\"wp-polls-nonce\" value=\"db1aac1a45\" \/>\n<\/div>\n<div id=\"polls-15-loading\" class=\"wp-polls wp-polls-loading\"><span class=\"wp-polls-spinner\" aria-hidden=\"true\"><\/span> Cargando ...<\/div>\n<\/p>\n<p style=\"text-align: center;\"><strong>Entrenador \/ Coach o Capit\u00e1n de Equipo <strong>\u00abSer Subacu\u00e1tico\u00bb\u00a0<\/strong>2011<\/strong><\/p>\n<table class=\"aligncenter\" border=\"0\" cellspacing=\"3\" cellpadding=\"3\" align=\"center\">\n<tbody>\n<tr>\n<td align=\"center\" valign=\"top\"><strong>Julio Berm\u00fadez\u00a0<img loading=\"lazy\" decoding=\"async\" src=\"http:\/\/es.fifa.com\/imgml\/flags\/s\/col.gif\" alt=\"chi Eventos\" width=\"19\" height=\"13\" \/><\/strong><\/td>\n<\/tr>\n<tr>\n<td align=\"center\" valign=\"top\">\u00a0<img loading=\"lazy\" decoding=\"async\" src=\"https:\/\/fbcdn-sphotos-e-a.akamaihd.net\/hphotos-ak-ash4\/303686_145140588907326_123232061098179_268705_4239012_n.jpg\" alt=\"\" width=\"100\" height=\"100\" \/><\/td>\n<\/tr>\n<tr>\n<td align=\"center\" valign=\"top\"><a href=\"http:\/\/www.sportalsub.net\/blog\/2011\/08\/20\/noruega-se-titula-doble-campeon-mundial-de-rugby-subacuatico-2011\/\" target=\"_blank\" rel=\"noopener noreferrer\">Entrenador Selecci\u00f3n Colombia Masculino Campeonato Mundial Rugby Subacu\u00e1tico Finlandia 2011<\/a><\/td>\n<\/tr>\n<\/tbody>\n<\/table>\n<p style=\"text-align: center;\">\u00a0<div id=\"polls-16\" class=\"wp-polls\">\n\t\t<p style=\"text-align: center\"><strong>Resultados Entrenador \/ Coach o Capit\u00e1n de Equipo \"Ser Subacu\u00e1tico\" 2011<\/strong><\/p><div id=\"polls-16-ans\" class=\"wp-polls-ans\"><ul class=\"wp-polls-ul\">\n\t\t<li>Julio Berm\u00fadez (Colombia) <small>(57%, 5.211 Votos)<\/small><div class=\"wp-polls-bar\" aria-hidden=\"true\"><div class=\"wp-polls-bar-fill\" style=\"width: 57%;\"><\/div><\/div><\/li>\n\t\t<li>Jos\u00e9 Ram\u00f3n Colmenares (Venezuela) <small>(23%, 2.135 Votos)<\/small><div class=\"wp-polls-bar\" aria-hidden=\"true\"><div class=\"wp-polls-bar-fill\" style=\"width: 23%;\"><\/div><\/div><\/li>\n\t\t<li>Manuel Escobar (Colombia) <small>(17%, 1.595 Votos)<\/small><div class=\"wp-polls-bar\" aria-hidden=\"true\"><div class=\"wp-polls-bar-fill\" style=\"width: 17%;\"><\/div><\/div><\/li>\n\t\t<li>Pedro Medinacelli (Colombia) <small>(15%, 1.397 Votos)<\/small><div class=\"wp-polls-bar\" aria-hidden=\"true\"><div class=\"wp-polls-bar-fill\" style=\"width: 15%;\"><\/div><\/div><\/li>\n\t\t<li>Adonis Casal (Cuba-Venezuela) <small>(9%, 783 Votos)<\/small><div class=\"wp-polls-bar\" aria-hidden=\"true\"><div class=\"wp-polls-bar-fill\" style=\"width: 9%;\"><\/div><\/div><\/li>\n\t\t<li>Gilmar Fern\u00e1ndez (Colombia) <small>(3%, 245 Votos)<\/small><div class=\"wp-polls-bar\" aria-hidden=\"true\"><div class=\"wp-polls-bar-fill\" style=\"width: 3%;\"><\/div><\/div><\/li>\n\t\t<li>Freddy Toledo (Ecuador) <small>(2%, 192 Votos)<\/small><div class=\"wp-polls-bar\" aria-hidden=\"true\"><div class=\"wp-polls-bar-fill\" style=\"width: 2%;\"><\/div><\/div><\/li>\n\t\t<li>Fabio Delgado (Colombia) <small>(2%, 153 Votos)<\/small><div class=\"wp-polls-bar\" aria-hidden=\"true\"><div class=\"wp-polls-bar-fill\" style=\"width: 2%;\"><\/div><\/div><\/li>\n\t\t<li>Gaby Contreras (Venezuela) <small>(2%, 140 Votos)<\/small><div class=\"wp-polls-bar\" aria-hidden=\"true\"><div class=\"wp-polls-bar-fill\" style=\"width: 2%;\"><\/div><\/div><\/li>\n\t\t<li>Andres Felipe Garcia (Colombia) <small>(1%, 124 Votos)<\/small><div class=\"wp-polls-bar\" aria-hidden=\"true\"><div class=\"wp-polls-bar-fill\" style=\"width: 1%;\"><\/div><\/div><\/li>\n\t\t<li>Jose Manuel Gonzalez (M\u00e9xico) <small>(1%, 73 Votos)<\/small><div class=\"wp-polls-bar\" aria-hidden=\"true\"><div class=\"wp-polls-bar-fill\" style=\"width: 1%;\"><\/div><\/div><\/li>\n\t\t<li>Nelson Zapata (Colombia) <small>(1%, 70 Votos)<\/small><div class=\"wp-polls-bar\" aria-hidden=\"true\"><div class=\"wp-polls-bar-fill\" style=\"width: 1%;\"><\/div><\/div><\/li>\n\t\t<li>Emilio Orellana (Chile) <small>(0%, 29 Votos)<\/small><div class=\"wp-polls-bar\" aria-hidden=\"true\"><div class=\"wp-polls-bar-fill\" style=\"width: 0%;\"><\/div><\/div><\/li>\n\t\t<\/ul><p style=\"text-align: center\">Votantes: <strong>9.462<\/strong><\/p><\/div>\n\t\t<input type=\"hidden\" id=\"poll_16_nonce\" name=\"wp-polls-nonce\" value=\"a97bc042e3\" \/>\n<\/div>\n<div id=\"polls-16-loading\" class=\"wp-polls wp-polls-loading\"><span class=\"wp-polls-spinner\" aria-hidden=\"true\"><\/span> Cargando ...<\/div>\n<\/p>\n<p style=\"text-align: center;\"><strong>Evento Internacional o Nacional con Invitaci\u00f3n Internacional <strong>\u00abSer Subacu\u00e1tico\u00bb\u00a0<\/strong>2011<\/strong><\/p>\n<table class=\"aligncenter\" border=\"0\" cellspacing=\"3\" cellpadding=\"3\" align=\"center\">\n<tbody>\n<tr>\n<td align=\"center\" valign=\"top\"><strong><strong><strong><strong>Mundial de Apnea CMAS 2011<\/strong>\u00a0<strong><strong><strong><strong><strong><strong><strong><strong><strong><strong><strong><img decoding=\"async\" src=\"http:\/\/es.fifa.com\/imgml\/flags\/s\/esp.gif\" alt=\"chi Eventos\" \/><\/strong><\/strong><\/strong><\/strong><\/strong><\/strong><\/strong><\/strong><\/strong><\/strong><\/strong><\/strong><\/strong> <\/strong><\/td>\n<\/tr>\n<tr>\n<td align=\"center\" valign=\"top\">\u00a0<img decoding=\"async\" src=\"http:\/\/www.sportalsub.net\/blog\/wp-content\/uploads\/2011\/08\/ap_campmund_cartel-150x150.jpg\" alt=\"6to Campeonato Mundial de Apnea CMAS - Tenerife 2011\" width=\"100\" \/><\/td>\n<\/tr>\n<tr>\n<td align=\"center\" valign=\"top\"><a href=\"http:\/\/www.sportalsub.net\/blog\/category\/coberturas-especiales\/mundial-apnea-cmas-2011\/\" target=\"_blank\" rel=\"noopener noreferrer\">6to Mundial de Apnea CMAS Tenerife 2011<\/a><\/td>\n<\/tr>\n<\/tbody>\n<\/table>\n<p style=\"text-align: center;\">\u00a0<div id=\"polls-17\" class=\"wp-polls\">\n\t\t<p style=\"text-align: center\"><strong>Resultados Evento Internacional o Nacional con Invitados Internacionales \"Ser Subacu\u00e1tico\" 2011<\/strong><\/p><div id=\"polls-17-ans\" class=\"wp-polls-ans\"><ul class=\"wp-polls-ul\">\n\t\t<li>Mundial de Apnea CMAS 2011 (Espa\u00f1a) <small>(53%, 946 Votos)<\/small><div class=\"wp-polls-bar\" aria-hidden=\"true\"><div class=\"wp-polls-bar-fill\" style=\"width: 53%;\"><\/div><\/div><\/li>\n\t\t<li>II Juegos FEDECAS (Colombia) <small>(20%, 353 Votos)<\/small><div class=\"wp-polls-bar\" aria-hidden=\"true\"><div class=\"wp-polls-bar-fill\" style=\"width: 20%;\"><\/div><\/div><\/li>\n\t\t<li>2da Parada Rugby Subacu\u00e1tico Medell\u00edn (Colombia) <small>(11%, 197 Votos)<\/small><div class=\"wp-polls-bar\" aria-hidden=\"true\"><div class=\"wp-polls-bar-fill\" style=\"width: 11%;\"><\/div><\/div><\/li>\n\t\t<li>Nataci\u00f3n con Aletas Festival N\u00e1utico 2011 (Venezuela) <small>(8%, 148 Votos)<\/small><div class=\"wp-polls-bar\" aria-hidden=\"true\"><div class=\"wp-polls-bar-fill\" style=\"width: 8%;\"><\/div><\/div><\/li>\n\t\t<li>3ra Parada Rugby Subacu\u00e1tico Bogot\u00e1 (Colombia) <small>(2%, 34 Votos)<\/small><div class=\"wp-polls-bar\" aria-hidden=\"true\"><div class=\"wp-polls-bar-fill\" style=\"width: 2%;\"><\/div><\/div><\/li>\n\t\t<li>Copa Internacional 2011 (Cuba) <small>(2%, 30 Votos)<\/small><div class=\"wp-polls-bar\" aria-hidden=\"true\"><div class=\"wp-polls-bar-fill\" style=\"width: 2%;\"><\/div><\/div><\/li>\n\t\t<li>Torneo Internacional Hockey Subacu\u00e1tico (Argentina) <small>(2%, 28 Votos)<\/small><div class=\"wp-polls-bar\" aria-hidden=\"true\"><div class=\"wp-polls-bar-fill\" style=\"width: 2%;\"><\/div><\/div><\/li>\n\t\t<li>Masters Internacional Pesca Submarina (Espa\u00f1a) <small>(1%, 14 Votos)<\/small><div class=\"wp-polls-bar\" aria-hidden=\"true\"><div class=\"wp-polls-bar-fill\" style=\"width: 1%;\"><\/div><\/div><\/li>\n\t\t<li>5ta Ronda Copa Mundo Nataci\u00f3n con Aletas (Espa\u00f1a) <small>(1%, 10 Votos)<\/small><div class=\"wp-polls-bar\" aria-hidden=\"true\"><div class=\"wp-polls-bar-fill\" style=\"width: 1%;\"><\/div><\/div><\/li>\n\t\t<li>Open Argentino de Apnea (Argentina) <small>(0%, 8 Votos)<\/small><div class=\"wp-polls-bar\" aria-hidden=\"true\"><div class=\"wp-polls-bar-fill\" style=\"width: 0%;\"><\/div><\/div><\/li>\n\t\t<li>Competencia Internacional Fotosub Colony 2011 (Cuba) <small>(0%, 5 Votos)<\/small><div class=\"wp-polls-bar\" aria-hidden=\"true\"><div class=\"wp-polls-bar-fill\" style=\"width: 0%;\"><\/div><\/div><\/li>\n\t\t<li>Campeonato Panamericano Pesca Submarina (Per\u00fa) <small>(0%, 3 Votos)<\/small><div class=\"wp-polls-bar\" aria-hidden=\"true\"><div class=\"wp-polls-bar-fill\" style=\"width: 0%;\"><\/div><\/div><\/li>\n\t\t<\/ul><p style=\"text-align: center\">Votantes: <strong>1.776<\/strong><\/p><\/div>\n\t\t<input type=\"hidden\" id=\"poll_17_nonce\" name=\"wp-polls-nonce\" value=\"414014218a\" \/>\n<\/div>\n<div id=\"polls-17-loading\" class=\"wp-polls wp-polls-loading\"><span class=\"wp-polls-spinner\" aria-hidden=\"true\"><\/span> Cargando ...<\/div>\n<\/p>\n<p style=\"text-align: center;\"><strong>Dirigente o Promotor Subacu\u00e1tico Internacional <strong>\u00abSer Subacu\u00e1tico\u00bb\u00a0<\/strong>2011<\/strong><\/p>\n<table class=\"aligncenter\" border=\"0\" cellspacing=\"3\" cellpadding=\"3\" align=\"center\">\n<tbody>\n<tr>\n<td align=\"center\" valign=\"top\"><strong><strong><strong><strong>Miguel Cede\u00f1o<\/strong> <strong><strong><strong><strong><strong><a href=\"http:\/\/www.sportalsub.net\/blog\/2011\/10\/28\/resultados-finales-copa-internacional-de-actividades-subacuaticas-cuba-2011\/\" target=\"_blank\" rel=\"noopener noreferrer\"><strong><strong><strong><strong><strong><strong><strong><img loading=\"lazy\" decoding=\"async\" src=\"http:\/\/es.fifa.com\/imgml\/flags\/s\/ven.gif\" alt=\"chi Eventos\" width=\"19\" height=\"13\" \/><\/strong><\/strong><\/strong><\/strong><\/strong><\/strong><\/strong><\/a><\/strong><\/strong><\/strong><\/strong><\/strong><\/strong><\/strong><\/strong><\/td>\n<\/tr>\n<tr>\n<td align=\"center\" valign=\"top\"><img loading=\"lazy\" decoding=\"async\" src=\"https:\/\/fbcdn-sphotos-e-a.akamaihd.net\/hphotos-ak-ash4\/291836_10150404744057025_751817024_10307739_361361398_n.jpg\" alt=\"\" width=\"100\" height=\"100\" \/><\/td>\n<\/tr>\n<tr>\n<td align=\"center\" valign=\"top\"><a href=\"http:\/\/www.sportalsub.net\" target=\"_blank\" rel=\"noopener noreferrer\">Director de Sportsub &amp; Sportalsub<\/a><\/td>\n<\/tr>\n<\/tbody>\n<\/table>\n<p style=\"text-align: center;\">\u00a0<div id=\"polls-18\" class=\"wp-polls\">\n\t\t<p style=\"text-align: center\"><strong>Resultados Dirigente o Promotor Subacu\u00e1tico Internacional \"Ser Subacu\u00e1tico\" 2011<\/strong><\/p><div id=\"polls-18-ans\" class=\"wp-polls-ans\"><ul class=\"wp-polls-ul\">\n\t\t<li>Miguel Cede\u00f1o (Venezuela) <small>(60%, 623 Votos)<\/small><div class=\"wp-polls-bar\" aria-hidden=\"true\"><div class=\"wp-polls-bar-fill\" style=\"width: 60%;\"><\/div><\/div><\/li>\n\t\t<li>Oscar Ruiz (Venezuela) <small>(22%, 224 Votos)<\/small><div class=\"wp-polls-bar\" aria-hidden=\"true\"><div class=\"wp-polls-bar-fill\" style=\"width: 22%;\"><\/div><\/div><\/li>\n\t\t<li>Xavier Dur\u00e1n (Espa\u00f1a) <small>(11%, 115 Votos)<\/small><div class=\"wp-polls-bar\" aria-hidden=\"true\"><div class=\"wp-polls-bar-fill\" style=\"width: 11%;\"><\/div><\/div><\/li>\n\t\t<li>Orestes Garc\u00eda (Cuba) <small>(8%, 78 Votos)<\/small><div class=\"wp-polls-bar\" aria-hidden=\"true\"><div class=\"wp-polls-bar-fill\" style=\"width: 8%;\"><\/div><\/div><\/li>\n\t\t<\/ul><p style=\"text-align: center\">Votantes: <strong>1.041<\/strong><\/p><\/div>\n\t\t<input type=\"hidden\" id=\"poll_18_nonce\" name=\"wp-polls-nonce\" value=\"0f345c7f13\" \/>\n<\/div>\n<div id=\"polls-18-loading\" class=\"wp-polls wp-polls-loading\"><span class=\"wp-polls-spinner\" aria-hidden=\"true\"><\/span> Cargando ...<\/div>\n<\/p>\n<p style=\"text-align: center;\"><strong>Multi-Deportista <strong>\u00abSer Subacu\u00e1tico\u00bb\u00a0<\/strong>2011<\/strong><\/p>\n<table class=\"aligncenter\" border=\"0\" cellspacing=\"3\" cellpadding=\"3\" align=\"center\">\n<tbody>\n<tr>\n<td align=\"center\" valign=\"top\"><strong><strong><strong><strong><strong><strong><strong><strong><strong><strong><strong><strong>Sof\u00eda G\u00f3mez<\/strong>\u00a0<img loading=\"lazy\" decoding=\"async\" src=\"http:\/\/es.fifa.com\/imgml\/flags\/s\/col.gif\" alt=\"chi Eventos\" width=\"19\" height=\"13\" \/><\/strong><\/strong> <\/strong><\/strong><\/strong><\/strong><\/strong><\/strong><\/strong><\/strong><\/strong><\/td>\n<\/tr>\n<tr>\n<td align=\"center\" valign=\"top\"><img loading=\"lazy\" decoding=\"async\" src=\"https:\/\/fbcdn-sphotos-e-a.akamaihd.net\/hphotos-ak-ash4\/297210_2566532773200_1550603558_2709138_1182023301_n.jpg\" alt=\"\" width=\"100\" height=\"100\" \/><\/td>\n<\/tr>\n<tr>\n<td align=\"center\" valign=\"top\"><a href=\"http:\/\/www.sportalsub.net\/blog\/2011\/10\/28\/resultados-finales-copa-internacional-de-actividades-subacuaticas-cuba-2011\/\" target=\"_blank\" rel=\"noopener noreferrer\">3 medallas de Oro en Nataci\u00f3n con Aletas Bialetas y 2 medallas en Apnea en Copa Internacional de Actividades Subacu\u00e1ticas Cuba 2011<\/a><\/td>\n<\/tr>\n<\/tbody>\n<\/table>\n<p style=\"text-align: center;\"><div id=\"polls-19\" class=\"wp-polls\">\n\t\t<p style=\"text-align: center\"><strong>Resultados Multi-Deportista \"Ser Subacu\u00e1tico\" 2011<\/strong><\/p><div id=\"polls-19-ans\" class=\"wp-polls-ans\"><ul class=\"wp-polls-ul\">\n\t\t<li>Sof\u00eda G\u00f3mez (Colombia) <small>(69%, 844 Votos)<\/small><div class=\"wp-polls-bar\" aria-hidden=\"true\"><div class=\"wp-polls-bar-fill\" style=\"width: 69%;\"><\/div><\/div><\/li>\n\t\t<li>Ambar Peralta (Venezuela) <small>(20%, 242 Votos)<\/small><div class=\"wp-polls-bar\" aria-hidden=\"true\"><div class=\"wp-polls-bar-fill\" style=\"width: 20%;\"><\/div><\/div><\/li>\n\t\t<li>Luis Arismendi (Venezuela) <small>(6%, 74 Votos)<\/small><div class=\"wp-polls-bar\" aria-hidden=\"true\"><div class=\"wp-polls-bar-fill\" style=\"width: 6%;\"><\/div><\/div><\/li>\n\t\t<li>Ricardo Iriarte (Espa\u00f1a) <small>(5%, 55 Votos)<\/small><div class=\"wp-polls-bar\" aria-hidden=\"true\"><div class=\"wp-polls-bar-fill\" style=\"width: 5%;\"><\/div><\/div><\/li>\n\t\t<\/ul><p style=\"text-align: center\">Votantes: <strong>1.473<\/strong><\/p><\/div>\n\t\t<input type=\"hidden\" id=\"poll_19_nonce\" name=\"wp-polls-nonce\" value=\"2b71b27cb8\" \/>\n<\/div>\n<div id=\"polls-19-loading\" class=\"wp-polls wp-polls-loading\"><span class=\"wp-polls-spinner\" aria-hidden=\"true\"><\/span> Cargando ...<\/div>\n<\/p>\n<p style=\"text-align: center;\"><strong>Organizaci\u00f3n Nacional con Proyecci\u00f3n Internacional <strong>\u00abSer Subacu\u00e1tico\u00bb\u00a0<\/strong>2011<\/strong><\/p>\n<table class=\"aligncenter\" border=\"0\" cellspacing=\"3\" cellpadding=\"3\" align=\"center\">\n<tbody>\n<tr>\n<td align=\"center\" valign=\"top\"><strong><strong><strong><strong>Sportsub &amp; Sportalsub<\/strong> <strong><strong><strong><strong><strong><a href=\"http:\/\/www.sportalsub.net\/blog\/2011\/10\/28\/resultados-finales-copa-internacional-de-actividades-subacuaticas-cuba-2011\/\" target=\"_blank\" rel=\"noopener noreferrer\"><strong><strong><strong><strong><strong><strong><strong><img loading=\"lazy\" decoding=\"async\" src=\"http:\/\/es.fifa.com\/imgml\/flags\/s\/ven.gif\" alt=\"chi Eventos\" width=\"19\" height=\"13\" \/><\/strong><\/strong><\/strong><\/strong><\/strong><\/strong><\/strong><\/a><\/strong><\/strong><\/strong><\/strong><\/strong><\/strong><\/strong><\/strong><\/td>\n<\/tr>\n<tr>\n<td align=\"center\" valign=\"top\"><img loading=\"lazy\" decoding=\"async\" src=\"https:\/\/fbcdn-sphotos-e-a.akamaihd.net\/hphotos-ak-ash4\/314934_10150414218397065_72773737064_9804696_724089775_n.jpg\" alt=\"\" width=\"100\" height=\"100\" \/><\/td>\n<\/tr>\n<tr>\n<td align=\"center\" valign=\"top\"><a href=\"http:\/\/www.sportalsub.net\" target=\"_blank\" rel=\"noopener noreferrer\">Spotsub &amp; Sportalsub<\/a><\/td>\n<\/tr>\n<\/tbody>\n<\/table>\n<p style=\"text-align: center;\"><div id=\"polls-21\" class=\"wp-polls\">\n\t\t<p style=\"text-align: center\"><strong>Resultados Organizaci\u00f3n Nacional con Proyecci\u00f3n Internacional \"Ser Subacu\u00e1tico\" 2011<\/strong><\/p><div id=\"polls-21-ans\" class=\"wp-polls-ans\"><ul class=\"wp-polls-ul\">\n\t\t<li>Sportsub &amp; Sportalsub (Venezuela) <small>(45%, 979 Votos)<\/small><div class=\"wp-polls-bar\" aria-hidden=\"true\"><div class=\"wp-polls-bar-fill\" style=\"width: 45%;\"><\/div><\/div><\/li>\n\t\t<li>FEDECAS (Colombia) <small>(44%, 960 Votos)<\/small><div class=\"wp-polls-bar\" aria-hidden=\"true\"><div class=\"wp-polls-bar-fill\" style=\"width: 44%;\"><\/div><\/div><\/li>\n\t\t<li>FVAS (Venezuela) <small>(6%, 133 Votos)<\/small><div class=\"wp-polls-bar\" aria-hidden=\"true\"><div class=\"wp-polls-bar-fill\" style=\"width: 6%;\"><\/div><\/div><\/li>\n\t\t<li>FEDAS (Espa\u00f1a) <small>(2%, 42 Votos)<\/small><div class=\"wp-polls-bar\" aria-hidden=\"true\"><div class=\"wp-polls-bar-fill\" style=\"width: 2%;\"><\/div><\/div><\/li>\n\t\t<li>FMAS (M\u00e9xico) <small>(2%, 35 Votos)<\/small><div class=\"wp-polls-bar\" aria-hidden=\"true\"><div class=\"wp-polls-bar-fill\" style=\"width: 2%;\"><\/div><\/div><\/li>\n\t\t<li>AHSA (Argentina) <small>(1%, 24 Votos)<\/small><div class=\"wp-polls-bar\" aria-hidden=\"true\"><div class=\"wp-polls-bar-fill\" style=\"width: 1%;\"><\/div><\/div><\/li>\n\t\t<li>AAV (Venezuela) <small>(1%, 16 Votos)<\/small><div class=\"wp-polls-bar\" aria-hidden=\"true\"><div class=\"wp-polls-bar-fill\" style=\"width: 1%;\"><\/div><\/div><\/li>\n\t\t<li>FEDESUB (Chile) <small>(0%, 2 Votos)<\/small><div class=\"wp-polls-bar\" aria-hidden=\"true\"><div class=\"wp-polls-bar-fill\" style=\"width: 0%;\"><\/div><\/div><\/li>\n\t\t<\/ul><p style=\"text-align: center\">Votantes: <strong>2.191<\/strong><\/p><\/div>\n\t\t<input type=\"hidden\" id=\"poll_21_nonce\" name=\"wp-polls-nonce\" value=\"9e7d5e475b\" \/>\n<\/div>\n<div id=\"polls-21-loading\" class=\"wp-polls wp-polls-loading\"><span class=\"wp-polls-spinner\" aria-hidden=\"true\"><\/span> Cargando ...<\/div>\n<\/p>\n<p>&nbsp;<\/p>\n","protected":false},"excerpt":{"rendered":"<p>(Especial Sportalsub.net) El a\u00f1o 2011 fue un a\u00f1o de muchos eventos y notables actuaciones de deportistas subacu\u00e1ticos en todo el mundo. Es por ello que para recordar y reconocer a todas aquellas personas, instituciones y organizaciones que destacaron y contribuyeron a que el deporte subacu\u00e1tico en los pa\u00edses de habla hispana siga en crecimiento, creamos y otorgamos por primera vez [&#8230;]<\/p>\n","protected":false},"author":1,"featured_media":11682,"comment_status":"open","ping_status":"closed","sticky":false,"template":"","format":"standard","meta":{"_lmt_disableupdate":"","_lmt_disable":"","_jetpack_newsletter_access":"","_jetpack_dont_email_post_to_subs":false,"_jetpack_newsletter_tier_id":0,"_jetpack_memberships_contains_paywalled_content":false,"_jetpack_feature_clip_id":0,"_jetpack_memberships_contains_paid_content":false,"footnotes":"","jetpack_publicize_message":"","jetpack_publicize_feature_enabled":true,"jetpack_social_post_already_shared":false,"jetpack_social_options":{"image_generator_settings":{"template":"highway","default_image_id":0,"font":"","enabled":false},"version":2},"jetpack_post_was_ever_published":false},"categories":[9,83,3,133,10,2,12,18,7,224,8],"tags":[],"class_list":["post-11679","post","type-post","status-publish","format-standard","has-post-thumbnail","hentry","category-apnea","category-chile","category-colombia","category-destacados-anteriores","category-espana","category-hockey-subacuatico","category-natacion-con-aletas","category-pesca-submarina","category-rugby-subacuatico","category-ser-subacuatico-2011","category-venezuela"],"modified_by":"Sportalsub.net","views":6305,"jetpack_publicize_connections":[],"jetpack_sharing_enabled":true,"jetpack_shortlink":"https:\/\/wp.me\/pf9lN-32n","jetpack_likes_enabled":false,"jetpack-related-posts":[{"id":14548,"url":"https:\/\/www.sportalsub.net\/blog\/ganadores-premios-ser-subacuatico-2012\/","url_meta":{"origin":11679,"position":0},"title":"\ud83c\udfc6 Ganadores Premios \u00abSer Subacuatico\u00bb 2012","author":"Sportalsub.net","date":"22 enero 2013","format":false,"excerpt":"(Especial Sportalsub.net) El a\u00f1o 2012 fue otro a\u00f1o de muchos eventos y notables actuaciones de deportistas subacu\u00e1ticos en todo el mundo. Es por ello que para recordar y reconocer a aquellos atletas que destacaron en el deporte subacu\u00e1tico en los pa\u00edses de habla hispana, otorgamos en su segunda edici\u00f3n el\u2026","rel":"","context":"En \u00abApnea\u00bb","block_context":{"text":"Apnea","link":"https:\/\/www.sportalsub.net\/blog\/category\/modalidades\/apnea\/"},"img":{"alt_text":"","src":"https:\/\/i0.wp.com\/www.sportalsub.net\/blog\/wp-content\/uploads\/2013\/01\/ganadores-sersubacuatico2012.jpg?resize=350%2C200&ssl=1","width":350,"height":200,"srcset":"https:\/\/i0.wp.com\/www.sportalsub.net\/blog\/wp-content\/uploads\/2013\/01\/ganadores-sersubacuatico2012.jpg?resize=350%2C200&ssl=1 1x, https:\/\/i0.wp.com\/www.sportalsub.net\/blog\/wp-content\/uploads\/2013\/01\/ganadores-sersubacuatico2012.jpg?resize=525%2C300&ssl=1 1.5x"},"classes":[]},{"id":11481,"url":"https:\/\/www.sportalsub.net\/blog\/premio-ser-subacuatico-2011\/","url_meta":{"origin":11679,"position":1},"title":"\ud83c\udfc6 Premios \u00abSer Subacuatico\u00bb 2011","author":"Sportalsub.net","date":"11 diciembre 2011","format":false,"excerpt":"(Especial Sportalsub.net) El a\u00f1o 2011 fue un a\u00f1o de muchos eventos y notables actuaciones de deportistas subacu\u00e1ticos en todo el mundo. Es por ello que para recordar y reconocer a todas aquellas personas, instituciones y organizaciones que destacaron y contribuyeron a que el deporte subacu\u00e1tico en los pa\u00edses de habla\u2026","rel":"","context":"En \u00abApnea\u00bb","block_context":{"text":"Apnea","link":"https:\/\/www.sportalsub.net\/blog\/category\/modalidades\/apnea\/"},"img":{"alt_text":"","src":"https:\/\/i0.wp.com\/www.sportalsub.net\/blog\/wp-content\/uploads\/2013\/11\/ser-subacuatico20111.jpg?resize=350%2C200&ssl=1","width":350,"height":200,"srcset":"https:\/\/i0.wp.com\/www.sportalsub.net\/blog\/wp-content\/uploads\/2013\/11\/ser-subacuatico20111.jpg?resize=350%2C200&ssl=1 1x, https:\/\/i0.wp.com\/www.sportalsub.net\/blog\/wp-content\/uploads\/2013\/11\/ser-subacuatico20111.jpg?resize=525%2C300&ssl=1 1.5x"},"classes":[]},{"id":14159,"url":"https:\/\/www.sportalsub.net\/blog\/odex-world-underwater-games-2013-juegos-mundiales-subacuaticos-en-australia\/","url_meta":{"origin":11679,"position":2},"title":"\ud83c\udde6\ud83c\uddfa ODEX \/ World Underwater Games 2013 &#8211; Juegos Mundiales Subacu\u00e1ticos en Australia","author":"Sportalsub.net","date":"31 octubre 2012","format":false,"excerpt":"(Especial Sportalsub.net \/ ODEX 2013) Del 7 al 9 de septiembre de 2013 se realizar\u00e1 en el Centro Acu\u00e1tico del Parque Ol\u00edmpico de Sidney, Australia el Festival ODEX 2013. Exposici\u00f3n internacional de buceo y deportes acu\u00e1ticos y subacu\u00e1ticos, que ha tenido como antecedente 2 exitosas ediciones en 2011 y 2012.\u2026","rel":"","context":"En \u00abApnea\u00bb","block_context":{"text":"Apnea","link":"https:\/\/www.sportalsub.net\/blog\/category\/modalidades\/apnea\/"},"img":{"alt_text":"","src":"https:\/\/i0.wp.com\/www.sportalsub.net\/blog\/wp-content\/uploads\/2012\/10\/odex2013.jpg?resize=350%2C200&ssl=1","width":350,"height":200,"srcset":"https:\/\/i0.wp.com\/www.sportalsub.net\/blog\/wp-content\/uploads\/2012\/10\/odex2013.jpg?resize=350%2C200&ssl=1 1x, https:\/\/i0.wp.com\/www.sportalsub.net\/blog\/wp-content\/uploads\/2012\/10\/odex2013.jpg?resize=525%2C300&ssl=1 1.5x"},"classes":[]},{"id":8682,"url":"https:\/\/www.sportalsub.net\/blog\/suspendidos-los-juegos-cmas-2011-en-colombia-mundiales-subacuaticos-ahora-en-europa\/","url_meta":{"origin":11679,"position":3},"title":"\ud83c\udf0e Suspendidos Juegos CMAS 2011 en Colombia, Mundiales Subacu\u00e1ticos en Europa","author":"Sportalsub.net","date":"24 febrero 2011","format":false,"excerpt":"Art\u00edculo por: Miguel Cede\u00f1o - Foto: Ronald Laurens El pasado 1ro de Febrero, informamos a trav\u00e9s de nuestro sitio web, la Suspensi\u00f3n definitiva\u00a0\u00a0de lo que ser\u00eda la 2da Edici\u00f3n de los Juegos CMAS de Actividades Subacu\u00e1ticas\u00a0por parte de las autoridades de la Confederaci\u00f3n Mundial de estas disciplinas. Los juegos estaban\u2026","rel":"","context":"En \u00abApnea\u00bb","block_context":{"text":"Apnea","link":"https:\/\/www.sportalsub.net\/blog\/category\/modalidades\/apnea\/"},"img":{"alt_text":"","src":"https:\/\/i0.wp.com\/www.sportalsub.net\/blog\/wp-content\/uploads\/2011\/02\/opinioncmasgames.jpg?resize=350%2C200&ssl=1","width":350,"height":200,"srcset":"https:\/\/i0.wp.com\/www.sportalsub.net\/blog\/wp-content\/uploads\/2011\/02\/opinioncmasgames.jpg?resize=350%2C200&ssl=1 1x, https:\/\/i0.wp.com\/www.sportalsub.net\/blog\/wp-content\/uploads\/2011\/02\/opinioncmasgames.jpg?resize=525%2C300&ssl=1 1.5x"},"classes":[]},{"id":14423,"url":"https:\/\/www.sportalsub.net\/blog\/premios-ser-subacuatico-2012\/","url_meta":{"origin":11679,"position":4},"title":"\ud83c\udfc6 Nominados a los Premios \u00abSer Subacuatico\u00bb 2012","author":"Sportalsub.net","date":"21 diciembre 2012","format":false,"excerpt":"(Especial Sportalsub.net) El a\u00f1o 2012 fue otro a\u00f1o de muchos eventos y notables actuaciones de deportistas subacu\u00e1ticos en todo el mundo. Es por ello que para recordar y reconocer a aquellos atletas que destacaron en el deporte subacu\u00e1tico en los pa\u00edses de habla hispana, otorgamos en su segunda edici\u00f3n el\u2026","rel":"","context":"En \u00abApnea\u00bb","block_context":{"text":"Apnea","link":"https:\/\/www.sportalsub.net\/blog\/category\/modalidades\/apnea\/"},"img":{"alt_text":"","src":"https:\/\/i0.wp.com\/www.sportalsub.net\/blog\/wp-content\/uploads\/2012\/12\/sersubacuatico2012.jpg?resize=350%2C200&ssl=1","width":350,"height":200,"srcset":"https:\/\/i0.wp.com\/www.sportalsub.net\/blog\/wp-content\/uploads\/2012\/12\/sersubacuatico2012.jpg?resize=350%2C200&ssl=1 1x, https:\/\/i0.wp.com\/www.sportalsub.net\/blog\/wp-content\/uploads\/2012\/12\/sersubacuatico2012.jpg?resize=525%2C300&ssl=1 1.5x"},"classes":[]},{"id":14521,"url":"https:\/\/www.sportalsub.net\/blog\/calendario-deportivo-subacuatico-2013\/","url_meta":{"origin":11679,"position":5},"title":"\ud83c\udf0e Calendario Deportivo Subacu\u00e1tico 2013","author":"Sportalsub.net","date":"5 enero 2013","format":false,"excerpt":"(Especial Sportalsub.net) Inicia un nuevo a\u00f1o deportivo para las actividades subacu\u00e1ticas y ya las principales organizaciones internacionales que rigen estos deportes han publicado parte de sus calendarios con las pr\u00f3ximas competencias internacionales a realizar. Como es costumbre a lo largo de nuestros 11 a\u00f1os, Sportalsub.net estar\u00e1 informando y rese\u00f1ando para\u2026","rel":"","context":"En \u00abActividades Subacu\u00e1ticas\u00bb","block_context":{"text":"Actividades Subacu\u00e1ticas","link":"https:\/\/www.sportalsub.net\/blog\/category\/modalidades\/"},"img":{"alt_text":"","src":"https:\/\/i0.wp.com\/www.sportalsub.net\/blog\/wp-content\/uploads\/2013\/01\/calendario-2013.jpg?resize=350%2C200&ssl=1","width":350,"height":200,"srcset":"https:\/\/i0.wp.com\/www.sportalsub.net\/blog\/wp-content\/uploads\/2013\/01\/calendario-2013.jpg?resize=350%2C200&ssl=1 1x, https:\/\/i0.wp.com\/www.sportalsub.net\/blog\/wp-content\/uploads\/2013\/01\/calendario-2013.jpg?resize=525%2C300&ssl=1 1.5x"},"classes":[]}],"jetpack_featured_media_url":"https:\/\/www.sportalsub.net\/blog\/wp-content\/uploads\/2012\/01\/ganadores-sersubacuatico2011.jpg","_links":{"self":[{"href":"https:\/\/www.sportalsub.net\/blog\/wp-json\/wp\/v2\/posts\/11679","targetHints":{"allow":["GET"]}}],"collection":[{"href":"https:\/\/www.sportalsub.net\/blog\/wp-json\/wp\/v2\/posts"}],"about":[{"href":"https:\/\/www.sportalsub.net\/blog\/wp-json\/wp\/v2\/types\/post"}],"author":[{"embeddable":true,"href":"https:\/\/www.sportalsub.net\/blog\/wp-json\/wp\/v2\/users\/1"}],"replies":[{"embeddable":true,"href":"https:\/\/www.sportalsub.net\/blog\/wp-json\/wp\/v2\/comments?post=11679"}],"version-history":[{"count":0,"href":"https:\/\/www.sportalsub.net\/blog\/wp-json\/wp\/v2\/posts\/11679\/revisions"}],"wp:featuredmedia":[{"embeddable":true,"href":"https:\/\/www.sportalsub.net\/blog\/wp-json\/wp\/v2\/media\/11682"}],"wp:attachment":[{"href":"https:\/\/www.sportalsub.net\/blog\/wp-json\/wp\/v2\/media?parent=11679"}],"wp:term":[{"taxonomy":"category","embeddable":true,"href":"https:\/\/www.sportalsub.net\/blog\/wp-json\/wp\/v2\/categories?post=11679"},{"taxonomy":"post_tag","embeddable":true,"href":"https:\/\/www.sportalsub.net\/blog\/wp-json\/wp\/v2\/tags?post=11679"}],"curies":[{"name":"wp","href":"https:\/\/api.w.org\/{rel}","templated":true}]}}