{"id":1343,"date":"2009-03-03T17:48:08","date_gmt":"2009-03-03T22:18:08","guid":{"rendered":"http:\/\/www.sportalsub.net\/blog\/?p=1343"},"modified":"2019-09-01T02:41:03","modified_gmt":"2019-09-01T06:41:03","slug":"ecuatoriana-katty-macias-rompe-record-panamericano-en-apnea-dinamica","status":"publish","type":"post","link":"https:\/\/www.sportalsub.net\/blog\/ecuatoriana-katty-macias-rompe-record-panamericano-en-apnea-dinamica\/","title":{"rendered":"\ud83c\uddea\ud83c\udde8 Ecuatoriana Katty Macias, rompe R\u00e9cord Panamericano en Apnea Din\u00e1mica"},"content":{"rendered":"<p style=\"text-align: center;\"><a href=\"http:\/\/www.sportalsub.net\/blog\/2009\/03\/03\/ecuatoriana-katty-macias-rompe-record-panamericano-en-apnea-dinamica\/\"><img loading=\"lazy\" decoding=\"async\" style=\"border: 0px;\" title=\"kattymacias\" src=\"http:\/\/www.sportalsub.net\/blog\/wp-content\/uploads\/2009\/03\/kattymacias.jpg\" alt=\"kattymacias\" width=\"407\" height=\"336\" \/><\/a><br \/>\nFotos: Katty Mac\u00edas &#8211; Facebook<\/p>\n<p style=\"text-align: justify;\">La apneista Katty Mac\u00edas rompi\u00f3 el r\u00e9cord panamericano en la segunda jornada del Campeonato Nacional de Apnea de Ecuador, modalidad din\u00e1mica con equipo, que se cumpli\u00f3 en el marco del Primer Festival de Deportes de Playa los d\u00edas 28 de febrero y 1 de marzo en Guayaquil.<\/p>\n<p style=\"text-align: justify;\"><!--more--><\/p>\n<p style=\"text-align: justify;\">Mac\u00edas,\u00a0recorr\u00edo\u00a0169 metros en 2 minutos,\u00a0distancia que supera el r\u00e9cord que manten\u00eda su compatriota Roberta Arellano con un recorrido de 167 metros realizado en el pasado Campeonato Mundial CMAS realizado en Bari, Italia, en agosto del 2007.<\/p>\n<table style=\"font-size: 11px;\" border=\"0\" width=\"100%\" cellspacing=\"0\" cellpadding=\"2\" align=\"center\">\n<tbody>\n<tr>\n<td height=\"2\">\n<p align=\"left\"><strong><a href=\"http:\/\/www.ecuadorcoe.org.ec\/pdf\/Resultados_Festival\/RESULTADOS_AP_ESTATICA.pdf\" target=\"_blank\" rel=\"noopener noreferrer\" target=\"_blank\">&gt;&gt; Resultado Apnea Estatica<\/a><\/strong><\/p>\n<\/td>\n<\/tr>\n<tr>\n<td height=\"23\">\n<div>\n<p align=\"left\"><strong><a href=\"http:\/\/www.ecuadorcoe.org.ec\/pdf\/Resultados_Festival\/RESULTADOS_AP_DIN_CON_EQUIPO.pdf\" target=\"_blank\" rel=\"noopener noreferrer\" target=\"_blank\">&gt;&gt; Resultado Apnea Dinamica con equipo<\/a><\/strong><\/p>\n<\/div>\n<\/td>\n<\/tr>\n<tr>\n<td height=\"23\">\n<p align=\"left\"><strong><a href=\"http:\/\/www.ecuadorcoe.org.ec\/pdf\/Resultados_Festival\/RESULTADOS_P_DIN_SIN_EQUIPO.pdf\" target=\"_blank\" rel=\"noopener noreferrer\" target=\"_blank\">&gt;&gt; Resultado Apnea Din\u00e1mica sin equipo<\/a><\/strong><\/p>\n<\/td>\n<\/tr>\n<\/tbody>\n<\/table>\n<p>Fuente: <a href=\"http:\/\/www.ecuadorcoe.org.ec\/htm\/Presenta_Boletin_especial.asp?cod_seccion=27&amp;cod=1&amp;CurPage=1\" target=\"_blank\" rel=\"noopener noreferrer\" target=\"_blank\">Comit\u00e9 Ol\u00edmpico Ecuatoriano<\/a><\/p>\n","protected":false},"excerpt":{"rendered":"<p>Fotos: Katty Mac\u00edas &#8211; Facebook La apneista Katty Mac\u00edas rompi\u00f3 el r\u00e9cord panamericano en la segunda jornada del Campeonato Nacional de Apnea de Ecuador, modalidad din\u00e1mica con equipo, que se cumpli\u00f3 en el marco del Primer Festival de Deportes de Playa los d\u00edas 28 de febrero y 1 de marzo en Guayaquil.<\/p>\n","protected":false},"author":1,"featured_media":16432,"comment_status":"open","ping_status":"closed","sticky":false,"template":"","format":"standard","meta":{"_lmt_disableupdate":"","_lmt_disable":"","jetpack_post_was_ever_published":false,"_jetpack_newsletter_access":"","_jetpack_dont_email_post_to_subs":false,"_jetpack_newsletter_tier_id":0,"_jetpack_memberships_contains_paywalled_content":false,"_jetpack_memberships_contains_paid_content":false,"footnotes":"","jetpack_publicize_message":"","jetpack_publicize_feature_enabled":true,"jetpack_social_post_already_shared":false,"jetpack_social_options":{"image_generator_settings":{"template":"highway","default_image_id":0,"font":"","enabled":false},"version":2}},"categories":[9,97,50],"tags":[],"class_list":["post-1343","post","type-post","status-publish","format-standard","has-post-thumbnail","hentry","category-apnea","category-ecuador","category-records"],"modified_by":"Sportalsub.net","views":6294,"jetpack_publicize_connections":[],"jetpack_featured_media_url":"https:\/\/www.sportalsub.net\/blog\/wp-content\/uploads\/2013\/11\/kattymacias.jpg","jetpack_sharing_enabled":true,"jetpack_shortlink":"https:\/\/wp.me\/pf9lN-lF","jetpack_likes_enabled":false,"jetpack-related-posts":[{"id":9668,"url":"https:\/\/www.sportalsub.net\/blog\/ecuador-destaca-en-la-apnea-del-mundial-cmas-bari-2007\/","url_meta":{"origin":1343,"position":0},"title":"\ud83c\uddea\ud83c\udde8 Ecuador destaca en la apnea del Mundial CMAS Bari 2007","author":"Sportalsub.net","date":"7 agosto 2007","format":false,"excerpt":"Martes 7 de Agosto 2007 Una medalla de bronce, lograda por Katty Mac\u00edas en Jump Blue (119,81) as\u00ed como un 4to puesto y R\u00e9cord Panamericano en Din\u00e1mica (167,72), registrado por Roberta Arellano fue lo m\u00e1s destacado por los atletas de\u00a0Ecuador que participaron en el 4to Mundial CMAS de Apnea. De\u2026","rel":"","context":"En \u00abApnea\u00bb","block_context":{"text":"Apnea","link":"https:\/\/www.sportalsub.net\/blog\/category\/modalidades\/apnea\/"},"img":{"alt_text":"","src":"https:\/\/i0.wp.com\/www.sportalsub.net\/blog\/wp-content\/uploads\/2011\/06\/ecuatorianos.jpg?resize=350%2C200&ssl=1","width":350,"height":200,"srcset":"https:\/\/i0.wp.com\/www.sportalsub.net\/blog\/wp-content\/uploads\/2011\/06\/ecuatorianos.jpg?resize=350%2C200&ssl=1 1x, https:\/\/i0.wp.com\/www.sportalsub.net\/blog\/wp-content\/uploads\/2011\/06\/ecuatorianos.jpg?resize=525%2C300&ssl=1 1.5x, https:\/\/i0.wp.com\/www.sportalsub.net\/blog\/wp-content\/uploads\/2011\/06\/ecuatorianos.jpg?resize=700%2C400&ssl=1 2x"},"classes":[]},{"id":2588,"url":"https:\/\/www.sportalsub.net\/blog\/5-apneistas-ecuatorianos-presentes-en-mundial-de-apnea-cmas-2009\/","url_meta":{"origin":1343,"position":1},"title":"\ud83c\uddea\ud83c\udde8  5 apneistas ecuatorianos presentes en Mundial de Apnea CMAS 2009","author":"Sportalsub.net","date":"17 agosto 2009","format":false,"excerpt":"Foto: Ronald Laurens @ Sportalsub.net (Lunes 17 de agosto 2009 - Especial Sportalsub.net) Cinco deportistas representar\u00e1n a Ecuador en el Campeonato Mundial de Apnea CMAS 2009: Katty Mac\u00edas, Roberta Arellano, Gilda Rivadeneira, Alfredo Rosado y Pedro Delgado son los seleccionados que estar\u00e1n presentes en el torneo Mundial. Estos atletas se\u2026","rel":"","context":"En \u00abApnea\u00bb","block_context":{"text":"Apnea","link":"https:\/\/www.sportalsub.net\/blog\/category\/modalidades\/apnea\/"},"img":{"alt_text":"","src":"https:\/\/i0.wp.com\/www.sportalsub.net\/blog\/wp-content\/uploads\/2013\/11\/bari_apneadinamic00041.jpg?resize=350%2C200&ssl=1","width":350,"height":200,"srcset":"https:\/\/i0.wp.com\/www.sportalsub.net\/blog\/wp-content\/uploads\/2013\/11\/bari_apneadinamic00041.jpg?resize=350%2C200&ssl=1 1x, https:\/\/i0.wp.com\/www.sportalsub.net\/blog\/wp-content\/uploads\/2013\/11\/bari_apneadinamic00041.jpg?resize=525%2C300&ssl=1 1.5x, https:\/\/i0.wp.com\/www.sportalsub.net\/blog\/wp-content\/uploads\/2013\/11\/bari_apneadinamic00041.jpg?resize=700%2C400&ssl=1 2x"},"classes":[]},{"id":1463,"url":"https:\/\/www.sportalsub.net\/blog\/apneista-ecuatoriana-impone-un-nuevo-record-mundial-cmas-en-apnea-jump-blue\/","url_meta":{"origin":1343,"position":2},"title":"\ud83c\uddea\ud83c\udde8 Apneista Ecuatoriana impone un nuevo r\u00e9cord mundial CMAS en apnea Jump Blue","author":"Sportalsub.net","date":"9 marzo 2009","format":false,"excerpt":"Foto: Sidney Drouet \/ FEDASUB AYANGUE (Tonny Montoya).- Una nueva marca mundial en la modalidad de buceo libre\u00a0denominada Jump Blue consigui\u00f3 hoy la guayaquile\u00f1a Katty Mac\u00edas Crespo, al recorrer 142.28 metros durante casi dos minutos (1.51\u2019840\u201d) en un cuadril\u00e1tero ubicado a diez metros de profundidad en la cara protegida del\u2026","rel":"","context":"En \u00abApnea\u00bb","block_context":{"text":"Apnea","link":"https:\/\/www.sportalsub.net\/blog\/category\/modalidades\/apnea\/"},"img":{"alt_text":"","src":"https:\/\/i0.wp.com\/www.sportalsub.net\/blog\/wp-content\/uploads\/2009\/03\/kattymacias1.jpg?resize=350%2C200","width":350,"height":200},"classes":[]},{"id":75,"url":"https:\/\/www.sportalsub.net\/blog\/2-nuevos-records-panamericanos-en-apnea-jump-blue\/","url_meta":{"origin":1343,"position":3},"title":"\ud83c\uddea\ud83c\udde8 \ud83c\uddfb\ud83c\uddea 2 Nuevos R\u00e9cords Panamericanos en Apnea Jump Blue","author":"Sportalsub.net","date":"19 junio 2008","format":false,"excerpt":"2 Nuevos R\u00e9cords Panamericanos en la modalidad de apnea CMAS Jump Blue se registraron en el pasado Torneo Internacional de la modalidad, realizado en Ecuador, el pasado 7 y\u00a08 de Junio de 2008. El apneista Venezolano Lorenzo Hidalgo logr\u00f3 una medalla de Oro y nuevo R\u00e9cord Panamericano en la modalidad\u2026","rel":"","context":"En \u00abApnea\u00bb","block_context":{"text":"Apnea","link":"https:\/\/www.sportalsub.net\/blog\/category\/modalidades\/apnea\/"},"img":{"alt_text":"","src":"https:\/\/i0.wp.com\/www.sportalsub.net\/blog\/wp-content\/uploads\/2008\/06\/jumpblueecuador.jpg?resize=350%2C200&ssl=1","width":350,"height":200,"srcset":"https:\/\/i0.wp.com\/www.sportalsub.net\/blog\/wp-content\/uploads\/2008\/06\/jumpblueecuador.jpg?resize=350%2C200&ssl=1 1x, https:\/\/i0.wp.com\/www.sportalsub.net\/blog\/wp-content\/uploads\/2008\/06\/jumpblueecuador.jpg?resize=525%2C300&ssl=1 1.5x"},"classes":[]},{"id":2451,"url":"https:\/\/www.sportalsub.net\/blog\/nuevo-record-mundial-de-apnea-cmas-jump-blue\/","url_meta":{"origin":1343,"position":4},"title":"\ud83c\uddee\ud83c\uddf9 Nuevo R\u00e9cord Mundial de Apnea CMAS Jump Blue","author":"Sportalsub.net","date":"6 julio 2009","format":false,"excerpt":"La italiana Monica Barbero recibi\u00f3 este domino 5 de julio la homologaci\u00f3n oficial del nuevo r\u00e9cord mundial en la modalidad de apnea Jump Blue por parte de la Confederaci\u00f3n Mundial de Actividades Subacu\u00e1ticas, gracias a su marca de 143.33 metros realizada en el pasado Campeonato Italiano. El r\u00e9cord vigente estaba\u2026","rel":"","context":"En \u00abApnea\u00bb","block_context":{"text":"Apnea","link":"https:\/\/www.sportalsub.net\/blog\/category\/modalidades\/apnea\/"},"img":{"alt_text":"","src":"https:\/\/i0.wp.com\/www.sportalsub.net\/blog\/wp-content\/uploads\/2009\/07\/record_apnea_jumpblue.jpg?resize=350%2C200&ssl=1","width":350,"height":200},"classes":[]},{"id":2637,"url":"https:\/\/www.sportalsub.net\/blog\/resultados-del-mundial-de-apnea-dinamica-cmas-2009\/","url_meta":{"origin":1343,"position":5},"title":"\ud83c\udde9\ud83c\uddf0 Resultados del Mundial de Apnea Din\u00e1mica CMAS 2009","author":"Sportalsub.net","date":"23 agosto 2009","format":false,"excerpt":"Croacia, con 2 medallas de Oro, se llev\u00f3 el t\u00edtulo en las ramas masculina y femenina en el 5to Campeonato Mundial de Apnea CMAS, en la modalidad de apnea din\u00e1mica, realizado en Dinamarca del 19 al 22 de Agosto de 2009. En femenino el t\u00edtulo fue para la croata Lidija\u2026","rel":"","context":"En \u00abApnea\u00bb","block_context":{"text":"Apnea","link":"https:\/\/www.sportalsub.net\/blog\/category\/modalidades\/apnea\/"},"img":{"alt_text":"","src":"https:\/\/i0.wp.com\/www.sportalsub.net\/blog\/wp-content\/uploads\/2013\/11\/bari_apneadinamic00042.jpg?resize=350%2C200&ssl=1","width":350,"height":200,"srcset":"https:\/\/i0.wp.com\/www.sportalsub.net\/blog\/wp-content\/uploads\/2013\/11\/bari_apneadinamic00042.jpg?resize=350%2C200&ssl=1 1x, https:\/\/i0.wp.com\/www.sportalsub.net\/blog\/wp-content\/uploads\/2013\/11\/bari_apneadinamic00042.jpg?resize=525%2C300&ssl=1 1.5x, https:\/\/i0.wp.com\/www.sportalsub.net\/blog\/wp-content\/uploads\/2013\/11\/bari_apneadinamic00042.jpg?resize=700%2C400&ssl=1 2x"},"classes":[]}],"_links":{"self":[{"href":"https:\/\/www.sportalsub.net\/blog\/wp-json\/wp\/v2\/posts\/1343","targetHints":{"allow":["GET"]}}],"collection":[{"href":"https:\/\/www.sportalsub.net\/blog\/wp-json\/wp\/v2\/posts"}],"about":[{"href":"https:\/\/www.sportalsub.net\/blog\/wp-json\/wp\/v2\/types\/post"}],"author":[{"embeddable":true,"href":"https:\/\/www.sportalsub.net\/blog\/wp-json\/wp\/v2\/users\/1"}],"replies":[{"embeddable":true,"href":"https:\/\/www.sportalsub.net\/blog\/wp-json\/wp\/v2\/comments?post=1343"}],"version-history":[{"count":0,"href":"https:\/\/www.sportalsub.net\/blog\/wp-json\/wp\/v2\/posts\/1343\/revisions"}],"wp:featuredmedia":[{"embeddable":true,"href":"https:\/\/www.sportalsub.net\/blog\/wp-json\/wp\/v2\/media\/16432"}],"wp:attachment":[{"href":"https:\/\/www.sportalsub.net\/blog\/wp-json\/wp\/v2\/media?parent=1343"}],"wp:term":[{"taxonomy":"category","embeddable":true,"href":"https:\/\/www.sportalsub.net\/blog\/wp-json\/wp\/v2\/categories?post=1343"},{"taxonomy":"post_tag","embeddable":true,"href":"https:\/\/www.sportalsub.net\/blog\/wp-json\/wp\/v2\/tags?post=1343"}],"curies":[{"name":"wp","href":"https:\/\/api.w.org\/{rel}","templated":true}]}}