{"id":14514,"date":"2013-01-05T18:12:55","date_gmt":"2013-01-05T22:42:55","guid":{"rendered":"http:\/\/www.sportalsub.net\/blog\/?p=14514"},"modified":"2019-08-30T19:12:16","modified_gmt":"2019-08-30T23:12:16","slug":"cuba-sera-sede-de-eventos-internacionales-de-actividades-subacuaticas-en-2013","status":"publish","type":"post","link":"https:\/\/www.sportalsub.net\/blog\/cuba-sera-sede-de-eventos-internacionales-de-actividades-subacuaticas-en-2013\/","title":{"rendered":"\ud83c\udde8\ud83c\uddfa Cuba ser\u00e1 sede de eventos internacionales de actividades subacu\u00e1ticas en 2013"},"content":{"rendered":"<p><img loading=\"lazy\" decoding=\"async\" class=\"alignnone size-full wp-image-14515\" src=\"http:\/\/www.sportalsub.net\/blog\/wp-content\/uploads\/2013\/01\/cuba-2013.jpg\" alt=\"cuba-2013\" width=\"600\" height=\"268\" srcset=\"https:\/\/www.sportalsub.net\/blog\/wp-content\/uploads\/2013\/01\/cuba-2013.jpg 600w, https:\/\/www.sportalsub.net\/blog\/wp-content\/uploads\/2013\/01\/cuba-2013-300x134.jpg 300w, https:\/\/www.sportalsub.net\/blog\/wp-content\/uploads\/2013\/01\/cuba-2013-364x164.jpg 364w\" sizes=\"auto, (max-width: 600px) 100vw, 600px\" \/><\/p>\n<p>(Especial Sportalsub.net \/ FCAS)<\/p>\n<p>Orestes Garc\u00eda Maceira,\u00a0Presidente del Comit\u00e9 Deportivo de la Federaci\u00f3n Cubana de Actividades Subacu\u00e1ticas y\u00a0Director del Comit\u00e9 Deportivo de la Confederaci\u00f3n Mundial de Actividades Subacu\u00e1ticas para la zona Am\u00e9rica ha enviado las convocatorias a 3 importantes eventos internacionales de actividades subacu\u00e1ticas que se realizar\u00e1n este a\u00f1o 2013 en la isla caribe\u00f1a.<\/p>\n<p><strong>\u00a0<a href=\"http:\/\/www.sportalsub.net\/blog\/category\/coberturas-especiales\/mundial-fotosub-cmas-2013\" target=\"_blank\" rel=\"noopener noreferrer\">Campeonato Mundial de Fotograf\u00eda Submarina, Abril 2013<\/a><\/strong><\/p>\n<p><strong>\u00a0<a href=\"http:\/\/www.sportalsub.net\/blog\/2013\/04\/23\/1er-festival-internacional-infantil-de-natacion-con-aletas-cmas-america-cuba-2013\" target=\"_blank\" rel=\"noopener noreferrer\">Festival Internacional Infantil de Nataci\u00f3n con Aletas, Julio 2013<\/a><\/strong><\/p>\n<p><strong><img decoding=\"async\" src=\"http:\/\/www.sportalsub.net\/blog\/wp-content\/uploads\/2009\/10\/pdf.gif\" alt=\"\" \/>\u00a0<a href=\"http:\/\/www.sportalsub.net\/blog\/wp-content\/uploads\/2013\/01\/Cuba-Convocatoria-Copa-Internacional.pdf\" target=\"_blank\" rel=\"noopener noreferrer\">Copa Internacional de Actividades Subacu\u00e1ticas, Octubre 2013<\/a><\/strong><\/p>\n<p>Informaci\u00f3n enviada por:<\/p>\n<p><img loading=\"lazy\" decoding=\"async\" title=\"orestes\" src=\"http:\/\/www.sportalsub.net\/blog\/wp-content\/uploads\/2012\/05\/orestes-150x150.jpg\" alt=\"\" width=\"100\" height=\"100\" \/><\/p>\n<p><strong>Orestes Garc\u00eda Maceira (Cuba<\/strong>)\u00a0<img loading=\"lazy\" decoding=\"async\" src=\"http:\/\/es.fifa.com\/imgml\/flags\/s\/cub.gif\" alt=\"chi Eventos\" width=\"19\" height=\"13\" \/><br \/>\nNacido y residenciado en La Habana, Cuba, se ha desempe\u00f1ado como entrenador y juez de apnea. Nos mantiene informados de muchas de las actividades subacu\u00e1ticas, como Presidente del Comit\u00e9 Deportivo de la Federaci\u00f3n Cubana de Actividades Subacu\u00e1ticas y CMAS Am\u00e9rica<br \/>\n<strong><a href=\"https:\/\/www.facebook.com\/orestes.maceira\" target=\"_blank\" rel=\"noopener noreferrer\" target=\"_blank\"><img decoding=\"async\" src=\"http:\/\/www.sportalsub.net\/blog\/wp-content\/uploads\/2009\/12\/fb.png\" alt=\"Facebook\" \/><\/a><\/strong><\/p>\n","protected":false},"excerpt":{"rendered":"<p>(Especial Sportalsub.net \/ FCAS) Orestes Garc\u00eda Maceira,\u00a0Presidente del Comit\u00e9 Deportivo de la Federaci\u00f3n Cubana de Actividades Subacu\u00e1ticas y\u00a0Director del Comit\u00e9 Deportivo de la Confederaci\u00f3n Mundial de Actividades Subacu\u00e1ticas para la zona Am\u00e9rica ha enviado las convocatorias a 3 importantes eventos internacionales de actividades subacu\u00e1ticas que se realizar\u00e1n este a\u00f1o 2013 en la isla caribe\u00f1a. \u00a0Campeonato Mundial de Fotograf\u00eda Submarina, Abril [&#8230;]<\/p>\n","protected":false},"author":1,"featured_media":14515,"comment_status":"open","ping_status":"closed","sticky":false,"template":"","format":"standard","meta":{"_lmt_disableupdate":"","_lmt_disable":"","jetpack_post_was_ever_published":false,"_jetpack_newsletter_access":"","_jetpack_dont_email_post_to_subs":false,"_jetpack_newsletter_tier_id":0,"_jetpack_memberships_contains_paywalled_content":false,"_jetpack_memberships_contains_paid_content":false,"footnotes":"","jetpack_publicize_message":"","jetpack_publicize_feature_enabled":true,"jetpack_social_post_already_shared":true,"jetpack_social_options":{"image_generator_settings":{"template":"highway","default_image_id":0,"font":"","enabled":false},"version":2}},"categories":[9,80,133,19,201,12],"tags":[],"class_list":["post-14514","post","type-post","status-publish","format-standard","has-post-thumbnail","hentry","category-apnea","category-cuba","category-destacados-anteriores","category-fotografia-submarina","category-mundial-fotosub-cmas-2013","category-natacion-con-aletas"],"modified_by":"Sportalsub.net","views":3063,"jetpack_publicize_connections":[],"jetpack_featured_media_url":"https:\/\/www.sportalsub.net\/blog\/wp-content\/uploads\/2013\/01\/cuba-2013.jpg","jetpack_sharing_enabled":true,"jetpack_shortlink":"https:\/\/wp.me\/pf9lN-3M6","jetpack_likes_enabled":false,"jetpack-related-posts":[{"id":15869,"url":"https:\/\/www.sportalsub.net\/blog\/ii-copa-internacional-de-actividades-subacuaticas-apnea-y-natacion-con-aletas-cuba-2013\/","url_meta":{"origin":14514,"position":0},"title":"\ud83c\udde8\ud83c\uddfa II Copa Internacional de Actividades Subacu\u00e1ticas Apnea y Nataci\u00f3n con Aletas, Cuba 2013","author":"Sportalsub.net","date":"21 agosto 2013","format":false,"excerpt":"La Federaci\u00f3n Cubana de Actividades Subacu\u00e1ticas, a trav\u00e9s de su Comit\u00e9\u00a0Deportivo, en coordinaci\u00f3n con la Direcci\u00f3n Nacional de Recreaci\u00f3n del\u00a0INDER, convocan a las federaciones y Clubes al II Copa Internacional de\u00a0Actividades Subacu\u00e1ticas \u201cRam\u00f3n Arocha in Memoriam\u201d con car\u00e1cter\u00a0Open, a competirse en Apnea, Nataci\u00f3n con Aletas, Nataci\u00f3n Larga Distancia,\u00a0a realizarse en\u2026","rel":"","context":"En \u00abApnea\u00bb","block_context":{"text":"Apnea","link":"https:\/\/www.sportalsub.net\/blog\/category\/modalidades\/apnea\/"},"img":{"alt_text":"","src":"https:\/\/i0.wp.com\/www.sportalsub.net\/blog\/wp-content\/uploads\/2013\/08\/cuba-2013.jpg?resize=350%2C200&ssl=1","width":350,"height":200,"srcset":"https:\/\/i0.wp.com\/www.sportalsub.net\/blog\/wp-content\/uploads\/2013\/08\/cuba-2013.jpg?resize=350%2C200&ssl=1 1x, https:\/\/i0.wp.com\/www.sportalsub.net\/blog\/wp-content\/uploads\/2013\/08\/cuba-2013.jpg?resize=525%2C300&ssl=1 1.5x"},"classes":[]},{"id":17057,"url":"https:\/\/www.sportalsub.net\/blog\/calendario-deportivo-internacional-de-la-confederacion-mundial-de-actividades-subacuaticas-2014\/","url_meta":{"origin":14514,"position":1},"title":"\ud83c\udf0e Calendario Deportivo Internacional de la Confederaci\u00f3n Mundial de Actividades Subacu\u00e1ticas 2014","author":"Sportalsub.net","date":"3 diciembre 2013","format":false,"excerpt":"(Especial Sportalsub.net \/ CMAS) La Confederaci\u00f3n Mundial de Actividades Subacu\u00e1ticas (CMAS) ha publicado en su sitio web oficial http:\/\/www.cmas.org\/events\u00a0el Calendario de Campeonatos y Competiciones Internacionales 2014, en el cual se incluyen los Campeonatos Mundiales y Continentales de las modalidades deportivas que agrupa (Apnea, Aquathlon, Foto y Video Subacu\u00e1tico, Buceo de\u2026","rel":"","context":"En \u00abApnea\u00bb","block_context":{"text":"Apnea","link":"https:\/\/www.sportalsub.net\/blog\/category\/modalidades\/apnea\/"},"img":{"alt_text":"","src":"https:\/\/i0.wp.com\/www.sportalsub.net\/blog\/wp-content\/uploads\/2013\/12\/cmas-2014.jpg?resize=350%2C200&ssl=1","width":350,"height":200},"classes":[]},{"id":11383,"url":"https:\/\/www.sportalsub.net\/blog\/nuevo-sitio-web-de-la-cmas-zona-america\/","url_meta":{"origin":14514,"position":2},"title":"\ud83c\udf0e Calendario CMAS Zona Am\u00e9rica 2014 y relanzamiento de sitio web","author":"Sportalsub.net","date":"5 diciembre 2013","format":false,"excerpt":"(Especial Sportalsub.net \/ CMAS Zona Am\u00e9rica) La Confederaci\u00f3n Mundial de Actividades de Actividades Subacu\u00e1ticas Zona Am\u00e9rica publica el calendario oficial de eventos 2014, en la cual se incluyen diferentes eventos y Campeonatos, en las modalidades de Fotograf\u00eda Submarina, Buceo, Apnea, Nataci\u00f3n con Aletas, Pesca Submarina y Rugby Subacu\u00e1tico, a realizarse\u2026","rel":"","context":"En \u00abActividades Subacu\u00e1ticas\u00bb","block_context":{"text":"Actividades Subacu\u00e1ticas","link":"https:\/\/www.sportalsub.net\/blog\/category\/modalidades\/"},"img":{"alt_text":"","src":"https:\/\/i0.wp.com\/www.sportalsub.net\/blog\/wp-content\/uploads\/2011\/12\/banner-cmaszonaamerica1.jpg?resize=350%2C200&ssl=1","width":350,"height":200,"srcset":"https:\/\/i0.wp.com\/www.sportalsub.net\/blog\/wp-content\/uploads\/2011\/12\/banner-cmaszonaamerica1.jpg?resize=350%2C200&ssl=1 1x, https:\/\/i0.wp.com\/www.sportalsub.net\/blog\/wp-content\/uploads\/2011\/12\/banner-cmaszonaamerica1.jpg?resize=525%2C300&ssl=1 1.5x, https:\/\/i0.wp.com\/www.sportalsub.net\/blog\/wp-content\/uploads\/2011\/12\/banner-cmaszonaamerica1.jpg?resize=700%2C400&ssl=1 2x"},"classes":[]},{"id":14803,"url":"https:\/\/www.sportalsub.net\/blog\/mas-de-20-paises-estaran-presentes-en-campeonato-mundial-de-fotografia-subacuatica-cuba-2013\/","url_meta":{"origin":14514,"position":3},"title":"\ud83c\udde8\ud83c\uddfa M\u00e1s de 20 pa\u00edses estar\u00e1n presentes en Campeonato Mundial de Fotograf\u00eda Subacu\u00e1tica Cuba 2013","author":"Sportalsub.net","date":"22 marzo 2013","format":false,"excerpt":"(Especial Sportalsub.net \/ FCAS) El\u00a0Presidente del Comit\u00e9 Deportivo de la Federaci\u00f3n Cubana de Actividades Subacu\u00e1ticas y\u00a0Director del Comit\u00e9 Deportivo CMAS Am\u00e9rica, Orestes Garc\u00eda Maceira, \u00a0inform\u00f3 de manera exclusiva a Sportalsub.net que oficialmente estar\u00e1n participando m\u00e1s de 20 pa\u00edses, con 39 fot\u00f3grafos y 38 modelos\u00a0en la edici\u00f3n n\u00famero 14 del Campeonato\u2026","rel":"","context":"En \u00abArgentina\u00bb","block_context":{"text":"Argentina","link":"https:\/\/www.sportalsub.net\/blog\/category\/paises\/america\/argentina\/"},"img":{"alt_text":"","src":"https:\/\/i0.wp.com\/www.sportalsub.net\/blog\/wp-content\/uploads\/2013\/03\/mundial-fotosub-cuba2013.jpg?resize=350%2C200&ssl=1","width":350,"height":200,"srcset":"https:\/\/i0.wp.com\/www.sportalsub.net\/blog\/wp-content\/uploads\/2013\/03\/mundial-fotosub-cuba2013.jpg?resize=350%2C200&ssl=1 1x, https:\/\/i0.wp.com\/www.sportalsub.net\/blog\/wp-content\/uploads\/2013\/03\/mundial-fotosub-cuba2013.jpg?resize=525%2C300&ssl=1 1.5x"},"classes":[]},{"id":14159,"url":"https:\/\/www.sportalsub.net\/blog\/odex-world-underwater-games-2013-juegos-mundiales-subacuaticos-en-australia\/","url_meta":{"origin":14514,"position":4},"title":"\ud83c\udde6\ud83c\uddfa ODEX \/ World Underwater Games 2013 &#8211; Juegos Mundiales Subacu\u00e1ticos en Australia","author":"Sportalsub.net","date":"31 octubre 2012","format":false,"excerpt":"(Especial Sportalsub.net \/ ODEX 2013) Del 7 al 9 de septiembre de 2013 se realizar\u00e1 en el Centro Acu\u00e1tico del Parque Ol\u00edmpico de Sidney, Australia el Festival ODEX 2013. Exposici\u00f3n internacional de buceo y deportes acu\u00e1ticos y subacu\u00e1ticos, que ha tenido como antecedente 2 exitosas ediciones en 2011 y 2012.\u2026","rel":"","context":"En \u00abApnea\u00bb","block_context":{"text":"Apnea","link":"https:\/\/www.sportalsub.net\/blog\/category\/modalidades\/apnea\/"},"img":{"alt_text":"","src":"https:\/\/i0.wp.com\/www.sportalsub.net\/blog\/wp-content\/uploads\/2012\/10\/odex2013.jpg?resize=350%2C200&ssl=1","width":350,"height":200,"srcset":"https:\/\/i0.wp.com\/www.sportalsub.net\/blog\/wp-content\/uploads\/2012\/10\/odex2013.jpg?resize=350%2C200&ssl=1 1x, https:\/\/i0.wp.com\/www.sportalsub.net\/blog\/wp-content\/uploads\/2012\/10\/odex2013.jpg?resize=525%2C300&ssl=1 1.5x"},"classes":[]},{"id":8659,"url":"https:\/\/www.sportalsub.net\/blog\/el-gran-azul-y-los-cubanos\/","url_meta":{"origin":14514,"position":5},"title":"\ud83c\udde8\ud83c\uddfa El gran azul y los cubanos. Cuba sede del Mundial de Fotograf\u00eda Submarina CMAS 2013","author":"Sportalsub.net","date":"22 febrero 2011","format":false,"excerpt":"La Habana, (PL) Con la designaci\u00f3n de Cuba como sede en 2013 del XIV Campeonato Mundial de Fotograf\u00eda Subacu\u00e1tica, la mayor \u00ednsula antillana da un importante paso para convertirse en destino de privilegio para el buceo global. Con el reciente anuncio, los directivos de esta especialidad en la Isla comenzaron\u2026","rel":"","context":"En \u00abCMAS\u00bb","block_context":{"text":"CMAS","link":"https:\/\/www.sportalsub.net\/blog\/category\/mas\/organizaciones\/cmas-organizaciones\/"},"img":{"alt_text":"","src":"https:\/\/i0.wp.com\/www.sportalsub.net\/blog\/wp-content\/uploads\/2011\/02\/CUBASUB.jpg?resize=350%2C200&ssl=1","width":350,"height":200},"classes":[]}],"_links":{"self":[{"href":"https:\/\/www.sportalsub.net\/blog\/wp-json\/wp\/v2\/posts\/14514","targetHints":{"allow":["GET"]}}],"collection":[{"href":"https:\/\/www.sportalsub.net\/blog\/wp-json\/wp\/v2\/posts"}],"about":[{"href":"https:\/\/www.sportalsub.net\/blog\/wp-json\/wp\/v2\/types\/post"}],"author":[{"embeddable":true,"href":"https:\/\/www.sportalsub.net\/blog\/wp-json\/wp\/v2\/users\/1"}],"replies":[{"embeddable":true,"href":"https:\/\/www.sportalsub.net\/blog\/wp-json\/wp\/v2\/comments?post=14514"}],"version-history":[{"count":0,"href":"https:\/\/www.sportalsub.net\/blog\/wp-json\/wp\/v2\/posts\/14514\/revisions"}],"wp:featuredmedia":[{"embeddable":true,"href":"https:\/\/www.sportalsub.net\/blog\/wp-json\/wp\/v2\/media\/14515"}],"wp:attachment":[{"href":"https:\/\/www.sportalsub.net\/blog\/wp-json\/wp\/v2\/media?parent=14514"}],"wp:term":[{"taxonomy":"category","embeddable":true,"href":"https:\/\/www.sportalsub.net\/blog\/wp-json\/wp\/v2\/categories?post=14514"},{"taxonomy":"post_tag","embeddable":true,"href":"https:\/\/www.sportalsub.net\/blog\/wp-json\/wp\/v2\/tags?post=14514"}],"curies":[{"name":"wp","href":"https:\/\/api.w.org\/{rel}","templated":true}]}}