{"id":14548,"date":"2013-01-22T12:46:19","date_gmt":"2013-01-22T17:16:19","guid":{"rendered":"http:\/\/www.sportalsub.net\/blog\/?p=14548"},"modified":"2019-08-31T23:19:17","modified_gmt":"2019-09-01T03:19:17","slug":"ganadores-premios-ser-subacuatico-2012","status":"publish","type":"post","link":"https:\/\/www.sportalsub.net\/blog\/ganadores-premios-ser-subacuatico-2012\/","title":{"rendered":"\ud83c\udfc6 Ganadores Premios \u00abSer Subacuatico\u00bb 2012"},"content":{"rendered":"<p><a href=\"http:\/\/www.sportalsub.net\/blog\/wp-content\/uploads\/2013\/01\/ganadores-sersubacuatico2012.jpg\" target=\"_blank\"><img loading=\"lazy\" decoding=\"async\" class=\"alignnone size-full wp-image-14549\" src=\"http:\/\/www.sportalsub.net\/blog\/wp-content\/uploads\/2013\/01\/ganadores-sersubacuatico2012.jpg\" alt=\"ganadores-sersubacuatico2012\" width=\"600\" height=\"268\" srcset=\"https:\/\/www.sportalsub.net\/blog\/wp-content\/uploads\/2013\/01\/ganadores-sersubacuatico2012.jpg 600w, https:\/\/www.sportalsub.net\/blog\/wp-content\/uploads\/2013\/01\/ganadores-sersubacuatico2012-300x134.jpg 300w, https:\/\/www.sportalsub.net\/blog\/wp-content\/uploads\/2013\/01\/ganadores-sersubacuatico2012-364x164.jpg 364w\" sizes=\"auto, (max-width: 600px) 100vw, 600px\" \/><\/a><\/p>\n<p>(Especial Sportalsub.net)<\/p>\n<p>El a\u00f1o 2012 fue otro a\u00f1o de muchos eventos y notables actuaciones de deportistas subacu\u00e1ticos en todo el mundo. Es por ello que para recordar y reconocer a aquellos atletas que destacaron en el deporte subacu\u00e1tico en los pa\u00edses de habla hispana, otorgamos en su segunda edici\u00f3n el premio \u00abSer Subacuatico\u00bb 2012.<\/p>\n<p>Esta edici\u00f3n reconoci\u00f3 en diferentes categor\u00edas y modalidades a los deportistas destacados en eventos internacionales, mediante las votaciones de los visitantes de nuestro portal de actividades subacu\u00e1ticas <a href=\"http:\/\/www.sportalsub.net\" target=\"_blank\" rel=\"noopener noreferrer\">www.sportalsub.net<\/a>\u00a0entre el 21 de diciembre 2012 y 18 de enero 2013.<\/p>\n<p>Los nominados fueron escogidos por el equipo de Sportsub &amp; Sportalsub de los eventos rese\u00f1ados por\u00a0<a href=\"http:\/\/www.sportalsub.net\" target=\"_blank\" rel=\"noopener noreferrer\">www.sportalsub.net<\/a>\u00a0en 2012 en los cuales han participado atletas latinoamericanos y\/o de habla hispana.<\/p>\n<p>La intenci\u00f3n de los premios es dar a conocer a la comunidad de las actividades subacu\u00e1ticas, las principales modalidades deportivas y competitivas, as\u00ed como algunos de sus principales exponentes de manera p\u00fablica.<\/p>\n<p>La votaci\u00f3n refleja la cantidad de votos realizados por los visitantes del portal y Sportsub &amp; Sportalsub.net no se compromete en otorgar ninguna recompensa material o econ\u00f3mica para aquellos que resulten ganadores.<\/p>\n<p>Felicitamos a los ganadores, nominados y agradecemos a toda la gente que hace posible que cada vez siga creciendo el inter\u00e9s por <em>\u00abSer Subacu\u00e1tico\u00bb<\/em><\/p>\n<p><strong>Resultados y Ganadores Premios \u00abSer Subacu\u00e1tico\u00bb 2012<\/strong><\/p>\n<p style=\"text-align: center;\"><strong>Apneista \u00a0de Profundidad \/ Mar Masculino 2012<strong><br \/>\n<\/strong><\/strong><\/p>\n<table border=\"0\" cellspacing=\"3\" cellpadding=\"3\" align=\"center\">\n<tbody>\n<tr>\n<td align=\"center\" valign=\"top\"><strong><strong>Alejandro Guedez\u00a0<\/strong><\/strong><strong><strong><img loading=\"lazy\" decoding=\"async\" src=\"http:\/\/es.fifa.com\/imgml\/flags\/s\/ven.gif\" alt=\"chi Eventos\" width=\"19\" height=\"13\" \/><\/strong><\/strong><\/td>\n<\/tr>\n<tr>\n<td align=\"center\" valign=\"top\"><a href=\"http:\/\/www.sportalsub.net\/blog\/2012\/12\/10\/vertical-blue-2012-competencia-internacional-de-apnea-de-profundidad-islas-bahamas-20-30-noviembre-2012\" target=\"_blank\" rel=\"noopener noreferrer\"><img decoding=\"async\" src=\"http:\/\/www.sportalsub.net\/blog\/wp-content\/uploads\/2010\/10\/guedez1-150x150.jpg\" alt=\"Apneista venezolano Alejandro Gu\u00e9dez finaliza en 8vo Lugar en Competencia Internacional en Egipto\" width=\"100\" \/><\/a><\/td>\n<\/tr>\n<\/tbody>\n<\/table>\n<p style=\"text-align: center;\"><div id=\"polls-23\" class=\"wp-polls\">\n\t\t<p style=\"text-align: center\"><strong>Apneista  de Profundidad \/ Mar Masculino 2012<\/strong><\/p><div id=\"polls-23-ans\" class=\"wp-polls-ans\"><ul class=\"wp-polls-ul\">\n\t\t<li>Alejandro Guedez (Venezuela) <small>(38%, 448 Votos)<\/small><div class=\"wp-polls-bar\" aria-hidden=\"true\"><div class=\"wp-polls-bar-fill\" style=\"width: 38%;\"><\/div><\/div><\/li>\n\t\t<li>Alejandro Andr\u00e9s (Argentina) <small>(32%, 380 Votos)<\/small><div class=\"wp-polls-bar\" aria-hidden=\"true\"><div class=\"wp-polls-bar-fill\" style=\"width: 32%;\"><\/div><\/div><\/li>\n\t\t<li>Alejandro Lemus (M\u00e9xico) <small>(23%, 270 Votos)<\/small><div class=\"wp-polls-bar\" aria-hidden=\"true\"><div class=\"wp-polls-bar-fill\" style=\"width: 23%;\"><\/div><\/div><\/li>\n\t\t<li>Miguel Lozano (Espa\u00f1a) <small>(5%, 56 Votos)<\/small><div class=\"wp-polls-bar\" aria-hidden=\"true\"><div class=\"wp-polls-bar-fill\" style=\"width: 5%;\"><\/div><\/div><\/li>\n\t\t<li>Alfredo Roen (Espa\u00f1a) <small>(3%, 33 Votos)<\/small><div class=\"wp-polls-bar\" aria-hidden=\"true\"><div class=\"wp-polls-bar-fill\" style=\"width: 3%;\"><\/div><\/div><\/li>\n\t\t<\/ul><p style=\"text-align: center\">Votantes: <strong>1.167<\/strong><\/p><\/div>\n\t\t<input type=\"hidden\" id=\"poll_23_nonce\" name=\"wp-polls-nonce\" value=\"6ecf040e98\" \/>\n<\/div>\n<div id=\"polls-23-loading\" class=\"wp-polls wp-polls-loading\"><span class=\"wp-polls-spinner\" aria-hidden=\"true\"><\/span> Cargando ...<\/div>\n<\/p>\n<p style=\"text-align: center;\"><strong>Apneista \u00a0de Profundidad \/ Mar Femenino 2012<\/strong><\/p>\n<table border=\"0\" cellspacing=\"3\" cellpadding=\"3\" align=\"center\">\n<tbody>\n<tr>\n<td align=\"center\" valign=\"top\"><strong>Iru Balic\u00a0<img loading=\"lazy\" decoding=\"async\" src=\"http:\/\/es.fifa.com\/imgml\/flags\/s\/ven.gif\" alt=\"chi Eventos\" width=\"19\" height=\"13\" \/><\/strong><\/td>\n<\/tr>\n<tr>\n<td align=\"center\" valign=\"top\">\u00a0<a href=\"http:\/\/www.sportalsub.net\/blog\/2012\/12\/10\/vertical-blue-2012-competencia-internacional-de-apnea-de-profundidad-islas-bahamas-20-30-noviembre-2012\" target=\"_blank\" rel=\"noopener noreferrer\"><img decoding=\"async\" src=\"http:\/\/www.sportalsub.net\/blog\/wp-content\/uploads\/2011\/05\/irubalicprof-150x150.jpg\" alt=\"Iru Balic dicta taller de Apnea en Valencia, Estado Carabobo. Venezuela\" width=\"100\" \/><\/a><\/td>\n<\/tr>\n<\/tbody>\n<\/table>\n<p style=\"text-align: center;\"><div id=\"polls-24\" class=\"wp-polls\">\n\t\t<p style=\"text-align: center\"><strong>Apneista  de Profundidad \/ Mar Femenino 2012<\/strong><\/p><div id=\"polls-24-ans\" class=\"wp-polls-ans\"><ul class=\"wp-polls-ul\">\n\t\t<li>Iru Balic (Venezuela) <small>(49%, 409 Votos)<\/small><div class=\"wp-polls-bar\" aria-hidden=\"true\"><div class=\"wp-polls-bar-fill\" style=\"width: 49%;\"><\/div><\/div><\/li>\n\t\t<li>Alejandra Lopez (M\u00e9xico) <small>(26%, 218 Votos)<\/small><div class=\"wp-polls-bar\" aria-hidden=\"true\"><div class=\"wp-polls-bar-fill\" style=\"width: 26%;\"><\/div><\/div><\/li>\n\t\t<li>Macarena Benitez (Chile) <small>(12%, 100 Votos)<\/small><div class=\"wp-polls-bar\" aria-hidden=\"true\"><div class=\"wp-polls-bar-fill\" style=\"width: 12%;\"><\/div><\/div><\/li>\n\t\t<li>Karol Meyer (Brasil) <small>(8%, 66 Votos)<\/small><div class=\"wp-polls-bar\" aria-hidden=\"true\"><div class=\"wp-polls-bar-fill\" style=\"width: 8%;\"><\/div><\/div><\/li>\n\t\t<li>Carol Schrappe (Brasil) <small>(4%, 37 Votos)<\/small><div class=\"wp-polls-bar\" aria-hidden=\"true\"><div class=\"wp-polls-bar-fill\" style=\"width: 4%;\"><\/div><\/div><\/li>\n\t\t<\/ul><p style=\"text-align: center\">Votantes: <strong>808<\/strong><\/p><\/div>\n\t\t<input type=\"hidden\" id=\"poll_24_nonce\" name=\"wp-polls-nonce\" value=\"b977b24c17\" \/>\n<\/div>\n<div id=\"polls-24-loading\" class=\"wp-polls wp-polls-loading\"><span class=\"wp-polls-spinner\" aria-hidden=\"true\"><\/span> Cargando ...<\/div>\n<\/p>\n<p style=\"text-align: center;\"><strong>Apneista \u00a0de Piscina Masculino 2012<strong><br \/>\n<\/strong><\/strong><\/p>\n<table border=\"0\" cellspacing=\"3\" cellpadding=\"3\" align=\"center\">\n<tbody>\n<tr>\n<td align=\"center\" valign=\"top\"><strong>Antonio del Duca\u00a0<strong><img loading=\"lazy\" decoding=\"async\" src=\"http:\/\/es.fifa.com\/imgml\/flags\/s\/ven.gif\" alt=\"chi Eventos\" width=\"19\" height=\"13\" \/><\/strong><\/strong><\/td>\n<\/tr>\n<tr>\n<td align=\"center\" valign=\"top\">\u00a0<a href=\"http:\/\/www.sportalsub.net\/blog\/2012\/11\/08\/sandra-escobar-y-antonio-del-duca-se-titulan-en-apnea-dinamica-de-los-juegos-bolivarianos-de-playa-lima-2012\" target=\"_blank\" rel=\"noopener noreferrer\"><img loading=\"lazy\" decoding=\"async\" src=\"http:\/\/www.sportalsub.net\/blog\/wp-content\/uploads\/2012\/11\/final-bolivarianos-apnea-150x150.jpg\" alt=\"Sandra Escobar y Antonio del Duca se titulan en Apnea Din\u00e1mica de los Juegos Bolivarianos de Playa Lima 2012\" width=\"100\" height=\"100\" \/><\/a><\/td>\n<\/tr>\n<\/tbody>\n<\/table>\n<p style=\"text-align: center;\"><div id=\"polls-25\" class=\"wp-polls\">\n\t\t<p style=\"text-align: center\"><strong>Apneista  de Piscina Masculino 2012<\/strong><\/p><div id=\"polls-25-ans\" class=\"wp-polls-ans\"><ul class=\"wp-polls-ul\">\n\t\t<li>Antonio del Duca (Venezuela) <small>(38%, 313 Votos)<\/small><div class=\"wp-polls-bar\" aria-hidden=\"true\"><div class=\"wp-polls-bar-fill\" style=\"width: 38%;\"><\/div><\/div><\/li>\n\t\t<li>Alejandro Lemus (M\u00e9xico) <small>(24%, 194 Votos)<\/small><div class=\"wp-polls-bar\" aria-hidden=\"true\"><div class=\"wp-polls-bar-fill\" style=\"width: 24%;\"><\/div><\/div><\/li>\n\t\t<li>Luis Arismendi (Venezuela) <small>(18%, 144 Votos)<\/small><div class=\"wp-polls-bar\" aria-hidden=\"true\"><div class=\"wp-polls-bar-fill\" style=\"width: 18%;\"><\/div><\/div><\/li>\n\t\t<li>Dick Villamizar (Venezuela) <small>(12%, 99 Votos)<\/small><div class=\"wp-polls-bar\" aria-hidden=\"true\"><div class=\"wp-polls-bar-fill\" style=\"width: 12%;\"><\/div><\/div><\/li>\n\t\t<li>Aleix Segura (Espa\u00f1a) <small>(8%, 67 Votos)<\/small><div class=\"wp-polls-bar\" aria-hidden=\"true\"><div class=\"wp-polls-bar-fill\" style=\"width: 8%;\"><\/div><\/div><\/li>\n\t\t<\/ul><p style=\"text-align: center\">Votantes: <strong>756<\/strong><\/p><\/div>\n\t\t<input type=\"hidden\" id=\"poll_25_nonce\" name=\"wp-polls-nonce\" value=\"636adb8e2e\" \/>\n<\/div>\n<div id=\"polls-25-loading\" class=\"wp-polls wp-polls-loading\"><span class=\"wp-polls-spinner\" aria-hidden=\"true\"><\/span> Cargando ...<\/div>\n<\/p>\n<p style=\"text-align: center;\"><strong>Apneista \u00a0de Piscina Femenino 2012<\/strong><\/p>\n<table border=\"0\" cellspacing=\"3\" cellpadding=\"3\" align=\"center\">\n<tbody>\n<tr>\n<td align=\"center\" valign=\"top\"><strong>Sandra Escobar\u00a0<strong><img loading=\"lazy\" decoding=\"async\" src=\"http:\/\/es.fifa.com\/imgml\/flags\/s\/col.gif\" alt=\"chi Eventos\" width=\"19\" height=\"13\" \/><\/strong><\/strong><\/td>\n<\/tr>\n<tr>\n<td align=\"center\" valign=\"top\">\u00a0<a href=\"http:\/\/www.sportalsub.net\/blog\/2012\/11\/08\/sandra-escobar-y-antonio-del-duca-se-titulan-en-apnea-dinamica-de-los-juegos-bolivarianos-de-playa-lima-2012\" target=\"_blank\" rel=\"noopener noreferrer\"><img loading=\"lazy\" decoding=\"async\" src=\"http:\/\/www.sportalsub.net\/blog\/wp-content\/uploads\/2012\/04\/estatica-colombia-150x150.jpg\" alt=\"Resultados Finales Est\u00e1tica y Eliminatorias Din\u00e1mica con Aletas Panamericano de Apnea CMAS Am\u00e9rica Colombia 2012\" width=\"100\" height=\"100\" \/><\/a><\/td>\n<\/tr>\n<\/tbody>\n<\/table>\n<p style=\"text-align: center;\"><div id=\"polls-26\" class=\"wp-polls\">\n\t\t<p style=\"text-align: center\"><strong>Apneista  de Piscina Femenino 2012<\/strong><\/p><div id=\"polls-26-ans\" class=\"wp-polls-ans\"><ul class=\"wp-polls-ul\">\n\t\t<li>Sandra Escobar (Colombia) <small>(41%, 454 Votos)<\/small><div class=\"wp-polls-bar\" aria-hidden=\"true\"><div class=\"wp-polls-bar-fill\" style=\"width: 41%;\"><\/div><\/div><\/li>\n\t\t<li>Ambar Peralta (Venezuela) <small>(29%, 330 Votos)<\/small><div class=\"wp-polls-bar\" aria-hidden=\"true\"><div class=\"wp-polls-bar-fill\" style=\"width: 29%;\"><\/div><\/div><\/li>\n\t\t<li>Violeta Nava (M\u00e9xico) <small>(14%, 155 Votos)<\/small><div class=\"wp-polls-bar\" aria-hidden=\"true\"><div class=\"wp-polls-bar-fill\" style=\"width: 14%;\"><\/div><\/div><\/li>\n\t\t<li>Gilda Rivadeneira (Ecuador) <small>(12%, 138 Votos)<\/small><div class=\"wp-polls-bar\" aria-hidden=\"true\"><div class=\"wp-polls-bar-fill\" style=\"width: 12%;\"><\/div><\/div><\/li>\n\t\t<li>Paola Ch\u00e1vez (Ecuador) <small>(4%, 42 Votos)<\/small><div class=\"wp-polls-bar\" aria-hidden=\"true\"><div class=\"wp-polls-bar-fill\" style=\"width: 4%;\"><\/div><\/div><\/li>\n\t\t<\/ul><p style=\"text-align: center\">Votantes: <strong>1.106<\/strong><\/p><\/div>\n\t\t<input type=\"hidden\" id=\"poll_26_nonce\" name=\"wp-polls-nonce\" value=\"5f2ec340d6\" \/>\n<\/div>\n<div id=\"polls-26-loading\" class=\"wp-polls wp-polls-loading\"><span class=\"wp-polls-spinner\" aria-hidden=\"true\"><\/span> Cargando ...<\/div>\n<\/p>\n<p style=\"text-align: center;\"><strong>Nadador con Aletas (Monoaleta) Masculino 2012<strong><br \/>\n<\/strong><\/strong><\/p>\n<table class=\" aligncenter\" border=\"0\" cellspacing=\"3\" cellpadding=\"3\" align=\"center\">\n<tbody>\n<tr>\n<td align=\"center\" valign=\"top\"><strong>Diego Herrera\u00a0<strong><img loading=\"lazy\" decoding=\"async\" src=\"http:\/\/es.fifa.com\/imgml\/flags\/s\/col.gif\" alt=\"chi Eventos\" width=\"19\" height=\"13\" \/><\/strong><\/strong><\/td>\n<\/tr>\n<tr>\n<td align=\"center\" valign=\"top\"><a href=\"http:\/\/www.sportalsub.net\/blog\/2012\/04\/06\/venezuela-y-colombia-se-titulan-en-panamericano-de-apnea-y-natacion-con-aletas-cmas-america-2012\" target=\"_blank\" rel=\"noopener noreferrer\"><img loading=\"lazy\" decoding=\"async\" src=\"https:\/\/fbcdn-profile-a.akamaihd.net\/hprofile-ak-prn1\/c43.42.535.535\/s160x160\/46403_10151320392339245_261503906_n.jpg\" alt=\"Diego Herrera\" width=\"100\" height=\"100\" \/><\/a><\/td>\n<\/tr>\n<\/tbody>\n<\/table>\n<p style=\"text-align: center;\"><div id=\"polls-27\" class=\"wp-polls\">\n\t\t<p style=\"text-align: center\"><strong>Nadador con Aletas (Monoaleta) Masculino 2012<\/strong><\/p><div id=\"polls-27-ans\" class=\"wp-polls-ans\"><ul class=\"wp-polls-ul\">\n\t\t<li>Diego Herrera (Colombia) <small>(42%, 850 Votos)<\/small><div class=\"wp-polls-bar\" aria-hidden=\"true\"><div class=\"wp-polls-bar-fill\" style=\"width: 42%;\"><\/div><\/div><\/li>\n\t\t<li>Juan Fernando Ocampo (Colombia) <small>(33%, 667 Votos)<\/small><div class=\"wp-polls-bar\" aria-hidden=\"true\"><div class=\"wp-polls-bar-fill\" style=\"width: 33%;\"><\/div><\/div><\/li>\n\t\t<li>Mauricio Fern\u00e1ndez (Colombia) <small>(13%, 254 Votos)<\/small><div class=\"wp-polls-bar\" aria-hidden=\"true\"><div class=\"wp-polls-bar-fill\" style=\"width: 13%;\"><\/div><\/div><\/li>\n\t\t<li>Juan Camilo Rodriguez (Colombia) <small>(8%, 159 Votos)<\/small><div class=\"wp-polls-bar\" aria-hidden=\"true\"><div class=\"wp-polls-bar-fill\" style=\"width: 8%;\"><\/div><\/div><\/li>\n\t\t<li>Alvaro Polo (Colombia) <small>(5%, 99 Votos)<\/small><div class=\"wp-polls-bar\" aria-hidden=\"true\"><div class=\"wp-polls-bar-fill\" style=\"width: 5%;\"><\/div><\/div><\/li>\n\t\t<\/ul><p style=\"text-align: center\">Votantes: <strong>1.923<\/strong><\/p><\/div>\n\t\t<input type=\"hidden\" id=\"poll_27_nonce\" name=\"wp-polls-nonce\" value=\"c70dca1c83\" \/>\n<\/div>\n<div id=\"polls-27-loading\" class=\"wp-polls wp-polls-loading\"><span class=\"wp-polls-spinner\" aria-hidden=\"true\"><\/span> Cargando ...<\/div>\n<\/p>\n<p style=\"text-align: center;\"><strong>Nadadora con Aletas (Monoaleta) Femenino 2012<strong><br \/>\n<\/strong><\/strong><\/p>\n<table border=\"0\" cellspacing=\"3\" cellpadding=\"3\" align=\"center\">\n<tbody>\n<tr>\n<td align=\"center\" valign=\"top\"><strong>Lina Arango\u00a0<strong><img loading=\"lazy\" decoding=\"async\" src=\"http:\/\/es.fifa.com\/imgml\/flags\/s\/col.gif\" alt=\"chi Eventos\" width=\"19\" height=\"13\" \/><\/strong><\/strong><\/td>\n<\/tr>\n<tr>\n<td align=\"center\" valign=\"top\"><a href=\"http:\/\/www.sportalsub.net\/blog\/2012\/04\/06\/venezuela-y-colombia-se-titulan-en-panamericano-de-apnea-y-natacion-con-aletas-cmas-america-2012\" target=\"_blank\" rel=\"noopener noreferrer\"><img loading=\"lazy\" decoding=\"async\" src=\"http:\/\/www.sportalsub.net\/blog\/wp-content\/uploads\/2011\/08\/RUSIA-150x150.jpg\" alt=\"Resultados 4ta Jornada Campeonato Mundial de Nataci\u00f3n con Aletas CMAS Hungr\u00eda 2011\" width=\"100\" height=\"100\" \/><\/a><\/td>\n<\/tr>\n<\/tbody>\n<\/table>\n<p style=\"text-align: center;\"><div id=\"polls-28\" class=\"wp-polls\">\n\t\t<p style=\"text-align: center\"><strong>Nadadora con Aletas (Monoaleta) Femenino 2012<\/strong><\/p><div id=\"polls-28-ans\" class=\"wp-polls-ans\"><ul class=\"wp-polls-ul\">\n\t\t<li>Lina Arango (Colombia) <small>(29%, 407 Votos)<\/small><div class=\"wp-polls-bar\" aria-hidden=\"true\"><div class=\"wp-polls-bar-fill\" style=\"width: 29%;\"><\/div><\/div><\/li>\n\t\t<li>Victoria P\u00e9rez (Colombia) <small>(24%, 342 Votos)<\/small><div class=\"wp-polls-bar\" aria-hidden=\"true\"><div class=\"wp-polls-bar-fill\" style=\"width: 24%;\"><\/div><\/div><\/li>\n\t\t<li>Grace Fern\u00e1ndez (Colombia) <small>(24%, 339 Votos)<\/small><div class=\"wp-polls-bar\" aria-hidden=\"true\"><div class=\"wp-polls-bar-fill\" style=\"width: 24%;\"><\/div><\/div><\/li>\n\t\t<li>Ana Maria Cifuentes (Colombia) <small>(18%, 255 Votos)<\/small><div class=\"wp-polls-bar\" aria-hidden=\"true\"><div class=\"wp-polls-bar-fill\" style=\"width: 18%;\"><\/div><\/div><\/li>\n\t\t<li>Angie Alban (Colombia) <small>(4%, 63 Votos)<\/small><div class=\"wp-polls-bar\" aria-hidden=\"true\"><div class=\"wp-polls-bar-fill\" style=\"width: 4%;\"><\/div><\/div><\/li>\n\t\t<\/ul><p style=\"text-align: center\">Votantes: <strong>1.295<\/strong><\/p><\/div>\n\t\t<input type=\"hidden\" id=\"poll_28_nonce\" name=\"wp-polls-nonce\" value=\"0999ad02d3\" \/>\n<\/div>\n<div id=\"polls-28-loading\" class=\"wp-polls wp-polls-loading\"><span class=\"wp-polls-spinner\" aria-hidden=\"true\"><\/span> Cargando ...<\/div>\n<\/p>\n<p style=\"text-align: center;\"><strong>Nadador con Aletas (Bialetas) Masculino 2012<strong><br \/>\n<\/strong><\/strong><\/p>\n<table class=\" aligncenter\" border=\"0\" cellspacing=\"3\" cellpadding=\"3\" align=\"center\">\n<tbody>\n<tr>\n<td align=\"center\" valign=\"top\"><strong><strong>Andres Torres<strong><img loading=\"lazy\" decoding=\"async\" src=\"http:\/\/es.fifa.com\/imgml\/flags\/s\/col.gif\" alt=\"chi Eventos\" width=\"19\" height=\"13\" \/><\/strong><\/strong><\/strong><\/td>\n<\/tr>\n<tr>\n<td align=\"center\" valign=\"top\"><a href=\"http:\/\/www.sportalsub.net\/blog\/2012\/07\/18\/dominio-ruso-en-la-piscina-de-graz-en-el-campeonato-mundial-junior-de-natacion-con-aletas-cmas-austria-2012\" target=\"_blank\" rel=\"noopener noreferrer\"><img loading=\"lazy\" decoding=\"async\" src=\"http:\/\/www.elnuevodia.com.co\/nuevodia\/sites\/default\/files\/imagecache\/Noticia_600x400\/foto_grandes_400x300_noticia\/2012\/07\/24\/deportes_2_1_0.jpg\" alt=\"\" width=\"100\" height=\"100\" \/><\/a><\/td>\n<\/tr>\n<\/tbody>\n<\/table>\n<p style=\"text-align: center;\"><div id=\"polls-29\" class=\"wp-polls\">\n\t\t<p style=\"text-align: center\"><strong>Nadador con Aletas (Bialetas) Masculino 2012<\/strong><\/p><div id=\"polls-29-ans\" class=\"wp-polls-ans\"><ul class=\"wp-polls-ul\">\n\t\t<li>Andres Felipe Torres (Colombia) <small>(45%, 721 Votos)<\/small><div class=\"wp-polls-bar\" aria-hidden=\"true\"><div class=\"wp-polls-bar-fill\" style=\"width: 45%;\"><\/div><\/div><\/li>\n\t\t<li>Sebastian Jahnsen (Per\u00fa) <small>(20%, 316 Votos)<\/small><div class=\"wp-polls-bar\" aria-hidden=\"true\"><div class=\"wp-polls-bar-fill\" style=\"width: 20%;\"><\/div><\/div><\/li>\n\t\t<li>Aziz Figarella (Venezuela) <small>(17%, 274 Votos)<\/small><div class=\"wp-polls-bar\" aria-hidden=\"true\"><div class=\"wp-polls-bar-fill\" style=\"width: 17%;\"><\/div><\/div><\/li>\n\t\t<li>Mois\u00e9s Bustamente (Venezuela) <small>(11%, 173 Votos)<\/small><div class=\"wp-polls-bar\" aria-hidden=\"true\"><div class=\"wp-polls-bar-fill\" style=\"width: 11%;\"><\/div><\/div><\/li>\n\t\t<li>Erick Vasquez (Peru) <small>(8%, 134 Votos)<\/small><div class=\"wp-polls-bar\" aria-hidden=\"true\"><div class=\"wp-polls-bar-fill\" style=\"width: 8%;\"><\/div><\/div><\/li>\n\t\t<\/ul><p style=\"text-align: center\">Votantes: <strong>1.580<\/strong><\/p><\/div>\n\t\t<input type=\"hidden\" id=\"poll_29_nonce\" name=\"wp-polls-nonce\" value=\"2093d3092a\" \/>\n<\/div>\n<div id=\"polls-29-loading\" class=\"wp-polls wp-polls-loading\"><span class=\"wp-polls-spinner\" aria-hidden=\"true\"><\/span> Cargando ...<\/div>\n<\/p>\n<p style=\"text-align: center;\"><strong>Nadadora con Aletas (Bialetas) Femenino 2012<\/strong><\/p>\n<table class=\" aligncenter\" border=\"0\" cellspacing=\"3\" cellpadding=\"3\" align=\"center\">\n<tbody>\n<tr>\n<td align=\"center\" valign=\"top\"><strong>Angela Alegr\u00eda\u00a0<strong><img loading=\"lazy\" decoding=\"async\" src=\"http:\/\/es.fifa.com\/imgml\/flags\/s\/col.gif\" alt=\"chi Eventos\" width=\"19\" height=\"13\" \/><\/strong><\/strong><\/td>\n<\/tr>\n<tr>\n<td align=\"center\" valign=\"top\">\u00a0<a href=\"http:\/\/www.sportalsub.net\/blog\/2012\/04\/06\/venezuela-y-colombia-se-titulan-en-panamericano-de-apnea-y-natacion-con-aletas-cmas-america-2012\" target=\"_blank\" rel=\"noopener noreferrer\"><img loading=\"lazy\" decoding=\"async\" src=\"https:\/\/fbcdn-sphotos-e-a.akamaihd.net\/hphotos-ak-snc7\/318947_10151509785867729_1307983068_n.jpg\" alt=\"\" width=\"100\" height=\"100\" \/><\/a><\/td>\n<\/tr>\n<\/tbody>\n<\/table>\n<p style=\"text-align: center;\"><div id=\"polls-30\" class=\"wp-polls\">\n\t\t<p style=\"text-align: center\"><strong>Nadadora con Aletas (Bialetas) Femenino 2012<\/strong><\/p><div id=\"polls-30-ans\" class=\"wp-polls-ans\"><ul class=\"wp-polls-ul\">\n\t\t<li>Angela Alegr\u00eda (Colombia) <small>(35%, 521 Votos)<\/small><div class=\"wp-polls-bar\" aria-hidden=\"true\"><div class=\"wp-polls-bar-fill\" style=\"width: 35%;\"><\/div><\/div><\/li>\n\t\t<li>Danelia Tejedes (Venezuela) <small>(19%, 283 Votos)<\/small><div class=\"wp-polls-bar\" aria-hidden=\"true\"><div class=\"wp-polls-bar-fill\" style=\"width: 19%;\"><\/div><\/div><\/li>\n\t\t<li>Marianny Antonelli (Venezuela) <small>(19%, 279 Votos)<\/small><div class=\"wp-polls-bar\" aria-hidden=\"true\"><div class=\"wp-polls-bar-fill\" style=\"width: 19%;\"><\/div><\/div><\/li>\n\t\t<li>Kaori Miyahara (Per\u00fa) <small>(18%, 272 Votos)<\/small><div class=\"wp-polls-bar\" aria-hidden=\"true\"><div class=\"wp-polls-bar-fill\" style=\"width: 18%;\"><\/div><\/div><\/li>\n\t\t<li>Domenica Vallejos (Per\u00fa) <small>(8%, 117 Votos)<\/small><div class=\"wp-polls-bar\" aria-hidden=\"true\"><div class=\"wp-polls-bar-fill\" style=\"width: 8%;\"><\/div><\/div><\/li>\n\t\t<\/ul><p style=\"text-align: center\">Votantes: <strong>1.439<\/strong><\/p><\/div>\n\t\t<input type=\"hidden\" id=\"poll_30_nonce\" name=\"wp-polls-nonce\" value=\"547d7e10a1\" \/>\n<\/div>\n<div id=\"polls-30-loading\" class=\"wp-polls wp-polls-loading\"><span class=\"wp-polls-spinner\" aria-hidden=\"true\"><\/span> Cargando ...<\/div>\n<\/p>\n<p style=\"text-align: center;\">\u00a0<strong>Pescador Submarino 2012<\/strong><\/p>\n<table border=\"0\" cellspacing=\"3\" cellpadding=\"3\" align=\"center\">\n<tbody>\n<tr>\n<td align=\"center\" valign=\"top\"><strong>Alexander Ortega\u00a0<strong><img loading=\"lazy\" decoding=\"async\" src=\"http:\/\/es.fifa.com\/imgml\/flags\/s\/ven.gif\" alt=\"chi Eventos\" width=\"19\" height=\"13\" \/><\/strong><\/strong><\/td>\n<\/tr>\n<tr>\n<td align=\"center\" valign=\"top\"><a href=\"http:\/\/www.sportalsub.net\/blog\/2012\/11\/12\/seleccion-peruana-se-titula-campeona-en-pesca-submarina-de-los-i-juegos-bolivarianos-de-playa-lima-2012\" target=\"_blank\" rel=\"noopener noreferrer\"><img loading=\"lazy\" decoding=\"async\" src=\"http:\/\/www.sportalsub.net\/blog\/wp-content\/uploads\/2009\/10\/pescasubven-150x150.jpg\" alt=\"Campeonato Nacional de Pesca Submarina de Venezuela 2009\" width=\"100\" height=\"100\" \/><\/a><\/td>\n<\/tr>\n<\/tbody>\n<\/table>\n<p style=\"text-align: center;\"><div id=\"polls-31\" class=\"wp-polls\">\n\t\t<p style=\"text-align: center\"><strong>Pescador Submarino 2012<\/strong><\/p><div id=\"polls-31-ans\" class=\"wp-polls-ans\"><ul class=\"wp-polls-ul\">\n\t\t<li>Alexander Ortega (Venezuela) <small>(52%, 277 Votos)<\/small><div class=\"wp-polls-bar\" aria-hidden=\"true\"><div class=\"wp-polls-bar-fill\" style=\"width: 52%;\"><\/div><\/div><\/li>\n\t\t<li>Hector Estremadoyro (Per\u00fa) <small>(24%, 127 Votos)<\/small><div class=\"wp-polls-bar\" aria-hidden=\"true\"><div class=\"wp-polls-bar-fill\" style=\"width: 24%;\"><\/div><\/div><\/li>\n\t\t<li>Franco Bosquez (Chile) <small>(12%, 61 Votos)<\/small><div class=\"wp-polls-bar\" aria-hidden=\"true\"><div class=\"wp-polls-bar-fill\" style=\"width: 12%;\"><\/div><\/div><\/li>\n\t\t<li>Santi Lopez Cid (Espa\u00f1a) <small>(8%, 41 Votos)<\/small><div class=\"wp-polls-bar\" aria-hidden=\"true\"><div class=\"wp-polls-bar-fill\" style=\"width: 8%;\"><\/div><\/div><\/li>\n\t\t<li>Antonio Linares (Espa\u00f1a) <small>(4%, 23 Votos)<\/small><div class=\"wp-polls-bar\" aria-hidden=\"true\"><div class=\"wp-polls-bar-fill\" style=\"width: 4%;\"><\/div><\/div><\/li>\n\t\t<\/ul><p style=\"text-align: center\">Votantes: <strong>519<\/strong><\/p><\/div>\n\t\t<input type=\"hidden\" id=\"poll_31_nonce\" name=\"wp-polls-nonce\" value=\"6a3141b33a\" \/>\n<\/div>\n<div id=\"polls-31-loading\" class=\"wp-polls wp-polls-loading\"><span class=\"wp-polls-spinner\" aria-hidden=\"true\"><\/span> Cargando ...<\/div>\n<\/p>\n<p style=\"text-align: center;\"><strong>Equipo de Rugby Subacu\u00e1tico 2012<strong><br \/>\n<\/strong><\/strong><\/p>\n<table border=\"0\" cellspacing=\"3\" cellpadding=\"3\" align=\"center\">\n<tbody>\n<tr>\n<td align=\"center\" valign=\"top\"><strong><strong>Leviatanes Lara\u00a0<strong><img loading=\"lazy\" decoding=\"async\" src=\"http:\/\/es.fifa.com\/imgml\/flags\/s\/ven.gif\" alt=\"chi Eventos\" width=\"19\" height=\"13\" \/><\/strong><\/strong><\/strong><\/td>\n<\/tr>\n<tr>\n<td align=\"center\" valign=\"top\"><a href=\"http:\/\/www.sportalsub.net\/blog\/2012\/10\/27\/club-leviatanes-de-lara-de-venezuela-conquisto-sub-campeonato-en-parada-nacional-interclubes-de-rugby-subacuatico-en-colombia\" target=\"_blank\" rel=\"noopener noreferrer\"><img decoding=\"async\" src=\"http:\/\/www.sportalsub.net\/blog\/wp-content\/uploads\/2012\/10\/leviatanes-150x150.jpg\" alt=\"Club Leviatanes de Lara de Venezuela conquist\u00f3 Sub-campeonato en Parada Nacional Interclubes de Rugby Subacu\u00e1tico en Colombia\" width=\"100\" \/><\/a><\/td>\n<\/tr>\n<\/tbody>\n<\/table>\n<p style=\"text-align: center;\"><div id=\"polls-32\" class=\"wp-polls\">\n\t\t<p style=\"text-align: center\"><strong>Equipo de Rugby Subacu\u00e1tico 2012<\/strong><\/p><div id=\"polls-32-ans\" class=\"wp-polls-ans\"><ul class=\"wp-polls-ul\">\n\t\t<li>Leviatanes de Lara (Venezuela) <small>(31%, 318 Votos)<\/small><div class=\"wp-polls-bar\" aria-hidden=\"true\"><div class=\"wp-polls-bar-fill\" style=\"width: 31%;\"><\/div><\/div><\/li>\n\t\t<li>Orcas de Antioquia (Colombia) <small>(26%, 270 Votos)<\/small><div class=\"wp-polls-bar\" aria-hidden=\"true\"><div class=\"wp-polls-bar-fill\" style=\"width: 26%;\"><\/div><\/div><\/li>\n\t\t<li>Selecci\u00f3n Sub-21 (Colombia) <small>(18%, 184 Votos)<\/small><div class=\"wp-polls-bar\" aria-hidden=\"true\"><div class=\"wp-polls-bar-fill\" style=\"width: 18%;\"><\/div><\/div><\/li>\n\t\t<li>Martillos de Miranda (Venezuela) <small>(13%, 134 Votos)<\/small><div class=\"wp-polls-bar\" aria-hidden=\"true\"><div class=\"wp-polls-bar-fill\" style=\"width: 13%;\"><\/div><\/div><\/li>\n\t\t<li>Quelonios de Cali (Colombia) <small>(12%, 127 Votos)<\/small><div class=\"wp-polls-bar\" aria-hidden=\"true\"><div class=\"wp-polls-bar-fill\" style=\"width: 12%;\"><\/div><\/div><\/li>\n\t\t<\/ul><p style=\"text-align: center\">Votantes: <strong>966<\/strong><\/p><\/div>\n\t\t<input type=\"hidden\" id=\"poll_32_nonce\" name=\"wp-polls-nonce\" value=\"e7b6b1c00d\" \/>\n<\/div>\n<div id=\"polls-32-loading\" class=\"wp-polls wp-polls-loading\"><span class=\"wp-polls-spinner\" aria-hidden=\"true\"><\/span> Cargando ...<\/div>\n<\/p>\n<p style=\"text-align: center;\"><strong>Equipo de Hockey Subacu\u00e1tico 2012<strong><br \/>\n<\/strong><\/strong><\/p>\n<table border=\"0\" cellspacing=\"3\" cellpadding=\"3\" align=\"center\">\n<tbody>\n<tr>\n<td align=\"center\" valign=\"top\"><strong><strong><strong>Aletas Copacabana\u00a0<img loading=\"lazy\" decoding=\"async\" src=\"http:\/\/es.fifa.com\/imgml\/flags\/s\/col.gif\" alt=\"chi Eventos\" width=\"19\" height=\"13\" \/><\/strong><\/strong><\/strong><\/td>\n<\/tr>\n<tr>\n<td align=\"center\" valign=\"top\"><a href=\"http:\/\/www.sportalsub.net\/blog\/2012\/04\/21\/equipo-aletas-copacabana-de-antoquia-colombia-se-titula-campeon-en-campeonato-de-la-costa-atlantica-en-atlanta-usa\" target=\"_blank\" rel=\"noopener noreferrer\"><img decoding=\"async\" src=\"http:\/\/www.sportalsub.net\/blog\/wp-content\/uploads\/2012\/04\/aletas-copacabana-150x150.jpg\" alt=\"Equipo Aletas Copacabana de Antoquia, Colombia se titula Campe\u00f3n en Campeonato de la Costa Atl\u00e1ntica en Atlanta, USA\" width=\"100\" \/><\/a><\/td>\n<\/tr>\n<\/tbody>\n<\/table>\n<p style=\"text-align: center;\"><div id=\"polls-33\" class=\"wp-polls\">\n\t\t<p style=\"text-align: center\"><strong>Equipo de Hockey Subacu\u00e1tico 2012<\/strong><\/p><div id=\"polls-33-ans\" class=\"wp-polls-ans\"><ul class=\"wp-polls-ul\">\n\t\t<li>Aletas Copacabana (Colombia) <small>(39%, 843 Votos)<\/small><div class=\"wp-polls-bar\" aria-hidden=\"true\"><div class=\"wp-polls-bar-fill\" style=\"width: 39%;\"><\/div><\/div><\/li>\n\t\t<li>Anfibios Mendoza (Argentina) <small>(36%, 768 Votos)<\/small><div class=\"wp-polls-bar\" aria-hidden=\"true\"><div class=\"wp-polls-bar-fill\" style=\"width: 36%;\"><\/div><\/div><\/li>\n\t\t<li>Selecci\u00f3n Master (Argentina) <small>(12%, 251 Votos)<\/small><div class=\"wp-polls-bar\" aria-hidden=\"true\"><div class=\"wp-polls-bar-fill\" style=\"width: 12%;\"><\/div><\/div><\/li>\n\t\t<li>Selecci\u00f3n \u00c9lite Masculina (Colombia) <small>(9%, 196 Votos)<\/small><div class=\"wp-polls-bar\" aria-hidden=\"true\"><div class=\"wp-polls-bar-fill\" style=\"width: 9%;\"><\/div><\/div><\/li>\n\t\t<li>Selecci\u00f3n Sub-19 (Colombia) <small>(4%, 90 Votos)<\/small><div class=\"wp-polls-bar\" aria-hidden=\"true\"><div class=\"wp-polls-bar-fill\" style=\"width: 4%;\"><\/div><\/div><\/li>\n\t\t<\/ul><p style=\"text-align: center\">Votantes: <strong>2.097<\/strong><\/p><\/div>\n\t\t<input type=\"hidden\" id=\"poll_33_nonce\" name=\"wp-polls-nonce\" value=\"0623c9b6f6\" \/>\n<\/div>\n<div id=\"polls-33-loading\" class=\"wp-polls wp-polls-loading\"><span class=\"wp-polls-spinner\" aria-hidden=\"true\"><\/span> Cargando ...<\/div>\n<\/p>\n<p style=\"text-align: center;\"><strong>Fotogr\u00e1fo Submarino 2012<strong><br \/>\n<\/strong><\/strong><\/p>\n<table border=\"0\" cellspacing=\"3\" cellpadding=\"3\" align=\"center\">\n<tbody>\n<tr>\n<td align=\"center\" valign=\"top\"><strong>Luis P\u00e9rez Suarez\u00a0<strong><img loading=\"lazy\" decoding=\"async\" src=\"http:\/\/es.fifa.com\/imgml\/flags\/s\/arg.gif\" alt=\"chi Eventos\" width=\"19\" height=\"13\" \/><\/strong><\/strong><\/td>\n<\/tr>\n<tr>\n<td align=\"center\" valign=\"top\"><a href=\"http:\/\/www.sportalsub.net\/blog\/wp-content\/uploads\/2012\/10\/3er-Lugar-Peces-Luis-Per%C3%A9z-Suarez-Argentina.jpg\" target=\"_blank\" rel=\"noopener noreferrer\" target=\"_blank\"><img loading=\"lazy\" decoding=\"async\" src=\"http:\/\/www.sportalsub.net\/blog\/wp-content\/uploads\/2012\/10\/3er-Lugar-Peces-Luis-Per%C3%A9z-Suarez-Argentina-150x150.jpg\" alt=\"3er Lugar Peces Luis Per\u00e9z Suarez Argentina\" width=\"100\" height=\"100\" \/><\/a><\/td>\n<\/tr>\n<\/tbody>\n<\/table>\n<p style=\"text-align: center;\"><div id=\"polls-34\" class=\"wp-polls\">\n\t\t<p style=\"text-align: center\"><strong>Fotogr\u00e1fo Submarino 2012<\/strong><\/p><div id=\"polls-34-ans\" class=\"wp-polls-ans\"><ul class=\"wp-polls-ul\">\n\t\t<li>Luis P\u00e9rez Suarez (Argentina) <small>(42%, 198 Votos)<\/small><div class=\"wp-polls-bar\" aria-hidden=\"true\"><div class=\"wp-polls-bar-fill\" style=\"width: 42%;\"><\/div><\/div><\/li>\n\t\t<li>Valeria Mas (M\u00e9xico) <small>(26%, 126 Votos)<\/small><div class=\"wp-polls-bar\" aria-hidden=\"true\"><div class=\"wp-polls-bar-fill\" style=\"width: 26%;\"><\/div><\/div><\/li>\n\t\t<li>Fernando Olivares (Chile) <small>(13%, 61 Votos)<\/small><div class=\"wp-polls-bar\" aria-hidden=\"true\"><div class=\"wp-polls-bar-fill\" style=\"width: 13%;\"><\/div><\/div><\/li>\n\t\t<li>Jos\u00e9 Ca\u00f1ibano (Cuba) <small>(12%, 58 Votos)<\/small><div class=\"wp-polls-bar\" aria-hidden=\"true\"><div class=\"wp-polls-bar-fill\" style=\"width: 12%;\"><\/div><\/div><\/li>\n\t\t<li>Esteban Tor\u00e9 (Espa\u00f1a) <small>(7%, 34 Votos)<\/small><div class=\"wp-polls-bar\" aria-hidden=\"true\"><div class=\"wp-polls-bar-fill\" style=\"width: 7%;\"><\/div><\/div><\/li>\n\t\t<\/ul><p style=\"text-align: center\">Votantes: <strong>465<\/strong><\/p><\/div>\n\t\t<input type=\"hidden\" id=\"poll_34_nonce\" name=\"wp-polls-nonce\" value=\"2ace7fa89d\" \/>\n<\/div>\n<div id=\"polls-34-loading\" class=\"wp-polls wp-polls-loading\"><span class=\"wp-polls-spinner\" aria-hidden=\"true\"><\/span> Cargando ...<\/div>\n<\/p>\n<p style=\"text-align: center;\"><strong>Buzo de Competici\u00f3n 2012<strong><br \/>\n<\/strong><\/strong><\/p>\n<table border=\"0\" cellspacing=\"3\" cellpadding=\"3\" align=\"center\">\n<tbody>\n<tr>\n<td align=\"center\" valign=\"top\"><strong><strong>Leobardo Morales\u00a0<strong><img loading=\"lazy\" decoding=\"async\" src=\"http:\/\/es.fifa.com\/imgml\/flags\/s\/mex.gif\" alt=\"chi Eventos\" width=\"19\" height=\"13\" \/><\/strong><\/strong><\/strong><\/td>\n<\/tr>\n<tr>\n<td align=\"center\" valign=\"top\">\u00a0<a href=\"http:\/\/www.sportalsub.net\/blog\/2012\/12\/12\/mexicano-leobardo-morales-podria-romper-record-mundial-para-buzo-con-capacidades-diferentes\" target=\"_blank\" rel=\"noopener noreferrer\"><img loading=\"lazy\" decoding=\"async\" src=\"http:\/\/www.sportalsub.net\/blog\/wp-content\/uploads\/2012\/11\/leo_morales-150x150.jpg\" alt=\"Mexicano Leobardo Morales rompe r\u00e9cord mundial para buzo con capacidades diferentes al sumergirse 125 metros\" width=\"100\" height=\"100\" \/><\/a><\/td>\n<\/tr>\n<\/tbody>\n<\/table>\n<p style=\"text-align: center;\"><div id=\"polls-35\" class=\"wp-polls\">\n\t\t<p style=\"text-align: center\"><strong>Buzo de Competici\u00f3n 2012<\/strong><\/p><div id=\"polls-35-ans\" class=\"wp-polls-ans\"><ul class=\"wp-polls-ul\">\n\t\t<li>Leobardo Morales (M\u00e9xico) <small>(59%, 186 Votos)<\/small><div class=\"wp-polls-bar\" aria-hidden=\"true\"><div class=\"wp-polls-bar-fill\" style=\"width: 59%;\"><\/div><\/div><\/li>\n\t\t<li>Angelica Turvelo (Espa\u00f1a) <small>(18%, 56 Votos)<\/small><div class=\"wp-polls-bar\" aria-hidden=\"true\"><div class=\"wp-polls-bar-fill\" style=\"width: 18%;\"><\/div><\/div><\/li>\n\t\t<li>Arturo Gonzalez (Espa\u00f1a) <small>(9%, 29 Votos)<\/small><div class=\"wp-polls-bar\" aria-hidden=\"true\"><div class=\"wp-polls-bar-fill\" style=\"width: 9%;\"><\/div><\/div><\/li>\n\t\t<li>Lucia Mateos (Espa\u00f1a) <small>(9%, 27 Votos)<\/small><div class=\"wp-polls-bar\" aria-hidden=\"true\"><div class=\"wp-polls-bar-fill\" style=\"width: 9%;\"><\/div><\/div><\/li>\n\t\t<li>Javier Lopez (Espa\u00f1a) <small>(6%, 18 Votos)<\/small><div class=\"wp-polls-bar\" aria-hidden=\"true\"><div class=\"wp-polls-bar-fill\" style=\"width: 6%;\"><\/div><\/div><\/li>\n\t\t<\/ul><p style=\"text-align: center\">Votantes: <strong>283<\/strong><\/p><\/div>\n\t\t<input type=\"hidden\" id=\"poll_35_nonce\" name=\"wp-polls-nonce\" value=\"5bd1883d3e\" \/>\n<\/div>\n<div id=\"polls-35-loading\" class=\"wp-polls wp-polls-loading\"><span class=\"wp-polls-spinner\" aria-hidden=\"true\"><\/span> Cargando ...<\/div>\n<\/p>\n<p style=\"text-align: center;\"><div id=\"polls-36\" class=\"wp-polls\">\n\t\t<p style=\"text-align: center\"><strong>Modalidad Subacu\u00e1tica 2012<\/strong><\/p><div id=\"polls-36-ans\" class=\"wp-polls-ans\"><ul class=\"wp-polls-ul\">\n\t\t<li>Apnea <small>(27%, 292 Votos)<\/small><div class=\"wp-polls-bar\" aria-hidden=\"true\"><div class=\"wp-polls-bar-fill\" style=\"width: 27%;\"><\/div><\/div><\/li>\n\t\t<li>Nataci\u00f3n con Aletas <small>(27%, 289 Votos)<\/small><div class=\"wp-polls-bar\" aria-hidden=\"true\"><div class=\"wp-polls-bar-fill\" style=\"width: 27%;\"><\/div><\/div><\/li>\n\t\t<li>Hockey Subacu\u00e1tico <small>(25%, 274 Votos)<\/small><div class=\"wp-polls-bar\" aria-hidden=\"true\"><div class=\"wp-polls-bar-fill\" style=\"width: 25%;\"><\/div><\/div><\/li>\n\t\t<li>Rugby Subacu\u00e1tico <small>(12%, 131 Votos)<\/small><div class=\"wp-polls-bar\" aria-hidden=\"true\"><div class=\"wp-polls-bar-fill\" style=\"width: 12%;\"><\/div><\/div><\/li>\n\t\t<li>Buceo <small>(4%, 47 Votos)<\/small><div class=\"wp-polls-bar\" aria-hidden=\"true\"><div class=\"wp-polls-bar-fill\" style=\"width: 4%;\"><\/div><\/div><\/li>\n\t\t<li>Fotograf\u00eda Submarina <small>(3%, 28 Votos)<\/small><div class=\"wp-polls-bar\" aria-hidden=\"true\"><div class=\"wp-polls-bar-fill\" style=\"width: 3%;\"><\/div><\/div><\/li>\n\t\t<li>Pesca Submarina <small>(1%, 16 Votos)<\/small><div class=\"wp-polls-bar\" aria-hidden=\"true\"><div class=\"wp-polls-bar-fill\" style=\"width: 1%;\"><\/div><\/div><\/li>\n\t\t<\/ul><p style=\"text-align: center\">Votantes: <strong>1.037<\/strong><\/p><\/div>\n\t\t<input type=\"hidden\" id=\"poll_36_nonce\" name=\"wp-polls-nonce\" value=\"3dc4fdb1ca\" \/>\n<\/div>\n<div id=\"polls-36-loading\" class=\"wp-polls wp-polls-loading\"><span class=\"wp-polls-spinner\" aria-hidden=\"true\"><\/span> Cargando ...<\/div>\n<\/p>\n<p style=\"text-align: center;\"><div id=\"polls-37\" class=\"wp-polls\">\n\t\t<p style=\"text-align: center\"><strong>Pa\u00eds Subacu\u00e1tico 2012<\/strong><\/p><div id=\"polls-37-ans\" class=\"wp-polls-ans\"><ul class=\"wp-polls-ul\">\n\t\t<li>Colombia <small>(39%, 585 Votos)<\/small><div class=\"wp-polls-bar\" aria-hidden=\"true\"><div class=\"wp-polls-bar-fill\" style=\"width: 39%;\"><\/div><\/div><\/li>\n\t\t<li>Venezuela <small>(23%, 338 Votos)<\/small><div class=\"wp-polls-bar\" aria-hidden=\"true\"><div class=\"wp-polls-bar-fill\" style=\"width: 23%;\"><\/div><\/div><\/li>\n\t\t<li>Argentina <small>(18%, 263 Votos)<\/small><div class=\"wp-polls-bar\" aria-hidden=\"true\"><div class=\"wp-polls-bar-fill\" style=\"width: 18%;\"><\/div><\/div><\/li>\n\t\t<li>M\u00e9xico <small>(8%, 114 Votos)<\/small><div class=\"wp-polls-bar\" aria-hidden=\"true\"><div class=\"wp-polls-bar-fill\" style=\"width: 8%;\"><\/div><\/div><\/li>\n\t\t<li>Per\u00fa <small>(7%, 111 Votos)<\/small><div class=\"wp-polls-bar\" aria-hidden=\"true\"><div class=\"wp-polls-bar-fill\" style=\"width: 7%;\"><\/div><\/div><\/li>\n\t\t<li>Ecuador <small>(3%, 38 Votos)<\/small><div class=\"wp-polls-bar\" aria-hidden=\"true\"><div class=\"wp-polls-bar-fill\" style=\"width: 3%;\"><\/div><\/div><\/li>\n\t\t<li>Chile <small>(2%, 23 Votos)<\/small><div class=\"wp-polls-bar\" aria-hidden=\"true\"><div class=\"wp-polls-bar-fill\" style=\"width: 2%;\"><\/div><\/div><\/li>\n\t\t<li>Espa\u00f1a <small>(1%, 21 Votos)<\/small><div class=\"wp-polls-bar\" aria-hidden=\"true\"><div class=\"wp-polls-bar-fill\" style=\"width: 1%;\"><\/div><\/div><\/li>\n\t\t<li>Brasil <small>(0%, 1 Votos)<\/small><div class=\"wp-polls-bar\" aria-hidden=\"true\"><div class=\"wp-polls-bar-fill\" style=\"width: 0%;\"><\/div><\/div><\/li>\n\t\t<li>Cuba <small>(0%, 1 Votos)<\/small><div class=\"wp-polls-bar\" aria-hidden=\"true\"><div class=\"wp-polls-bar-fill\" style=\"width: 0%;\"><\/div><\/div><\/li>\n\t\t<\/ul><p style=\"text-align: center\">Votantes: <strong>1.488<\/strong><\/p><\/div>\n\t\t<input type=\"hidden\" id=\"poll_37_nonce\" name=\"wp-polls-nonce\" value=\"5b16d96c99\" \/>\n<\/div>\n<div id=\"polls-37-loading\" class=\"wp-polls wp-polls-loading\"><span class=\"wp-polls-spinner\" aria-hidden=\"true\"><\/span> Cargando ...<\/div>\n<\/p>\n<p style=\"text-align: center;\"><strong>Resultados y Ganadores Premios \u00abSer Subacuatico\u00bb 2011<\/strong><\/p>\n<p>&nbsp;<\/p>\n<p style=\"text-align: center;\"><img decoding=\"async\" src=\"http:\/\/www.sportalsub.net\/blog\/wp-content\/uploads\/2012\/01\/ganadores-sersubacuatico2011.jpg\" alt=\"\" \/><\/p>\n<p>&nbsp;<\/p>\n<p>Publicado por:<\/p>\n<p><img decoding=\"async\" title=\"miguel\" src=\"http:\/\/www.sportalsub.net\/blog\/wp-content\/uploads\/2012\/05\/miguel-150x150.jpg\" alt=\"\" width=\"80\" \/><\/p>\n<p><strong>Miguel Alberto Cede\u00f1o Ortiz (Venezuela)\u00a0<strong><img loading=\"lazy\" decoding=\"async\" src=\"http:\/\/es.fifa.com\/imgml\/flags\/s\/ven.gif\" alt=\"chi Eventos\" width=\"19\" height=\"13\" \/><br \/>\n<\/strong><\/strong>Nacido y residenciado en Caracas, Venezuela es el creador, director y editor de Sportalsub.net. Su experiencia como deportista, entrenador, juez y dirigente de las actividades subacu\u00e1ticas le han permitido establecer una red de contactos en todo el mundo para dar a conocer e informar todas las novedades sobre el deporte subacu\u00e1tico en habla hispana.<br \/>\n<strong><strong><a href=\"http:\/\/www.facebook.com\/miguelsportsub\" target=\"_blank\" rel=\"noopener noreferrer\" target=\"_blank\"><img decoding=\"async\" src=\"http:\/\/www.sportalsub.net\/blog\/wp-content\/uploads\/2009\/12\/fb.png\" alt=\"Facebook\" \/><\/a>\u00a0<\/strong><strong><a href=\"http:\/\/www.twitter.com\/miguelsportsub\" target=\"_blank\" rel=\"noopener noreferrer\" target=\"_blank\"><img decoding=\"async\" src=\"http:\/\/www.sportalsub.net\/blog\/wp-content\/uploads\/2009\/12\/twitter.png\" alt=\"Twitter\" \/><\/a><\/strong><\/strong><\/p>\n","protected":false},"excerpt":{"rendered":"<p>(Especial Sportalsub.net) El a\u00f1o 2012 fue otro a\u00f1o de muchos eventos y notables actuaciones de deportistas subacu\u00e1ticos en todo el mundo. Es por ello que para recordar y reconocer a aquellos atletas que destacaron en el deporte subacu\u00e1tico en los pa\u00edses de habla hispana, otorgamos en su segunda edici\u00f3n el premio \u00abSer Subacuatico\u00bb 2012. Esta edici\u00f3n reconoci\u00f3 en diferentes categor\u00edas [&#8230;]<\/p>\n","protected":false},"author":1,"featured_media":14549,"comment_status":"open","ping_status":"closed","sticky":false,"template":"","format":"standard","meta":{"_lmt_disableupdate":"","_lmt_disable":"","_jetpack_newsletter_access":"","_jetpack_dont_email_post_to_subs":false,"_jetpack_newsletter_tier_id":0,"_jetpack_memberships_contains_paywalled_content":false,"_jetpack_feature_clip_id":0,"_jetpack_memberships_contains_paid_content":false,"footnotes":"","jetpack_publicize_message":"Ganadores Premios \"Ser Subacuatico\" 2012 http:\/\/wp.me\/pf9lN-3ME #sersubacuatico","jetpack_publicize_feature_enabled":true,"jetpack_social_post_already_shared":true,"jetpack_social_options":{"image_generator_settings":{"template":"highway","default_image_id":0,"font":"","enabled":false},"version":2},"jetpack_post_was_ever_published":false},"categories":[9,4,101,103,83,3,80,133,97,10,19,2,98,12,119,18,7,256,8],"tags":[],"class_list":["post-14548","post","type-post","status-publish","format-standard","has-post-thumbnail","hentry","category-apnea","category-argentina","category-brasil","category-buceo-deportivo","category-chile","category-colombia","category-cuba","category-destacados-anteriores","category-ecuador","category-espana","category-fotografia-submarina","category-hockey-subacuatico","category-mexico","category-natacion-con-aletas","category-peru","category-pesca-submarina","category-rugby-subacuatico","category-ser-subacuatico-2012","category-venezuela"],"modified_by":"Sportalsub.net","views":5157,"jetpack_publicize_connections":[],"jetpack_sharing_enabled":true,"jetpack_shortlink":"https:\/\/wp.me\/pf9lN-3ME","jetpack_likes_enabled":false,"jetpack-related-posts":[{"id":14423,"url":"https:\/\/www.sportalsub.net\/blog\/premios-ser-subacuatico-2012\/","url_meta":{"origin":14548,"position":0},"title":"\ud83c\udfc6 Nominados a los Premios \u00abSer Subacuatico\u00bb 2012","author":"Sportalsub.net","date":"21 diciembre 2012","format":false,"excerpt":"(Especial Sportalsub.net) El a\u00f1o 2012 fue otro a\u00f1o de muchos eventos y notables actuaciones de deportistas subacu\u00e1ticos en todo el mundo. Es por ello que para recordar y reconocer a aquellos atletas que destacaron en el deporte subacu\u00e1tico en los pa\u00edses de habla hispana, otorgamos en su segunda edici\u00f3n el\u2026","rel":"","context":"En \u00abApnea\u00bb","block_context":{"text":"Apnea","link":"https:\/\/www.sportalsub.net\/blog\/category\/modalidades\/apnea\/"},"img":{"alt_text":"","src":"https:\/\/i0.wp.com\/www.sportalsub.net\/blog\/wp-content\/uploads\/2012\/12\/sersubacuatico2012.jpg?resize=350%2C200&ssl=1","width":350,"height":200,"srcset":"https:\/\/i0.wp.com\/www.sportalsub.net\/blog\/wp-content\/uploads\/2012\/12\/sersubacuatico2012.jpg?resize=350%2C200&ssl=1 1x, https:\/\/i0.wp.com\/www.sportalsub.net\/blog\/wp-content\/uploads\/2012\/12\/sersubacuatico2012.jpg?resize=525%2C300&ssl=1 1.5x"},"classes":[]},{"id":11679,"url":"https:\/\/www.sportalsub.net\/blog\/ganadores-premios-ser-subacuatico-2011\/","url_meta":{"origin":14548,"position":1},"title":"\ud83c\udfc6 Ganadores Premios \u201cSer Subacuatico\u201d 2011","author":"Sportalsub.net","date":"16 enero 2012","format":false,"excerpt":"(Especial Sportalsub.net) El a\u00f1o 2011 fue un a\u00f1o de muchos eventos y notables actuaciones de deportistas subacu\u00e1ticos en todo el mundo. Es por ello que para recordar y reconocer a todas aquellas personas, instituciones y organizaciones que destacaron y contribuyeron a que el deporte subacu\u00e1tico en los pa\u00edses de habla\u2026","rel":"","context":"En \u00abApnea\u00bb","block_context":{"text":"Apnea","link":"https:\/\/www.sportalsub.net\/blog\/category\/modalidades\/apnea\/"},"img":{"alt_text":"","src":"https:\/\/i0.wp.com\/www.sportalsub.net\/blog\/wp-content\/uploads\/2012\/01\/ganadores-sersubacuatico2011.jpg?resize=350%2C200&ssl=1","width":350,"height":200,"srcset":"https:\/\/i0.wp.com\/www.sportalsub.net\/blog\/wp-content\/uploads\/2012\/01\/ganadores-sersubacuatico2011.jpg?resize=350%2C200&ssl=1 1x, https:\/\/i0.wp.com\/www.sportalsub.net\/blog\/wp-content\/uploads\/2012\/01\/ganadores-sersubacuatico2011.jpg?resize=525%2C300&ssl=1 1.5x"},"classes":[]},{"id":14159,"url":"https:\/\/www.sportalsub.net\/blog\/odex-world-underwater-games-2013-juegos-mundiales-subacuaticos-en-australia\/","url_meta":{"origin":14548,"position":2},"title":"\ud83c\udde6\ud83c\uddfa ODEX \/ World Underwater Games 2013 &#8211; Juegos Mundiales Subacu\u00e1ticos en Australia","author":"Sportalsub.net","date":"31 octubre 2012","format":false,"excerpt":"(Especial Sportalsub.net \/ ODEX 2013) Del 7 al 9 de septiembre de 2013 se realizar\u00e1 en el Centro Acu\u00e1tico del Parque Ol\u00edmpico de Sidney, Australia el Festival ODEX 2013. Exposici\u00f3n internacional de buceo y deportes acu\u00e1ticos y subacu\u00e1ticos, que ha tenido como antecedente 2 exitosas ediciones en 2011 y 2012.\u2026","rel":"","context":"En \u00abApnea\u00bb","block_context":{"text":"Apnea","link":"https:\/\/www.sportalsub.net\/blog\/category\/modalidades\/apnea\/"},"img":{"alt_text":"","src":"https:\/\/i0.wp.com\/www.sportalsub.net\/blog\/wp-content\/uploads\/2012\/10\/odex2013.jpg?resize=350%2C200&ssl=1","width":350,"height":200,"srcset":"https:\/\/i0.wp.com\/www.sportalsub.net\/blog\/wp-content\/uploads\/2012\/10\/odex2013.jpg?resize=350%2C200&ssl=1 1x, https:\/\/i0.wp.com\/www.sportalsub.net\/blog\/wp-content\/uploads\/2012\/10\/odex2013.jpg?resize=525%2C300&ssl=1 1.5x"},"classes":[]},{"id":14129,"url":"https:\/\/www.sportalsub.net\/blog\/cuba-sera-sede-del-campeonato-mundial-de-fotografia-submarina-cmas-2013\/","url_meta":{"origin":14548,"position":3},"title":"\ud83c\udde8\ud83c\uddfa Cuba ser\u00e1 sede del Campeonato Mundial de Fotograf\u00eda Submarina CMAS 2013","author":"Sportalsub.net","date":"30 octubre 2012","format":false,"excerpt":"(Especial Sportalsub.net) Gracias a los buenos antecedentes, con la organizaci\u00f3n del reconocido Evento Internacional de Fotograf\u00eda Submarina, que cada a\u00f1o se realiza en Cayo Largo, la Confederaci\u00f3n Mundial de Actividades Subacu\u00e1ticas ha otorgado a Cuba la sede del Campeonato Mundial 2013 de la modalidad, previsto a realizarse del 8 al\u2026","rel":"","context":"En \u00abCuba\u00bb","block_context":{"text":"Cuba","link":"https:\/\/www.sportalsub.net\/blog\/category\/paises\/america\/cuba\/"},"img":{"alt_text":"","src":"https:\/\/i0.wp.com\/www.sportalsub.net\/blog\/wp-content\/uploads\/2012\/10\/mundial-fotosub-cuba2013.jpg?resize=350%2C200&ssl=1","width":350,"height":200,"srcset":"https:\/\/i0.wp.com\/www.sportalsub.net\/blog\/wp-content\/uploads\/2012\/10\/mundial-fotosub-cuba2013.jpg?resize=350%2C200&ssl=1 1x, https:\/\/i0.wp.com\/www.sportalsub.net\/blog\/wp-content\/uploads\/2012\/10\/mundial-fotosub-cuba2013.jpg?resize=525%2C300&ssl=1 1.5x"},"classes":[]},{"id":10316,"url":"https:\/\/www.sportalsub.net\/blog\/cmas-zona-america-realiza-la-propuesta-de-su-calendario-deportivo-2012\/","url_meta":{"origin":14548,"position":4},"title":"\ud83c\udf0e CMAS Zona Am\u00e9rica realiza la propuesta de su Calendario Deportivo 2012","author":"Sportalsub.net","date":"9 agosto 2011","format":false,"excerpt":"(Especial Sportalsub.net \/ CMAS Zona Am\u00e9rica) De manera exclusiva para www.sportalsub.net el Presidente del Comit\u00e9 Deportivo de la CMAS Zona Am\u00e9rica, el cubano Orestes Garc\u00eda nos env\u00eda la propuesta de Calendario de eventos avalados por la Confederaci\u00f3n Mundial de Actividades Subacu\u00e1ticas para la Zona Americana del pr\u00f3ximo a\u00f1o 2012. La\u2026","rel":"","context":"En \u00abApnea\u00bb","block_context":{"text":"Apnea","link":"https:\/\/www.sportalsub.net\/blog\/category\/modalidades\/apnea\/"},"img":{"alt_text":"","src":"https:\/\/i0.wp.com\/www.sportalsub.net\/blog\/wp-content\/uploads\/2011\/08\/cmas-zona-america.jpg?resize=350%2C200&ssl=1","width":350,"height":200,"srcset":"https:\/\/i0.wp.com\/www.sportalsub.net\/blog\/wp-content\/uploads\/2011\/08\/cmas-zona-america.jpg?resize=350%2C200&ssl=1 1x, https:\/\/i0.wp.com\/www.sportalsub.net\/blog\/wp-content\/uploads\/2011\/08\/cmas-zona-america.jpg?resize=525%2C300&ssl=1 1.5x"},"classes":[]},{"id":12776,"url":"https:\/\/www.sportalsub.net\/blog\/actividades-subacuaticas-en-1ros-juegos-nacionales-de-playa-vargas-2012-en-venezuela\/","url_meta":{"origin":14548,"position":5},"title":"\ud83c\uddfb\ud83c\uddea Actividades Subacu\u00e1ticas en 1ros Juegos Nacionales de Playa Vargas 2012 en Venezuela","author":"Sportalsub.net","date":"28 junio 2012","format":false,"excerpt":"(Especial Sportalsub.net \/ FVAS) Luego de un trabajo de varios meses, producto de varias reuniones sostenidas con autoridades del Comit\u00e9 Ol\u00edmpico Venezolano, Ministerio del Poder Popular para el Deporte e Instituto\u00a0de Deporte,\u00a0Actividad F\u00edsica\u00a0y\u00a0Educaci\u00f3n F\u00edsica del Estado Vargas, \u00a0la\u00a0Federaci\u00f3n Venezolana de Actividades Subacu\u00e1ticas se encuentra de j\u00fabilo por la grata noticia\u2026","rel":"","context":"En \u00abApnea\u00bb","block_context":{"text":"Apnea","link":"https:\/\/www.sportalsub.net\/blog\/category\/modalidades\/apnea\/"},"img":{"alt_text":"","src":"https:\/\/i0.wp.com\/www.sportalsub.net\/blog\/wp-content\/uploads\/2012\/06\/juegos-playa-sportalsub1.jpg?resize=350%2C200&ssl=1","width":350,"height":200,"srcset":"https:\/\/i0.wp.com\/www.sportalsub.net\/blog\/wp-content\/uploads\/2012\/06\/juegos-playa-sportalsub1.jpg?resize=350%2C200&ssl=1 1x, https:\/\/i0.wp.com\/www.sportalsub.net\/blog\/wp-content\/uploads\/2012\/06\/juegos-playa-sportalsub1.jpg?resize=525%2C300&ssl=1 1.5x"},"classes":[]}],"jetpack_featured_media_url":"https:\/\/www.sportalsub.net\/blog\/wp-content\/uploads\/2013\/01\/ganadores-sersubacuatico2012.jpg","_links":{"self":[{"href":"https:\/\/www.sportalsub.net\/blog\/wp-json\/wp\/v2\/posts\/14548","targetHints":{"allow":["GET"]}}],"collection":[{"href":"https:\/\/www.sportalsub.net\/blog\/wp-json\/wp\/v2\/posts"}],"about":[{"href":"https:\/\/www.sportalsub.net\/blog\/wp-json\/wp\/v2\/types\/post"}],"author":[{"embeddable":true,"href":"https:\/\/www.sportalsub.net\/blog\/wp-json\/wp\/v2\/users\/1"}],"replies":[{"embeddable":true,"href":"https:\/\/www.sportalsub.net\/blog\/wp-json\/wp\/v2\/comments?post=14548"}],"version-history":[{"count":0,"href":"https:\/\/www.sportalsub.net\/blog\/wp-json\/wp\/v2\/posts\/14548\/revisions"}],"wp:featuredmedia":[{"embeddable":true,"href":"https:\/\/www.sportalsub.net\/blog\/wp-json\/wp\/v2\/media\/14549"}],"wp:attachment":[{"href":"https:\/\/www.sportalsub.net\/blog\/wp-json\/wp\/v2\/media?parent=14548"}],"wp:term":[{"taxonomy":"category","embeddable":true,"href":"https:\/\/www.sportalsub.net\/blog\/wp-json\/wp\/v2\/categories?post=14548"},{"taxonomy":"post_tag","embeddable":true,"href":"https:\/\/www.sportalsub.net\/blog\/wp-json\/wp\/v2\/tags?post=14548"}],"curies":[{"name":"wp","href":"https:\/\/api.w.org\/{rel}","templated":true}]}}