{"id":14554,"date":"2013-01-22T18:32:45","date_gmt":"2013-01-22T23:02:45","guid":{"rendered":"http:\/\/www.sportalsub.net\/blog\/?p=14554"},"modified":"2019-09-01T11:17:30","modified_gmt":"2019-09-01T15:17:30","slug":"colombia-se-prepara-para-recibir-los-world-games-2013-en-cali-natacion-con-aletas-sera-deporte-estelar","status":"publish","type":"post","link":"https:\/\/www.sportalsub.net\/blog\/colombia-se-prepara-para-recibir-los-world-games-2013-en-cali-natacion-con-aletas-sera-deporte-estelar\/","title":{"rendered":"\ud83c\udde8\ud83c\uddf4 Colombia se prepara para recibir los World Games 2013 en Cali. Nataci\u00f3n con Aletas ser\u00e1 deporte estelar"},"content":{"rendered":"<p><a href=\"http:\/\/www.sportalsub.net\/blog\/wp-content\/uploads\/2013\/01\/world-games2013.jpg\" target=\"_blank\"><img loading=\"lazy\" decoding=\"async\" class=\"alignnone size-full wp-image-14555\" src=\"http:\/\/www.sportalsub.net\/blog\/wp-content\/uploads\/2013\/01\/world-games2013.jpg\" alt=\"world-games2013\" width=\"600\" height=\"268\" srcset=\"https:\/\/www.sportalsub.net\/blog\/wp-content\/uploads\/2013\/01\/world-games2013.jpg 600w, https:\/\/www.sportalsub.net\/blog\/wp-content\/uploads\/2013\/01\/world-games2013-300x134.jpg 300w, https:\/\/www.sportalsub.net\/blog\/wp-content\/uploads\/2013\/01\/world-games2013-364x164.jpg 364w\" sizes=\"auto, (max-width: 600px) 100vw, 600px\" \/><\/a><\/p>\n<p>(Especial Sportalsub.net)<\/p>\n<p>Nuevamente, como cada 4 a\u00f1os, la \u00e9lite de la nataci\u00f3n con aletas tendr\u00e1 su m\u00e1xima cita deportiva en la 9na edici\u00f3n de los Juegos Mundiales (World Games), a realizarse en esta ocasi\u00f3n en la ciudad de Cali, Colombia entre el 25 de julio el 4 de agosto 2013. El evento, que se realiza desde 1981, fecha\u00a0en\u00a0la\u00a0que tambi\u00e9n ingres\u00f3 la nataci\u00f3n con aletas,\u00a0agrupa a m\u00e1s de 30 disciplinas deportivas reconocidas por el Comit\u00e9 Ol\u00edmpico Internacional (COI),\u00a0a\u00fan no incluidas en el programa\u00a0de los Juegos Ol\u00edmpicos.<\/p>\n<p>Es por esta raz\u00f3n, que para las <strong>Actividades Subacu\u00e1ticas<\/strong>, en la modalidad de <strong>Nataci\u00f3n con Aletas<\/strong>, as\u00ed como para otros importantes deportes representa la m\u00e1xima cita deportiva mundial, en\u00a0la cual se re\u00fanen actividades como:\u00a0 Gimnasia Acrob\u00e1tica y Aer\u00f3bica, Deportes sobre patines (hockey, velocidad, art\u00edstico), K\u00e1rate, Escalada, Deportes A\u00e9reos, Billar, Bowling, Fisicoculturismo, entre otros deportes reconocidos por el COI, pero que a\u00fan esperan por un cupo en la m\u00e1xima deportiva mundial.<\/p>\n<p>Sin embargo, podr\u00eda decirse que los World Games, representan los Juegos Ol\u00edmpicos de \u00e9stas modalidades que ofrecen adem\u00e1s, un gran atractivo visual para todos los espectadores, por la caracter\u00edsticas de los deportes incluidos en este evento\u00a0y que cada vez cobran m\u00e1s fuerza, gracias a la globalizaci\u00f3n, promoci\u00f3n y crecimiento\u00a0que han tenido en los \u00faltimos a\u00f1os.<\/p>\n<p>La Nataci\u00f3n con aletas, volver\u00e1 a reunir\u00a0a los 12 mejores atletas del mundo en las pruebas individuales de 50 mts apnea, 100 mts superficie, 200 mts superficie, 400 mts superficie, as\u00ed como los 8 mejores equipos de relevos 4x100mts superficie, del ranking establecido por la CMAS hasta el \u00faltimo evento internacional del a\u00f1o anterior (2012)\u00a0en categor\u00edas femenina y masculina.<\/p>\n<p><strong>Colombia presente en World Games 2013<\/strong><br \/>\nEn la edici\u00f3n 2013 de los World Games, Colombia tendr\u00e1 participaci\u00f3n individual con la presencia de los atletas<strong> Victoria P\u00e9rez<\/strong>\u00a0(quien asiste por segunda ocasi\u00f3n, ya que estuvo en la edici\u00f3n de Taiwan 2009) y <strong>Mauricio Fern\u00e1ndez,<\/strong>\u00a0ambos clasificados en los 50 metros apnea. Igualmente Colombia estar\u00e1 compitiendo en los relevos 4&#215;100 superficie tanto femenino como masculino. Las competencias se realizar\u00e1n los d\u00edas 26 y 27 de julio<\/p>\n<p><img decoding=\"async\" src=\"https:\/\/fbcdn-sphotos-a-a.akamaihd.net\/hphotos-ak-snc7\/378495_10151525860676562_110807235_n.jpg\" alt=\"\" height=\"385\" \/><img decoding=\"async\" src=\"https:\/\/fbcdn-sphotos-h-a.akamaihd.net\/hphotos-ak-ash3\/643897_10152227178100475_248086878_n.jpg\" alt=\"\" width=\"300\" \/><br \/>\nVictoria P\u00e9rez y Mauricio Fern\u00e1ndez representar\u00e1n a Colombia en esta cita deportiva mundial.<\/p>\n<p>As\u00ed mismo, los principales exponentes de la disciplina, Campeones y Recordistas mundiales de pa\u00edses como Rusia, China, Italia, Estonia, Francia, Grecia, Hungr\u00eda, Ucrania, Corea, Bielorrusa, China Taipei y Alemania estar\u00e1n presentes<\/p>\n<p>Esperemos que esta nueva edici\u00f3n de los World Games logre una gran importancia a nivel medi\u00e1tico y que a nivel deportivo sirva de mayor promoci\u00f3n para la nataci\u00f3n con aletas,\u00a0disciplina subacu\u00e1tica que cada vez cobra m\u00e1s importancia y desarrollo a nivel mundial, y que a\u00fan sigue su camino para ser reconocida en muchos pa\u00edses donde ya se practica y que por ser considerada un deporte no ol\u00edmpico,\u00a0\u00a0no ha contado con el suficiente apoyo en las estructuras\u00a0deportivas\u00a0oficiales, lo cual a\u00fan no le ha permitido desarrollarse en muchos programas de Juegos Nacionales, incluirse en ciclos ol\u00edmpicos continentales y que a\u00fan sue\u00f1a con estar presente en la mayor cita deportiva mundial, los Juegos Ol\u00edmpicos. La nataci\u00f3n con aletas, tiene su ciclo deportivo del m\u00e1s alto rendimiento, con su presencia en los World Games cada 4 a\u00f1os.<\/p>\n<p><strong>Video promocional nataci\u00f3n con aletas World Games 2013<\/strong><\/p>\n<p><iframe loading=\"lazy\" src=\"http:\/\/www.youtube.com\/embed\/JRM-FnARgo4\" width=\"600\" height=\"450\" frameborder=\"0\" allowfullscreen=\"allowfullscreen\"><\/iframe><\/p>\n<p><strong>Video promocional World Games 2013<\/strong><\/p>\n<p><iframe loading=\"lazy\" src=\"http:\/\/www.youtube.com\/embed\/yE8fA6FU42U\" width=\"600\" height=\"338\" frameborder=\"0\" allowfullscreen=\"allowfullscreen\"><\/iframe><\/p>\n<p><strong>M\u00e1s Informaci\u00f3n:<\/strong><\/p>\n<p><strong><a href=\"http:\/\/worldgames2013.com.co\/disciplinas\/vanguardia\/natacion-con-aletas\" target=\"_blank\" rel=\"noopener noreferrer\" target=\"_blank\">Sitio Oficial Nataci\u00f3n con aletas de los World Games 2013<\/a><\/strong><\/p>\n<p><strong><a href=\"http:\/\/www.finswimmer.com\/wp-content\/uploads\/2012\/12\/Worls_Games_M.pdf\" target=\"_blank\" rel=\"noopener noreferrer\" target=\"_blank\">Listado de Clasificados Masculinos<\/a>\u00a0Fuente: Finswimmer.com<\/strong><\/p>\n<p><strong><a href=\"http:\/\/www.finswimmer.com\/wp-content\/uploads\/2012\/12\/World_Games_W.pdf\" target=\"_blank\" rel=\"noopener noreferrer\" target=\"_blank\">Listado de Clasificados Femeninos<\/a>\u00a0Fuente: Finswimmer.com<\/strong><\/p>\n<p><strong><a href=\"http:\/\/www.sportalsub.net\/blog\/category\/coberturas-especiales\/world-games-2009\" target=\"_blank\" rel=\"noopener noreferrer\">Cobertura de Sportalsub.net World Games 2009<\/a><\/strong><\/p>\n<p>Publicado por:<\/p>\n<p><img decoding=\"async\" title=\"miguel\" src=\"http:\/\/www.sportalsub.net\/blog\/wp-content\/uploads\/2012\/05\/miguel-150x150.jpg\" alt=\"\" width=\"80\" \/><\/p>\n<p><strong>Miguel Alberto Cede\u00f1o Ortiz (Venezuela)\u00a0<strong><img loading=\"lazy\" decoding=\"async\" src=\"http:\/\/es.fifa.com\/imgml\/flags\/s\/ven.gif\" alt=\"chi Eventos\" width=\"19\" height=\"13\" \/><br \/>\n<\/strong><\/strong>Nacido y residenciado en Caracas, Venezuela es el creador, director y editor de Sportalsub.net. Su experiencia como deportista, entrenador, juez y dirigente de las actividades subacu\u00e1ticas le han permitido establecer una red de contactos en todo el mundo para dar a conocer e informar todas las novedades sobre el deporte subacu\u00e1tico en habla hispana.<br \/>\n<strong><strong><a href=\"http:\/\/www.facebook.com\/miguelsportsub\" target=\"_blank\" rel=\"noopener noreferrer\" target=\"_blank\"><img decoding=\"async\" src=\"http:\/\/www.sportalsub.net\/blog\/wp-content\/uploads\/2009\/12\/fb.png\" alt=\"Facebook\" \/><\/a>\u00a0<\/strong><strong><a href=\"http:\/\/www.twitter.com\/miguelsportsub\" target=\"_blank\" rel=\"noopener noreferrer\" target=\"_blank\"><img decoding=\"async\" src=\"http:\/\/www.sportalsub.net\/blog\/wp-content\/uploads\/2009\/12\/twitter.png\" alt=\"Twitter\" \/><\/a><\/strong><\/strong><\/p>\n","protected":false},"excerpt":{"rendered":"<p>(Especial Sportalsub.net) Nuevamente, como cada 4 a\u00f1os, la \u00e9lite de la nataci\u00f3n con aletas tendr\u00e1 su m\u00e1xima cita deportiva en la 9na edici\u00f3n de los Juegos Mundiales (World Games), a realizarse en esta ocasi\u00f3n en la ciudad de Cali, Colombia entre el 25 de julio el 4 de agosto 2013. El evento, que se realiza desde 1981, fecha\u00a0en\u00a0la\u00a0que tambi\u00e9n ingres\u00f3 [&#8230;]<\/p>\n","protected":false},"author":1,"featured_media":14555,"comment_status":"open","ping_status":"closed","sticky":false,"template":"","format":"standard","meta":{"_lmt_disableupdate":"","_lmt_disable":"","jetpack_post_was_ever_published":false,"_jetpack_newsletter_access":"","_jetpack_dont_email_post_to_subs":false,"_jetpack_newsletter_tier_id":0,"_jetpack_memberships_contains_paywalled_content":false,"_jetpack_memberships_contains_paid_content":false,"footnotes":"","jetpack_publicize_message":"","jetpack_publicize_feature_enabled":true,"jetpack_social_post_already_shared":true,"jetpack_social_options":{"image_generator_settings":{"template":"highway","default_image_id":0,"font":"","enabled":false},"version":2}},"categories":[3,133,12,258],"tags":[],"class_list":["post-14554","post","type-post","status-publish","format-standard","has-post-thumbnail","hentry","category-colombia","category-destacados-anteriores","category-natacion-con-aletas","category-world-games-2013"],"modified_by":"Sportalsub.net","views":5247,"jetpack_publicize_connections":[],"jetpack_featured_media_url":"https:\/\/www.sportalsub.net\/blog\/wp-content\/uploads\/2013\/01\/world-games2013.jpg","jetpack_sharing_enabled":true,"jetpack_shortlink":"https:\/\/wp.me\/pf9lN-3MK","jetpack_likes_enabled":false,"jetpack-related-posts":[{"id":15673,"url":"https:\/\/www.sportalsub.net\/blog\/todo-listo-para-iniciar-la-natacion-con-aletas-en-los-world-games-cali-2013\/","url_meta":{"origin":14554,"position":0},"title":"\ud83c\udde8\ud83c\uddf4 Todo listo para iniciar la Nataci\u00f3n con Aletas en los World Games Cali 2013","author":"Sportalsub.net","date":"25 julio 2013","format":false,"excerpt":"(Especial Sportalsub.net \/\u00a0\u00a0World Games Cali 2013) Este jueves 25 de julio en horas de la noche se realizar\u00e1 la ceremonia inaugural y este viernes 26 dar\u00e1n inicio las competencias de Nataci\u00f3n con Aletas en los Juegos Mundiales (World Games) Cali 2013. En la jornada del viernes 26 se realizar\u00e1n las\u2026","rel":"","context":"En \u00abColombia\u00bb","block_context":{"text":"Colombia","link":"https:\/\/www.sportalsub.net\/blog\/category\/paises\/america\/colombia\/"},"img":{"alt_text":"","src":"https:\/\/i0.wp.com\/www.sportalsub.net\/blog\/wp-content\/uploads\/2013\/07\/wordlgames.jpg?resize=350%2C200&ssl=1","width":350,"height":200,"srcset":"https:\/\/i0.wp.com\/www.sportalsub.net\/blog\/wp-content\/uploads\/2013\/07\/wordlgames.jpg?resize=350%2C200&ssl=1 1x, https:\/\/i0.wp.com\/www.sportalsub.net\/blog\/wp-content\/uploads\/2013\/07\/wordlgames.jpg?resize=525%2C300&ssl=1 1.5x"},"classes":[]},{"id":2221,"url":"https:\/\/www.sportalsub.net\/blog\/mejores-nadadores-con-aletas-del-mundo-estaran-en-world-games-2009\/","url_meta":{"origin":14554,"position":1},"title":"\ud83c\uddf9\ud83c\uddfc Mejores Nadadores con Aletas del Mundo estar\u00e1n en World Games 2009","author":"Sportalsub.net","date":"29 mayo 2009","format":false,"excerpt":"(Viernes 29 de Mayo 2009 - Especial Sportalsub.net) Nuevamente, como cada 4 a\u00f1os, la \u00e9lite de la nataci\u00f3n con aletas tendr\u00e1 su m\u00e1xima cita deportiva en la 8va edici\u00f3n de los World Games, a realizarse en esta ocasi\u00f3n en la ciudad de Kaohsiung, China Taipei (Taiwan) entre el 16 y\u2026","rel":"","context":"En \u00abChina Taipei\u00bb","block_context":{"text":"China Taipei","link":"https:\/\/www.sportalsub.net\/blog\/category\/paises\/asia\/china-taipei\/"},"img":{"alt_text":"","src":"https:\/\/i0.wp.com\/www.sportalsub.net\/blog\/wp-content\/uploads\/2009\/05\/artpic_fin.jpg?resize=350%2C200&ssl=1","width":350,"height":200,"srcset":"https:\/\/i0.wp.com\/www.sportalsub.net\/blog\/wp-content\/uploads\/2009\/05\/artpic_fin.jpg?resize=350%2C200&ssl=1 1x, https:\/\/i0.wp.com\/www.sportalsub.net\/blog\/wp-content\/uploads\/2009\/05\/artpic_fin.jpg?resize=525%2C300&ssl=1 1.5x"},"classes":[]},{"id":15260,"url":"https:\/\/www.sportalsub.net\/blog\/natacion-con-aletas-esperanza-colombiana-en-los-juegos-mundiales-2013-video-instinto-natural\/","url_meta":{"origin":14554,"position":2},"title":"\ud83c\udde8\ud83c\uddf4 Nataci\u00f3n con Aletas, esperanza colombiana en Los Juegos Mundiales 2013 + VIDEO, Instinto Natural","author":"Sportalsub.net","date":"19 mayo 2013","format":false,"excerpt":"(Especial Sportalsub.net \/ World Games Cali 2013) Mauricio Fern\u00e1ndez, Alix Victoria P\u00e9rez, Grace Fern\u00e1ndez, adem\u00e1s de los relevos masculino y femenino, son la esperanza para Colombia en las competencias de Nataci\u00f3n con Aletas, que se llevar\u00e1n a cabo durante Los Juegos Mundiales 2013 Cali; As\u00ed lo hizo saber, el presidente\u2026","rel":"","context":"En \u00abColombia\u00bb","block_context":{"text":"Colombia","link":"https:\/\/www.sportalsub.net\/blog\/category\/paises\/america\/colombia\/"},"img":{"alt_text":"","src":"https:\/\/i0.wp.com\/www.sportalsub.net\/blog\/wp-content\/uploads\/2013\/05\/colombia-juegos-mundiales.jpg?resize=350%2C200&ssl=1","width":350,"height":200},"classes":[]},{"id":15713,"url":"https:\/\/www.sportalsub.net\/blog\/seleccion-colombia-de-natacion-con-aletas-a-confirmar-su-nivel-en-los-cmas-games-kazan-2013\/","url_meta":{"origin":14554,"position":3},"title":"\ud83c\udde8\ud83c\uddf4 Selecci\u00f3n Colombia de Nataci\u00f3n con Aletas a confirmar su nivel en los CMAS Games Kazan 2013","author":"Sportalsub.net","date":"30 julio 2013","format":false,"excerpt":"(Especial Sportalsub.net \/ FEDECAS) Luego de la excelente actuaci\u00f3n en la que obtuvieron 3 medallas (1 de plata y 3 de bronce) y un nuevo r\u00e9cord mundial (para Mauricio Fern\u00e1ndez en los 50 apnea con 13.89), en las pruebas de nataci\u00f3n con aletas de los Juegos Mundiales World Games 2013\u2026","rel":"","context":"En \u00abCMAS Games 2013\u00bb","block_context":{"text":"CMAS Games 2013","link":"https:\/\/www.sportalsub.net\/blog\/category\/coberturas-especiales\/cmas-games-2013\/"},"img":{"alt_text":"","src":"https:\/\/i0.wp.com\/www.sportalsub.net\/blog\/wp-content\/uploads\/2013\/07\/colombia-francia-2013.jpg?resize=350%2C200&ssl=1","width":350,"height":200,"srcset":"https:\/\/i0.wp.com\/www.sportalsub.net\/blog\/wp-content\/uploads\/2013\/07\/colombia-francia-2013.jpg?resize=350%2C200&ssl=1 1x, https:\/\/i0.wp.com\/www.sportalsub.net\/blog\/wp-content\/uploads\/2013\/07\/colombia-francia-2013.jpg?resize=525%2C300&ssl=1 1.5x, https:\/\/i0.wp.com\/www.sportalsub.net\/blog\/wp-content\/uploads\/2013\/07\/colombia-francia-2013.jpg?resize=700%2C400&ssl=1 2x"},"classes":[]},{"id":14850,"url":"https:\/\/www.sportalsub.net\/blog\/caen-varias-marcas-nacionales-en-campeonato-nacional-interclubes-2013-de-natacion-con-aletas-en-colombia\/","url_meta":{"origin":14554,"position":4},"title":"\ud83c\udde8\ud83c\uddf4 Caen varias marcas nacionales en Campeonato Nacional Interclubes 2013 de Nataci\u00f3n con Aletas en Colombia","author":"Sportalsub.net","date":"27 marzo 2013","format":false,"excerpt":"(Especial Sportalsub.net \/ FEDECAS \/ Club Trydente \/ World Games) Del 22 al 26 de marzo Cali disfrut\u00f3 del Campeonato Nacional Interclubes de Nataci\u00f3n con Aletas de Colombia, en las piscinas Alberto Galindo, en el encuentro participaron 20 clubes del pa\u00eds, entre los deportistas m\u00e1s destacados se encuentran nadadores ya\u2026","rel":"","context":"En \u00abColombia\u00bb","block_context":{"text":"Colombia","link":"https:\/\/www.sportalsub.net\/blog\/category\/paises\/america\/colombia\/"},"img":{"alt_text":"","src":"https:\/\/i0.wp.com\/www.sportalsub.net\/blog\/wp-content\/uploads\/2013\/03\/resultados-nadosub-trydente-2013.jpg?resize=350%2C200&ssl=1","width":350,"height":200,"srcset":"https:\/\/i0.wp.com\/www.sportalsub.net\/blog\/wp-content\/uploads\/2013\/03\/resultados-nadosub-trydente-2013.jpg?resize=350%2C200&ssl=1 1x, https:\/\/i0.wp.com\/www.sportalsub.net\/blog\/wp-content\/uploads\/2013\/03\/resultados-nadosub-trydente-2013.jpg?resize=525%2C300&ssl=1 1.5x"},"classes":[]},{"id":15706,"url":"https:\/\/www.sportalsub.net\/blog\/finaliza-la-natacion-con-aletas-en-los-world-games-cali-2013-con-3-medallas-para-colombia-resultados-y-videos\/","url_meta":{"origin":14554,"position":5},"title":"\ud83c\udde8\ud83c\uddf4 Finaliza la Nataci\u00f3n con Aletas en los World Games Cali 2013 con 3 medallas para Colombia + Resultados y videos","author":"Sportalsub.net","date":"28 julio 2013","format":false,"excerpt":"(Especial Sportalsub.net \/ World Games Cali 2013.\u00a0Foto y Videos: Fabio Delgado) Este s\u00e1bado 27 de julio en horas de la noche se realizaron las pruebas finales de 100 superficie femenino, 200 superficie masculino, 400 superficie femenino, 50 apnea masculino y 4 x 100 superficie masculino de la nataci\u00f3n con aletas\u2026","rel":"","context":"En \u00abAlemania\u00bb","block_context":{"text":"Alemania","link":"https:\/\/www.sportalsub.net\/blog\/category\/paises\/europa\/alemania\/"},"img":{"alt_text":"","src":"https:\/\/i0.wp.com\/www.sportalsub.net\/blog\/wp-content\/uploads\/2013\/07\/worldgames-colombia.jpg?resize=350%2C200&ssl=1","width":350,"height":200,"srcset":"https:\/\/i0.wp.com\/www.sportalsub.net\/blog\/wp-content\/uploads\/2013\/07\/worldgames-colombia.jpg?resize=350%2C200&ssl=1 1x, https:\/\/i0.wp.com\/www.sportalsub.net\/blog\/wp-content\/uploads\/2013\/07\/worldgames-colombia.jpg?resize=525%2C300&ssl=1 1.5x"},"classes":[]}],"_links":{"self":[{"href":"https:\/\/www.sportalsub.net\/blog\/wp-json\/wp\/v2\/posts\/14554","targetHints":{"allow":["GET"]}}],"collection":[{"href":"https:\/\/www.sportalsub.net\/blog\/wp-json\/wp\/v2\/posts"}],"about":[{"href":"https:\/\/www.sportalsub.net\/blog\/wp-json\/wp\/v2\/types\/post"}],"author":[{"embeddable":true,"href":"https:\/\/www.sportalsub.net\/blog\/wp-json\/wp\/v2\/users\/1"}],"replies":[{"embeddable":true,"href":"https:\/\/www.sportalsub.net\/blog\/wp-json\/wp\/v2\/comments?post=14554"}],"version-history":[{"count":0,"href":"https:\/\/www.sportalsub.net\/blog\/wp-json\/wp\/v2\/posts\/14554\/revisions"}],"wp:featuredmedia":[{"embeddable":true,"href":"https:\/\/www.sportalsub.net\/blog\/wp-json\/wp\/v2\/media\/14555"}],"wp:attachment":[{"href":"https:\/\/www.sportalsub.net\/blog\/wp-json\/wp\/v2\/media?parent=14554"}],"wp:term":[{"taxonomy":"category","embeddable":true,"href":"https:\/\/www.sportalsub.net\/blog\/wp-json\/wp\/v2\/categories?post=14554"},{"taxonomy":"post_tag","embeddable":true,"href":"https:\/\/www.sportalsub.net\/blog\/wp-json\/wp\/v2\/tags?post=14554"}],"curies":[{"name":"wp","href":"https:\/\/api.w.org\/{rel}","templated":true}]}}