{"id":14899,"date":"2013-03-29T13:49:57","date_gmt":"2013-03-29T18:19:57","guid":{"rendered":"http:\/\/www.sportalsub.net\/blog\/?p=14899"},"modified":"2019-09-01T11:17:12","modified_gmt":"2019-09-01T15:17:12","slug":"el-hockey-subacuatico-colombiano-continua-su-preparacion-durante-la-semana-mayor","status":"publish","type":"post","link":"https:\/\/www.sportalsub.net\/blog\/el-hockey-subacuatico-colombiano-continua-su-preparacion-durante-la-semana-mayor\/","title":{"rendered":"\ud83c\udde8\ud83c\uddf4 El Hockey Subacu\u00e1tico colombiano contin\u00faa su preparaci\u00f3n durante la Semana Mayor"},"content":{"rendered":"<p><a href=\"http:\/\/www.sportalsub.net\/blog\/wp-content\/uploads\/2013\/03\/hockeysub-colombia.jpg\" target=\"_blank\"><img loading=\"lazy\" decoding=\"async\" class=\"alignnone size-full wp-image-14901\" src=\"http:\/\/www.sportalsub.net\/blog\/wp-content\/uploads\/2013\/03\/hockeysub-colombia.jpg\" alt=\"hockeysub-colombia\" width=\"314\" height=\"211\" srcset=\"https:\/\/www.sportalsub.net\/blog\/wp-content\/uploads\/2013\/03\/hockeysub-colombia.jpg 314w, https:\/\/www.sportalsub.net\/blog\/wp-content\/uploads\/2013\/03\/hockeysub-colombia-300x202.jpg 300w, https:\/\/www.sportalsub.net\/blog\/wp-content\/uploads\/2013\/03\/hockeysub-colombia-177x118.jpg 177w\" sizes=\"auto, (max-width: 314px) 100vw, 314px\" \/><\/a><\/p>\n<p>(Especial Sportalsub.net \/ AHOSUB)<\/p>\n<p>Los entrenadores de las Selecciones Colombia de hockey subacu\u00e1tico llevan a cabo el segundo chequeo de deportistas durante Semana Santa, con el objetivo de definir quienes participar\u00e1n en el Mundial de Hungr\u00eda que se realizar\u00e1 en agosto de este a\u00f1o.<\/p>\n<p>Del jueves 28 de marzo al s\u00e1bado 30, los ocho estrategas se\u00a0re\u00fanen\u00a0en el Complejo Acu\u00e1tico de Medell\u00edn con los hockistas que trabajan por hacer parte de los representativos nacionales. Los deportistas realizan trabajos de acondicionamiento f\u00edsico y de preparaci\u00f3n t\u00e1ctica y estrat\u00e9gica.<\/p>\n<p>\u201cEl objetivo es pulir las habilidades de cada jugador y empezar a definir qui\u00e9nes quedar\u00e1n dentro de la selecci\u00f3n y quienes no\u201d, afirma Sebasti\u00e1n Lugo, entrenador de la Selecci\u00f3n sub 19 Femenina.<\/p>\n<p>Son aproximadamente 80 deportistas, de las categor\u00edas sub 19, sub 23, \u00e9lite y m\u00e1ster, tanto en hombres como en mujeres, los que juegan por un cupo en las Selecciones Colombia que representar\u00e1n al pa\u00eds en el mundial de la disciplina que se llevar\u00e1 a cabo en Eger, Hungr\u00eda del 23 de agosto al 1 de septiembre.<\/p>\n<p>Las actividades se realizan de 9:00 de la ma\u00f1ana a 5:00 de la tarde los tres d\u00edas.<\/p>\n<p><strong>Entrenadores<\/strong><br \/>\nCarlos Osorio \u2013 M\u00e1ster Open<br \/>\nTania Rivero \u2013 M\u00e1ster Femenina<br \/>\nAndr\u00e9s Garc\u00eda \u2013 \u00c9lite Open<br \/>\nFelipe D\u00edaz \u2013 \u00c9lite Femenina<br \/>\nC\u00e9sar L\u00f3pez \u2013 Sub 23 Open<br \/>\nSergio Castrill\u00f3n \u2013 Sub 23 Femenina<br \/>\nAlexander Salazar \u2013 Sub 19 Open<br \/>\nSebasti\u00e1n Lugo \u2013 Sub 19 Femenina<\/p>\n<p><strong>Fuente: <a href=\"http:\/\/ahosub.webnode.es\/products\/el-hockey-subacuatico-continua-su-preparacion-durante-la-semana-mayor\/\" target=\"_blank\" rel=\"noopener noreferrer\" target=\"_blank\">AHOSUB<\/a><\/strong><\/p>\n<p><strong>Publicado por:<\/strong><\/p>\n<p><img loading=\"lazy\" decoding=\"async\" title=\"miguel\" src=\"http:\/\/www.sportalsub.net\/blog\/wp-content\/uploads\/2012\/05\/miguel-150x150.jpg\" alt=\"\" width=\"80\" height=\"80\" \/><\/p>\n<p><strong>Miguel Alberto Cede\u00f1o Ortiz (Venezuela)\u00a0<strong><img loading=\"lazy\" decoding=\"async\" src=\"http:\/\/es.fifa.com\/imgml\/flags\/s\/ven.gif\" alt=\"chi Eventos\" width=\"19\" height=\"13\" \/><br \/>\n<\/strong><\/strong>Nacido y residenciado en Caracas, Venezuela es el creador, director y editor de Sportalsub.net. Su experiencia como deportista, entrenador, juez y dirigente de las actividades subacu\u00e1ticas le han permitido establecer una red de contactos en todo el mundo para dar a conocer e informar todas las novedades sobre el deporte subacu\u00e1tico en habla hispana.<br \/>\n<strong><strong><a href=\"http:\/\/www.facebook.com\/miguelsportsub\" target=\"_blank\" rel=\"noopener noreferrer\" target=\"_blank\"><img decoding=\"async\" src=\"http:\/\/www.sportalsub.net\/blog\/wp-content\/uploads\/2009\/12\/fb.png\" alt=\"Facebook\" \/><\/a>\u00a0<\/strong><strong><a href=\"http:\/\/www.twitter.com\/miguelsportsub\" target=\"_blank\" rel=\"noopener noreferrer\" target=\"_blank\"><img decoding=\"async\" src=\"http:\/\/www.sportalsub.net\/blog\/wp-content\/uploads\/2009\/12\/twitter.png\" alt=\"Twitter\" \/><\/a><\/strong><\/strong><\/p>\n","protected":false},"excerpt":{"rendered":"<p>(Especial Sportalsub.net \/ AHOSUB) Los entrenadores de las Selecciones Colombia de hockey subacu\u00e1tico llevan a cabo el segundo chequeo de deportistas durante Semana Santa, con el objetivo de definir quienes participar\u00e1n en el Mundial de Hungr\u00eda que se realizar\u00e1 en agosto de este a\u00f1o. Del jueves 28 de marzo al s\u00e1bado 30, los ocho estrategas se\u00a0re\u00fanen\u00a0en el Complejo Acu\u00e1tico de [&#8230;]<\/p>\n","protected":false},"author":1,"featured_media":14901,"comment_status":"open","ping_status":"closed","sticky":false,"template":"","format":"standard","meta":{"_lmt_disableupdate":"","_lmt_disable":"","jetpack_post_was_ever_published":false,"_jetpack_newsletter_access":"","_jetpack_dont_email_post_to_subs":false,"_jetpack_newsletter_tier_id":0,"_jetpack_memberships_contains_paywalled_content":false,"_jetpack_memberships_contains_paid_content":false,"footnotes":"","jetpack_publicize_message":"","jetpack_publicize_feature_enabled":true,"jetpack_social_post_already_shared":true,"jetpack_social_options":{"image_generator_settings":{"template":"highway","default_image_id":0,"font":"","enabled":false},"version":2}},"categories":[3,2,254],"tags":[],"class_list":["post-14899","post","type-post","status-publish","format-standard","has-post-thumbnail","hentry","category-colombia","category-hockey-subacuatico","category-mundial-hockeysub-cmas-hungria-2013"],"modified_by":"Sportalsub.net","views":2469,"jetpack_publicize_connections":[],"jetpack_featured_media_url":"https:\/\/www.sportalsub.net\/blog\/wp-content\/uploads\/2013\/03\/hockeysub-colombia.jpg","jetpack_sharing_enabled":true,"jetpack_shortlink":"https:\/\/wp.me\/pf9lN-3Sj","jetpack_likes_enabled":false,"jetpack-related-posts":[{"id":14535,"url":"https:\/\/www.sportalsub.net\/blog\/torneo-3vs3-de-hockey-subacuatico-en-medellin-colombia-con-participacion-argentina\/","url_meta":{"origin":14899,"position":0},"title":"\ud83c\udde8\ud83c\uddf4 Torneo 3vs3 de hockey subacu\u00e1tico en Medell\u00edn, Colombia con participaci\u00f3n Argentina","author":"Sportalsub.net","date":"17 enero 2013","format":false,"excerpt":"(Especial Sportalsub.net \/ AHOSUB Colombia) Delegaciones argentinas presentes en Medell\u00edn para su pretemporada. Este fin de semana se realizaran encuentros de Hockey Subacu\u00e1tico en la modalidad 3x3. El Club Anfibios de Argentina es el invitado especial a este encuentro. El certamen da inicio al proceso de preparaci\u00f3n de las Selecciones\u2026","rel":"","context":"En \u00abArgentina\u00bb","block_context":{"text":"Argentina","link":"https:\/\/www.sportalsub.net\/blog\/category\/paises\/america\/argentina\/"},"img":{"alt_text":"","src":"https:\/\/i0.wp.com\/www.sportalsub.net\/blog\/wp-content\/uploads\/2013\/01\/hockeysub-medellin-2013.jpg?resize=350%2C200&ssl=1","width":350,"height":200,"srcset":"https:\/\/i0.wp.com\/www.sportalsub.net\/blog\/wp-content\/uploads\/2013\/01\/hockeysub-medellin-2013.jpg?resize=350%2C200&ssl=1 1x, https:\/\/i0.wp.com\/www.sportalsub.net\/blog\/wp-content\/uploads\/2013\/01\/hockeysub-medellin-2013.jpg?resize=525%2C300&ssl=1 1.5x"},"classes":[]},{"id":25142,"url":"https:\/\/www.sportalsub.net\/blog\/sebastian-lugo-colombia-hockeysub-argentina","url_meta":{"origin":14899,"position":1},"title":"\ud83c\udde6\ud83c\uddf7 Sebasti\u00e1n Lugo de Colombia har\u00e1 parte del proceso de las Selecciones Argentinas de Hockey Subacu\u00e1tico","author":"Sportalsub.net","date":"9 octubre 2016","format":false,"excerpt":"(Sportalsub.net \/ El Estuche \/ AHSA) Sebasti\u00e1n Lugo, quien por casi 10 a\u00f1os ha sido entrenador del Club Cardumen de Actividades Subacu\u00e1ticas en Colombia, se suma este fin de semana al equipo de entrenadores que dirigir\u00e1 a las Selecciones Argentina con miras al Mundial Juvenil de 2017 en Australia y\u2026","rel":"","context":"En \u00abArgentina\u00bb","block_context":{"text":"Argentina","link":"https:\/\/www.sportalsub.net\/blog\/category\/paises\/america\/argentina\/"},"img":{"alt_text":"","src":"https:\/\/i0.wp.com\/www.sportalsub.net\/blog\/wp-content\/uploads\/2016\/10\/sebastianlugo1.jpg?resize=350%2C200&ssl=1","width":350,"height":200,"srcset":"https:\/\/i0.wp.com\/www.sportalsub.net\/blog\/wp-content\/uploads\/2016\/10\/sebastianlugo1.jpg?resize=350%2C200&ssl=1 1x, https:\/\/i0.wp.com\/www.sportalsub.net\/blog\/wp-content\/uploads\/2016\/10\/sebastianlugo1.jpg?resize=525%2C300&ssl=1 1.5x, https:\/\/i0.wp.com\/www.sportalsub.net\/blog\/wp-content\/uploads\/2016\/10\/sebastianlugo1.jpg?resize=700%2C400&ssl=1 2x, https:\/\/i0.wp.com\/www.sportalsub.net\/blog\/wp-content\/uploads\/2016\/10\/sebastianlugo1.jpg?resize=1050%2C600&ssl=1 3x, https:\/\/i0.wp.com\/www.sportalsub.net\/blog\/wp-content\/uploads\/2016\/10\/sebastianlugo1.jpg?resize=1400%2C800&ssl=1 4x"},"classes":[]},{"id":15819,"url":"https:\/\/www.sportalsub.net\/blog\/colombia-asistira-con-8-equipos-al-campeonato-mundial-de-hockey-subacuatico-2013-en-hungria-video\/","url_meta":{"origin":14899,"position":2},"title":"\ud83c\udde8\ud83c\uddf4 Colombia asistir\u00e1 con 8 equipos al Campeonato Mundial de Hockey Subacu\u00e1tico 2013 en Hungr\u00eda + VIDEOS","author":"Sportalsub.net","date":"14 agosto 2013","format":false,"excerpt":"(Especial Sportalsub.net \/ AHOSUB \/ Foto: Camilo D\u00edaz) Este viernes inicia el viaje de los deportistas que representar\u00e1n a Colombia en el Campeonato Mundial de Hockey Subacu\u00e1tico que se realizar\u00e1 en Eger, Hungr\u00eda, entre el 21 de agosto y el 1 de septiembre. Son 97 deportistas los que conforman las\u2026","rel":"","context":"En \u00abColombia\u00bb","block_context":{"text":"Colombia","link":"https:\/\/www.sportalsub.net\/blog\/category\/paises\/america\/colombia\/"},"img":{"alt_text":"","src":"https:\/\/i0.wp.com\/www.sportalsub.net\/blog\/wp-content\/uploads\/2013\/08\/hockeysub-colombia.jpg?resize=350%2C200&ssl=1","width":350,"height":200,"srcset":"https:\/\/i0.wp.com\/www.sportalsub.net\/blog\/wp-content\/uploads\/2013\/08\/hockeysub-colombia.jpg?resize=350%2C200&ssl=1 1x, https:\/\/i0.wp.com\/www.sportalsub.net\/blog\/wp-content\/uploads\/2013\/08\/hockeysub-colombia.jpg?resize=525%2C300&ssl=1 1.5x"},"classes":[]},{"id":15660,"url":"https:\/\/www.sportalsub.net\/blog\/presentacion-de-seleccionados-argentinos-de-hockey-subacuatico-al-campeonato-mundial-hungria-2013\/","url_meta":{"origin":14899,"position":3},"title":"\ud83c\udde6\ud83c\uddf7 Presentaci\u00f3n de Seleccionados Argentinos de Hockey Subacu\u00e1tico al Campeonato Mundial Hungr\u00eda 2013","author":"Sportalsub.net","date":"19 julio 2013","format":false,"excerpt":"(Especial Sportalsub.net \/ AHSA) La Asociaci\u00f3n de Hockey Subacu\u00e1tico de Argentina presenta los Seleccionados que estar\u00e1n participando en el 18vo Campeonato Mundial CMAS de Hockey Subacu\u00e1tico a realizarse del 23 de agosto al 1ro de septiembre de 2013 en Eger, Hungr\u00eda. Argentina participar\u00e1 con 4 equipos: \u00c9lite Masculino, Master Masculino,\u2026","rel":"","context":"En \u00abArgentina\u00bb","block_context":{"text":"Argentina","link":"https:\/\/www.sportalsub.net\/blog\/category\/paises\/america\/argentina\/"},"img":{"alt_text":"","src":"https:\/\/i0.wp.com\/www.sportalsub.net\/blog\/wp-content\/uploads\/2013\/07\/aregentina-hockeysub.jpg?resize=350%2C200&ssl=1","width":350,"height":200,"srcset":"https:\/\/i0.wp.com\/www.sportalsub.net\/blog\/wp-content\/uploads\/2013\/07\/aregentina-hockeysub.jpg?resize=350%2C200&ssl=1 1x, https:\/\/i0.wp.com\/www.sportalsub.net\/blog\/wp-content\/uploads\/2013\/07\/aregentina-hockeysub.jpg?resize=525%2C300&ssl=1 1.5x, https:\/\/i0.wp.com\/www.sportalsub.net\/blog\/wp-content\/uploads\/2013\/07\/aregentina-hockeysub.jpg?resize=700%2C400&ssl=1 2x"},"classes":[]},{"id":21461,"url":"https:\/\/www.sportalsub.net\/blog\/hockeysub-colombia-espana-2015","url_meta":{"origin":14899,"position":4},"title":"\ud83c\udde8\ud83c\uddf4 Colombia quiere repetir t\u00edtulo en el Mundial Juvenil de Hockey Subacu\u00e1tico en Espa\u00f1a","author":"Sportalsub.net","date":"22 julio 2015","format":false,"excerpt":"(Sportalsub.net \/ Hockey Subacu\u00e1tico Colombia) Del 6 al 15 de agosto se llevar\u00e1 a cabo el Mundial Juvenil de hockey subacu\u00e1tico.\u00a0Cuatro equipos viajar\u00e1n para representar al pa\u00eds en el torneo que se realizar\u00e1 en Castell\u00f3n de la Plana, Espa\u00f1a.\u00a0La Selecci\u00f3n sub 19 masculina buscar\u00e1 ganar nuevamente el primer lugar en\u2026","rel":"","context":"En \u00abColombia\u00bb","block_context":{"text":"Colombia","link":"https:\/\/www.sportalsub.net\/blog\/category\/paises\/america\/colombia\/"},"img":{"alt_text":"","src":"https:\/\/i0.wp.com\/www.sportalsub.net\/blog\/wp-content\/uploads\/2015\/07\/colombiahockey1.jpg?resize=350%2C200&ssl=1","width":350,"height":200,"srcset":"https:\/\/i0.wp.com\/www.sportalsub.net\/blog\/wp-content\/uploads\/2015\/07\/colombiahockey1.jpg?resize=350%2C200&ssl=1 1x, https:\/\/i0.wp.com\/www.sportalsub.net\/blog\/wp-content\/uploads\/2015\/07\/colombiahockey1.jpg?resize=525%2C300&ssl=1 1.5x, https:\/\/i0.wp.com\/www.sportalsub.net\/blog\/wp-content\/uploads\/2015\/07\/colombiahockey1.jpg?resize=700%2C400&ssl=1 2x, https:\/\/i0.wp.com\/www.sportalsub.net\/blog\/wp-content\/uploads\/2015\/07\/colombiahockey1.jpg?resize=1050%2C600&ssl=1 3x, https:\/\/i0.wp.com\/www.sportalsub.net\/blog\/wp-content\/uploads\/2015\/07\/colombiahockey1.jpg?resize=1400%2C800&ssl=1 4x"},"classes":[]},{"id":14408,"url":"https:\/\/www.sportalsub.net\/blog\/colombia-campeon-de-america-en-hockey-subacuatico\/","url_meta":{"origin":14899,"position":5},"title":"\ud83c\udde8\ud83c\uddf4 Colombia, Campe\u00f3n de Am\u00e9rica en Hockey Subacu\u00e1tico","author":"Sportalsub.net","date":"21 agosto 2012","format":false,"excerpt":"(Especial Sportalsub.net \/ AHOSUB) Medell\u00edn, 20 de agosto de 2012. Mejor no puede ser el balance para las Selecciones Colombia de Hockey Subacu\u00e1tico que participaron en la Copa\u00a0Am\u00e9rica\u00a0de la disciplina que se llev\u00f3 a cabo en Wisconsin, Estados Unidos entre el 7 y el 11 de agosto. La delegaci\u00f3n colombiana\u2026","rel":"","context":"En \u00abAmericas Cup Hockeysub 2012\u00bb","block_context":{"text":"Americas Cup Hockeysub 2012","link":"https:\/\/www.sportalsub.net\/blog\/category\/coberturas-especiales\/americas-cup-hockeysub-2012\/"},"img":{"alt_text":"copa-america-hockeysub","src":"https:\/\/i0.wp.com\/www.sportalsub.net\/blog\/wp-content\/uploads\/2012\/08\/copa-america-hockeysub.jpg?resize=350%2C200","width":350,"height":200},"classes":[]}],"_links":{"self":[{"href":"https:\/\/www.sportalsub.net\/blog\/wp-json\/wp\/v2\/posts\/14899","targetHints":{"allow":["GET"]}}],"collection":[{"href":"https:\/\/www.sportalsub.net\/blog\/wp-json\/wp\/v2\/posts"}],"about":[{"href":"https:\/\/www.sportalsub.net\/blog\/wp-json\/wp\/v2\/types\/post"}],"author":[{"embeddable":true,"href":"https:\/\/www.sportalsub.net\/blog\/wp-json\/wp\/v2\/users\/1"}],"replies":[{"embeddable":true,"href":"https:\/\/www.sportalsub.net\/blog\/wp-json\/wp\/v2\/comments?post=14899"}],"version-history":[{"count":0,"href":"https:\/\/www.sportalsub.net\/blog\/wp-json\/wp\/v2\/posts\/14899\/revisions"}],"wp:featuredmedia":[{"embeddable":true,"href":"https:\/\/www.sportalsub.net\/blog\/wp-json\/wp\/v2\/media\/14901"}],"wp:attachment":[{"href":"https:\/\/www.sportalsub.net\/blog\/wp-json\/wp\/v2\/media?parent=14899"}],"wp:term":[{"taxonomy":"category","embeddable":true,"href":"https:\/\/www.sportalsub.net\/blog\/wp-json\/wp\/v2\/categories?post=14899"},{"taxonomy":"post_tag","embeddable":true,"href":"https:\/\/www.sportalsub.net\/blog\/wp-json\/wp\/v2\/tags?post=14899"}],"curies":[{"name":"wp","href":"https:\/\/api.w.org\/{rel}","templated":true}]}}