{"id":15322,"date":"2013-05-23T20:50:25","date_gmt":"2013-05-24T01:20:25","guid":{"rendered":"http:\/\/www.sportalsub.net\/blog\/?p=15322"},"modified":"2019-08-31T20:56:48","modified_gmt":"2019-09-01T00:56:48","slug":"dos-records-colombia-y-uno-para-mexico-en-el-inicio-de-caribbean-cup-2013-de-apnea-en-roatan-honduras","status":"publish","type":"post","link":"https:\/\/www.sportalsub.net\/blog\/dos-records-colombia-y-uno-para-mexico-en-el-inicio-de-caribbean-cup-2013-de-apnea-en-roatan-honduras\/","title":{"rendered":"\ud83c\udded\ud83c\uddf3 Dos R\u00e9cords para Colombia y Uno para M\u00e9xico en el inicio de la \u00abCaribbean Cup 2013\u00bb de Apnea en Roatan, Honduras"},"content":{"rendered":"<p><a href=\"http:\/\/www.sportalsub.net\/blog\/wp-content\/uploads\/2013\/05\/caribbean_cup_sportalsub_dia2.jpg\" target=\"_blank\"><img loading=\"lazy\" decoding=\"async\" class=\"alignnone size-full wp-image-15323\" src=\"http:\/\/www.sportalsub.net\/blog\/wp-content\/uploads\/2013\/05\/caribbean_cup_sportalsub_dia2.jpg\" alt=\"caribbean_cup_sportalsub_dia2\" width=\"600\" height=\"268\" srcset=\"https:\/\/www.sportalsub.net\/blog\/wp-content\/uploads\/2013\/05\/caribbean_cup_sportalsub_dia2.jpg 600w, https:\/\/www.sportalsub.net\/blog\/wp-content\/uploads\/2013\/05\/caribbean_cup_sportalsub_dia2-300x134.jpg 300w, https:\/\/www.sportalsub.net\/blog\/wp-content\/uploads\/2013\/05\/caribbean_cup_sportalsub_dia2-364x164.jpg 364w\" sizes=\"auto, (max-width: 600px) 100vw, 600px\" \/><\/a><\/p>\n<p>(Especial Sportalsub.net \/ Caribbean Cup)<\/p>\n<p>Este 23 de mayo inici\u00f3 la primera gran competencia de apnea de profundidad del a\u00f1o en aguas del mar caribe, con la realizaci\u00f3n de la \u00a0\u201cCaribbean Cup 2013\u2033 Roatan Freediving Competition, evento organizado por el grupo Inner Sea y avalado por la Asociaci\u00f3n Internacional para el Desarrollo de la Apnea (AIDA).<\/p>\n<p>La competencia cuenta con la participaci\u00f3n de grandes figuras de la apnea a nivel mundial y con la participaci\u00f3n de los m\u00e1s destacados apneistas latinoamericanos, que participan en el evento.<\/p>\n<p>En la primera jornada de esta Copa, destacaron con nuevos r\u00e9cords nacionales, los apneistas latinoamericanos:<\/p>\n<p><img decoding=\"async\" src=\"http:\/\/es.fifa.com\/imgml\/flags\/s\/col.gif\" alt=\"chi Eventos\" \/><strong>\u00a0Sof\u00eda G\u00f3mez Uribe<\/strong>\u00a0(Colombia) 32 mts en Peso Constante sin Aletas<\/p>\n<p><img decoding=\"async\" src=\"http:\/\/es.fifa.com\/imgml\/flags\/s\/col.gif\" alt=\"chi Eventos\" \/>\u00a0<strong>Carlos Correa<\/strong>\u00a0(Colombia) 55 mts en Inmersi\u00f3n Libre<\/p>\n<p><img decoding=\"async\" src=\"http:\/\/es.fifa.com\/imgml\/flags\/s\/mex.gif\" alt=\"chi Eventos\" \/>\u00a0<strong>Alejandro Lemus<\/strong>\u00a0(M\u00e9xico) 67 mts en Inmersi\u00f3n Libre<\/p>\n<p>Por su parte,<strong> Iru Balic de Venezuela y Daniel Arias de Chile<\/strong>, cumplieron con \u00e9xito con sus marcas propuestas<\/p>\n<p><strong>Resultados de la Jornada 1. Jueves 23 de mayo<\/strong><\/p>\n<p><a href=\"https:\/\/fbcdn-sphotos-h-a.akamaihd.net\/hphotos-ak-ash3\/943258_4976466849700_497807997_n.jpg\" target=\"_blank\"><img decoding=\"async\" src=\"https:\/\/fbcdn-sphotos-h-a.akamaihd.net\/hphotos-ak-frc3\/981892_4976466849700_497807997_o.jpg\" alt=\"\" width=\"600\" \/><\/a><\/p>\n<p>&nbsp;<\/p>\n<p>Este viernes 24 de mayo se realizar\u00e1 la 2da jornada, con los siguientes anuncios, en donde entrar\u00e1n en acci\u00f3n el venezolano <strong>Carlos Coste<\/strong>, as\u00ed como Iru Balic, quien ir\u00e1 por un nuevo r\u00e9cord nacional en la modalidad de inmersi\u00f3n libre, con anuncio de 54 metros. Alejandro Lemus de M\u00e9xico tambi\u00e9n intentar\u00e1 el r\u00e9cord de su pa\u00eds en la misma modalidad.<\/p>\n<p><a href=\"https:\/\/fbcdn-sphotos-e-a.akamaihd.net\/hphotos-ak-ash4\/481716_4976476849950_1834338185_n.jpg\" target=\"_blank\"><img decoding=\"async\" src=\"https:\/\/fbcdn-sphotos-e-a.akamaihd.net\/hphotos-ak-ash4\/481716_4976476849950_1834338185_n.jpg\" alt=\"\" width=\"600\" \/><\/a><\/p>\n<p>&nbsp;<\/p>\n<p><strong>Sportalsub.net<\/strong>\u00a0estar\u00e1 siguiendo todos los detalles del evento, impulsando como siempre estas excelentes iniciativas que promueven el desarrollo y crecimiento del #sersubacuatico, sobre todo en nuestros pa\u00edses de habla hispana. Gracias a Gaby Contreras,\u00a0Esteban\u00a0Darhanpe, Carlos Correa e Iru Balic, por la informaci\u00f3n que nos env\u00edan directamente desde Roatan.<\/p>\n<p>M\u00e1s informaci\u00f3n:<\/p>\n<p><strong><img decoding=\"async\" src=\"http:\/\/www.sportalsub.net\/blog\/wp-content\/uploads\/2009\/12\/fb.png\" alt=\"Facebook\" \/>\u00a0<a href=\"https:\/\/www.facebook.com\/events\/387302101364925\/\" target=\"_blank\" rel=\"noopener noreferrer\" target=\"_blank\">P\u00e1gina Evento en Facebook<\/a><\/strong><\/p>\n<p><img decoding=\"async\" src=\"https:\/\/fbcdn-sphotos-c-a.akamaihd.net\/hphotos-ak-prn1\/69689_10151468291976201_411804_n.jpg\" alt=\"\" width=\"600\" \/><\/p>\n<p><strong>Publicado por:<\/strong><\/p>\n<p><img loading=\"lazy\" decoding=\"async\" title=\"miguel\" src=\"http:\/\/www.sportalsub.net\/blog\/wp-content\/uploads\/2012\/05\/miguel-150x150.jpg\" alt=\"\" width=\"80\" height=\"80\" \/><\/p>\n<p><strong>Miguel Alberto Cede\u00f1o Ortiz (Venezuela)\u00a0<strong><img loading=\"lazy\" decoding=\"async\" src=\"http:\/\/es.fifa.com\/imgml\/flags\/s\/ven.gif\" alt=\"chi Eventos\" width=\"19\" height=\"13\" \/><br \/>\n<\/strong><\/strong>Nacido y residenciado en Caracas, Venezuela es el creador, director y editor de Sportalsub.net. Su experiencia como deportista, entrenador, juez y dirigente de las actividades subacu\u00e1ticas le han permitido establecer una red de contactos en todo el mundo para dar a conocer e informar todas las novedades sobre el deporte subacu\u00e1tico en habla hispana.<br \/>\n<strong><strong><a href=\"http:\/\/www.facebook.com\/miguelsportsub\" target=\"_blank\" rel=\"noopener noreferrer\" target=\"_blank\"><img decoding=\"async\" src=\"http:\/\/www.sportalsub.net\/blog\/wp-content\/uploads\/2009\/12\/fb.png\" alt=\"Facebook\" \/><\/a>\u00a0<\/strong><strong><a href=\"http:\/\/www.twitter.com\/miguelsportsub\" target=\"_blank\" rel=\"noopener noreferrer\" target=\"_blank\"><img decoding=\"async\" src=\"http:\/\/www.sportalsub.net\/blog\/wp-content\/uploads\/2009\/12\/twitter.png\" alt=\"Twitter\" \/><\/a><\/strong><\/strong><\/p>\n","protected":false},"excerpt":{"rendered":"<p>(Especial Sportalsub.net \/ Caribbean Cup) Este 23 de mayo inici\u00f3 la primera gran competencia de apnea de profundidad del a\u00f1o en aguas del mar caribe, con la realizaci\u00f3n de la \u00a0\u201cCaribbean Cup 2013\u2033 Roatan Freediving Competition, evento organizado por el grupo Inner Sea y avalado por la Asociaci\u00f3n Internacional para el Desarrollo de la Apnea (AIDA). La competencia cuenta con [&#8230;]<\/p>\n","protected":false},"author":1,"featured_media":15323,"comment_status":"open","ping_status":"closed","sticky":false,"template":"","format":"standard","meta":{"_lmt_disableupdate":"","_lmt_disable":"","jetpack_post_was_ever_published":false,"_jetpack_newsletter_access":"","_jetpack_dont_email_post_to_subs":false,"_jetpack_newsletter_tier_id":0,"_jetpack_memberships_contains_paywalled_content":false,"_jetpack_memberships_contains_paid_content":false,"footnotes":"","jetpack_publicize_message":"","jetpack_publicize_feature_enabled":true,"jetpack_social_post_already_shared":true,"jetpack_social_options":{"image_generator_settings":{"template":"highway","default_image_id":0,"font":"","enabled":false},"version":2}},"categories":[9,264,83,3,133,265,98,50,120,8],"tags":[],"class_list":["post-15322","post","type-post","status-publish","format-standard","has-post-thumbnail","hentry","category-apnea","category-caribbean-cup-roatan-2013","category-chile","category-colombia","category-destacados-anteriores","category-honduras","category-mexico","category-records","category-resultados","category-venezuela"],"modified_by":"Sportalsub.net","views":3426,"jetpack_publicize_connections":[],"jetpack_featured_media_url":"https:\/\/www.sportalsub.net\/blog\/wp-content\/uploads\/2013\/05\/caribbean_cup_sportalsub_dia2.jpg","jetpack_sharing_enabled":true,"jetpack_shortlink":"https:\/\/wp.me\/pf9lN-3Z8","jetpack_likes_enabled":false,"jetpack-related-posts":[{"id":15343,"url":"https:\/\/www.sportalsub.net\/blog\/otra-jornada-de-records-para-latinoamerica-en-la-caribbean-cup-2013-de-apnea-en-roatan-honduras\/","url_meta":{"origin":15322,"position":0},"title":"\ud83c\udded\ud83c\uddf3 Otra jornada de R\u00e9cords para Latinoam\u00e9rica en la \u00abCaribbean Cup 2013\u00bb de Apnea en Roatan, Honduras","author":"Sportalsub.net","date":"25 mayo 2013","format":false,"excerpt":"(Especial Sportalsub.net \/ Caribbean Cup) Este s\u00e1bado 25 de mayo se realiz\u00f3 la 3ra jornada de la competencia de apnea de profundidad \u201cCaribbean Cup 2013\u2033 Roatan Freediving Competition, evento que se lleva a cabo en Roatan, Honduras, organizado por el grupo Inner Sea y avalado por la Asociaci\u00f3n Internacional para\u2026","rel":"","context":"En \u00abApnea\u00bb","block_context":{"text":"Apnea","link":"https:\/\/www.sportalsub.net\/blog\/category\/modalidades\/apnea\/"},"img":{"alt_text":"","src":"https:\/\/i0.wp.com\/www.sportalsub.net\/blog\/wp-content\/uploads\/2013\/05\/caribbean_cup_sportalsub_dia4.jpg?resize=350%2C200&ssl=1","width":350,"height":200,"srcset":"https:\/\/i0.wp.com\/www.sportalsub.net\/blog\/wp-content\/uploads\/2013\/05\/caribbean_cup_sportalsub_dia4.jpg?resize=350%2C200&ssl=1 1x, https:\/\/i0.wp.com\/www.sportalsub.net\/blog\/wp-content\/uploads\/2013\/05\/caribbean_cup_sportalsub_dia4.jpg?resize=525%2C300&ssl=1 1.5x"},"classes":[]},{"id":15359,"url":"https:\/\/www.sportalsub.net\/blog\/dos-nuevos-records-para-colombia-y-uno-para-mexico-en-penultima-jornada-de-la-caribbean-cup-2013-de-apnea-en-roatan-honduras\/","url_meta":{"origin":15322,"position":1},"title":"\ud83c\udded\ud83c\uddf3 Dos Nuevos R\u00e9cords para Colombia y uno para M\u00e9xico en pen\u00faltima jornada de la \u00abCaribbean Cup 2013\u00bb de Apnea en Roatan, Honduras","author":"Sportalsub.net","date":"29 mayo 2013","format":false,"excerpt":"(Especial Sportalsub.net \/ Caribbean Cup) Este martes 28 de mayo se realiz\u00f3 la 5ta jornada de la competencia de apnea de profundidad \u201cCaribbean Cup 2013\u2033 Roatan Freediving Competition, evento que se lleva a cabo en Roatan, Honduras, organizado por el grupo Inner Sea y avalado por la Asociaci\u00f3n Internacional para\u2026","rel":"","context":"En \u00abApnea\u00bb","block_context":{"text":"Apnea","link":"https:\/\/www.sportalsub.net\/blog\/category\/modalidades\/apnea\/"},"img":{"alt_text":"","src":"https:\/\/i0.wp.com\/www.sportalsub.net\/blog\/wp-content\/uploads\/2013\/05\/caribbean_cup_sportalsub_dia6.jpg?resize=350%2C200&ssl=1","width":350,"height":200,"srcset":"https:\/\/i0.wp.com\/www.sportalsub.net\/blog\/wp-content\/uploads\/2013\/05\/caribbean_cup_sportalsub_dia6.jpg?resize=350%2C200&ssl=1 1x, https:\/\/i0.wp.com\/www.sportalsub.net\/blog\/wp-content\/uploads\/2013\/05\/caribbean_cup_sportalsub_dia6.jpg?resize=525%2C300&ssl=1 1.5x"},"classes":[]},{"id":15352,"url":"https:\/\/www.sportalsub.net\/blog\/continuan-los-records-en-la-caribbean-cup-2013-de-apnea-en-roatan-honduras\/","url_meta":{"origin":15322,"position":2},"title":"\ud83c\udded\ud83c\uddf3 Contin\u00faan los R\u00e9cords en la \u00abCaribbean Cup 2013\u00bb de Apnea en Roatan, Honduras","author":"Sportalsub.net","date":"28 mayo 2013","format":false,"excerpt":"(Especial Sportalsub.net \/ Caribbean Cup) Este lunes 27 de mayo se realiz\u00f3 la 4ta jornada de la competencia de apnea de profundidad \u201cCaribbean Cup 2013\u2033 Roatan Freediving Competition, evento que se lleva a cabo en Roatan, Honduras, organizado por el grupo Inner Sea y avalado por la Asociaci\u00f3n Internacional para\u2026","rel":"","context":"En \u00abApnea\u00bb","block_context":{"text":"Apnea","link":"https:\/\/www.sportalsub.net\/blog\/category\/modalidades\/apnea\/"},"img":{"alt_text":"","src":"https:\/\/i0.wp.com\/www.sportalsub.net\/blog\/wp-content\/uploads\/2013\/05\/caribbean_cup_sportalsub_dia5.jpg?resize=350%2C200&ssl=1","width":350,"height":200,"srcset":"https:\/\/i0.wp.com\/www.sportalsub.net\/blog\/wp-content\/uploads\/2013\/05\/caribbean_cup_sportalsub_dia5.jpg?resize=350%2C200&ssl=1 1x, https:\/\/i0.wp.com\/www.sportalsub.net\/blog\/wp-content\/uploads\/2013\/05\/caribbean_cup_sportalsub_dia5.jpg?resize=525%2C300&ssl=1 1.5x"},"classes":[]},{"id":15311,"url":"https:\/\/www.sportalsub.net\/blog\/este-jueves-23-de-mayo-inicia-la-caribbean-cup-2013-de-apnea-en-roatan-honduras\/","url_meta":{"origin":15322,"position":3},"title":"\ud83c\udded\ud83c\uddf3 Este jueves 23 de mayo inicia la \u00abCaribbean Cup 2013\u00bb de Apnea en Roatan, Honduras","author":"Sportalsub.net","date":"23 mayo 2013","format":false,"excerpt":"(Especial Sportalsub.net \/ Caribbean Cup) Este 23 de mayo inicia la primera gran competencia de apnea de profundidad del a\u00f1o en aguas del mar caribe, con la realizaci\u00f3n de la \u00a0\u201cCaribbean Cup 2013\u2033 Roatan Freediving Competition, evento organizado por el grupo Inner Sea y avalado por la Asociaci\u00f3n Internacional para\u2026","rel":"","context":"En \u00abApnea\u00bb","block_context":{"text":"Apnea","link":"https:\/\/www.sportalsub.net\/blog\/category\/modalidades\/apnea\/"},"img":{"alt_text":"","src":"https:\/\/i0.wp.com\/www.sportalsub.net\/blog\/wp-content\/uploads\/2013\/05\/caribbean_cup_sportalsub_dia1.jpg?resize=350%2C200&ssl=1","width":350,"height":200,"srcset":"https:\/\/i0.wp.com\/www.sportalsub.net\/blog\/wp-content\/uploads\/2013\/05\/caribbean_cup_sportalsub_dia1.jpg?resize=350%2C200&ssl=1 1x, https:\/\/i0.wp.com\/www.sportalsub.net\/blog\/wp-content\/uploads\/2013\/05\/caribbean_cup_sportalsub_dia1.jpg?resize=525%2C300&ssl=1 1.5x"},"classes":[]},{"id":15365,"url":"https:\/\/www.sportalsub.net\/blog\/finaliza-la-caribbean-cup-2013%e2%80%b3-de-apnea-en-roatan-honduras-con-mas-records-para-latinoamerica\/","url_meta":{"origin":15322,"position":4},"title":"\ud83c\udded\ud83c\uddf3 Finaliza la \u201cCaribbean Cup 2013\u2033 de Apnea en Roatan, Honduras con m\u00e1s r\u00e9cords para Latinoam\u00e9rica","author":"Sportalsub.net","date":"30 mayo 2013","format":false,"excerpt":"(Especial Sportalsub.net \/ Caribbean Cup) Este mi\u00e9rcoles 29 de mayo se realiz\u00f3 la \u00faltima jornada de la competencia de apnea de profundidad \u201cCaribbean Cup 2013\u2033 Roatan Freediving Competition en Roatan, Honduras, organizada por el grupo Inner Sea y avalada por la Asociaci\u00f3n Internacional para el Desarrollo de la Apnea (AIDA).\u00a0La\u2026","rel":"","context":"En \u00abApnea\u00bb","block_context":{"text":"Apnea","link":"https:\/\/www.sportalsub.net\/blog\/category\/modalidades\/apnea\/"},"img":{"alt_text":"","src":"https:\/\/i0.wp.com\/www.sportalsub.net\/blog\/wp-content\/uploads\/2013\/05\/caribbean_cup_sportalsub_dia7.jpg?resize=350%2C200&ssl=1","width":350,"height":200,"srcset":"https:\/\/i0.wp.com\/www.sportalsub.net\/blog\/wp-content\/uploads\/2013\/05\/caribbean_cup_sportalsub_dia7.jpg?resize=350%2C200&ssl=1 1x, https:\/\/i0.wp.com\/www.sportalsub.net\/blog\/wp-content\/uploads\/2013\/05\/caribbean_cup_sportalsub_dia7.jpg?resize=525%2C300&ssl=1 1.5x"},"classes":[]},{"id":14632,"url":"https:\/\/www.sportalsub.net\/blog\/caribbean-cup-2013-competencia-de-apnea-roatan-honduras-mayo-2013\/","url_meta":{"origin":15322,"position":5},"title":"\ud83c\udded\ud83c\uddf3 \u00abCaribbean Cup 2013\u00bb Competencia de Apnea Roatan, Honduras. Mayo 2013","author":"Sportalsub.net","date":"20 febrero 2013","format":false,"excerpt":"(Especial Sportalsub.net \/ Caribbean Cup) Desde el 20 al 30 de mayo se realizar\u00e1 en la localidad de Roatan, Honduras la competencia internacional de apnea de profundidad \"Caribbean Cup 2013\" Roatan Freediving Competition, evento organizado por el grupo Inner Sea y que estar\u00e1 avalado por la Asociaci\u00f3n Internacional para el\u2026","rel":"","context":"En \u00abArgentina\u00bb","block_context":{"text":"Argentina","link":"https:\/\/www.sportalsub.net\/blog\/category\/paises\/america\/argentina\/"},"img":{"alt_text":"","src":"https:\/\/i0.wp.com\/www.sportalsub.net\/blog\/wp-content\/uploads\/2013\/02\/caribbean_cup_sportalsub.jpg?resize=350%2C200&ssl=1","width":350,"height":200,"srcset":"https:\/\/i0.wp.com\/www.sportalsub.net\/blog\/wp-content\/uploads\/2013\/02\/caribbean_cup_sportalsub.jpg?resize=350%2C200&ssl=1 1x, https:\/\/i0.wp.com\/www.sportalsub.net\/blog\/wp-content\/uploads\/2013\/02\/caribbean_cup_sportalsub.jpg?resize=525%2C300&ssl=1 1.5x"},"classes":[]}],"_links":{"self":[{"href":"https:\/\/www.sportalsub.net\/blog\/wp-json\/wp\/v2\/posts\/15322","targetHints":{"allow":["GET"]}}],"collection":[{"href":"https:\/\/www.sportalsub.net\/blog\/wp-json\/wp\/v2\/posts"}],"about":[{"href":"https:\/\/www.sportalsub.net\/blog\/wp-json\/wp\/v2\/types\/post"}],"author":[{"embeddable":true,"href":"https:\/\/www.sportalsub.net\/blog\/wp-json\/wp\/v2\/users\/1"}],"replies":[{"embeddable":true,"href":"https:\/\/www.sportalsub.net\/blog\/wp-json\/wp\/v2\/comments?post=15322"}],"version-history":[{"count":0,"href":"https:\/\/www.sportalsub.net\/blog\/wp-json\/wp\/v2\/posts\/15322\/revisions"}],"wp:featuredmedia":[{"embeddable":true,"href":"https:\/\/www.sportalsub.net\/blog\/wp-json\/wp\/v2\/media\/15323"}],"wp:attachment":[{"href":"https:\/\/www.sportalsub.net\/blog\/wp-json\/wp\/v2\/media?parent=15322"}],"wp:term":[{"taxonomy":"category","embeddable":true,"href":"https:\/\/www.sportalsub.net\/blog\/wp-json\/wp\/v2\/categories?post=15322"},{"taxonomy":"post_tag","embeddable":true,"href":"https:\/\/www.sportalsub.net\/blog\/wp-json\/wp\/v2\/tags?post=15322"}],"curies":[{"name":"wp","href":"https:\/\/api.w.org\/{rel}","templated":true}]}}