{"id":15851,"date":"2013-08-20T18:16:36","date_gmt":"2013-08-20T22:46:36","guid":{"rendered":"http:\/\/www.sportalsub.net\/blog\/?p=15851"},"modified":"2019-09-01T13:24:29","modified_gmt":"2019-09-01T17:24:29","slug":"venezolana-iru-balic-estara-compitiendo-en-mundial-de-apnea-de-profundidad-aida-kalamata-grecia-2013","status":"publish","type":"post","link":"https:\/\/www.sportalsub.net\/blog\/venezolana-iru-balic-estara-compitiendo-en-mundial-de-apnea-de-profundidad-aida-kalamata-grecia-2013\/","title":{"rendered":"\ud83c\uddfb\ud83c\uddea Venezolana Iru Balic estar\u00e1 compitiendo en Mundial de apnea de profundidad AIDA Kalamata, Grecia 2013"},"content":{"rendered":"<p><a href=\"http:\/\/www.sportalsub.net\/blog\/wp-content\/uploads\/2013\/08\/iru-profundidad.jpg\" target=\"_blank\"><img loading=\"lazy\" decoding=\"async\" class=\"alignnone size-full wp-image-15852\" src=\"http:\/\/www.sportalsub.net\/blog\/wp-content\/uploads\/2013\/08\/iru-profundidad.jpg\" alt=\"iru-profundidad\" width=\"600\" height=\"502\" srcset=\"https:\/\/www.sportalsub.net\/blog\/wp-content\/uploads\/2013\/08\/iru-profundidad.jpg 600w, https:\/\/www.sportalsub.net\/blog\/wp-content\/uploads\/2013\/08\/iru-profundidad-300x251.jpg 300w\" sizes=\"auto, (max-width: 600px) 100vw, 600px\" \/><\/a><\/p>\n<p>(Especial Sportalsub.net \/ Iru Balic)<\/p>\n<p>Del 15 al 22 de septiembre de 2013, se realizar\u00e1 en Kalamata, Grecia el Campeonato Mundial Individual 2013 de la Asociaci\u00f3n Internacional para el Desarrollo de la Apnea AIDA. El evento se desarrollar\u00e1 en las modalidades de Peso Constante sin aletas, peso constante con aletas e inmersi\u00f3n libre.<\/p>\n<p>La venezolana Iru Balic, quien actualmente est\u00e1 en el primer lugar en el\u00a0<a href=\"http:\/\/www.aidainternational.org\/ranking\/ranking.php?year=2013&amp;discipline=CWT&amp;country=&amp;count=50\" target=\"_blank\" rel=\"noopener noreferrer\" target=\"_blank\">Ranking Mundial de Apnea Peso Constante<\/a>\u00a0estar\u00e1 participando en este importante evento, para lo cual realizar\u00e1 una intensa preparaci\u00f3n, desde el 9 hasta el 31 de agosto en Dahab, Egipto y luego a partir del 1 de septiembre en Kalamata, Grecia.<\/p>\n<p>Sitio web oficial del evento:\u00a0<strong><a href=\"http:\/\/www.aidaworldchampionships.com\/\" target=\"_blank\" rel=\"noopener noreferrer\" target=\"_blank\">http:\/\/www.aidaworldchampionships.com<\/a><\/strong><\/p>\n<p>Sitio web oficial Iru Balic: <a href=\"http:\/\/www.irubalic.com\" target=\"_blank\" rel=\"noopener noreferrer\" target=\"_blank\"><strong>www.irubalic.com<\/strong><\/a><\/p>\n<p>Publicado por:<\/p>\n<p><img decoding=\"async\" title=\"miguel\" src=\"http:\/\/www.sportalsub.net\/blog\/wp-content\/uploads\/2012\/05\/miguel-150x150.jpg\" alt=\"\" width=\"100\" \/><\/p>\n<p><strong>Miguel Alberto Cede\u00f1o Ortiz (Venezuela)\u00a0<strong><img loading=\"lazy\" decoding=\"async\" src=\"http:\/\/es.fifa.com\/imgml\/flags\/s\/ven.gif\" alt=\"chi Eventos\" width=\"19\" height=\"13\" \/><br \/>\n<\/strong><\/strong>Nacido y residenciado en Caracas, Venezuela es el creador, director y editor de Sportalsub.net. Su experiencia como deportista, entrenador, juez y dirigente de las actividades subacu\u00e1ticas le han permitido establecer una red de contactos en todo el mundo para dar a conocer e informar todas las novedades sobre el deporte subacu\u00e1tico en habla hispana.<br \/>\n<strong><strong><a href=\"http:\/\/www.facebook.com\/miguelsportsub\" target=\"_blank\" rel=\"noopener noreferrer\" target=\"_blank\"><img decoding=\"async\" src=\"http:\/\/www.sportalsub.net\/blog\/wp-content\/uploads\/2009\/12\/fb.png\" alt=\"Facebook\" \/><\/a>\u00a0<\/strong><strong><a href=\"http:\/\/www.twitter.com\/miguelsportsub\" target=\"_blank\" rel=\"noopener noreferrer\" target=\"_blank\"><img decoding=\"async\" src=\"http:\/\/www.sportalsub.net\/blog\/wp-content\/uploads\/2009\/12\/twitter.png\" alt=\"Twitter\" \/><\/a><\/strong><\/strong><\/p>\n","protected":false},"excerpt":{"rendered":"<p>(Especial Sportalsub.net \/ Iru Balic) Del 15 al 22 de septiembre de 2013, se realizar\u00e1 en Kalamata, Grecia el Campeonato Mundial Individual 2013 de la Asociaci\u00f3n Internacional para el Desarrollo de la Apnea AIDA. El evento se desarrollar\u00e1 en las modalidades de Peso Constante sin aletas, peso constante con aletas e inmersi\u00f3n libre. La venezolana Iru Balic, quien actualmente est\u00e1 [&#8230;]<\/p>\n","protected":false},"author":1,"featured_media":15852,"comment_status":"open","ping_status":"closed","sticky":false,"template":"","format":"standard","meta":{"_lmt_disableupdate":"","_lmt_disable":"","jetpack_post_was_ever_published":false,"_jetpack_newsletter_access":"","_jetpack_dont_email_post_to_subs":false,"_jetpack_newsletter_tier_id":0,"_jetpack_memberships_contains_paywalled_content":false,"_jetpack_memberships_contains_paid_content":false,"footnotes":"","jetpack_publicize_message":"","jetpack_publicize_feature_enabled":true,"jetpack_social_post_already_shared":true,"jetpack_social_options":{"image_generator_settings":{"template":"highway","default_image_id":0,"font":"","enabled":false},"version":2}},"categories":[9,259,8],"tags":[],"class_list":["post-15851","post","type-post","status-publish","format-standard","has-post-thumbnail","hentry","category-apnea","category-mundial-profundidad-aida-2013","category-venezuela"],"modified_by":"Sportalsub.net","views":3348,"jetpack_publicize_connections":[],"jetpack_featured_media_url":"https:\/\/www.sportalsub.net\/blog\/wp-content\/uploads\/2013\/08\/iru-profundidad.jpg","jetpack_sharing_enabled":true,"jetpack_shortlink":"https:\/\/wp.me\/pf9lN-47F","jetpack_likes_enabled":false,"jetpack-related-posts":[{"id":16076,"url":"https:\/\/www.sportalsub.net\/blog\/record-mundial-para-la-rusa-natalia-molchanova-en-apnea-peso-constante-sin-aletas-campeonato-mundial-de-profundidad-aida-2013\/","url_meta":{"origin":15851,"position":0},"title":"\ud83c\uddf7\ud83c\uddfa R\u00e9cord Mundial para la rusa Natalia Molchanova en Apnea Peso Constante sin Aletas Mundial de Profundidad AIDA 2013 + VIDEO y Resultados","author":"Sportalsub.net","date":"16 septiembre 2013","format":false,"excerpt":"(Especial Sportalsub.net \/ Mundial AIDA Profundidad Kalamata 2013) En la primera jornada del Campeonato Mundial Individual de Apnea de Profundidad AIDA 2013 que se lleva a cabo en Kalamata, Grecia, la rusa Natalia Molchanova implant\u00f3 un nuevo r\u00e9cord mundial en la modalidad de peso constante sin aletas, con una marca\u2026","rel":"","context":"En \u00abApnea\u00bb","block_context":{"text":"Apnea","link":"https:\/\/www.sportalsub.net\/blog\/category\/modalidades\/apnea\/"},"img":{"alt_text":"","src":"https:\/\/i0.wp.com\/www.sportalsub.net\/blog\/wp-content\/uploads\/2013\/09\/molchanova-record.jpg?resize=350%2C200&ssl=1","width":350,"height":200,"srcset":"https:\/\/i0.wp.com\/www.sportalsub.net\/blog\/wp-content\/uploads\/2013\/09\/molchanova-record.jpg?resize=350%2C200&ssl=1 1x, https:\/\/i0.wp.com\/www.sportalsub.net\/blog\/wp-content\/uploads\/2013\/09\/molchanova-record.jpg?resize=525%2C300&ssl=1 1.5x"},"classes":[]},{"id":12622,"url":"https:\/\/www.sportalsub.net\/blog\/iru-balic-de-venezuela-se-ubica-segunda-en-el-ranking-mundial-aida-de-apnea-femenina\/","url_meta":{"origin":15851,"position":1},"title":"\ud83c\uddfb\ud83c\uddea Ir\u00fa Balic de Venezuela se ubica segunda en el ranking mundial AIDA de apnea femenina","author":"Sportalsub.net","date":"1 junio 2012","format":false,"excerpt":"(Especial Sportalsub.net) Las marcas obtenidas en el evento realizado recientemente en las Islas Caim\u00e1n, han dejado a la profundista en el segundo lugar de la clasificaci\u00f3n mundial en la modalidad de Peso Constante con Aletas y tercera en inmersi\u00f3n libre, de acuerdo al m\u00e1s reciente ranking publicado por la Asociaci\u00f3n\u2026","rel":"","context":"En \u00abApnea\u00bb","block_context":{"text":"Apnea","link":"https:\/\/www.sportalsub.net\/blog\/category\/modalidades\/apnea\/"},"img":{"alt_text":"","src":"https:\/\/i0.wp.com\/www.sportalsub.net\/blog\/wp-content\/uploads\/2012\/06\/irubalicranking.jpg?resize=350%2C200","width":350,"height":200},"classes":[]},{"id":10800,"url":"https:\/\/www.sportalsub.net\/blog\/representacion-de-apnea-venezuela-en-grecia-carlos-coste-quiere-acercarse-a-los-120-metros-de-profundidad\/","url_meta":{"origin":15851,"position":2},"title":"\ud83c\uddfb\ud83c\uddea Representaci\u00f3n de Apnea Venezuela en Grecia. Carlos Coste quiere acercarse a los 120 metros de profundidad","author":"Sportalsub.net","date":"7 septiembre 2011","format":false,"excerpt":"(Especial Sportalsub.net \/ Apnea Venezuela) Kalamata, 6 Sept 2011.\u00a0Carlos Coste quiere batir el record panam\u00e9ricano en Peso Constante que actualmente est\u00e1 en -110m realizado por \u00e9l mismo,\u00a0\u00a0en Bahamas en Diciembre del 2009.\u00a0\u00a0Para esto, se esta preparando en la Copa Mediterranea de Apnea en Kalamata-Grecia del 5 al 15 de septiembre,\u2026","rel":"","context":"En \u00abApnea\u00bb","block_context":{"text":"Apnea","link":"https:\/\/www.sportalsub.net\/blog\/category\/modalidades\/apnea\/"},"img":{"alt_text":"","src":"https:\/\/i0.wp.com\/www.sportalsub.net\/blog\/wp-content\/uploads\/2011\/09\/team-apneavenezuela-dest.jpg?resize=350%2C200&ssl=1","width":350,"height":200,"srcset":"https:\/\/i0.wp.com\/www.sportalsub.net\/blog\/wp-content\/uploads\/2011\/09\/team-apneavenezuela-dest.jpg?resize=350%2C200&ssl=1 1x, https:\/\/i0.wp.com\/www.sportalsub.net\/blog\/wp-content\/uploads\/2011\/09\/team-apneavenezuela-dest.jpg?resize=525%2C300&ssl=1 1.5x"},"classes":[]},{"id":47306,"url":"https:\/\/www.sportalsub.net\/blog\/apneista-venezolana-iru-balic-regresa-a-las-competencias-internacionales-en-2021\/","url_meta":{"origin":15851,"position":3},"title":"\ud83c\uddfb\ud83c\uddea Apneista venezolana Iru Balic regresa a las competencias internacionales en 2021","author":"Sportalsub.net","date":"30 agosto 2021","format":false,"excerpt":"(Especial Sportalsub.net \/ Iru Balic) Despu\u00e9s de m\u00e1s de 5 a\u00f1os alejada como deportista, la venezolana Iru Balic regresa a las competencias internacionales de apnea en septiembre de 2021. Luego de varios a\u00f1os en los que no hab\u00eda competido en apnea; una de las m\u00e1s destacadas deportistas subacu\u00e1ticas de Venezuela\u2026","rel":"","context":"En \u00abApnea\u00bb","block_context":{"text":"Apnea","link":"https:\/\/www.sportalsub.net\/blog\/category\/modalidades\/apnea\/"},"img":{"alt_text":"","src":"https:\/\/i0.wp.com\/www.sportalsub.net\/blog\/wp-content\/uploads\/2021\/08\/irubalic2021.jpg?resize=350%2C200&ssl=1","width":350,"height":200,"srcset":"https:\/\/i0.wp.com\/www.sportalsub.net\/blog\/wp-content\/uploads\/2021\/08\/irubalic2021.jpg?resize=350%2C200&ssl=1 1x, https:\/\/i0.wp.com\/www.sportalsub.net\/blog\/wp-content\/uploads\/2021\/08\/irubalic2021.jpg?resize=525%2C300&ssl=1 1.5x, https:\/\/i0.wp.com\/www.sportalsub.net\/blog\/wp-content\/uploads\/2021\/08\/irubalic2021.jpg?resize=700%2C400&ssl=1 2x"},"classes":[]},{"id":16099,"url":"https:\/\/www.sportalsub.net\/blog\/record-mundial-para-el-ruso-alexey-molchanov-en-apnea-peso-constante-128mts-en-mundial-de-profundidad-aida-2013-resultados\/","url_meta":{"origin":15851,"position":4},"title":"\ud83c\uddf7\ud83c\uddfa R\u00e9cord Mundial para el ruso Alexey Molchanov en Apnea Peso Constante 128mts en Mundial de Profundidad AIDA 2013 + Resultados y Video","author":"Sportalsub.net","date":"19 septiembre 2013","format":false,"excerpt":"(Especial Sportalsub.net \/ Mundial AIDA Profundidad Kalamata 2013) En la segunda jornada de competencia del Campeonato Mundial Individual de Apnea de Profundidad AIDA 2013 que se lleva a cabo en Kalamata, Egipto, el ruso\u00a0Alexey Molchanov\u00a0implant\u00f3 un nuevo r\u00e9cord mundial en la modalidad de peso constante, con una marca de 128\u2026","rel":"","context":"En \u00abApnea\u00bb","block_context":{"text":"Apnea","link":"https:\/\/www.sportalsub.net\/blog\/category\/modalidades\/apnea\/"},"img":{"alt_text":"","src":"https:\/\/i0.wp.com\/www.sportalsub.net\/blog\/wp-content\/uploads\/2013\/09\/molchanov-record.jpg?resize=350%2C200&ssl=1","width":350,"height":200,"srcset":"https:\/\/i0.wp.com\/www.sportalsub.net\/blog\/wp-content\/uploads\/2013\/09\/molchanov-record.jpg?resize=350%2C200&ssl=1 1x, https:\/\/i0.wp.com\/www.sportalsub.net\/blog\/wp-content\/uploads\/2013\/09\/molchanov-record.jpg?resize=525%2C300&ssl=1 1.5x"},"classes":[]},{"id":14571,"url":"https:\/\/www.sportalsub.net\/blog\/campeonato-mundial-individual-de-apnea-de-profundidad-aida-2013-kalamata-grecia\/","url_meta":{"origin":15851,"position":5},"title":"\ud83c\uddec\ud83c\uddf7 Campeonato Mundial Individual de Apnea de profundidad AIDA 2013. Kalamata, Grecia","author":"Sportalsub.net","date":"29 enero 2013","format":false,"excerpt":"(Especial Sportalsub.net) Del 15 al 22 de septiembre de 2013, se realizar\u00e1 en Kalamata, Grecia el Campeonato Mundial Individual 2013 de la Asociaci\u00f3n Internacional para el Desarrollo de la Apnea AIDA. El evento se desarrollar\u00e1 en las modalidades de Peso Constante sin aletas, peso constante con aletas e inmersi\u00f3n libre.\u2026","rel":"","context":"En \u00abApnea\u00bb","block_context":{"text":"Apnea","link":"https:\/\/www.sportalsub.net\/blog\/category\/modalidades\/apnea\/"},"img":{"alt_text":"","src":"https:\/\/i0.wp.com\/www.sportalsub.net\/blog\/wp-content\/uploads\/2013\/01\/mundial-aida-profundidad-2013.jpg?resize=350%2C200&ssl=1","width":350,"height":200,"srcset":"https:\/\/i0.wp.com\/www.sportalsub.net\/blog\/wp-content\/uploads\/2013\/01\/mundial-aida-profundidad-2013.jpg?resize=350%2C200&ssl=1 1x, https:\/\/i0.wp.com\/www.sportalsub.net\/blog\/wp-content\/uploads\/2013\/01\/mundial-aida-profundidad-2013.jpg?resize=525%2C300&ssl=1 1.5x"},"classes":[]}],"_links":{"self":[{"href":"https:\/\/www.sportalsub.net\/blog\/wp-json\/wp\/v2\/posts\/15851","targetHints":{"allow":["GET"]}}],"collection":[{"href":"https:\/\/www.sportalsub.net\/blog\/wp-json\/wp\/v2\/posts"}],"about":[{"href":"https:\/\/www.sportalsub.net\/blog\/wp-json\/wp\/v2\/types\/post"}],"author":[{"embeddable":true,"href":"https:\/\/www.sportalsub.net\/blog\/wp-json\/wp\/v2\/users\/1"}],"replies":[{"embeddable":true,"href":"https:\/\/www.sportalsub.net\/blog\/wp-json\/wp\/v2\/comments?post=15851"}],"version-history":[{"count":0,"href":"https:\/\/www.sportalsub.net\/blog\/wp-json\/wp\/v2\/posts\/15851\/revisions"}],"wp:featuredmedia":[{"embeddable":true,"href":"https:\/\/www.sportalsub.net\/blog\/wp-json\/wp\/v2\/media\/15852"}],"wp:attachment":[{"href":"https:\/\/www.sportalsub.net\/blog\/wp-json\/wp\/v2\/media?parent=15851"}],"wp:term":[{"taxonomy":"category","embeddable":true,"href":"https:\/\/www.sportalsub.net\/blog\/wp-json\/wp\/v2\/categories?post=15851"},{"taxonomy":"post_tag","embeddable":true,"href":"https:\/\/www.sportalsub.net\/blog\/wp-json\/wp\/v2\/tags?post=15851"}],"curies":[{"name":"wp","href":"https:\/\/api.w.org\/{rel}","templated":true}]}}