{"id":16057,"date":"2013-10-15T07:14:26","date_gmt":"2013-10-15T11:44:26","guid":{"rendered":"http:\/\/www.sportalsub.net\/blog\/?p=16057"},"modified":"2019-08-31T22:29:15","modified_gmt":"2019-09-01T02:29:15","slug":"xxiii-campeonato-de-espana-de-caza-fotosub-apnea","status":"publish","type":"post","link":"https:\/\/www.sportalsub.net\/blog\/xxiii-campeonato-de-espana-de-caza-fotosub-apnea\/","title":{"rendered":"\ud83c\uddea\ud83c\uddf8 Resultados del XXIII Campeonato de Espa\u00f1a de Caza FotoSub Apnea"},"content":{"rendered":"<p><a href=\"http:\/\/www.sportalsub.net\/blog\/wp-content\/uploads\/2013\/09\/cazafotoapneaesp.jpg\" target=\"_blank\"><img decoding=\"async\" class=\"alignnone wp-image-16058\" src=\"http:\/\/www.sportalsub.net\/blog\/wp-content\/uploads\/2013\/09\/cazafotoapneaesp-689x1024.jpg\" alt=\"cazafotoapneaesp\" width=\"600\" srcset=\"https:\/\/www.sportalsub.net\/blog\/wp-content\/uploads\/2013\/09\/cazafotoapneaesp-689x1024.jpg 689w, https:\/\/www.sportalsub.net\/blog\/wp-content\/uploads\/2013\/09\/cazafotoapneaesp-768x1141.jpg 768w, https:\/\/www.sportalsub.net\/blog\/wp-content\/uploads\/2013\/09\/cazafotoapneaesp-202x300.jpg 202w, https:\/\/www.sportalsub.net\/blog\/wp-content\/uploads\/2013\/09\/cazafotoapneaesp.jpg 1193w\" sizes=\"(max-width: 689px) 100vw, 689px\" \/><\/a><\/p>\n<p>(Especial Sportalsub.net \/ FEDAS \/ MarCanario)<\/p>\n<p>Del 3 al 5 de octubre se celebro en La Herradura (Granada), la XXIII Edici\u00f3n del Campeonato de Espa\u00f1a de Caza Fotosub en apnea, donde el tinerfe\u00f1o Juan Antonio Carballo, consegu\u00eda por segundo a\u00f1o consecutivo alzarse con el primer puesto.<\/p>\n<p><img loading=\"lazy\" decoding=\"async\" title=\"acto-entrega-trofeos-y-clausura-campeonato-nacional-caza-fotosub-apena-en-la-herradura-13\" src=\"http:\/\/www.marcanario.com\/wp-content\/uploads\/2013\/10\/acto-entrega-trofeos-y-clausura-campeonato-nacional-caza-fotosub-apena-en-la-herradura-13-300x199.jpg\" alt=\"acto-entrega-trofeos-y-clausura-campeonato-nacional-caza-fotosub-apena-en-la-herradura-13\" width=\"300\" height=\"199\" \/><\/p>\n<p>Esta prueba que estuvo organizada por la Federaci\u00f3n Andaluza de Actividades Subacu\u00e1ticas \u00a0y el Club de buceo Benalmadena, reuni\u00f3 un total de 32 deportistas de varias comunidades, que despu\u00e9s de la jornada de entrenamiento, compitieron en una \u00fanica jornada, en la zona comprendida entre Puerto Marina del Este y Punta de La Mona.<\/p>\n<p>Los participantes durante el campeonato tomaron algo m\u00e1s de 8000 fotograf\u00edas, de las que \u00a0se presentaron a concurso algo m\u00e1s de 1200.<\/p>\n<p>Juan Antonio Carballo, consigui\u00f3 \u00a0este primer puesto al presentar 63 especies, que le dieron un total de 1447 puntos, la segunda posici\u00f3n fue para el canario Isidro P\u00e9rez, que con 61 fotograf\u00edas \u00a0consigui\u00f3 un total de 1399 puntos y la tercera posici\u00f3n fue tambi\u00e9n para otro canario, Tanausu Mota, que con 62 especies presentadas consegu\u00eda 1389 puntos.<\/p>\n<p>En la categor\u00eda de f\u00e9minas, la primera plaza del podium fue la catalana Alexandra \u00a0Prat, que con 48 especies consegu\u00eda 760 puntos,\u00a0le siguieron las canarias: Abigail Mart\u00edn Fern\u00e1ndez y Guarquidea Vega Suarez, con 36 y 38 especies que le contabilizaron 748 y 731 puntos, respectivamente.<\/p>\n<p>Tambi\u00e9n se celebr\u00f3 una modalidad open, en la que se alzo con el primer puesto otro canario, Jes\u00fas Yeray Delgado, al sumar 51 especies validas.<\/p>\n<p><a href=\"http:\/\/www.fedas.es\/campeonatos\/2013\/resultados\/cfs_campesp_resultados.pdf\" target=\"_blank\" rel=\"noopener noreferrer\" target=\"_blank\"><strong>Resultados Oficiales<\/strong><\/a><\/p>\n<p>Fuente: <strong><a href=\"http:\/\/www.marcanario.com\/fotografia-submarina-en-apnea\/podium-canario-en-la-xxiii-edicion-del-campeonato-de-espana-de-caza-fotosub.php\" target=\"_blank\" rel=\"noopener noreferrer\" target=\"_blank\">MarCanario<\/a>\u00a0\/\u00a0<\/strong><strong><a href=\"http:\/\/www.fedas.es\/campeonatos.htm\" target=\"_blank\" rel=\"noopener noreferrer\" target=\"_blank\">FEDAS<\/a><\/strong><\/p>\n<p>Publicado por:<\/p>\n<p><img decoding=\"async\" title=\"miguel\" src=\"http:\/\/www.sportalsub.net\/blog\/wp-content\/uploads\/2012\/05\/miguel-150x150.jpg\" alt=\"\" width=\"100\" \/><\/p>\n<p><strong>Miguel Alberto Cede\u00f1o Ortiz (Venezuela)\u00a0<strong><img loading=\"lazy\" decoding=\"async\" src=\"http:\/\/es.fifa.com\/imgml\/flags\/s\/ven.gif\" alt=\"chi Eventos\" width=\"19\" height=\"13\" \/><br \/>\n<\/strong><\/strong>Nacido y residenciado en Caracas, Venezuela es el creador, director y editor de Sportalsub.net. Su experiencia como deportista, entrenador, juez y dirigente de las actividades subacu\u00e1ticas por m\u00e1s de 12 a\u00f1os le han permitido establecer una red de contactos en todo el mundo para dar a conocer e informar todas las novedades sobre el deporte subacu\u00e1tico en habla hispana.<br \/>\n<strong><strong><a href=\"http:\/\/www.facebook.com\/miguelsportsub\" target=\"_blank\" rel=\"noopener noreferrer\" target=\"_blank\"><img decoding=\"async\" src=\"http:\/\/www.sportalsub.net\/blog\/wp-content\/uploads\/2009\/12\/fb.png\" alt=\"Facebook\" \/><\/a>\u00a0<\/strong><strong><a href=\"http:\/\/www.twitter.com\/miguelsportsub\" target=\"_blank\" rel=\"noopener noreferrer\" target=\"_blank\"><img decoding=\"async\" src=\"http:\/\/www.sportalsub.net\/blog\/wp-content\/uploads\/2009\/12\/twitter.png\" alt=\"Twitter\" \/><\/a><\/strong><\/strong><\/p>\n","protected":false},"excerpt":{"rendered":"<p>(Especial Sportalsub.net \/ FEDAS \/ MarCanario) Del 3 al 5 de octubre se celebro en La Herradura (Granada), la XXIII Edici\u00f3n del Campeonato de Espa\u00f1a de Caza Fotosub en apnea, donde el tinerfe\u00f1o Juan Antonio Carballo, consegu\u00eda por segundo a\u00f1o consecutivo alzarse con el primer puesto. Esta prueba que estuvo organizada por la Federaci\u00f3n Andaluza de Actividades Subacu\u00e1ticas \u00a0y el [&#8230;]<\/p>\n","protected":false},"author":1,"featured_media":16058,"comment_status":"open","ping_status":"closed","sticky":false,"template":"","format":"standard","meta":{"_lmt_disableupdate":"","_lmt_disable":"","_jetpack_newsletter_access":"","_jetpack_dont_email_post_to_subs":false,"_jetpack_newsletter_tier_id":0,"_jetpack_memberships_contains_paywalled_content":false,"_jetpack_feature_clip_id":0,"_jetpack_memberships_contains_paid_content":false,"footnotes":"","jetpack_publicize_message":"","jetpack_publicize_feature_enabled":true,"jetpack_social_post_already_shared":true,"jetpack_social_options":{"image_generator_settings":{"template":"highway","default_image_id":0,"font":"","enabled":false},"version":2},"jetpack_post_was_ever_published":false},"categories":[10,19,18,120],"tags":[],"class_list":["post-16057","post","type-post","status-publish","format-standard","has-post-thumbnail","hentry","category-espana","category-fotografia-submarina","category-pesca-submarina","category-resultados"],"modified_by":"Sportalsub.net","views":4062,"jetpack_publicize_connections":[],"jetpack_sharing_enabled":true,"jetpack_shortlink":"https:\/\/wp.me\/pf9lN-4aZ","jetpack_likes_enabled":false,"jetpack-related-posts":[{"id":14225,"url":"https:\/\/www.sportalsub.net\/blog\/resultados-y-fotos-del-campeonato-de-espana-de-caza-fotosub-en-apnea-2012\/","url_meta":{"origin":16057,"position":0},"title":"\ud83c\uddea\ud83c\uddf8 Resultados y fotos del Campeonato de Espa\u00f1a de Caza Fotosub en Apnea 2012","author":"Sportalsub.net","date":"16 noviembre 2012","format":false,"excerpt":"(Especial Sportalsub.net \/ FEDAS) La modalidad deportiva de Caza Fotogr\u00e1fica Subacu\u00e1tica en apnea consiste en fotografiar especies v\u00e1lidas para la pesca o caza submarina. Celebrado en Villajoyosa y la Isla de Benidorm (Alicante) los pasados 13 al 16 de Septiembre de 2012. El canario Juan Carballo se proclam\u00f3 nuevo campe\u00f3n\u2026","rel":"","context":"En \u00abApnea\u00bb","block_context":{"text":"Apnea","link":"https:\/\/www.sportalsub.net\/blog\/category\/modalidades\/apnea\/"},"img":{"alt_text":"","src":"https:\/\/i0.wp.com\/www.sportalsub.net\/blog\/wp-content\/uploads\/2012\/11\/Mejor-foto-C2-005_040_epinephelus-costae_juan-carballo__dsc2147.jpg?resize=350%2C200&ssl=1","width":350,"height":200,"srcset":"https:\/\/i0.wp.com\/www.sportalsub.net\/blog\/wp-content\/uploads\/2012\/11\/Mejor-foto-C2-005_040_epinephelus-costae_juan-carballo__dsc2147.jpg?resize=350%2C200&ssl=1 1x, https:\/\/i0.wp.com\/www.sportalsub.net\/blog\/wp-content\/uploads\/2012\/11\/Mejor-foto-C2-005_040_epinephelus-costae_juan-carballo__dsc2147.jpg?resize=525%2C300&ssl=1 1.5x, https:\/\/i0.wp.com\/www.sportalsub.net\/blog\/wp-content\/uploads\/2012\/11\/Mejor-foto-C2-005_040_epinephelus-costae_juan-carballo__dsc2147.jpg?resize=700%2C400&ssl=1 2x, https:\/\/i0.wp.com\/www.sportalsub.net\/blog\/wp-content\/uploads\/2012\/11\/Mejor-foto-C2-005_040_epinephelus-costae_juan-carballo__dsc2147.jpg?resize=1050%2C600&ssl=1 3x"},"classes":[]},{"id":6104,"url":"https:\/\/www.sportalsub.net\/blog\/resultados-del-campeonato-de-espana-de-caza-fotosub-en-apnea\/","url_meta":{"origin":16057,"position":1},"title":"\ud83c\uddea\ud83c\uddf8 Resultados del Campeonato de Espa\u00f1a de Caza Fotosub en Apnea","author":"Sportalsub.net","date":"6 septiembre 2010","format":false,"excerpt":"Imagen premiada (Mero) El s\u00e1bado 4 de septiembre en la Plaza de Tigaday, se realiz\u00f3 en el Municipio herre\u00f1o de La Frontera, la clausura y entrega de trofeos del XX Campeonato de Caza Fotosub en Apnea que ha reunido durante cinco d\u00edas a los mejores fot\u00f3grafos de Espa\u00f1a en\u00a0 esta\u2026","rel":"","context":"En \u00abEspa\u00f1a\u00bb","block_context":{"text":"Espa\u00f1a","link":"https:\/\/www.sportalsub.net\/blog\/category\/paises\/europa\/espana\/"},"img":{"alt_text":"","src":"https:\/\/i0.wp.com\/www.sportalsub.net\/blog\/wp-content\/uploads\/2010\/09\/425005_1.jpg?resize=350%2C200&ssl=1","width":350,"height":200,"srcset":"https:\/\/i0.wp.com\/www.sportalsub.net\/blog\/wp-content\/uploads\/2010\/09\/425005_1.jpg?resize=350%2C200&ssl=1 1x, https:\/\/i0.wp.com\/www.sportalsub.net\/blog\/wp-content\/uploads\/2010\/09\/425005_1.jpg?resize=525%2C300&ssl=1 1.5x"},"classes":[]},{"id":73081,"url":"https:\/\/www.sportalsub.net\/blog\/espana-apnea-indoor-sabadell-2024\/","url_meta":{"origin":16057,"position":2},"title":"\ud83c\uddea\ud83c\uddf8 Resultados &#8211; Campeonato de Espa\u00f1a de Apnea Indoor FEDAS &#8211; Sabadell 2024","author":"Sportalsub.net","date":"22 mayo 2024","format":false,"excerpt":"(Sportalsub.net \/ FEDAS \/ FECDAS) Campeonato de Espa\u00f1a de Apnea Indoor celebrado en la ciudad de Sabadell (Barcelona) los d\u00edas 17, 18 y 19 de mayo de 2024. Organizado por el club Cavalldemar de Barcelona, con la colaboraci\u00f3n de la Federaci\u00f3n Espa\u00f1ola de Actividades Subacu\u00e1ticas (FEDAS) y la Federaci\u00f3n Catalana\u2026","rel":"","context":"En \u00abApnea\u00bb","block_context":{"text":"Apnea","link":"https:\/\/www.sportalsub.net\/blog\/category\/modalidades\/apnea\/"},"img":{"alt_text":"","src":"https:\/\/i0.wp.com\/www.sportalsub.net\/blog\/wp-content\/uploads\/2024\/05\/apnea-sabadell-2024.jpg?resize=350%2C200&ssl=1","width":350,"height":200,"srcset":"https:\/\/i0.wp.com\/www.sportalsub.net\/blog\/wp-content\/uploads\/2024\/05\/apnea-sabadell-2024.jpg?resize=350%2C200&ssl=1 1x, https:\/\/i0.wp.com\/www.sportalsub.net\/blog\/wp-content\/uploads\/2024\/05\/apnea-sabadell-2024.jpg?resize=525%2C300&ssl=1 1.5x, https:\/\/i0.wp.com\/www.sportalsub.net\/blog\/wp-content\/uploads\/2024\/05\/apnea-sabadell-2024.jpg?resize=700%2C400&ssl=1 2x"},"classes":[]},{"id":23409,"url":"https:\/\/www.sportalsub.net\/blog\/campeonato-espana-comunidades-2016","url_meta":{"origin":16057,"position":3},"title":"\ud83c\uddea\ud83c\uddf8 Resultados XXIII Campeonato de Espa\u00f1a de Nataci\u00f3n con Aletas por Comunidades Aut\u00f3nomas. Barcelona 2016","author":"Sportalsub.net","date":"24 marzo 2016","format":false,"excerpt":"(Sportalsub.net \/ FEDAS \/ FECDAS Nataci\u00f3n con Aletas) Los d\u00edas 19 y 20 de marzo de 2016 se llev\u00f3 a cabo en la ciudad de Barcelona el XXIII Campeonato de Espa\u00f1a de Nataci\u00f3n con Aletas y velocidad en inmersi\u00f3n por Comunidades Aut\u00f3nomas de la Federaci\u00f3n Espa\u00f1ola de Actividades Subacu\u00e1ticas FEDAS,\u2026","rel":"","context":"En \u00abEspa\u00f1a\u00bb","block_context":{"text":"Espa\u00f1a","link":"https:\/\/www.sportalsub.net\/blog\/category\/paises\/europa\/espana\/"},"img":{"alt_text":"","src":"https:\/\/i0.wp.com\/www.sportalsub.net\/blog\/wp-content\/uploads\/2016\/02\/campeonatoesp2016.jpg?resize=350%2C200&ssl=1","width":350,"height":200,"srcset":"https:\/\/i0.wp.com\/www.sportalsub.net\/blog\/wp-content\/uploads\/2016\/02\/campeonatoesp2016.jpg?resize=350%2C200&ssl=1 1x, https:\/\/i0.wp.com\/www.sportalsub.net\/blog\/wp-content\/uploads\/2016\/02\/campeonatoesp2016.jpg?resize=525%2C300&ssl=1 1.5x, https:\/\/i0.wp.com\/www.sportalsub.net\/blog\/wp-content\/uploads\/2016\/02\/campeonatoesp2016.jpg?resize=700%2C400&ssl=1 2x"},"classes":[]},{"id":17798,"url":"https:\/\/www.sportalsub.net\/blog\/realizado-con-exito-campeonato-fotosub-cuba-2014-resultados-y-fotos\/","url_meta":{"origin":16057,"position":4},"title":"\ud83c\udde8\ud83c\uddfa Realizado con \u00e9xito Campeonato FOTOSUB Cuba 2014 + Resultados y Fotos","author":"Sportalsub.net","date":"23 mayo 2014","format":false,"excerpt":"(Especial Sportalsub.net \/ FCAS \/ Fotosub) Se celebr\u00f3 en Cuba la edici\u00f3n de FOTOSUB 2014 la misma fue realizada en la bellas playas de Cayo Largo, del 14 al 18 de Mayo. El evento fue organizado por la Marl\u00edn y en coordinaci\u00f3n con la Federaci\u00f3n Cubana de Actividades Subacu\u00e1ticas y\u2026","rel":"","context":"En \u00abColombia\u00bb","block_context":{"text":"Colombia","link":"https:\/\/www.sportalsub.net\/blog\/category\/paises\/america\/colombia\/"},"img":{"alt_text":"","src":"https:\/\/i0.wp.com\/www.sportalsub.net\/blog\/wp-content\/uploads\/2014\/05\/fotosubcuba2014.jpg?resize=350%2C200&ssl=1","width":350,"height":200,"srcset":"https:\/\/i0.wp.com\/www.sportalsub.net\/blog\/wp-content\/uploads\/2014\/05\/fotosubcuba2014.jpg?resize=350%2C200&ssl=1 1x, https:\/\/i0.wp.com\/www.sportalsub.net\/blog\/wp-content\/uploads\/2014\/05\/fotosubcuba2014.jpg?resize=525%2C300&ssl=1 1.5x"},"classes":[]},{"id":9085,"url":"https:\/\/www.sportalsub.net\/blog\/resultados-y-galeria-del-evento-de-fotografia-subacuatica-fotosub-2011-cuba\/","url_meta":{"origin":16057,"position":5},"title":"\ud83c\udde8\ud83c\uddfa Resultados y Galer\u00eda del evento de Fotograf\u00eda Subacu\u00e1tica FOTOSUB 2011, Cuba","author":"Sportalsub.net","date":"15 abril 2011","format":false,"excerpt":"Especial Sportalsub.net El jueves 14 de abril concluy\u00f3 el Evento de Fotograf\u00eda Subacu\u00e1tica FOTOSUB 2011 en el Hotel El Colony, Isla de la Juventud, Cuba al cual asistieron m\u00e1s de 40 profesionales provenientes de Argentina, Chile, Uruguay, Venezuela, M\u00e9xico, Alemania, Canad\u00e1, Rusia, Italia, Serbia, Inglaterra, Suecia, Espa\u00f1a y Cuba. El\u2026","rel":"","context":"En \u00abAlemania\u00bb","block_context":{"text":"Alemania","link":"https:\/\/www.sportalsub.net\/blog\/category\/paises\/europa\/alemania\/"},"img":{"alt_text":"","src":"https:\/\/i0.wp.com\/www.sportalsub.net\/blog\/wp-content\/uploads\/2011\/04\/fotosub-cuba2011.jpg?resize=350%2C200&ssl=1","width":350,"height":200,"srcset":"https:\/\/i0.wp.com\/www.sportalsub.net\/blog\/wp-content\/uploads\/2011\/04\/fotosub-cuba2011.jpg?resize=350%2C200&ssl=1 1x, https:\/\/i0.wp.com\/www.sportalsub.net\/blog\/wp-content\/uploads\/2011\/04\/fotosub-cuba2011.jpg?resize=525%2C300&ssl=1 1.5x"},"classes":[]}],"jetpack_featured_media_url":"https:\/\/www.sportalsub.net\/blog\/wp-content\/uploads\/2013\/09\/cazafotoapneaesp.jpg","_links":{"self":[{"href":"https:\/\/www.sportalsub.net\/blog\/wp-json\/wp\/v2\/posts\/16057","targetHints":{"allow":["GET"]}}],"collection":[{"href":"https:\/\/www.sportalsub.net\/blog\/wp-json\/wp\/v2\/posts"}],"about":[{"href":"https:\/\/www.sportalsub.net\/blog\/wp-json\/wp\/v2\/types\/post"}],"author":[{"embeddable":true,"href":"https:\/\/www.sportalsub.net\/blog\/wp-json\/wp\/v2\/users\/1"}],"replies":[{"embeddable":true,"href":"https:\/\/www.sportalsub.net\/blog\/wp-json\/wp\/v2\/comments?post=16057"}],"version-history":[{"count":0,"href":"https:\/\/www.sportalsub.net\/blog\/wp-json\/wp\/v2\/posts\/16057\/revisions"}],"wp:featuredmedia":[{"embeddable":true,"href":"https:\/\/www.sportalsub.net\/blog\/wp-json\/wp\/v2\/media\/16058"}],"wp:attachment":[{"href":"https:\/\/www.sportalsub.net\/blog\/wp-json\/wp\/v2\/media?parent=16057"}],"wp:term":[{"taxonomy":"category","embeddable":true,"href":"https:\/\/www.sportalsub.net\/blog\/wp-json\/wp\/v2\/categories?post=16057"},{"taxonomy":"post_tag","embeddable":true,"href":"https:\/\/www.sportalsub.net\/blog\/wp-json\/wp\/v2\/tags?post=16057"}],"curies":[{"name":"wp","href":"https:\/\/api.w.org\/{rel}","templated":true}]}}