{"id":16314,"date":"2013-11-11T11:42:48","date_gmt":"2013-11-11T16:12:48","guid":{"rendered":"http:\/\/www.sportalsub.net\/blog\/?p=16314"},"modified":"2019-09-01T09:59:31","modified_gmt":"2019-09-01T13:59:31","slug":"resultados-dia-2-competencia-internacional-de-apnea-en-bahamas-vertical-blue-2013-video","status":"publish","type":"post","link":"https:\/\/www.sportalsub.net\/blog\/resultados-dia-2-competencia-internacional-de-apnea-en-bahamas-vertical-blue-2013-video\/","title":{"rendered":"\ud83c\udde7\ud83c\uddf8 Resultados D\u00eda 2 Competencia Internacional de Apnea en Bahamas Vertical Blue 2013 + Video"},"content":{"rendered":"<p><a href=\"http:\/\/www.sportalsub.net\/blog\/wp-content\/uploads\/2013\/11\/molchanov-vb.jpg\"><img loading=\"lazy\" decoding=\"async\" class=\"alignnone size-full wp-image-16316\" src=\"http:\/\/www.sportalsub.net\/blog\/wp-content\/uploads\/2013\/11\/molchanov-vb.jpg\" alt=\"molchanov-vb\" width=\"589\" height=\"430\" srcset=\"https:\/\/www.sportalsub.net\/blog\/wp-content\/uploads\/2013\/11\/molchanov-vb.jpg 589w, https:\/\/www.sportalsub.net\/blog\/wp-content\/uploads\/2013\/11\/molchanov-vb-300x219.jpg 300w\" sizes=\"auto, (max-width: 589px) 100vw, 589px\" \/><br \/>\n<\/a><\/p>\n<p>(Especial Sportalsub.net \/ Vertical Blue)<\/p>\n<p>Este domingo 10 de noviembre se realiz\u00f3 la segunda jornada de la\u00a0Competencia Internacional de Apnea\u00a0Vertical Blue 2013 en Islas Bahamas.<\/p>\n<p>En el 2do d\u00eda del evento se realizaron 4 r\u00e9cords nacionales: <strong>Michele Tomasi de Italia<\/strong> (-71 metros, peso constante sin aletas), <strong>Veljano Zanki de Croacia<\/strong> (-103 metros, peso constante), <strong>Alexei Molchanov de Rusia<\/strong> (-91 metros, peso constante sin aletas) y <strong>Yaron Hoory de Israel<\/strong> (-82 metros, inmersi\u00f3n libre). La mejor marca masculina de la jornada la realiz\u00f3 el croata\u00a0<strong>Veljano Zanki<\/strong>, con 103 metros en peso constante con aletas, mientras que en femenino, la japonesa\u00a0<strong>Misuzu Okamoto<\/strong>\u00a0logr\u00f3 la mejor marca femenina, con 69 metros en la misma modalidad. Las mexicanas\u00a0<strong>Alejandra L\u00f3pez<\/strong>\u00a0(-55 metros en peso constante)<strong>\u00a0y Frida Lemus<\/strong>\u00a0(-30 metros en peso constante sin aletas) lograron realizar con \u00e9xito sus pruebas.<\/p>\n<p><strong>VIDEO\u00a0R\u00e9cord Nacional Alexei Molchanov de Rusia\u00a0-91 mts peso constante sin aletas<\/strong><\/p>\n<p><iframe loading=\"lazy\" src=\"\/\/www.youtube.com\/embed\/37Cy5DsV2Dw\" width=\"560\" height=\"315\" frameborder=\"0\" allowfullscreen=\"allowfullscreen\"><\/iframe><\/p>\n<p><a href=\"http:\/\/2013.verticalblue.net\/results\/?action=days&amp;day=10\" target=\"_blank\" rel=\"noopener noreferrer\" target=\"_blank\"><strong>Resultados Completos D\u00eda 2, Domingo 10 de Noviembre Vertical Blue 2013\u00a0<\/strong><\/a><\/p>\n<p><a href=\"http:\/\/2013.verticalblue.net\/results\/?action=days&amp;day=10\" target=\"_blank\">\u00a0<\/a><\/p>\n<p><strong>M\u00e1s informaci\u00f3n:<\/strong><br \/>\nSitio web oficial del evento:\u00a0<a href=\"http:\/\/events.verticalblue.net\/VB2013\/\" target=\"_blank\" rel=\"noopener noreferrer\">http:\/\/events.verticalblue.net\/VB2013\/<br \/>\n<\/a>Facebook oficial:\u00a0<a href=\"https:\/\/www.facebook.com\/verticalblue\" target=\"_blank\" rel=\"noopener noreferrer\" target=\"_blank\">https:\/\/www.facebook.com\/verticalblue<\/a><br \/>\nTwitter:\u00a0<a href=\"https:\/\/twitter.com\/Vertical_Blue\" target=\"_blank\" rel=\"noopener noreferrer\" target=\"_blank\">https:\/\/twitter.com\/Vertical_Blue<\/a><\/p>\n<p><strong>Cobertura Especial Vertical Blue 2013 de Sportalsub.net<\/strong><\/p>\n<p><a href=\"http:\/\/www.sportalsub.net\/blog\/category\/coberturas-especiales\/vertical-blue-2013\"><img decoding=\"async\" src=\"http:\/\/www.sportalsub.net\/blog\/wp-content\/uploads\/2013\/11\/verticalblue2013.jpg\" alt=\"verticalblue2013\" \/><\/a><\/p>\n<p>Publicado por:<\/p>\n<p><img loading=\"lazy\" decoding=\"async\" title=\"miguel\" src=\"http:\/\/www.sportalsub.net\/blog\/wp-content\/uploads\/2012\/05\/miguel-150x150.jpg\" alt=\"\" width=\"80\" height=\"80\" \/><\/p>\n<p><strong>Miguel Alberto Cede\u00f1o Ortiz (Venezuela)\u00a0<strong><img loading=\"lazy\" decoding=\"async\" src=\"http:\/\/es.fifa.com\/imgml\/flags\/s\/ven.gif\" alt=\"chi Eventos\" width=\"19\" height=\"13\" \/><br \/>\n<\/strong><\/strong>Nacido y residenciado en Caracas, Venezuela es el creador, director y editor de Sportalsub.net. Su experiencia como deportista, entrenador, juez y dirigente de las actividades subacu\u00e1ticas le han permitido establecer una red de contactos en todo el mundo para dar a conocer e informar todas las novedades sobre el deporte subacu\u00e1tico en habla hispana.<br \/>\n<strong><strong><a href=\"http:\/\/www.facebook.com\/miguelsportsub\" target=\"_blank\" rel=\"noopener noreferrer\" target=\"_blank\"><img decoding=\"async\" src=\"http:\/\/www.sportalsub.net\/blog\/wp-content\/uploads\/2009\/12\/fb.png\" alt=\"Facebook\" \/><\/a>\u00a0<\/strong><strong><a href=\"http:\/\/www.twitter.com\/miguelsportsub\" target=\"_blank\" rel=\"noopener noreferrer\" target=\"_blank\"><img decoding=\"async\" src=\"http:\/\/www.sportalsub.net\/blog\/wp-content\/uploads\/2009\/12\/twitter.png\" alt=\"Twitter\" \/><\/a><\/strong><\/strong><\/p>\n","protected":false},"excerpt":{"rendered":"<p>(Especial Sportalsub.net \/ Vertical Blue) Este domingo 10 de noviembre se realiz\u00f3 la segunda jornada de la\u00a0Competencia Internacional de Apnea\u00a0Vertical Blue 2013 en Islas Bahamas. En el 2do d\u00eda del evento se realizaron 4 r\u00e9cords nacionales: Michele Tomasi de Italia (-71 metros, peso constante sin aletas), Veljano Zanki de Croacia (-103 metros, peso constante), Alexei Molchanov de Rusia (-91 metros, [&#8230;]<\/p>\n","protected":false},"author":1,"featured_media":16316,"comment_status":"open","ping_status":"closed","sticky":false,"template":"","format":"standard","meta":{"_lmt_disableupdate":"","_lmt_disable":"","jetpack_post_was_ever_published":false,"_jetpack_newsletter_access":"","_jetpack_dont_email_post_to_subs":false,"_jetpack_newsletter_tier_id":0,"_jetpack_memberships_contains_paywalled_content":false,"_jetpack_memberships_contains_paid_content":false,"footnotes":"","jetpack_publicize_message":"","jetpack_publicize_feature_enabled":true,"jetpack_social_post_already_shared":true,"jetpack_social_options":{"image_generator_settings":{"template":"highway","default_image_id":0,"font":"","enabled":false},"version":2}},"categories":[9,302,140,118,98,50,120,170,301],"tags":[],"class_list":["post-16314","post","type-post","status-publish","format-standard","has-post-thumbnail","hentry","category-apnea","category-bahamas","category-croacia","category-italia","category-mexico","category-records","category-resultados","category-rusia","category-vertical-blue-2013"],"modified_by":"Sportalsub.net","views":2468,"jetpack_publicize_connections":[],"jetpack_featured_media_url":"https:\/\/www.sportalsub.net\/blog\/wp-content\/uploads\/2013\/11\/molchanov-vb.jpg","jetpack_sharing_enabled":true,"jetpack_shortlink":"https:\/\/wp.me\/pf9lN-4f8","jetpack_likes_enabled":false,"jetpack-related-posts":[{"id":16786,"url":"https:\/\/www.sportalsub.net\/blog\/resultados-dia-4-competencia-internacional-de-apnea-en-bahamas-vertical-blue-2013\/","url_meta":{"origin":16314,"position":0},"title":"\ud83c\udde7\ud83c\uddf8 Resultados D\u00eda 4 Competencia Internacional de Apnea en Bahamas Vertical Blue 2013","author":"Sportalsub.net","date":"14 noviembre 2013","format":false,"excerpt":"(Especial Sportalsub.net \/ Vertical Blue) Este mi\u00e9rcoles 13 de noviembre se realiz\u00f3 la cuarta jornada de la\u00a0Competencia Internacional de Apnea\u00a0Vertical Blue 2013 en Islas Bahamas. En el 4to d\u00eda del evento se realizaron 8 r\u00e9cords nacionales: Alejandra L\u00f3pez (M\u00e9xico) -61mts peso constante Shiv Madhu (India) -61mts inmersi\u00f3n libre Veljano Zanki\u2026","rel":"","context":"En \u00abApnea\u00bb","block_context":{"text":"Apnea","link":"https:\/\/www.sportalsub.net\/blog\/category\/modalidades\/apnea\/"},"img":{"alt_text":"","src":"https:\/\/i0.wp.com\/www.sportalsub.net\/blog\/wp-content\/uploads\/2013\/11\/alejandralopez.jpg?resize=350%2C200&ssl=1","width":350,"height":200,"srcset":"https:\/\/i0.wp.com\/www.sportalsub.net\/blog\/wp-content\/uploads\/2013\/11\/alejandralopez.jpg?resize=350%2C200&ssl=1 1x, https:\/\/i0.wp.com\/www.sportalsub.net\/blog\/wp-content\/uploads\/2013\/11\/alejandralopez.jpg?resize=525%2C300&ssl=1 1.5x"},"classes":[]},{"id":16802,"url":"https:\/\/www.sportalsub.net\/blog\/resultados-dia-5-competencia-internacional-de-apnea-en-bahamas-vertical-blue-2013\/","url_meta":{"origin":16314,"position":1},"title":"\ud83c\udde7\ud83c\uddf8 Resultados D\u00eda 5 Competencia Internacional de Apnea en Bahamas Vertical Blue 2013","author":"Sportalsub.net","date":"16 noviembre 2013","format":false,"excerpt":"Otro R\u00e9cord Nacional para el mexicano Alejandro Lemus (Especial Sportalsub.net \/ Vertical Blue) Este viernes 15 de noviembre se realiz\u00f3 la quinta jornada de la\u00a0Competencia Internacional de Apnea\u00a0Vertical Blue 2013 en Islas Bahamas. En el 5to d\u00eda del evento se realizaron 8 r\u00e9cords nacionales: Ve5ljano Zanki (Croacia) -92mts inmersi\u00f3n libre\u2026","rel":"","context":"En \u00abApnea\u00bb","block_context":{"text":"Apnea","link":"https:\/\/www.sportalsub.net\/blog\/category\/modalidades\/apnea\/"},"img":{"alt_text":"","src":"https:\/\/i0.wp.com\/www.sportalsub.net\/blog\/wp-content\/uploads\/2013\/11\/lemus.jpg?resize=350%2C200&ssl=1","width":350,"height":200,"srcset":"https:\/\/i0.wp.com\/www.sportalsub.net\/blog\/wp-content\/uploads\/2013\/11\/lemus.jpg?resize=350%2C200&ssl=1 1x, https:\/\/i0.wp.com\/www.sportalsub.net\/blog\/wp-content\/uploads\/2013\/11\/lemus.jpg?resize=525%2C300&ssl=1 1.5x"},"classes":[]},{"id":16308,"url":"https:\/\/www.sportalsub.net\/blog\/resultados-dia-1-competencia-internacional-de-apnea-en-bahamas-vertical-blue-2013\/","url_meta":{"origin":16314,"position":2},"title":"\ud83c\udde7\ud83c\uddf8 Resultados D\u00eda 1 Competencia Internacional de Apnea en Bahamas Vertical Blue 2013","author":"Sportalsub.net","date":"10 noviembre 2013","format":false,"excerpt":"Simon Bennet de Chile, R\u00e9cord Nacional Peso Constante sin aletas -45mts (Especial Sportalsub.net \/ Vertical Blue) Este s\u00e1bado 9 de noviembre inici\u00f3 la\u00a0Competencia Internacional de Apnea\u00a0Vertical Blue 2013 en Islas Bahamas. En la jornada, destac\u00f3 el apneista de Chile Simon Bennet, quien logr\u00f3 un nuevo r\u00e9cord nacional para su pa\u00eds\u2026","rel":"","context":"En \u00abApnea\u00bb","block_context":{"text":"Apnea","link":"https:\/\/www.sportalsub.net\/blog\/category\/modalidades\/apnea\/"},"img":{"alt_text":"","src":"https:\/\/i0.wp.com\/www.sportalsub.net\/blog\/wp-content\/uploads\/2013\/11\/simon-bennet.jpg?resize=350%2C200&ssl=1","width":350,"height":200},"classes":[]},{"id":16325,"url":"https:\/\/www.sportalsub.net\/blog\/resultados-dia-3-competencia-internacional-de-apnea-en-bahamas-vertical-blue-2013\/","url_meta":{"origin":16314,"position":3},"title":"\ud83c\udde7\ud83c\uddf8 Resultados D\u00eda 3 Competencia Internacional de Apnea en Bahamas Vertical Blue 2013","author":"Sportalsub.net","date":"12 noviembre 2013","format":false,"excerpt":"(Especial Sportalsub.net \/ Vertical Blue) El lunes 11 de noviembre se realiz\u00f3 la tercera jornada de la\u00a0Competencia Internacional de Apnea\u00a0Vertical Blue 2013 en Islas Bahamas. En el 3er d\u00eda del evento se realizaron 5 r\u00e9cords nacionales: Davide Carrera de Italia (-101 metros, peso constante con aletas), Michael Board de Gran\u2026","rel":"","context":"En \u00abApnea\u00bb","block_context":{"text":"Apnea","link":"https:\/\/www.sportalsub.net\/blog\/category\/modalidades\/apnea\/"},"img":{"alt_text":"","src":"https:\/\/i0.wp.com\/www.sportalsub.net\/blog\/wp-content\/uploads\/2013\/11\/verticalblue2013.jpg?resize=350%2C200&ssl=1","width":350,"height":200,"srcset":"https:\/\/i0.wp.com\/www.sportalsub.net\/blog\/wp-content\/uploads\/2013\/11\/verticalblue2013.jpg?resize=350%2C200&ssl=1 1x, https:\/\/i0.wp.com\/www.sportalsub.net\/blog\/wp-content\/uploads\/2013\/11\/verticalblue2013.jpg?resize=525%2C300&ssl=1 1.5x"},"classes":[]},{"id":1822,"url":"https:\/\/www.sportalsub.net\/blog\/vertical-blue-2009-dia-1\/","url_meta":{"origin":16314,"position":4},"title":"\ud83c\udde7\ud83c\uddf8 Vertical Blue 2009 &#8211; D\u00eda 1","author":"Sportalsub.net","date":"1 abril 2009","format":false,"excerpt":"Davide Carrera (Italia) celebra su nuevo r\u00e9cord nacional en peso constante Foto: Fred Buyle @ VerticalBlue Este mi\u00e9rcoles 1ro de Abril comenz\u00f3 el Vertical Blue 2009, competencia internacional de apnea, en la cual se estar\u00e1n realizando diversos intentos de r\u00e9cords nacionales y mundiales avalados por la Asociaci\u00f3n Internacional de Apnea\u2026","rel":"","context":"En \u00abApnea\u00bb","block_context":{"text":"Apnea","link":"https:\/\/www.sportalsub.net\/blog\/category\/modalidades\/apnea\/"},"img":{"alt_text":"","src":"https:\/\/i0.wp.com\/www.sportalsub.net\/blog\/wp-content\/uploads\/2009\/04\/Frederic_Buyle_2.jpg?resize=350%2C200&ssl=1","width":350,"height":200},"classes":[]},{"id":19108,"url":"https:\/\/www.sportalsub.net\/blog\/vertical-blue-2014-dia-5","url_meta":{"origin":16314,"position":5},"title":"\ud83c\udde7\ud83c\uddf8 6 r\u00e9cords en quinto d\u00eda de la Competencia Internacional de Apnea Vertical Blue 2014","author":"Sportalsub.net","date":"3 diciembre 2014","format":false,"excerpt":"(Sportalsub.net \/ Vertical Blue) Del 27 de noviembre al 5 de diciembre de 2014 se lleva a cabo en el\u00a0Dean\u2019s Blue Hole, Bahamas\u00a0la competencia internacional de apnea, Vertical Blue 2014, una de las m\u00e1s prestigiosas a nivel mundial. En la quinta\u00a0jornada realizada este martes 2\u00a0de diciembre se implantaron 6\u00a0nuevos r\u00e9cords\u2026","rel":"","context":"En \u00abApnea\u00bb","block_context":{"text":"Apnea","link":"https:\/\/www.sportalsub.net\/blog\/category\/modalidades\/apnea\/"},"img":{"alt_text":"","src":"https:\/\/i0.wp.com\/www.sportalsub.net\/blog\/wp-content\/uploads\/2014\/12\/verticalblue2014-dia5.jpg?resize=350%2C200&ssl=1","width":350,"height":200,"srcset":"https:\/\/i0.wp.com\/www.sportalsub.net\/blog\/wp-content\/uploads\/2014\/12\/verticalblue2014-dia5.jpg?resize=350%2C200&ssl=1 1x, https:\/\/i0.wp.com\/www.sportalsub.net\/blog\/wp-content\/uploads\/2014\/12\/verticalblue2014-dia5.jpg?resize=525%2C300&ssl=1 1.5x"},"classes":[]}],"_links":{"self":[{"href":"https:\/\/www.sportalsub.net\/blog\/wp-json\/wp\/v2\/posts\/16314","targetHints":{"allow":["GET"]}}],"collection":[{"href":"https:\/\/www.sportalsub.net\/blog\/wp-json\/wp\/v2\/posts"}],"about":[{"href":"https:\/\/www.sportalsub.net\/blog\/wp-json\/wp\/v2\/types\/post"}],"author":[{"embeddable":true,"href":"https:\/\/www.sportalsub.net\/blog\/wp-json\/wp\/v2\/users\/1"}],"replies":[{"embeddable":true,"href":"https:\/\/www.sportalsub.net\/blog\/wp-json\/wp\/v2\/comments?post=16314"}],"version-history":[{"count":0,"href":"https:\/\/www.sportalsub.net\/blog\/wp-json\/wp\/v2\/posts\/16314\/revisions"}],"wp:featuredmedia":[{"embeddable":true,"href":"https:\/\/www.sportalsub.net\/blog\/wp-json\/wp\/v2\/media\/16316"}],"wp:attachment":[{"href":"https:\/\/www.sportalsub.net\/blog\/wp-json\/wp\/v2\/media?parent=16314"}],"wp:term":[{"taxonomy":"category","embeddable":true,"href":"https:\/\/www.sportalsub.net\/blog\/wp-json\/wp\/v2\/categories?post=16314"},{"taxonomy":"post_tag","embeddable":true,"href":"https:\/\/www.sportalsub.net\/blog\/wp-json\/wp\/v2\/tags?post=16314"}],"curies":[{"name":"wp","href":"https:\/\/api.w.org\/{rel}","templated":true}]}}