{"id":16325,"date":"2013-11-12T12:22:22","date_gmt":"2013-11-12T16:52:22","guid":{"rendered":"http:\/\/www.sportalsub.net\/blog\/?p=16325"},"modified":"2019-09-01T02:59:48","modified_gmt":"2019-09-01T06:59:48","slug":"resultados-dia-3-competencia-internacional-de-apnea-en-bahamas-vertical-blue-2013","status":"publish","type":"post","link":"https:\/\/www.sportalsub.net\/blog\/resultados-dia-3-competencia-internacional-de-apnea-en-bahamas-vertical-blue-2013\/","title":{"rendered":"\ud83c\udde7\ud83c\uddf8 Resultados D\u00eda 3 Competencia Internacional de Apnea en Bahamas Vertical Blue 2013"},"content":{"rendered":"<p><a href=\"http:\/\/www.sportalsub.net\/blog\/wp-content\/uploads\/2013\/11\/vertical3.jpg\" target=\"_blank\"><img loading=\"lazy\" decoding=\"async\" class=\"alignnone size-full wp-image-16326\" src=\"http:\/\/www.sportalsub.net\/blog\/wp-content\/uploads\/2013\/11\/vertical3.jpg\" alt=\"vertical3\" width=\"600\" height=\"572\" srcset=\"https:\/\/www.sportalsub.net\/blog\/wp-content\/uploads\/2013\/11\/vertical3.jpg 600w, https:\/\/www.sportalsub.net\/blog\/wp-content\/uploads\/2013\/11\/vertical3-300x286.jpg 300w\" sizes=\"auto, (max-width: 600px) 100vw, 600px\" \/><\/a><\/p>\n<p>(Especial Sportalsub.net \/ Vertical Blue)<\/p>\n<p>El lunes 11 de noviembre se realiz\u00f3 la tercera jornada de la\u00a0Competencia Internacional de Apnea\u00a0Vertical Blue 2013 en Islas Bahamas.<\/p>\n<p>En el 3er d\u00eda del evento se realizaron 5 r\u00e9cords nacionales: <strong>Davide Carrera de Italia<\/strong> (-101 metros, peso constante con aletas), <strong>Michael Board de Gran Breta\u00f1a<\/strong> (-91 metros, inmersi\u00f3n libre), <strong>Antero Joki de Finlandia\u00a0<\/strong>(-82 metros, inmersi\u00f3n libre),\u00a0<strong>Samo Jeranko de Eslovenia<\/strong>\u00a0(-75 metros, peso constante sin aletas) y <strong>Alejandro Lemus de M\u00e9xico<\/strong> (-74 metros, inmersi\u00f3n libre).<\/p>\n<p><strong><a href=\"http:\/\/2013.verticalblue.net\/results\/?action=days&amp;day=11\" target=\"_blank\" rel=\"noopener noreferrer\" target=\"_blank\">Resultados Completos D\u00eda 3, Lunes 11 de Noviembre Vertical Blue 2013<\/a><\/strong><\/p>\n<p><strong>M\u00e1s informaci\u00f3n:<\/strong><br \/>\nSitio web oficial del evento:\u00a0<a href=\"http:\/\/events.verticalblue.net\/VB2013\/\" target=\"_blank\" rel=\"noopener noreferrer\">http:\/\/events.verticalblue.net\/VB2013\/<br \/>\n<\/a>Facebook oficial:\u00a0<a href=\"https:\/\/www.facebook.com\/verticalblue\" target=\"_blank\" rel=\"noopener noreferrer\" target=\"_blank\">https:\/\/www.facebook.com\/verticalblue<\/a><br \/>\nTwitter:\u00a0<a href=\"https:\/\/twitter.com\/Vertical_Blue\" target=\"_blank\" rel=\"noopener noreferrer\" target=\"_blank\">https:\/\/twitter.com\/Vertical_Blue<\/a><\/p>\n<p><strong>Cobertura Especial Vertical Blue 2013 de Sportalsub.net<\/strong><\/p>\n<p><a href=\"http:\/\/www.sportalsub.net\/blog\/category\/coberturas-especiales\/vertical-blue-2013\"><img decoding=\"async\" src=\"http:\/\/www.sportalsub.net\/blog\/wp-content\/uploads\/2013\/11\/verticalblue2013.jpg\" alt=\"verticalblue2013\" \/><\/a><\/p>\n<p>Publicado por:<\/p>\n<p><img loading=\"lazy\" decoding=\"async\" title=\"miguel\" src=\"http:\/\/www.sportalsub.net\/blog\/wp-content\/uploads\/2012\/05\/miguel-150x150.jpg\" alt=\"\" width=\"80\" height=\"80\" \/><\/p>\n<p><strong>Miguel Alberto Cede\u00f1o Ortiz (Venezuela)\u00a0<strong><img loading=\"lazy\" decoding=\"async\" src=\"http:\/\/es.fifa.com\/imgml\/flags\/s\/ven.gif\" alt=\"chi Eventos\" width=\"19\" height=\"13\" \/><br \/>\n<\/strong><\/strong>Nacido y residenciado en Caracas, Venezuela es el creador, director y editor de Sportalsub.net. Su experiencia como deportista, entrenador, juez y dirigente de las actividades subacu\u00e1ticas le han permitido establecer una red de contactos en todo el mundo para dar a conocer e informar todas las novedades sobre el deporte subacu\u00e1tico en habla hispana.<br \/>\n<strong><strong><a href=\"http:\/\/www.facebook.com\/miguelsportsub\" target=\"_blank\" rel=\"noopener noreferrer\" target=\"_blank\"><img decoding=\"async\" src=\"http:\/\/www.sportalsub.net\/blog\/wp-content\/uploads\/2009\/12\/fb.png\" alt=\"Facebook\" \/><\/a>\u00a0<\/strong><strong><a href=\"http:\/\/www.twitter.com\/miguelsportsub\" target=\"_blank\" rel=\"noopener noreferrer\" target=\"_blank\"><img decoding=\"async\" src=\"http:\/\/www.sportalsub.net\/blog\/wp-content\/uploads\/2009\/12\/twitter.png\" alt=\"Twitter\" \/><\/a><\/strong><\/strong><\/p>\n","protected":false},"excerpt":{"rendered":"<p>(Especial Sportalsub.net \/ Vertical Blue) El lunes 11 de noviembre se realiz\u00f3 la tercera jornada de la\u00a0Competencia Internacional de Apnea\u00a0Vertical Blue 2013 en Islas Bahamas. En el 3er d\u00eda del evento se realizaron 5 r\u00e9cords nacionales: Davide Carrera de Italia (-101 metros, peso constante con aletas), Michael Board de Gran Breta\u00f1a (-91 metros, inmersi\u00f3n libre), Antero Joki de Finlandia\u00a0(-82 metros, [&#8230;]<\/p>\n","protected":false},"author":1,"featured_media":16279,"comment_status":"open","ping_status":"closed","sticky":false,"template":"","format":"standard","meta":{"_lmt_disableupdate":"","_lmt_disable":"","jetpack_post_was_ever_published":false,"_jetpack_newsletter_access":"","_jetpack_dont_email_post_to_subs":false,"_jetpack_newsletter_tier_id":0,"_jetpack_memberships_contains_paywalled_content":false,"_jetpack_memberships_contains_paid_content":false,"footnotes":"","jetpack_publicize_message":"","jetpack_publicize_feature_enabled":true,"jetpack_social_post_already_shared":true,"jetpack_social_options":{"image_generator_settings":{"template":"highway","default_image_id":0,"font":"","enabled":false},"version":2}},"categories":[9,302,213,168,118,98,50,120,301],"tags":[],"class_list":["post-16325","post","type-post","status-publish","format-standard","has-post-thumbnail","hentry","category-apnea","category-bahamas","category-finlandia","category-gran-bretana","category-italia","category-mexico","category-records","category-resultados","category-vertical-blue-2013"],"modified_by":"Sportalsub.net","views":2238,"jetpack_publicize_connections":[],"jetpack_featured_media_url":"https:\/\/www.sportalsub.net\/blog\/wp-content\/uploads\/2013\/11\/verticalblue2013.jpg","jetpack_sharing_enabled":true,"jetpack_shortlink":"https:\/\/wp.me\/pf9lN-4fj","jetpack_likes_enabled":false,"jetpack-related-posts":[{"id":16802,"url":"https:\/\/www.sportalsub.net\/blog\/resultados-dia-5-competencia-internacional-de-apnea-en-bahamas-vertical-blue-2013\/","url_meta":{"origin":16325,"position":0},"title":"\ud83c\udde7\ud83c\uddf8 Resultados D\u00eda 5 Competencia Internacional de Apnea en Bahamas Vertical Blue 2013","author":"Sportalsub.net","date":"16 noviembre 2013","format":false,"excerpt":"Otro R\u00e9cord Nacional para el mexicano Alejandro Lemus (Especial Sportalsub.net \/ Vertical Blue) Este viernes 15 de noviembre se realiz\u00f3 la quinta jornada de la\u00a0Competencia Internacional de Apnea\u00a0Vertical Blue 2013 en Islas Bahamas. En el 5to d\u00eda del evento se realizaron 8 r\u00e9cords nacionales: Ve5ljano Zanki (Croacia) -92mts inmersi\u00f3n libre\u2026","rel":"","context":"En \u00abApnea\u00bb","block_context":{"text":"Apnea","link":"https:\/\/www.sportalsub.net\/blog\/category\/modalidades\/apnea\/"},"img":{"alt_text":"","src":"https:\/\/i0.wp.com\/www.sportalsub.net\/blog\/wp-content\/uploads\/2013\/11\/lemus.jpg?resize=350%2C200&ssl=1","width":350,"height":200,"srcset":"https:\/\/i0.wp.com\/www.sportalsub.net\/blog\/wp-content\/uploads\/2013\/11\/lemus.jpg?resize=350%2C200&ssl=1 1x, https:\/\/i0.wp.com\/www.sportalsub.net\/blog\/wp-content\/uploads\/2013\/11\/lemus.jpg?resize=525%2C300&ssl=1 1.5x"},"classes":[]},{"id":16786,"url":"https:\/\/www.sportalsub.net\/blog\/resultados-dia-4-competencia-internacional-de-apnea-en-bahamas-vertical-blue-2013\/","url_meta":{"origin":16325,"position":1},"title":"\ud83c\udde7\ud83c\uddf8 Resultados D\u00eda 4 Competencia Internacional de Apnea en Bahamas Vertical Blue 2013","author":"Sportalsub.net","date":"14 noviembre 2013","format":false,"excerpt":"(Especial Sportalsub.net \/ Vertical Blue) Este mi\u00e9rcoles 13 de noviembre se realiz\u00f3 la cuarta jornada de la\u00a0Competencia Internacional de Apnea\u00a0Vertical Blue 2013 en Islas Bahamas. En el 4to d\u00eda del evento se realizaron 8 r\u00e9cords nacionales: Alejandra L\u00f3pez (M\u00e9xico) -61mts peso constante Shiv Madhu (India) -61mts inmersi\u00f3n libre Veljano Zanki\u2026","rel":"","context":"En \u00abApnea\u00bb","block_context":{"text":"Apnea","link":"https:\/\/www.sportalsub.net\/blog\/category\/modalidades\/apnea\/"},"img":{"alt_text":"","src":"https:\/\/i0.wp.com\/www.sportalsub.net\/blog\/wp-content\/uploads\/2013\/11\/alejandralopez.jpg?resize=350%2C200&ssl=1","width":350,"height":200,"srcset":"https:\/\/i0.wp.com\/www.sportalsub.net\/blog\/wp-content\/uploads\/2013\/11\/alejandralopez.jpg?resize=350%2C200&ssl=1 1x, https:\/\/i0.wp.com\/www.sportalsub.net\/blog\/wp-content\/uploads\/2013\/11\/alejandralopez.jpg?resize=525%2C300&ssl=1 1.5x"},"classes":[]},{"id":16314,"url":"https:\/\/www.sportalsub.net\/blog\/resultados-dia-2-competencia-internacional-de-apnea-en-bahamas-vertical-blue-2013-video\/","url_meta":{"origin":16325,"position":2},"title":"\ud83c\udde7\ud83c\uddf8 Resultados D\u00eda 2 Competencia Internacional de Apnea en Bahamas Vertical Blue 2013 + Video","author":"Sportalsub.net","date":"11 noviembre 2013","format":false,"excerpt":"(Especial Sportalsub.net \/ Vertical Blue) Este domingo 10 de noviembre se realiz\u00f3 la segunda jornada de la\u00a0Competencia Internacional de Apnea\u00a0Vertical Blue 2013 en Islas Bahamas. En el 2do d\u00eda del evento se realizaron 4 r\u00e9cords nacionales: Michele Tomasi de Italia (-71 metros, peso constante sin aletas), Veljano Zanki de Croacia\u2026","rel":"","context":"En \u00abApnea\u00bb","block_context":{"text":"Apnea","link":"https:\/\/www.sportalsub.net\/blog\/category\/modalidades\/apnea\/"},"img":{"alt_text":"","src":"https:\/\/i0.wp.com\/www.sportalsub.net\/blog\/wp-content\/uploads\/2013\/11\/molchanov-vb.jpg?resize=350%2C200&ssl=1","width":350,"height":200,"srcset":"https:\/\/i0.wp.com\/www.sportalsub.net\/blog\/wp-content\/uploads\/2013\/11\/molchanov-vb.jpg?resize=350%2C200&ssl=1 1x, https:\/\/i0.wp.com\/www.sportalsub.net\/blog\/wp-content\/uploads\/2013\/11\/molchanov-vb.jpg?resize=525%2C300&ssl=1 1.5x"},"classes":[]},{"id":19108,"url":"https:\/\/www.sportalsub.net\/blog\/vertical-blue-2014-dia-5","url_meta":{"origin":16325,"position":3},"title":"\ud83c\udde7\ud83c\uddf8 6 r\u00e9cords en quinto d\u00eda de la Competencia Internacional de Apnea Vertical Blue 2014","author":"Sportalsub.net","date":"3 diciembre 2014","format":false,"excerpt":"(Sportalsub.net \/ Vertical Blue) Del 27 de noviembre al 5 de diciembre de 2014 se lleva a cabo en el\u00a0Dean\u2019s Blue Hole, Bahamas\u00a0la competencia internacional de apnea, Vertical Blue 2014, una de las m\u00e1s prestigiosas a nivel mundial. En la quinta\u00a0jornada realizada este martes 2\u00a0de diciembre se implantaron 6\u00a0nuevos r\u00e9cords\u2026","rel":"","context":"En \u00abApnea\u00bb","block_context":{"text":"Apnea","link":"https:\/\/www.sportalsub.net\/blog\/category\/modalidades\/apnea\/"},"img":{"alt_text":"","src":"https:\/\/i0.wp.com\/www.sportalsub.net\/blog\/wp-content\/uploads\/2014\/12\/verticalblue2014-dia5.jpg?resize=350%2C200&ssl=1","width":350,"height":200,"srcset":"https:\/\/i0.wp.com\/www.sportalsub.net\/blog\/wp-content\/uploads\/2014\/12\/verticalblue2014-dia5.jpg?resize=350%2C200&ssl=1 1x, https:\/\/i0.wp.com\/www.sportalsub.net\/blog\/wp-content\/uploads\/2014\/12\/verticalblue2014-dia5.jpg?resize=525%2C300&ssl=1 1.5x"},"classes":[]},{"id":16846,"url":"https:\/\/www.sportalsub.net\/blog\/resultados-dia-6-competencia-internacional-de-apnea-en-bahamas-vertical-blue-2013-video\/","url_meta":{"origin":16325,"position":4},"title":"\ud83c\udde7\ud83c\uddf8 Resultados D\u00eda 6 Competencia Internacional de Apnea en Bahamas Vertical Blue 2013 + VIDEO","author":"Sportalsub.net","date":"17 noviembre 2013","format":false,"excerpt":"R\u00e9cords Nacionales para Alejandra L\u00f3pez de M\u00e9xico y Simon Bennet de Chile (Especial Sportalsub.net \/ Vertical Blue) Este s\u00e1bado 16 de noviembre se realiz\u00f3 la sexta jornada de la\u00a0Competencia Internacional de Apnea\u00a0Vertical Blue 2013 en Islas Bahamas. En el 6to d\u00eda del evento se realizaron 4 r\u00e9cords nacionales: Simon Bennet\u2026","rel":"","context":"En \u00abApnea\u00bb","block_context":{"text":"Apnea","link":"https:\/\/www.sportalsub.net\/blog\/category\/modalidades\/apnea\/"},"img":{"alt_text":"","src":"https:\/\/i0.wp.com\/www.sportalsub.net\/blog\/wp-content\/uploads\/2013\/11\/simon-alejandra.jpg?resize=350%2C200&ssl=1","width":350,"height":200,"srcset":"https:\/\/i0.wp.com\/www.sportalsub.net\/blog\/wp-content\/uploads\/2013\/11\/simon-alejandra.jpg?resize=350%2C200&ssl=1 1x, https:\/\/i0.wp.com\/www.sportalsub.net\/blog\/wp-content\/uploads\/2013\/11\/simon-alejandra.jpg?resize=525%2C300&ssl=1 1.5x, https:\/\/i0.wp.com\/www.sportalsub.net\/blog\/wp-content\/uploads\/2013\/11\/simon-alejandra.jpg?resize=700%2C400&ssl=1 2x"},"classes":[]},{"id":1822,"url":"https:\/\/www.sportalsub.net\/blog\/vertical-blue-2009-dia-1\/","url_meta":{"origin":16325,"position":5},"title":"\ud83c\udde7\ud83c\uddf8 Vertical Blue 2009 &#8211; D\u00eda 1","author":"Sportalsub.net","date":"1 abril 2009","format":false,"excerpt":"Davide Carrera (Italia) celebra su nuevo r\u00e9cord nacional en peso constante Foto: Fred Buyle @ VerticalBlue Este mi\u00e9rcoles 1ro de Abril comenz\u00f3 el Vertical Blue 2009, competencia internacional de apnea, en la cual se estar\u00e1n realizando diversos intentos de r\u00e9cords nacionales y mundiales avalados por la Asociaci\u00f3n Internacional de Apnea\u2026","rel":"","context":"En \u00abApnea\u00bb","block_context":{"text":"Apnea","link":"https:\/\/www.sportalsub.net\/blog\/category\/modalidades\/apnea\/"},"img":{"alt_text":"","src":"https:\/\/i0.wp.com\/www.sportalsub.net\/blog\/wp-content\/uploads\/2009\/04\/Frederic_Buyle_2.jpg?resize=350%2C200&ssl=1","width":350,"height":200},"classes":[]}],"_links":{"self":[{"href":"https:\/\/www.sportalsub.net\/blog\/wp-json\/wp\/v2\/posts\/16325","targetHints":{"allow":["GET"]}}],"collection":[{"href":"https:\/\/www.sportalsub.net\/blog\/wp-json\/wp\/v2\/posts"}],"about":[{"href":"https:\/\/www.sportalsub.net\/blog\/wp-json\/wp\/v2\/types\/post"}],"author":[{"embeddable":true,"href":"https:\/\/www.sportalsub.net\/blog\/wp-json\/wp\/v2\/users\/1"}],"replies":[{"embeddable":true,"href":"https:\/\/www.sportalsub.net\/blog\/wp-json\/wp\/v2\/comments?post=16325"}],"version-history":[{"count":0,"href":"https:\/\/www.sportalsub.net\/blog\/wp-json\/wp\/v2\/posts\/16325\/revisions"}],"wp:featuredmedia":[{"embeddable":true,"href":"https:\/\/www.sportalsub.net\/blog\/wp-json\/wp\/v2\/media\/16279"}],"wp:attachment":[{"href":"https:\/\/www.sportalsub.net\/blog\/wp-json\/wp\/v2\/media?parent=16325"}],"wp:term":[{"taxonomy":"category","embeddable":true,"href":"https:\/\/www.sportalsub.net\/blog\/wp-json\/wp\/v2\/categories?post=16325"},{"taxonomy":"post_tag","embeddable":true,"href":"https:\/\/www.sportalsub.net\/blog\/wp-json\/wp\/v2\/tags?post=16325"}],"curies":[{"name":"wp","href":"https:\/\/api.w.org\/{rel}","templated":true}]}}