{"id":17156,"date":"2013-12-12T13:51:18","date_gmt":"2013-12-12T18:21:18","guid":{"rendered":"http:\/\/www.sportalsub.net\/blog\/?p=17156"},"modified":"2019-08-31T23:06:05","modified_gmt":"2019-09-01T03:06:05","slug":"calendario-2014-federacion-mexicana-de-actividades-subacuaticas-fmas","status":"publish","type":"post","link":"https:\/\/www.sportalsub.net\/blog\/calendario-2014-federacion-mexicana-de-actividades-subacuaticas-fmas\/","title":{"rendered":"\ud83c\uddf2\ud83c\uddfd Calendario 2014 Federaci\u00f3n Mexicana de Actividades Subacu\u00e1ticas FMAS"},"content":{"rendered":"<p><a href=\"http:\/\/www.sportalsub.net\/blog\/wp-content\/uploads\/2013\/12\/fmas.jpg\" target=\"_blank\"><img loading=\"lazy\" decoding=\"async\" class=\"alignnone size-full wp-image-17157\" src=\"http:\/\/www.sportalsub.net\/blog\/wp-content\/uploads\/2013\/12\/fmas.jpg\" alt=\"fmas\" width=\"235\" height=\"176\" \/><\/a><\/p>\n<p>(Especial Sportalsub.net \/\u00a0<a href=\"http:\/\/www.fmas.com.mx\/\" target=\"_blank\" rel=\"noopener noreferrer\" target=\"_blank\">FMAS<\/a>)<\/p>\n<p>La\u00a0Federaci\u00f3n Mexicana de Actividades Subacu\u00e1ticas FMAS publica su calendario deportivo nacional e internacional para 2014<\/p>\n<p><strong><img decoding=\"async\" src=\"http:\/\/www.sportalsub.net\/blog\/wp-content\/uploads\/2009\/10\/pdf.gif\" alt=\"\" \/>\u00a0<a href=\"http:\/\/www.fmas.com.mx\/LinkClick.aspx?fileticket=vlh21aF5rMM%3d&amp;tabid=40&amp;mid=480\" target=\"_blank\" rel=\"noopener noreferrer\" target=\"_blank\">Ver \/ Descargar Calendario Oficial en pdf<\/a><\/strong><\/p>\n<p><strong>Fuente:\u00a0<a href=\"http:\/\/www.fmas.com.mx\/\" target=\"_blank\" rel=\"noopener noreferrer\" target=\"_blank\">FMAS<\/a><\/strong><\/p>\n","protected":false},"excerpt":{"rendered":"<p>(Especial Sportalsub.net \/\u00a0FMAS) La\u00a0Federaci\u00f3n Mexicana de Actividades Subacu\u00e1ticas FMAS publica su calendario deportivo nacional e internacional para 2014 \u00a0Ver \/ Descargar Calendario Oficial en pdf Fuente:\u00a0FMAS<\/p>\n","protected":false},"author":1,"featured_media":17157,"comment_status":"open","ping_status":"closed","sticky":false,"template":"","format":"standard","meta":{"_lmt_disableupdate":"","_lmt_disable":"","jetpack_post_was_ever_published":false,"_jetpack_newsletter_access":"","_jetpack_dont_email_post_to_subs":false,"_jetpack_newsletter_tier_id":0,"_jetpack_memberships_contains_paywalled_content":false,"_jetpack_memberships_contains_paid_content":false,"footnotes":"","jetpack_publicize_message":"","jetpack_publicize_feature_enabled":true,"jetpack_social_post_already_shared":true,"jetpack_social_options":{"image_generator_settings":{"template":"highway","default_image_id":0,"font":"","enabled":false},"version":2}},"categories":[9,186,156,94,19,98,12,18],"tags":[],"class_list":["post-17156","post","type-post","status-publish","format-standard","has-post-thumbnail","hentry","category-apnea","category-buceo-2","category-buceo-cientifico","category-buceo-tecnico","category-fotografia-submarina","category-mexico","category-natacion-con-aletas","category-pesca-submarina"],"modified_by":"Sportalsub.net","views":4629,"jetpack_publicize_connections":[],"jetpack_featured_media_url":"https:\/\/www.sportalsub.net\/blog\/wp-content\/uploads\/2013\/12\/fmas.jpg","jetpack_sharing_enabled":true,"jetpack_shortlink":"https:\/\/wp.me\/pf9lN-4sI","jetpack_likes_enabled":false,"jetpack-related-posts":[{"id":17200,"url":"https:\/\/www.sportalsub.net\/blog\/calendario-2014-federacion-espanola-de-actividades-subacuaticas-fmas\/","url_meta":{"origin":17156,"position":0},"title":"\ud83c\uddea\ud83c\uddf8 Calendario 2014 Federaci\u00f3n Espa\u00f1ola de Actividades Subacu\u00e1ticas FEDAS","author":"Sportalsub.net","date":"8 enero 2014","format":false,"excerpt":"(Especial Sportalsub.net \/\u00a0FEDAS) La\u00a0Federaci\u00f3n Espa\u00f1ola de Actividades Subacu\u00e1ticas FEDAS publica su calendario provisional nacional e internacional para 2014 Ver Calendario Oficial\u00a0 Fuente:\u00a0FEDAS","rel":"","context":"En \u00abApnea\u00bb","block_context":{"text":"Apnea","link":"https:\/\/www.sportalsub.net\/blog\/category\/modalidades\/apnea\/"},"img":{"alt_text":"FEDAS-relieve-transparente","src":"https:\/\/i0.wp.com\/www.sportalsub.net\/blog\/wp-content\/uploads\/2014\/01\/FEDAS-relieve-transparente.png?resize=350%2C200","width":350,"height":200},"classes":[]},{"id":19172,"url":"https:\/\/www.sportalsub.net\/blog\/se-reorganiza-fmas","url_meta":{"origin":17156,"position":1},"title":"\ud83c\uddf2\ud83c\uddfd Se reorganiza la Federaci\u00f3n Mexicana de Actividades Subacu\u00e1ticas","author":"Sportalsub.net","date":"11 diciembre 2014","format":false,"excerpt":"(Sportalsub.net \/ FMAS) Cozumel, Quintana Roo. A 10 de diciembre de 2014. La Federaci\u00f3n Mexicana de Actividades Subacu\u00e1ticas (FMAS) cerrar\u00e1 el 2014 con una reorganizaci\u00f3n interna con intenso trabajo en la temporada en la parte deportiva a trav\u00e9s de la organizaci\u00f3n del Campeonato Panamericano de Nado con Aletas y Apnea\u2026","rel":"","context":"En \u00abApnea\u00bb","block_context":{"text":"Apnea","link":"https:\/\/www.sportalsub.net\/blog\/category\/modalidades\/apnea\/"},"img":{"alt_text":"","src":"https:\/\/i0.wp.com\/www.sportalsub.net\/blog\/wp-content\/uploads\/2014\/12\/fmas2015.jpg?resize=350%2C200&ssl=1","width":350,"height":200,"srcset":"https:\/\/i0.wp.com\/www.sportalsub.net\/blog\/wp-content\/uploads\/2014\/12\/fmas2015.jpg?resize=350%2C200&ssl=1 1x, https:\/\/i0.wp.com\/www.sportalsub.net\/blog\/wp-content\/uploads\/2014\/12\/fmas2015.jpg?resize=525%2C300&ssl=1 1.5x, https:\/\/i0.wp.com\/www.sportalsub.net\/blog\/wp-content\/uploads\/2014\/12\/fmas2015.jpg?resize=700%2C400&ssl=1 2x"},"classes":[]},{"id":17341,"url":"https:\/\/www.sportalsub.net\/blog\/centro-deportivo-olimpico-mexicano-albergo-curso-de-instructores-de-buceo-fmas\/","url_meta":{"origin":17156,"position":2},"title":"\ud83c\uddf2\ud83c\uddfd Centro Deportivo Ol\u00edmpico Mexicano alberg\u00f3 curso de instructores de Buceo FMAS","author":"Sportalsub.net","date":"24 febrero 2014","format":false,"excerpt":"(Especial Sportalsub.net \/ FMAS) Ciudad de M\u00e9xico. En las instalaciones del Centro Deportivo Ol\u00edmpico Mexicano se llev\u00f3 a cabo el Curso Nacional de Actualizaci\u00f3n para Instructores de Buceo Deportivo de la Federaci\u00f3n Mexicana de Actividades Subacu\u00e1ticas (FMAS) del 21 al 23 de febrero con ponentes de alto nivel as\u00ed lo\u2026","rel":"","context":"En \u00abBuceo\u00bb","block_context":{"text":"Buceo","link":"https:\/\/www.sportalsub.net\/blog\/category\/modalidades\/buceo-2\/"},"img":{"alt_text":"","src":"https:\/\/i0.wp.com\/www.sportalsub.net\/blog\/wp-content\/uploads\/2014\/02\/unnamed.jpg?resize=350%2C200&ssl=1","width":350,"height":200,"srcset":"https:\/\/i0.wp.com\/www.sportalsub.net\/blog\/wp-content\/uploads\/2014\/02\/unnamed.jpg?resize=350%2C200&ssl=1 1x, https:\/\/i0.wp.com\/www.sportalsub.net\/blog\/wp-content\/uploads\/2014\/02\/unnamed.jpg?resize=525%2C300&ssl=1 1.5x, https:\/\/i0.wp.com\/www.sportalsub.net\/blog\/wp-content\/uploads\/2014\/02\/unnamed.jpg?resize=700%2C400&ssl=1 2x"},"classes":[]},{"id":17204,"url":"https:\/\/www.sportalsub.net\/blog\/1er-curso-internacional-de-instructores-de-buceo-subterraneo-cmas-zona-america\/","url_meta":{"origin":17156,"position":3},"title":"\ud83c\udde8\ud83c\uddfa Concluye con \u00e9xito 1er Curso Internacional de Instructores de Buceo Subterr\u00e1neo CMAS Zona Am\u00e9rica","author":"Sportalsub.net","date":"5 junio 2014","format":false,"excerpt":"(Especial Sportalsub.net \/ CMAS Zona Am\u00e9rica \/ FMAS \/ FCAS) Matanzas, Cuba. A 03 de junio de 2014. Por Coty Zeckua Ramos En Playa Gir\u00f3n de esta localidad se desarroll\u00f3 el 1er. Curso Internacional para Instructores de Buceo Subterr\u00e1neo CMAS Zona Am\u00e9rica, del 26 al 31 de mayo, a trav\u00e9s\u2026","rel":"","context":"En \u00abBuceo Cient\u00edfico\u00bb","block_context":{"text":"Buceo Cient\u00edfico","link":"https:\/\/www.sportalsub.net\/blog\/category\/modalidades\/buceo-2\/buceo-cientifico\/"},"img":{"alt_text":"","src":"https:\/\/i0.wp.com\/www.sportalsub.net\/blog\/wp-content\/uploads\/2014\/01\/buceo-cuba.png?resize=350%2C200&ssl=1","width":350,"height":200},"classes":[]},{"id":16113,"url":"https:\/\/www.sportalsub.net\/blog\/realizado-congreso-tecnico-nacional-2013-de-fmas-mexico\/","url_meta":{"origin":17156,"position":4},"title":"\ud83c\uddf2\ud83c\uddfd Realizado Congreso T\u00e9cnico Nacional 2013 de FMAS M\u00e9xico","author":"Sportalsub.net","date":"23 septiembre 2013","format":false,"excerpt":"(Especial Sportalsub.net \/ FMAS) Ciudad de M\u00e9xico. La Federaci\u00f3n Mexicana de Actividades Subacu\u00e1ticas (FMAS), la cual es dirigida por Rogelio Flores Aguilera, celebr\u00f3 la edici\u00f3n 39 del Congreso T\u00e9cnico Nacional en el Puerto de Veracruz del 5 al 7 de septiembre del a\u00f1o en curso. El dicho congreso, inform\u00f3 Flores\u2026","rel":"","context":"En \u00abM\u00e9xico\u00bb","block_context":{"text":"M\u00e9xico","link":"https:\/\/www.sportalsub.net\/blog\/category\/paises\/america\/mexico\/"},"img":{"alt_text":"","src":"https:\/\/i0.wp.com\/www.sportalsub.net\/blog\/wp-content\/uploads\/2013\/09\/congreso-fmas-2013.jpg?resize=350%2C200&ssl=1","width":350,"height":200,"srcset":"https:\/\/i0.wp.com\/www.sportalsub.net\/blog\/wp-content\/uploads\/2013\/09\/congreso-fmas-2013.jpg?resize=350%2C200&ssl=1 1x, https:\/\/i0.wp.com\/www.sportalsub.net\/blog\/wp-content\/uploads\/2013\/09\/congreso-fmas-2013.jpg?resize=525%2C300&ssl=1 1.5x, https:\/\/i0.wp.com\/www.sportalsub.net\/blog\/wp-content\/uploads\/2013\/09\/congreso-fmas-2013.jpg?resize=700%2C400&ssl=1 2x"},"classes":[]},{"id":18587,"url":"https:\/\/www.sportalsub.net\/blog\/8vo-curso-internacional-buceo-cientifico-cmas-america-mexico","url_meta":{"origin":17156,"position":5},"title":"\ud83c\uddf2\ud83c\uddfd Se realiz\u00f3 el 8vo. Curso Internacional de Buceo Cient\u00edfico FMAS \/ CMAS Zona Am\u00e9rica M\u00e9xico 2014","author":"Sportalsub.net","date":"25 noviembre 2014","format":false,"excerpt":"(Especial Sportalsub.net \/ FMAS \/ CMAS Zona Am\u00e9rica) Ciudad de M\u00e9xico. \u00a0Con importante presencia de participantes de Espa\u00f1a, Gran Breta\u00f1a y M\u00e9xico se llev\u00f3 a cabo el 8\u00ba. Curso Internacional de Buceo Cient\u00edfico a trav\u00e9s del Comit\u00e9 Cient\u00edfico de la Federaci\u00f3n Mexicana de Actividades Subacu\u00e1ticas (CMAS) y el \u00e1rea correspondiente\u2026","rel":"","context":"En \u00abBuceo Cient\u00edfico\u00bb","block_context":{"text":"Buceo Cient\u00edfico","link":"https:\/\/www.sportalsub.net\/blog\/category\/modalidades\/buceo-2\/buceo-cientifico\/"},"img":{"alt_text":"","src":"https:\/\/i0.wp.com\/www.sportalsub.net\/blog\/wp-content\/uploads\/2014\/11\/8vo-curso-cientifico.jpg?resize=350%2C200&ssl=1","width":350,"height":200,"srcset":"https:\/\/i0.wp.com\/www.sportalsub.net\/blog\/wp-content\/uploads\/2014\/11\/8vo-curso-cientifico.jpg?resize=350%2C200&ssl=1 1x, https:\/\/i0.wp.com\/www.sportalsub.net\/blog\/wp-content\/uploads\/2014\/11\/8vo-curso-cientifico.jpg?resize=525%2C300&ssl=1 1.5x, https:\/\/i0.wp.com\/www.sportalsub.net\/blog\/wp-content\/uploads\/2014\/11\/8vo-curso-cientifico.jpg?resize=700%2C400&ssl=1 2x"},"classes":[]}],"_links":{"self":[{"href":"https:\/\/www.sportalsub.net\/blog\/wp-json\/wp\/v2\/posts\/17156","targetHints":{"allow":["GET"]}}],"collection":[{"href":"https:\/\/www.sportalsub.net\/blog\/wp-json\/wp\/v2\/posts"}],"about":[{"href":"https:\/\/www.sportalsub.net\/blog\/wp-json\/wp\/v2\/types\/post"}],"author":[{"embeddable":true,"href":"https:\/\/www.sportalsub.net\/blog\/wp-json\/wp\/v2\/users\/1"}],"replies":[{"embeddable":true,"href":"https:\/\/www.sportalsub.net\/blog\/wp-json\/wp\/v2\/comments?post=17156"}],"version-history":[{"count":0,"href":"https:\/\/www.sportalsub.net\/blog\/wp-json\/wp\/v2\/posts\/17156\/revisions"}],"wp:featuredmedia":[{"embeddable":true,"href":"https:\/\/www.sportalsub.net\/blog\/wp-json\/wp\/v2\/media\/17157"}],"wp:attachment":[{"href":"https:\/\/www.sportalsub.net\/blog\/wp-json\/wp\/v2\/media?parent=17156"}],"wp:term":[{"taxonomy":"category","embeddable":true,"href":"https:\/\/www.sportalsub.net\/blog\/wp-json\/wp\/v2\/categories?post=17156"},{"taxonomy":"post_tag","embeddable":true,"href":"https:\/\/www.sportalsub.net\/blog\/wp-json\/wp\/v2\/tags?post=17156"}],"curies":[{"name":"wp","href":"https:\/\/api.w.org\/{rel}","templated":true}]}}