{"id":17276,"date":"2014-09-19T08:21:17","date_gmt":"2014-09-19T12:51:17","guid":{"rendered":"http:\/\/www.sportalsub.net\/blog\/?p=17276"},"modified":"2024-01-03T11:54:27","modified_gmt":"2024-01-03T15:54:27","slug":"i-congreso-latinoamericano-de-turismo-de-aventura-y-ecoturismo-merida-2014","status":"publish","type":"post","link":"https:\/\/www.sportalsub.net\/blog\/i-congreso-latinoamericano-de-turismo-de-aventura-y-ecoturismo-merida-2014\/","title":{"rendered":"\ud83c\uddfb\ud83c\uddea I Congreso Internacional de Turismo de Aventura  y Ecoturismo Merida 2014, Venezuela"},"content":{"rendered":"<p><a href=\"http:\/\/www.sportalsub.net\/blog\/wp-content\/uploads\/2014\/01\/afiche-merida.jpg\" target=\"_blank\"><img loading=\"lazy\" decoding=\"async\" width=\"535\" height=\"720\" class=\"alignnone wp-image-17278\" src=\"http:\/\/www.sportalsub.net\/blog\/wp-content\/uploads\/2014\/01\/afiche-merida.jpg\" alt=\"afiche-merida\" srcset=\"https:\/\/www.sportalsub.net\/blog\/wp-content\/uploads\/2014\/01\/afiche-merida.jpg 535w, https:\/\/www.sportalsub.net\/blog\/wp-content\/uploads\/2014\/01\/afiche-merida-223x300.jpg 223w\" sizes=\"auto, (max-width: 535px) 100vw, 535px\" \/><\/a><\/p>\n<p>(Especial Sportalsub.net \/ Extreme-Sports)<\/p>\n<p><span style=\"font-size: 14px; line-height: 1.5em;\">Ser\u00e1 una realidad para octubre\u00a0del 2014.<\/span><\/p>\n<p>En el el Estado\u00a0M\u00e9rida, Venezuela del 28 al 31 de octubre\u00a02014\u00a0seg\u00fan anuncio \u00a0de Extreme-Sports,\u00a0Se llevar\u00e1 a cabo el I Congreso Internacional\u00a0de Turismo de Aventura \u00a0y Ecoturismo M\u00e9rida 2014.<\/p>\n<p>El tema central ser\u00e1n las certificaciones en deportes de aventura en Latinoam\u00e9rica, \u00a0la creaci\u00f3n de un sello de calidad Latinoamericano en el tema, y la consecuci\u00f3n para hacer la normativa de Ley de Turismo de Aventura y Ecoturismo en Ley de Turismo del Estado M\u00e9rida.<\/p>\n<p>Ponencias, cl\u00ednicas de mejoramiento en la calidad del producto, mesas de trabajo, Eventos deportivos y una Feria especializada. \u00a0Sera una semana de aventura, creaci\u00f3n y sinsignificanciapara que M\u00e9rida se convierta en la capital del turismo de aventura en Latinoamerica.<\/p>\n<p>&nbsp;<\/p>\n<p style=\"color: #525252;\"><strong>NUEVA FECHA: 28 AL 31 DE OCTUBRE 2014<\/strong><\/p>\n<p style=\"color: #525252;\"><strong>M\u00e1s informaci\u00f3n: <a href=\"http:\/\/www.extreme-sports.com.ve\/i-congreso-latinoamericano-de-turismo-de-aventura-y-ecoturismo-merida-2014\/\" target=\"_blank\" rel=\"noopener noreferrer\" target=\"_blank\">Extreme-Sports.<\/a><\/strong><\/p>\n","protected":false},"excerpt":{"rendered":"<p>(Especial Sportalsub.net \/ Extreme-Sports) Ser\u00e1 una realidad para octubre\u00a0del 2014. En el el Estado\u00a0M\u00e9rida, Venezuela del 28 al 31 de octubre\u00a02014\u00a0seg\u00fan anuncio \u00a0de Extreme-Sports,\u00a0Se llevar\u00e1 a cabo el I Congreso Internacional\u00a0de Turismo de Aventura \u00a0y Ecoturismo M\u00e9rida 2014. El tema central ser\u00e1n las certificaciones en deportes de aventura en Latinoam\u00e9rica, \u00a0la creaci\u00f3n de un sello de calidad Latinoamericano en el [&#8230;]<\/p>\n","protected":false},"author":1,"featured_media":17278,"comment_status":"open","ping_status":"closed","sticky":false,"template":"","format":"standard","meta":{"_lmt_disableupdate":"no","_lmt_disable":"no","jetpack_post_was_ever_published":false,"_jetpack_newsletter_access":"","_jetpack_dont_email_post_to_subs":false,"_jetpack_newsletter_tier_id":0,"_jetpack_memberships_contains_paywalled_content":false,"_jetpack_memberships_contains_paid_content":false,"footnotes":"","jetpack_publicize_message":"","jetpack_publicize_feature_enabled":true,"jetpack_social_post_already_shared":true,"jetpack_social_options":{"image_generator_settings":{"template":"highway","default_image_id":0,"font":"","enabled":false},"version":2}},"categories":[112,113,8],"tags":[],"class_list":["post-17276","post","type-post","status-publish","format-standard","has-post-thumbnail","hentry","category-cursos-y-talleres","category-medio-ambiente","category-venezuela"],"modified_by":"Sportalsub.net","views":8246,"jetpack_publicize_connections":[],"jetpack_featured_media_url":"https:\/\/www.sportalsub.net\/blog\/wp-content\/uploads\/2014\/01\/afiche-merida.jpg","jetpack_sharing_enabled":true,"jetpack_shortlink":"https:\/\/wp.me\/pf9lN-4uE","jetpack_likes_enabled":false,"jetpack-related-posts":[{"id":60122,"url":"https:\/\/www.sportalsub.net\/blog\/ovetuda-planes-2023","url_meta":{"origin":17276,"position":0},"title":"\ud83c\uddfb\ud83c\uddea Organizaci\u00f3n Venezolana de Turismo y Deportes de Aventura (OVETUDA) presenta nuevos planes 2023","author":"Sportalsub.net","date":"4 enero 2023","format":false,"excerpt":"(Especial Sportalsub.net \/ OVETUDA) La Organizaci\u00f3n Venezolana de Turismo y Deportes de Aventura (Ovetuda) est\u00e1 haciendo un relanzamiento y apunta a ser un gremio de networking mediante consultores y empresas. As\u00ed lo anunci\u00f3 su presidente Luis Vidal, quien refiere que en ese sentido est\u00e1n abiertos a nuevas afiliaciones. Vidal explica\u2026","rel":"","context":"En \u00abApnea\u00bb","block_context":{"text":"Apnea","link":"https:\/\/www.sportalsub.net\/blog\/category\/modalidades\/apnea\/"},"img":{"alt_text":"","src":"https:\/\/i0.wp.com\/www.sportalsub.net\/blog\/wp-content\/uploads\/2023\/01\/ovetuda2023.jpg?resize=350%2C200&ssl=1","width":350,"height":200,"srcset":"https:\/\/i0.wp.com\/www.sportalsub.net\/blog\/wp-content\/uploads\/2023\/01\/ovetuda2023.jpg?resize=350%2C200&ssl=1 1x, https:\/\/i0.wp.com\/www.sportalsub.net\/blog\/wp-content\/uploads\/2023\/01\/ovetuda2023.jpg?resize=525%2C300&ssl=1 1.5x, https:\/\/i0.wp.com\/www.sportalsub.net\/blog\/wp-content\/uploads\/2023\/01\/ovetuda2023.jpg?resize=700%2C400&ssl=1 2x"},"classes":[]},{"id":17318,"url":"https:\/\/www.sportalsub.net\/blog\/nadadores-subacuaticos-protagonistas-en-el-festival-acuatico-araya-2014-en-sucre-venezuela-resultados\/","url_meta":{"origin":17276,"position":1},"title":"\ud83c\uddfb\ud83c\uddea Nadadores Subacu\u00e1ticos protagonistas en el Festival Acu\u00e1tico Araya 2014 en Sucre, Venezuela + Resultados","author":"Sportalsub.net","date":"18 febrero 2014","format":false,"excerpt":"(Especial Sportalsub.net \/ Extreme Sports) Gabriel Lome\u00f1a\u00a0y Laura Pazos\u00a0del Club Aletas de Miranda dominaron la competencia de nado con aletas en distancia de 3 kil\u00f3metros realizada el pasado s\u00e1bado 14 de febrero en aguas de Playa El Castillo, Araya en el Estado Sucre, Venezuela en marco del \u00a0Festival Acu\u00e1tico Araya\u2026","rel":"","context":"En \u00abDestacados 2014\u00bb","block_context":{"text":"Destacados 2014","link":"https:\/\/www.sportalsub.net\/blog\/category\/coberturas-especiales\/destacados-2014\/"},"img":{"alt_text":"","src":"https:\/\/i0.wp.com\/www.sportalsub.net\/blog\/wp-content\/uploads\/2014\/02\/resultados-aletas-araya-2014.jpg?resize=350%2C200&ssl=1","width":350,"height":200,"srcset":"https:\/\/i0.wp.com\/www.sportalsub.net\/blog\/wp-content\/uploads\/2014\/02\/resultados-aletas-araya-2014.jpg?resize=350%2C200&ssl=1 1x, https:\/\/i0.wp.com\/www.sportalsub.net\/blog\/wp-content\/uploads\/2014\/02\/resultados-aletas-araya-2014.jpg?resize=525%2C300&ssl=1 1.5x"},"classes":[]},{"id":76120,"url":"https:\/\/www.sportalsub.net\/blog\/conversatorio-deportes-turismo-aventura-venezuella","url_meta":{"origin":17276,"position":2},"title":"\ud83c\uddfb\ud83c\uddea Subacu\u00e1ticos presentes en Conversatorio de Experiencias en Deportes y Turismo de Aventura de Venezuela","author":"Sportalsub.net","date":"27 octubre 2024","format":false,"excerpt":"(Especial Sportalsub.net \/ OVETUDA) La Organizaci\u00f3n Venezolana de Turismo y deportes de Aventura (OVETUDA) cumple 23 a\u00f1os y lo celebra con un Conversatorio los d\u00edas 29 y 30 de octubre de 2024 de forma presencial en los espacios de la Sala Cabrujas en la Fundaci\u00f3n Chacao en la ciudad de\u2026","rel":"","context":"En \u00abApnea\u00bb","block_context":{"text":"Apnea","link":"https:\/\/www.sportalsub.net\/blog\/category\/modalidades\/apnea\/"},"img":{"alt_text":"","src":"https:\/\/i0.wp.com\/www.sportalsub.net\/blog\/wp-content\/uploads\/2024\/10\/conversatorio.jpg?resize=350%2C200&ssl=1","width":350,"height":200,"srcset":"https:\/\/i0.wp.com\/www.sportalsub.net\/blog\/wp-content\/uploads\/2024\/10\/conversatorio.jpg?resize=350%2C200&ssl=1 1x, https:\/\/i0.wp.com\/www.sportalsub.net\/blog\/wp-content\/uploads\/2024\/10\/conversatorio.jpg?resize=525%2C300&ssl=1 1.5x, https:\/\/i0.wp.com\/www.sportalsub.net\/blog\/wp-content\/uploads\/2024\/10\/conversatorio.jpg?resize=700%2C400&ssl=1 2x"},"classes":[]},{"id":17367,"url":"https:\/\/www.sportalsub.net\/blog\/bonaire-photo-contest-2014-concurso-internacional-de-fotografia-de-bonaire\/","url_meta":{"origin":17276,"position":3},"title":"\ud83c\udde7\ud83c\uddf6 Bonaire Photo Contest 2014. Concurso Internacional de Fotograf\u00eda de Bonaire","author":"Sportalsub.net","date":"26 febrero 2014","format":false,"excerpt":"(Especial Sportalsub.net \/ Corp. Turismo Bonaire \/ Rio Verde) La Isla de Bonaire y Rio Verde te invitan a participar en su I Concurso de Fotograf\u00eda.\u00a0Inscribe tus fotograf\u00edas, la inscripci\u00f3n es gratuita. Las fotos a concursar deben ser entregadas en la Oficina de Turismo de Bonaire, antes de viajar a\u2026","rel":"","context":"En \u00abArgentina\u00bb","block_context":{"text":"Argentina","link":"https:\/\/www.sportalsub.net\/blog\/category\/paises\/america\/argentina\/"},"img":{"alt_text":"","src":"https:\/\/i0.wp.com\/www.sportalsub.net\/blog\/wp-content\/uploads\/2014\/02\/bonairephoto.jpg?resize=350%2C200&ssl=1","width":350,"height":200,"srcset":"https:\/\/i0.wp.com\/www.sportalsub.net\/blog\/wp-content\/uploads\/2014\/02\/bonairephoto.jpg?resize=350%2C200&ssl=1 1x, https:\/\/i0.wp.com\/www.sportalsub.net\/blog\/wp-content\/uploads\/2014\/02\/bonairephoto.jpg?resize=525%2C300&ssl=1 1.5x, https:\/\/i0.wp.com\/www.sportalsub.net\/blog\/wp-content\/uploads\/2014\/02\/bonairephoto.jpg?resize=700%2C400&ssl=1 2x"},"classes":[]},{"id":17197,"url":"https:\/\/www.sportalsub.net\/blog\/competencia-de-natacion-con-aletas-3kms-en-festival-acuatico-araya-2014-estado-sucre-venezuela\/","url_meta":{"origin":17276,"position":4},"title":"\ud83c\uddfb\ud83c\uddea Competencia de Nataci\u00f3n con Aletas 3Kms en Festival Acu\u00e1tico Araya 2014. Estado Sucre, Venezuela","author":"Sportalsub.net","date":"6 enero 2014","format":false,"excerpt":"(Especial Sportalsub.net \/ ExtremeSports \/ OVETUDA) Las Actividades Subacu\u00e1ticas estar\u00e1n nuevamente presentes en el Festival Acu\u00e1tico Araya 2014, el cual se llevar\u00e1 a cabo en la Playa El Castillo de esta importante poblaci\u00f3n tur\u00edstica y deportiva del Estado Sucre en Venezuela. Una vez m\u00e1s, Sportsub & Sportalsub.net en alianza con\u2026","rel":"","context":"En \u00abDestacados Anteriores\u00bb","block_context":{"text":"Destacados Anteriores","link":"https:\/\/www.sportalsub.net\/blog\/category\/coberturas-especiales\/destacados-anteriores\/"},"img":{"alt_text":"","src":"https:\/\/i0.wp.com\/www.sportalsub.net\/blog\/wp-content\/uploads\/2014\/01\/aletas-festival-araya-2014.jpg?resize=350%2C200&ssl=1","width":350,"height":200,"srcset":"https:\/\/i0.wp.com\/www.sportalsub.net\/blog\/wp-content\/uploads\/2014\/01\/aletas-festival-araya-2014.jpg?resize=350%2C200&ssl=1 1x, https:\/\/i0.wp.com\/www.sportalsub.net\/blog\/wp-content\/uploads\/2014\/01\/aletas-festival-araya-2014.jpg?resize=525%2C300&ssl=1 1.5x"},"classes":[]},{"id":15970,"url":"https:\/\/www.sportalsub.net\/blog\/iii-festival-nautico-2013-copa-cantv-en-puerto-la-cruz-venezuela-incluira-nuevamente-natacion-con-aletas-en-aguas-abiertas-3kms\/","url_meta":{"origin":17276,"position":5},"title":"\ud83c\uddfb\ud83c\uddea III Festival N\u00e1utico 2013 Copa CANTV en Puerto la Cruz, Venezuela incluir\u00e1 nuevamente Nataci\u00f3n con Aletas en Aguas Abiertas 3Kms","author":"Sportalsub.net","date":"30 agosto 2013","format":false,"excerpt":"(Especial Sportalsub.net \/ Prensa Extreme Sports).- Unos 350 atletas en las disciplinas de aguas abiertas, nataci\u00f3n con aletas, kayak y skimboard, as\u00ed como una exhibici\u00f3n de windsurf, ver\u00e1n acci\u00f3n en el III Festival N\u00e1utico 2013 Copa Cantv, a realizarse del 5 al 7 de septiembre en playa Doral, Puerto La\u2026","rel":"","context":"En \u00abFestival Nautico 2013\u00bb","block_context":{"text":"Festival Nautico 2013","link":"https:\/\/www.sportalsub.net\/blog\/category\/coberturas-especiales\/festival-nautico-2013\/"},"img":{"alt_text":"","src":"https:\/\/i0.wp.com\/www.sportalsub.net\/blog\/wp-content\/uploads\/2013\/08\/prensa-festival-nautico-2013.jpg?resize=350%2C200&ssl=1","width":350,"height":200,"srcset":"https:\/\/i0.wp.com\/www.sportalsub.net\/blog\/wp-content\/uploads\/2013\/08\/prensa-festival-nautico-2013.jpg?resize=350%2C200&ssl=1 1x, https:\/\/i0.wp.com\/www.sportalsub.net\/blog\/wp-content\/uploads\/2013\/08\/prensa-festival-nautico-2013.jpg?resize=525%2C300&ssl=1 1.5x"},"classes":[]}],"_links":{"self":[{"href":"https:\/\/www.sportalsub.net\/blog\/wp-json\/wp\/v2\/posts\/17276","targetHints":{"allow":["GET"]}}],"collection":[{"href":"https:\/\/www.sportalsub.net\/blog\/wp-json\/wp\/v2\/posts"}],"about":[{"href":"https:\/\/www.sportalsub.net\/blog\/wp-json\/wp\/v2\/types\/post"}],"author":[{"embeddable":true,"href":"https:\/\/www.sportalsub.net\/blog\/wp-json\/wp\/v2\/users\/1"}],"replies":[{"embeddable":true,"href":"https:\/\/www.sportalsub.net\/blog\/wp-json\/wp\/v2\/comments?post=17276"}],"version-history":[{"count":2,"href":"https:\/\/www.sportalsub.net\/blog\/wp-json\/wp\/v2\/posts\/17276\/revisions"}],"predecessor-version":[{"id":68668,"href":"https:\/\/www.sportalsub.net\/blog\/wp-json\/wp\/v2\/posts\/17276\/revisions\/68668"}],"wp:featuredmedia":[{"embeddable":true,"href":"https:\/\/www.sportalsub.net\/blog\/wp-json\/wp\/v2\/media\/17278"}],"wp:attachment":[{"href":"https:\/\/www.sportalsub.net\/blog\/wp-json\/wp\/v2\/media?parent=17276"}],"wp:term":[{"taxonomy":"category","embeddable":true,"href":"https:\/\/www.sportalsub.net\/blog\/wp-json\/wp\/v2\/categories?post=17276"},{"taxonomy":"post_tag","embeddable":true,"href":"https:\/\/www.sportalsub.net\/blog\/wp-json\/wp\/v2\/tags?post=17276"}],"curies":[{"name":"wp","href":"https:\/\/api.w.org\/{rel}","templated":true}]}}