{"id":17405,"date":"2014-10-21T15:14:55","date_gmt":"2014-10-21T19:44:55","guid":{"rendered":"http:\/\/www.sportalsub.net\/blog\/?p=17405"},"modified":"2019-09-01T10:25:17","modified_gmt":"2019-09-01T14:25:17","slug":"presentado-en-madrid-espana-el-xviii-open-fotosub-isla-de-el-hierro-team-edition","status":"publish","type":"post","link":"https:\/\/www.sportalsub.net\/blog\/xviii-open-fotosub-isla-de-el-hierro-team-edition\/","title":{"rendered":"\ud83c\uddea\ud83c\uddf8 Resultados y Fotos del XVIII Open Fotosub Isla de El Hierro \u00abTeam Edition\u00bb Espa\u00f1a"},"content":{"rendered":"<p><a href=\"http:\/\/www.sportalsub.net\/blog\/wp-content\/uploads\/2014\/10\/02_25_DSC_2320DBarrio.jpg\" target=\"_blank\"><img loading=\"lazy\" decoding=\"async\" class=\"alignnone wp-image-18848\" src=\"http:\/\/www.sportalsub.net\/blog\/wp-content\/uploads\/2014\/10\/02_25_DSC_2320DBarrio.jpg\" alt=\"02_25_DSC_2320DBarrio\" width=\"600\" height=\"400\" srcset=\"https:\/\/www.sportalsub.net\/blog\/wp-content\/uploads\/2014\/10\/02_25_DSC_2320DBarrio.jpg 900w, https:\/\/www.sportalsub.net\/blog\/wp-content\/uploads\/2014\/10\/02_25_DSC_2320DBarrio-768x512.jpg 768w, https:\/\/www.sportalsub.net\/blog\/wp-content\/uploads\/2014\/10\/02_25_DSC_2320DBarrio-300x200.jpg 300w, https:\/\/www.sportalsub.net\/blog\/wp-content\/uploads\/2014\/10\/02_25_DSC_2320DBarrio-177x118.jpg 177w\" sizes=\"auto, (max-width: 600px) 100vw, 600px\" \/><\/a><\/p>\n<p>(Especial Sportalsub.net \/ Open Fotosub Isla del Hierro)<\/p>\n<p>El fallo del Jurado compuesto por Carlos Villoch, Jos\u00e9 Antonio Garc\u00eda y Julio D\u00edaz fue desvelado en una emocionante ceremonia de entrega de premios que comenz\u00f3 con la proyecci\u00f3n de todas las im\u00e1genes presentadas a concurso, tras la que se entregaron los premios a la foto ganadora de la promoci\u00f3n HEINEKEN, a la MEJOR MODELO, al MEJOR AMBIENTE GEOL\u00d3GICO y al MEJOR PRIMER PLANO O MACRO, antes de culminar con el nombre del equipo vencedor.<br \/>\n<span id=\"more-2726\"><\/span><\/p>\n<p>El Equipo SOLRAYO, dirigido por el Master Marc Gim\u00e9nez e integrado por los l\u00edderes Yeray Delgado y Miguel \u00c1ngel M\u00e1rquez, \u00a0los fot\u00f3grafos \u00c1ngel Gonz\u00e1lez, Alberto Iglesias y Javier Ferrer y las modelos Abigail Mart\u00edn, y Mamina L\u00f3pez, se alzo con el premio a la mejor colecci\u00f3n en una dura pugna con el equipo YUBARTA que se decant\u00f3 finalmente gracias a la mayor variedad de motivos de la colecci\u00f3n ganadora.<\/p>\n<p>Desde aqu\u00ed nuestra felicitaci\u00f3n a los premiados y nuestro reconocimiento a todos los participantes por la calidad de las im\u00e1genes presentadas y por la excelente actitud que han demostrado en esta intensa semana en La Restinga.<\/p>\n<h2>Mejor Foto HEINEKEN: David Barrio<\/h2>\n<p><a href=\"http:\/\/openfotosub.es\/wp-content\/uploads\/2014\/10\/10334416_728209450581564_7528565874507051451_n.jpg\" target=\"_blank\"><img loading=\"lazy\" decoding=\"async\" class=\"size-full wp-image-2731 \" title=\"Foto Ganadora de la promoci\u00f3n Heineken: David Barrio (Modelo: Luisa Quintanilla)\" src=\"http:\/\/openfotosub.es\/wp-content\/uploads\/2014\/10\/10334416_728209450581564_7528565874507051451_n.jpg\" alt=\"Foto Ganadora de la promoci\u00f3n Heineken: David Barrio (Modelo: Luisa Quintanilla)\" width=\"512\" height=\"768\" \/><\/a><\/p>\n<h2>Mejor Modelo: Abigail Mart\u00edn<\/h2>\n<p><a href=\"http:\/\/openfotosub.es\/wp-content\/uploads\/2014\/10\/01_21__DSC0231AbigailMartin.jpg\" target=\"_blank\"><img loading=\"lazy\" decoding=\"async\" class=\" wp-image-2728 \" title=\"Premio a la Mejor Modelo: Abigail Mart\u00edn (Fot\u00f3grafo: Yeray Delgado)\" src=\"http:\/\/openfotosub.es\/wp-content\/uploads\/2014\/10\/01_21__DSC0231AbigailMartin.jpg\" alt=\"Premio a la Mejor Modelo: Abigail Mart\u00edn (Fot\u00f3grafo: Yeray Delgado)\" width=\"512\" height=\"768\" \/><\/a><\/p>\n<h2>Mejor Foto Primer Plano o Macro: David Barrio<\/h2>\n<p><a href=\"http:\/\/openfotosub.es\/wp-content\/uploads\/2014\/10\/02_25_DSC_2320DBarrio.jpg\" target=\"_blank\"><img loading=\"lazy\" decoding=\"async\" class=\" wp-image-2729 \" src=\"http:\/\/openfotosub.es\/wp-content\/uploads\/2014\/10\/02_25_DSC_2320DBarrio.jpg\" alt=\"Premio Mejor Foto Primer Plano o Macro: David Barrio\" width=\"590\" height=\"393\" \/><\/a><\/p>\n<h2>Mejor Foto Ambiente Geol\u00f3gico: Arturo Telle<\/h2>\n<p><a href=\"http:\/\/openfotosub.es\/wp-content\/uploads\/2014\/10\/04_16_305A4366ATelle.jpg\" target=\"_blank\"><img loading=\"lazy\" decoding=\"async\" class=\" wp-image-2730 \" src=\"http:\/\/openfotosub.es\/wp-content\/uploads\/2014\/10\/04_16_305A4366ATelle.jpg\" alt=\"Premio a la Mejor Foto Ambiente Geol\u00f3gico: Arturo Telle (Modelo: Laura Molina)\" width=\"512\" height=\"768\" \/><\/a><\/p>\n<h2>Mejor Colecci\u00f3n: Equipo SOLRAYO<\/h2>\n<div id=\"ngg-gallery-6f24cf3a651c65bb6ab9e5406c8f512d-1\" class=\"ngg-galleryoverview ngg-ajax-pagination-none\">\n<div id=\"ngg-image-0\" class=\"ngg-gallery-thumbnail-box\">\n<div class=\"ngg-gallery-thumbnail\"><a href=\"http:\/\/openfotosub.es\/wp-content\/gallery\/solrayo-2014\/01_01_MAM_1418_MAMarquez.jpg\"class=\"ngg-fancybox\" title=\"Miguel \u00c1ngel M\u00e1rquez - modelo Carmen L\u00f3pez\"  rel=\"6f24cf3a651c65bb6ab9e5406c8f512d\" data-src=\"http:\/\/openfotosub.es\/wp-content\/gallery\/solrayo-2014\/01_01_MAM_1418_MAMarquez.jpg\" data-thumbnail=\"http:\/\/openfotosub.es\/wp-content\/gallery\/solrayo-2014\/thumbs\/thumbs_01_01_MAM_1418_MAMarquez.jpg\" data-image-id=\"416\" data-title=\"01_01_MAM_1418_MAMarquez\" data-description=\"Miguel \u00c1ngel M\u00e1rquez - modelo Carmen L\u00f3pez\" target=\"_blank\"><img loading=\"lazy\" decoding=\"async\" title=\"01_01_MAM_1418_MAMarquez\" src=\"http:\/\/openfotosub.es\/wp-content\/gallery\/solrayo-2014\/dynamic\/01_01_MAM_1418_MAMarquez-nggid03416-ngg0dyn-134x100x95-00f0w010c011r110f110r010t010.jpg\" alt=\"01_01_MAM_1418_MAMarquez\" width=\"134\" height=\"100\" \/><\/a>\u00a0<a href=\"http:\/\/openfotosub.es\/wp-content\/gallery\/solrayo-2014\/01_02__MG_6136_AIglesias.jpg\"class=\"ngg-fancybox\" title=\"Alberto Iglesias\"  rel=\"6f24cf3a651c65bb6ab9e5406c8f512d\" data-src=\"http:\/\/openfotosub.es\/wp-content\/gallery\/solrayo-2014\/01_02__MG_6136_AIglesias.jpg\" data-thumbnail=\"http:\/\/openfotosub.es\/wp-content\/gallery\/solrayo-2014\/thumbs\/thumbs_01_02__MG_6136_AIglesias.jpg\" data-image-id=\"417\" data-title=\"01_02__MG_6136_AIglesias\" data-description=\"Alberto Iglesias\" target=\"_blank\"><img loading=\"lazy\" decoding=\"async\" title=\"01_02__MG_6136_AIglesias\" src=\"http:\/\/openfotosub.es\/wp-content\/gallery\/solrayo-2014\/dynamic\/01_02__MG_6136_AIglesias-nggid03417-ngg0dyn-134x100x95-00f0w010c011r110f110r010t010.jpg\" alt=\"01_02__MG_6136_AIglesias\" width=\"134\" height=\"100\" \/><\/a>\u00a0<a href=\"http:\/\/openfotosub.es\/wp-content\/gallery\/solrayo-2014\/01_03__DSC0152_YDelgado.jpg\"class=\"ngg-fancybox\" title=\"Yeray Delgado - modelo Abigail Mart\u00edn\"  rel=\"6f24cf3a651c65bb6ab9e5406c8f512d\" data-src=\"http:\/\/openfotosub.es\/wp-content\/gallery\/solrayo-2014\/01_03__DSC0152_YDelgado.jpg\" data-thumbnail=\"http:\/\/openfotosub.es\/wp-content\/gallery\/solrayo-2014\/thumbs\/thumbs_01_03__DSC0152_YDelgado.jpg\" data-image-id=\"418\" data-title=\"01_03__DSC0152_YDelgado\" data-description=\"Yeray Delgado - modelo Abigail Mart\u00edn\" target=\"_blank\"><img loading=\"lazy\" decoding=\"async\" title=\"01_03__DSC0152_YDelgado\" src=\"http:\/\/openfotosub.es\/wp-content\/gallery\/solrayo-2014\/dynamic\/01_03__DSC0152_YDelgado-nggid03418-ngg0dyn-134x100x95-00f0w010c011r110f110r010t010.jpg\" alt=\"01_03__DSC0152_YDelgado\" width=\"134\" height=\"100\" \/><\/a>\u00a0<a href=\"http:\/\/openfotosub.es\/wp-content\/gallery\/solrayo-2014\/01_04__D712556_JFerrer.jpg\"class=\"ngg-fancybox\" title=\"Javier Ferrer\"  rel=\"6f24cf3a651c65bb6ab9e5406c8f512d\" data-src=\"http:\/\/openfotosub.es\/wp-content\/gallery\/solrayo-2014\/01_04__D712556_JFerrer.jpg\" data-thumbnail=\"http:\/\/openfotosub.es\/wp-content\/gallery\/solrayo-2014\/thumbs\/thumbs_01_04__D712556_JFerrer.jpg\" data-image-id=\"419\" data-title=\"01_04__D712556_JFerrer\" data-description=\"Javier Ferrer\" target=\"_blank\"><img loading=\"lazy\" decoding=\"async\" title=\"01_04__D712556_JFerrer\" src=\"http:\/\/openfotosub.es\/wp-content\/gallery\/solrayo-2014\/dynamic\/01_04__D712556_JFerrer-nggid03419-ngg0dyn-134x100x95-00f0w010c011r110f110r010t010.jpg\" alt=\"01_04__D712556_JFerrer\" width=\"134\" height=\"100\" \/><\/a>\u00a0<a href=\"http:\/\/openfotosub.es\/wp-content\/gallery\/solrayo-2014\/01_05__MG_7322_AGonzalez.jpg\"class=\"ngg-fancybox\" title=\"\u00c1ngel Gonz\u00e1lez\"  rel=\"6f24cf3a651c65bb6ab9e5406c8f512d\" data-src=\"http:\/\/openfotosub.es\/wp-content\/gallery\/solrayo-2014\/01_05__MG_7322_AGonzalez.jpg\" data-thumbnail=\"http:\/\/openfotosub.es\/wp-content\/gallery\/solrayo-2014\/thumbs\/thumbs_01_05__MG_7322_AGonzalez.jpg\" data-image-id=\"420\" data-title=\"01_05__MG_7322_AGonzalez\" data-description=\"\u00c1ngel Gonz\u00e1lez\" target=\"_blank\"><img loading=\"lazy\" decoding=\"async\" title=\"01_05__MG_7322_AGonzalez\" src=\"http:\/\/openfotosub.es\/wp-content\/gallery\/solrayo-2014\/dynamic\/01_05__MG_7322_AGonzalez-nggid03420-ngg0dyn-134x100x95-00f0w010c011r110f110r010t010.jpg\" alt=\"01_05__MG_7322_AGonzalez\" width=\"134\" height=\"100\" \/><\/a>\u00a0<a href=\"http:\/\/openfotosub.es\/wp-content\/gallery\/solrayo-2014\/01_06__MG_5970_AIglesias.jpg\"class=\"ngg-fancybox\" title=\"Alberto Iglesias\"  rel=\"6f24cf3a651c65bb6ab9e5406c8f512d\" data-src=\"http:\/\/openfotosub.es\/wp-content\/gallery\/solrayo-2014\/01_06__MG_5970_AIglesias.jpg\" data-thumbnail=\"http:\/\/openfotosub.es\/wp-content\/gallery\/solrayo-2014\/thumbs\/thumbs_01_06__MG_5970_AIglesias.jpg\" data-image-id=\"421\" data-title=\"01_06__MG_5970_AIglesias\" data-description=\"Alberto Iglesias\" target=\"_blank\"><img loading=\"lazy\" decoding=\"async\" title=\"01_06__MG_5970_AIglesias\" src=\"http:\/\/openfotosub.es\/wp-content\/gallery\/solrayo-2014\/dynamic\/01_06__MG_5970_AIglesias-nggid03421-ngg0dyn-134x100x95-00f0w010c011r110f110r010t010.jpg\" alt=\"01_06__MG_5970_AIglesias\" width=\"134\" height=\"100\" \/><\/a>\u00a0<a href=\"http:\/\/openfotosub.es\/wp-content\/gallery\/solrayo-2014\/01_07_MG7_0964_MGimenez.jpg\"class=\"ngg-fancybox\" title=\"Marc Gim\u00e9nez - modelo Abigail Mart\u00edn\"  rel=\"6f24cf3a651c65bb6ab9e5406c8f512d\" data-src=\"http:\/\/openfotosub.es\/wp-content\/gallery\/solrayo-2014\/01_07_MG7_0964_MGimenez.jpg\" data-thumbnail=\"http:\/\/openfotosub.es\/wp-content\/gallery\/solrayo-2014\/thumbs\/thumbs_01_07_MG7_0964_MGimenez.jpg\" data-image-id=\"422\" data-title=\"01_07_MG7_0964_MGimenez\" data-description=\"Marc Gim\u00e9nez - modelo Abigail Mart\u00edn\" target=\"_blank\"><img loading=\"lazy\" decoding=\"async\" title=\"01_07_MG7_0964_MGimenez\" src=\"http:\/\/openfotosub.es\/wp-content\/gallery\/solrayo-2014\/dynamic\/01_07_MG7_0964_MGimenez-nggid03422-ngg0dyn-134x100x95-00f0w010c011r110f110r010t010.jpg\" alt=\"01_07_MG7_0964_MGimenez\" width=\"134\" height=\"100\" \/><\/a>\u00a0<a href=\"http:\/\/openfotosub.es\/wp-content\/gallery\/solrayo-2014\/01_08_DSC_0372_YDelgado.jpg\"class=\"ngg-fancybox\" title=\"Yeray Delgado\"  rel=\"6f24cf3a651c65bb6ab9e5406c8f512d\" data-src=\"http:\/\/openfotosub.es\/wp-content\/gallery\/solrayo-2014\/01_08_DSC_0372_YDelgado.jpg\" data-thumbnail=\"http:\/\/openfotosub.es\/wp-content\/gallery\/solrayo-2014\/thumbs\/thumbs_01_08_DSC_0372_YDelgado.jpg\" data-image-id=\"423\" data-title=\"01_08_DSC_0372_YDelgado\" data-description=\"Yeray Delgado\" target=\"_blank\"><img loading=\"lazy\" decoding=\"async\" title=\"01_08_DSC_0372_YDelgado\" src=\"http:\/\/openfotosub.es\/wp-content\/gallery\/solrayo-2014\/dynamic\/01_08_DSC_0372_YDelgado-nggid03423-ngg0dyn-134x100x95-00f0w010c011r110f110r010t010.jpg\" alt=\"01_08_DSC_0372_YDelgado\" width=\"134\" height=\"100\" \/><\/a>\u00a0<a href=\"http:\/\/openfotosub.es\/wp-content\/gallery\/solrayo-2014\/01_09__MG_7516_AGonzalez.jpg\"class=\"ngg-fancybox\" title=\"\u00c1ngel Gonz\u00e1lez\"  rel=\"6f24cf3a651c65bb6ab9e5406c8f512d\" data-src=\"http:\/\/openfotosub.es\/wp-content\/gallery\/solrayo-2014\/01_09__MG_7516_AGonzalez.jpg\" data-thumbnail=\"http:\/\/openfotosub.es\/wp-content\/gallery\/solrayo-2014\/thumbs\/thumbs_01_09__MG_7516_AGonzalez.jpg\" data-image-id=\"424\" data-title=\"01_09__MG_7516_AGonzalez\" data-description=\"\u00c1ngel Gonz\u00e1lez\" target=\"_blank\"><img loading=\"lazy\" decoding=\"async\" title=\"01_09__MG_7516_AGonzalez\" src=\"http:\/\/openfotosub.es\/wp-content\/gallery\/solrayo-2014\/dynamic\/01_09__MG_7516_AGonzalez-nggid03424-ngg0dyn-134x100x95-00f0w010c011r110f110r010t010.jpg\" alt=\"01_09__MG_7516_AGonzalez\" width=\"134\" height=\"100\" \/><\/a>\u00a0<a href=\"http:\/\/openfotosub.es\/wp-content\/gallery\/solrayo-2014\/01_10__D712560_JFerrer.jpg\"class=\"ngg-fancybox\" title=\"Javier Ferrer\"  rel=\"6f24cf3a651c65bb6ab9e5406c8f512d\" data-src=\"http:\/\/openfotosub.es\/wp-content\/gallery\/solrayo-2014\/01_10__D712560_JFerrer.jpg\" data-thumbnail=\"http:\/\/openfotosub.es\/wp-content\/gallery\/solrayo-2014\/thumbs\/thumbs_01_10__D712560_JFerrer.jpg\" data-image-id=\"425\" data-title=\"01_10__D712560_JFerrer\" data-description=\"Javier Ferrer\" target=\"_blank\"><img loading=\"lazy\" decoding=\"async\" title=\"01_10__D712560_JFerrer\" src=\"http:\/\/openfotosub.es\/wp-content\/gallery\/solrayo-2014\/dynamic\/01_10__D712560_JFerrer-nggid03425-ngg0dyn-134x100x95-00f0w010c011r110f110r010t010.jpg\" alt=\"01_10__D712560_JFerrer\" width=\"134\" height=\"100\" \/><\/a>\u00a0<a href=\"http:\/\/openfotosub.es\/wp-content\/gallery\/solrayo-2014\/01_11_MAM_1538_MAMarquez.jpg\"class=\"ngg-fancybox\" title=\"Miguel \u00c1ngel M\u00e1rquez - modelo Carmen L\u00f3pez\"  rel=\"6f24cf3a651c65bb6ab9e5406c8f512d\" data-src=\"http:\/\/openfotosub.es\/wp-content\/gallery\/solrayo-2014\/01_11_MAM_1538_MAMarquez.jpg\" data-thumbnail=\"http:\/\/openfotosub.es\/wp-content\/gallery\/solrayo-2014\/thumbs\/thumbs_01_11_MAM_1538_MAMarquez.jpg\" data-image-id=\"426\" data-title=\"01_11_MAM_1538_MAMarquez\" data-description=\"Miguel \u00c1ngel M\u00e1rquez - modelo Carmen L\u00f3pez\" target=\"_blank\"><img loading=\"lazy\" decoding=\"async\" title=\"01_11_MAM_1538_MAMarquez\" src=\"http:\/\/openfotosub.es\/wp-content\/gallery\/solrayo-2014\/dynamic\/01_11_MAM_1538_MAMarquez-nggid03426-ngg0dyn-134x100x95-00f0w010c011r110f110r010t010.jpg\" alt=\"01_11_MAM_1538_MAMarquez\" width=\"134\" height=\"100\" \/><\/a>\u00a0<a href=\"http:\/\/openfotosub.es\/wp-content\/gallery\/solrayo-2014\/01_12__MG_5866_AIglesias.jpg\"class=\"ngg-fancybox\" title=\"Alberto Iglesias\"  rel=\"6f24cf3a651c65bb6ab9e5406c8f512d\" data-src=\"http:\/\/openfotosub.es\/wp-content\/gallery\/solrayo-2014\/01_12__MG_5866_AIglesias.jpg\" data-thumbnail=\"http:\/\/openfotosub.es\/wp-content\/gallery\/solrayo-2014\/thumbs\/thumbs_01_12__MG_5866_AIglesias.jpg\" data-image-id=\"427\" data-title=\"01_12__MG_5866_AIglesias\" data-description=\"Alberto Iglesias\" target=\"_blank\"><img loading=\"lazy\" decoding=\"async\" title=\"01_12__MG_5866_AIglesias\" src=\"http:\/\/openfotosub.es\/wp-content\/gallery\/solrayo-2014\/dynamic\/01_12__MG_5866_AIglesias-nggid03427-ngg0dyn-134x100x95-00f0w010c011r110f110r010t010.jpg\" alt=\"01_12__MG_5866_AIglesias\" width=\"134\" height=\"100\" \/><\/a><\/div>\n<\/div>\n<div id=\"ngg-image-12\" class=\"ngg-gallery-thumbnail-box\">\n<div class=\"ngg-gallery-thumbnail\"><a href=\"http:\/\/openfotosub.es\/wp-content\/gallery\/solrayo-2014\/01_13__MG_7285_AGonzalez.jpg\"class=\"ngg-fancybox\" title=\"\u00c1ngel Gonz\u00e1lez\"  rel=\"6f24cf3a651c65bb6ab9e5406c8f512d\" data-src=\"http:\/\/openfotosub.es\/wp-content\/gallery\/solrayo-2014\/01_13__MG_7285_AGonzalez.jpg\" data-thumbnail=\"http:\/\/openfotosub.es\/wp-content\/gallery\/solrayo-2014\/thumbs\/thumbs_01_13__MG_7285_AGonzalez.jpg\" data-image-id=\"428\" data-title=\"01_13__MG_7285_AGonzalez\" data-description=\"\u00c1ngel Gonz\u00e1lez\" target=\"_blank\"><img loading=\"lazy\" decoding=\"async\" title=\"01_13__MG_7285_AGonzalez\" src=\"http:\/\/openfotosub.es\/wp-content\/gallery\/solrayo-2014\/dynamic\/01_13__MG_7285_AGonzalez-nggid03428-ngg0dyn-134x100x95-00f0w010c011r110f110r010t010.jpg\" alt=\"01_13__MG_7285_AGonzalez\" width=\"134\" height=\"100\" \/><\/a>\u00a0<a href=\"http:\/\/openfotosub.es\/wp-content\/gallery\/solrayo-2014\/01_14_MG7_0871_MGimenez.jpg\"class=\"ngg-fancybox\" title=\"Marc Gim\u00e9nez\"  rel=\"6f24cf3a651c65bb6ab9e5406c8f512d\" data-src=\"http:\/\/openfotosub.es\/wp-content\/gallery\/solrayo-2014\/01_14_MG7_0871_MGimenez.jpg\" data-thumbnail=\"http:\/\/openfotosub.es\/wp-content\/gallery\/solrayo-2014\/thumbs\/thumbs_01_14_MG7_0871_MGimenez.jpg\" data-image-id=\"429\" data-title=\"01_14_MG7_0871_MGimenez\" data-description=\"Marc Gim\u00e9nez\" target=\"_blank\"><img loading=\"lazy\" decoding=\"async\" title=\"01_14_MG7_0871_MGimenez\" src=\"http:\/\/openfotosub.es\/wp-content\/gallery\/solrayo-2014\/dynamic\/01_14_MG7_0871_MGimenez-nggid03429-ngg0dyn-134x100x95-00f0w010c011r110f110r010t010.jpg\" alt=\"01_14_MG7_0871_MGimenez\" width=\"134\" height=\"100\" \/><\/a>\u00a0<a href=\"http:\/\/openfotosub.es\/wp-content\/gallery\/solrayo-2014\/01_15__D712438_JFerrer.jpg\"class=\"ngg-fancybox\" title=\"Javier Ferrer\"  rel=\"6f24cf3a651c65bb6ab9e5406c8f512d\" data-src=\"http:\/\/openfotosub.es\/wp-content\/gallery\/solrayo-2014\/01_15__D712438_JFerrer.jpg\" data-thumbnail=\"http:\/\/openfotosub.es\/wp-content\/gallery\/solrayo-2014\/thumbs\/thumbs_01_15__D712438_JFerrer.jpg\" data-image-id=\"430\" data-title=\"01_15__D712438_JFerrer\" data-description=\"Javier Ferrer\" target=\"_blank\"><img loading=\"lazy\" decoding=\"async\" title=\"01_15__D712438_JFerrer\" src=\"http:\/\/openfotosub.es\/wp-content\/gallery\/solrayo-2014\/dynamic\/01_15__D712438_JFerrer-nggid03430-ngg0dyn-134x100x95-00f0w010c011r110f110r010t010.jpg\" alt=\"01_15__D712438_JFerrer\" width=\"134\" height=\"100\" \/><\/a>\u00a0<a href=\"http:\/\/openfotosub.es\/wp-content\/gallery\/solrayo-2014\/01_16__MG_7540_AGonzalez.jpg\"class=\"ngg-fancybox\" title=\"\u00c1ngel Gonz\u00e1lez\"  rel=\"6f24cf3a651c65bb6ab9e5406c8f512d\" data-src=\"http:\/\/openfotosub.es\/wp-content\/gallery\/solrayo-2014\/01_16__MG_7540_AGonzalez.jpg\" data-thumbnail=\"http:\/\/openfotosub.es\/wp-content\/gallery\/solrayo-2014\/thumbs\/thumbs_01_16__MG_7540_AGonzalez.jpg\" data-image-id=\"431\" data-title=\"01_16__MG_7540_AGonzalez\" data-description=\"\u00c1ngel Gonz\u00e1lez\" target=\"_blank\"><img loading=\"lazy\" decoding=\"async\" title=\"01_16__MG_7540_AGonzalez\" src=\"http:\/\/openfotosub.es\/wp-content\/gallery\/solrayo-2014\/dynamic\/01_16__MG_7540_AGonzalez-nggid03431-ngg0dyn-134x100x95-00f0w010c011r110f110r010t010.jpg\" alt=\"01_16__MG_7540_AGonzalez\" width=\"134\" height=\"100\" \/><\/a>\u00a0<a href=\"http:\/\/openfotosub.es\/wp-content\/gallery\/solrayo-2014\/01_17_MG7_1136_MGimenez.jpg\"class=\"ngg-fancybox\" title=\"Marc Gim\u00e9nez - modelo Abigail Mart\u00edn\"  rel=\"6f24cf3a651c65bb6ab9e5406c8f512d\" data-src=\"http:\/\/openfotosub.es\/wp-content\/gallery\/solrayo-2014\/01_17_MG7_1136_MGimenez.jpg\" data-thumbnail=\"http:\/\/openfotosub.es\/wp-content\/gallery\/solrayo-2014\/thumbs\/thumbs_01_17_MG7_1136_MGimenez.jpg\" data-image-id=\"432\" data-title=\"01_17_MG7_1136_MGimenez\" data-description=\"Marc Gim\u00e9nez - modelo Abigail Mart\u00edn\" target=\"_blank\"><img loading=\"lazy\" decoding=\"async\" title=\"01_17_MG7_1136_MGimenez\" src=\"http:\/\/openfotosub.es\/wp-content\/gallery\/solrayo-2014\/dynamic\/01_17_MG7_1136_MGimenez-nggid03432-ngg0dyn-134x100x95-00f0w010c011r110f110r010t010.jpg\" alt=\"01_17_MG7_1136_MGimenez\" width=\"134\" height=\"100\" \/><\/a>\u00a0<a href=\"http:\/\/openfotosub.es\/wp-content\/gallery\/solrayo-2014\/01_18__D712466_JFerrer.jpg\"class=\"ngg-fancybox\" title=\"Javier Ferrer\"  rel=\"6f24cf3a651c65bb6ab9e5406c8f512d\" data-src=\"http:\/\/openfotosub.es\/wp-content\/gallery\/solrayo-2014\/01_18__D712466_JFerrer.jpg\" data-thumbnail=\"http:\/\/openfotosub.es\/wp-content\/gallery\/solrayo-2014\/thumbs\/thumbs_01_18__D712466_JFerrer.jpg\" data-image-id=\"433\" data-title=\"01_18__D712466_JFerrer\" data-description=\"Javier Ferrer\" target=\"_blank\"><img loading=\"lazy\" decoding=\"async\" title=\"01_18__D712466_JFerrer\" src=\"http:\/\/openfotosub.es\/wp-content\/gallery\/solrayo-2014\/dynamic\/01_18__D712466_JFerrer-nggid03433-ngg0dyn-134x100x95-00f0w010c011r110f110r010t010.jpg\" alt=\"01_18__D712466_JFerrer\" width=\"134\" height=\"100\" \/><\/a>\u00a0<a href=\"http:\/\/openfotosub.es\/wp-content\/gallery\/solrayo-2014\/01_19_MAM_1382_MAMarquez.jpg\"class=\"ngg-fancybox\" title=\"Miguel \u00c1ngel M\u00e1rquez - modelo Carmen L\u00f3pez\"  rel=\"6f24cf3a651c65bb6ab9e5406c8f512d\" data-src=\"http:\/\/openfotosub.es\/wp-content\/gallery\/solrayo-2014\/01_19_MAM_1382_MAMarquez.jpg\" data-thumbnail=\"http:\/\/openfotosub.es\/wp-content\/gallery\/solrayo-2014\/thumbs\/thumbs_01_19_MAM_1382_MAMarquez.jpg\" data-image-id=\"434\" data-title=\"01_19_MAM_1382_MAMarquez\" data-description=\"Miguel \u00c1ngel M\u00e1rquez - modelo Carmen L\u00f3pez\" target=\"_blank\"><img loading=\"lazy\" decoding=\"async\" title=\"01_19_MAM_1382_MAMarquez\" src=\"http:\/\/openfotosub.es\/wp-content\/gallery\/solrayo-2014\/dynamic\/01_19_MAM_1382_MAMarquez-nggid03434-ngg0dyn-134x100x95-00f0w010c011r110f110r010t010.jpg\" alt=\"01_19_MAM_1382_MAMarquez\" width=\"134\" height=\"100\" \/><\/a>\u00a0<a href=\"http:\/\/openfotosub.es\/wp-content\/gallery\/solrayo-2014\/01_20__MG_6014_AIglesias.jpg\"class=\"ngg-fancybox\" title=\"Alberto Iglesias\"  rel=\"6f24cf3a651c65bb6ab9e5406c8f512d\" data-src=\"http:\/\/openfotosub.es\/wp-content\/gallery\/solrayo-2014\/01_20__MG_6014_AIglesias.jpg\" data-thumbnail=\"http:\/\/openfotosub.es\/wp-content\/gallery\/solrayo-2014\/thumbs\/thumbs_01_20__MG_6014_AIglesias.jpg\" data-image-id=\"435\" data-title=\"01_20__MG_6014_AIglesias\" data-description=\"Alberto Iglesias\" target=\"_blank\"><img loading=\"lazy\" decoding=\"async\" title=\"01_20__MG_6014_AIglesias\" src=\"http:\/\/openfotosub.es\/wp-content\/gallery\/solrayo-2014\/dynamic\/01_20__MG_6014_AIglesias-nggid03435-ngg0dyn-134x100x95-00f0w010c011r110f110r010t010.jpg\" alt=\"01_20__MG_6014_AIglesias\" width=\"134\" height=\"100\" \/><\/a>\u00a0<a href=\"http:\/\/openfotosub.es\/wp-content\/gallery\/solrayo-2014\/01_21__DSC0231_YDelgado.jpg\"class=\"ngg-fancybox\" title=\"Yeray Delgado - modelo Abigail Mart\u00edn\"  rel=\"6f24cf3a651c65bb6ab9e5406c8f512d\" data-src=\"http:\/\/openfotosub.es\/wp-content\/gallery\/solrayo-2014\/01_21__DSC0231_YDelgado.jpg\" data-thumbnail=\"http:\/\/openfotosub.es\/wp-content\/gallery\/solrayo-2014\/thumbs\/thumbs_01_21__DSC0231_YDelgado.jpg\" data-image-id=\"436\" data-title=\"01_21__DSC0231_YDelgado\" data-description=\"Yeray Delgado - modelo Abigail Mart\u00edn\" target=\"_blank\"><img loading=\"lazy\" decoding=\"async\" title=\"01_21__DSC0231_YDelgado\" src=\"http:\/\/openfotosub.es\/wp-content\/gallery\/solrayo-2014\/dynamic\/01_21__DSC0231_YDelgado-nggid03436-ngg0dyn-134x100x95-00f0w010c011r110f110r010t010.jpg\" alt=\"01_21__DSC0231_YDelgado\" width=\"134\" height=\"100\" \/><\/a>\u00a0<a href=\"http:\/\/openfotosub.es\/wp-content\/gallery\/solrayo-2014\/01_22_MAM_1188_MAMarquez.jpg\"class=\"ngg-fancybox\" title=\"Miguel \u00c1ngel M\u00e1rquez\"  rel=\"6f24cf3a651c65bb6ab9e5406c8f512d\" data-src=\"http:\/\/openfotosub.es\/wp-content\/gallery\/solrayo-2014\/01_22_MAM_1188_MAMarquez.jpg\" data-thumbnail=\"http:\/\/openfotosub.es\/wp-content\/gallery\/solrayo-2014\/thumbs\/thumbs_01_22_MAM_1188_MAMarquez.jpg\" data-image-id=\"437\" data-title=\"01_22_MAM_1188_MAMarquez\" data-description=\"Miguel \u00c1ngel M\u00e1rquez\" target=\"_blank\"><img loading=\"lazy\" decoding=\"async\" title=\"01_22_MAM_1188_MAMarquez\" src=\"http:\/\/openfotosub.es\/wp-content\/gallery\/solrayo-2014\/dynamic\/01_22_MAM_1188_MAMarquez-nggid03437-ngg0dyn-134x100x95-00f0w010c011r110f110r010t010.jpg\" alt=\"01_22_MAM_1188_MAMarquez\" width=\"134\" height=\"100\" \/><\/a>\u00a0<a href=\"http:\/\/openfotosub.es\/wp-content\/gallery\/solrayo-2014\/01_23_MG7_1063_MGimenez.jpg\"class=\"ngg-fancybox\" title=\"Marc Gim\u00e9nez\"  rel=\"6f24cf3a651c65bb6ab9e5406c8f512d\" data-src=\"http:\/\/openfotosub.es\/wp-content\/gallery\/solrayo-2014\/01_23_MG7_1063_MGimenez.jpg\" data-thumbnail=\"http:\/\/openfotosub.es\/wp-content\/gallery\/solrayo-2014\/thumbs\/thumbs_01_23_MG7_1063_MGimenez.jpg\" data-image-id=\"438\" data-title=\"01_23_MG7_1063_MGimenez\" data-description=\"Marc Gim\u00e9nez\" target=\"_blank\"><img loading=\"lazy\" decoding=\"async\" title=\"01_23_MG7_1063_MGimenez\" src=\"http:\/\/openfotosub.es\/wp-content\/gallery\/solrayo-2014\/dynamic\/01_23_MG7_1063_MGimenez-nggid03438-ngg0dyn-134x100x95-00f0w010c011r110f110r010t010.jpg\" alt=\"01_23_MG7_1063_MGimenez\" width=\"134\" height=\"100\" \/><\/a>\u00a0<a href=\"http:\/\/openfotosub.es\/wp-content\/gallery\/solrayo-2014\/01_24__DCA1176_YDelgado.jpg\"class=\"ngg-fancybox\" title=\"Yeray Delgado\"  rel=\"6f24cf3a651c65bb6ab9e5406c8f512d\" data-src=\"http:\/\/openfotosub.es\/wp-content\/gallery\/solrayo-2014\/01_24__DCA1176_YDelgado.jpg\" data-thumbnail=\"http:\/\/openfotosub.es\/wp-content\/gallery\/solrayo-2014\/thumbs\/thumbs_01_24__DCA1176_YDelgado.jpg\" data-image-id=\"439\" data-title=\"01_24__DCA1176_YDelgado\" data-description=\"Yeray Delgado\" target=\"_blank\"><img loading=\"lazy\" decoding=\"async\" title=\"01_24__DCA1176_YDelgado\" src=\"http:\/\/openfotosub.es\/wp-content\/gallery\/solrayo-2014\/dynamic\/01_24__DCA1176_YDelgado-nggid03439-ngg0dyn-134x100x95-00f0w010c011r110f110r010t010.jpg\" alt=\"01_24__DCA1176_YDelgado\" width=\"134\" height=\"100\" \/><\/a><\/div>\n<\/div>\n<div id=\"ngg-image-24\" class=\"ngg-gallery-thumbnail-box\">\n<div class=\"ngg-gallery-thumbnail\"><a href=\"http:\/\/openfotosub.es\/wp-content\/gallery\/solrayo-2014\/01_25_MG7_1004_MGimenez.jpg\"class=\"ngg-fancybox\" title=\"Marc Gim\u00e9nez - modelo Abigail Mart\u00edn\"  rel=\"6f24cf3a651c65bb6ab9e5406c8f512d\" data-src=\"http:\/\/openfotosub.es\/wp-content\/gallery\/solrayo-2014\/01_25_MG7_1004_MGimenez.jpg\" data-thumbnail=\"http:\/\/openfotosub.es\/wp-content\/gallery\/solrayo-2014\/thumbs\/thumbs_01_25_MG7_1004_MGimenez.jpg\" data-image-id=\"440\" data-title=\"01_25_MG7_1004_MGimenez\" data-description=\"Marc Gim\u00e9nez - modelo Abigail Mart\u00edn\" target=\"_blank\"><img loading=\"lazy\" decoding=\"async\" title=\"01_25_MG7_1004_MGimenez\" src=\"http:\/\/openfotosub.es\/wp-content\/gallery\/solrayo-2014\/dynamic\/01_25_MG7_1004_MGimenez-nggid03440-ngg0dyn-134x100x95-00f0w010c011r110f110r010t010.jpg\" alt=\"01_25_MG7_1004_MGimenez\" width=\"134\" height=\"100\" \/><\/a><\/div>\n<\/div>\n<\/div>\n<p>Puedes ver todas las colecciones presentadas a concurso por los equipos en este <a href=\"http:\/\/openfotosub.es\/colecciones-presentadas-18o-open-fotosub\/\"title=\"Colecciones presentadas al 18\u00ba Open Fotosub Isla de El Hierro TEAM EDITION\"  target=\"_blank\" rel=\"noopener noreferrer\" target=\"_blank\">ENLACE<\/a><\/p>\n<p>&nbsp;<\/p>\n<p><img loading=\"lazy\" decoding=\"async\" class=\"alignnone size-full wp-image-17406\" src=\"http:\/\/www.sportalsub.net\/blog\/wp-content\/uploads\/2014\/03\/openfotosub2014.jpg\" alt=\"openfotosub2014\" width=\"600\" height=\"268\" srcset=\"https:\/\/www.sportalsub.net\/blog\/wp-content\/uploads\/2014\/03\/openfotosub2014.jpg 600w, https:\/\/www.sportalsub.net\/blog\/wp-content\/uploads\/2014\/03\/openfotosub2014-300x134.jpg 300w, https:\/\/www.sportalsub.net\/blog\/wp-content\/uploads\/2014\/03\/openfotosub2014-364x164.jpg 364w\" sizes=\"auto, (max-width: 600px) 100vw, 600px\" \/><\/p>\n<p>El viceconsejero de Turismo del Gobierno de Canarias, Ricardo Fern\u00e1ndez de La Puente, y\u00a0 la consejera de Turismo del Cabildo de El Hierro, Ver\u00f3nica Montero, han presentado hoy viernes, 7 de marzo, en la Oficina del Gobierno de Canarias en Madrid, el 18 Open Fotosub Team Edition Isla de El Hierro.<\/p>\n<p>El certamen internacional de fotograf\u00eda submarina que cada a\u00f1o se celebra en la isla canaria se disputar\u00e1 en esta nueva edici\u00f3n entre el 11 y 19 de octubre con importantes novedades, tal y como anunciaron los responsables institucionales del evento acompa\u00f1ados por su director t\u00e9cnico, el tricampe\u00f3n mundial de fotograf\u00eda submarina, el canario Carlos Minguell.<\/p>\n<p>El viceconsejero de Turismo destac\u00f3 el firme apoyo del Gobierno de Canarias a este evento que ya es un cl\u00e1sico y supone \u201cuna promoci\u00f3n fundamental para el destino tur\u00edstico Islas Canarias\u201d. De hecho, el Ejecutivo aporta 70.000 euros para el desarrollo de este concurso.<\/p>\n<p>Fern\u00e1ndez de La Puente asegur\u00f3 que \u201cel Open Fotosub es una oportunidad \u00fanica para que esta Isla pueda mostrar sus atractivos tur\u00edsticos entre los que destaca, sin lugar a dudas, sus inigualables fondos marinos\u201d. Para promocionarlos, se destinan 15.000 euros en premios de fondos propios del Cabildo de El Hierro para las mejores colecciones de fotograf\u00eda submarina de la isla.<\/p>\n<p>El Cabildo herre\u00f1o, instituci\u00f3n organizadora de la prueba, est\u00e1 convencida de que \u201cel sector ligado a las actividades subacu\u00e1ticas es fundamental dentro de la marca El Hierro, un destino diferenciado que los submarinistas saben apreciar no s\u00f3lo por ser conocedores de que nuestras aguas re\u00fanen unas de las mejores condiciones para la pr\u00e1ctica del buceo en todo el Mundo sino porque a ello unen todos los encantos de esta isla que recordemos est\u00e1 declarada en su totalidad Reserva Mundial de la Biosfera por la Unesco\u201d, afirma la consejera insular, Ver\u00f3nica Montero.<\/p>\n<p>\u201cEl buceo es un producto estrella dentro del sector tur\u00edstico de El Hierro y, por ello, el Cabildo de El Hierro est\u00e1 comprometido en apoyar firmemente a este sector del que viven directa e indirectamente muchas empresas de la isla\u201d, declara la consejera. Prueba de esa implicaci\u00f3n es que El Hierro contar\u00e1 con una fuerte presencia este mismo fin de semana en la feria de submarinismo Dive Travel Show que se celebra en Madrid, la muestra m\u00e1s importante del sector en el Pa\u00eds.<\/p>\n<p>En esta ocasi\u00f3n, el Open Fotosub se reinventa despu\u00e9s de 17 ediciones celebradas con \u00e9xito para \u201cgarantizar que contin\u00fae siendo un referente lleno de atractivos para el sector\u201d, inform\u00f3 Montero. As\u00ed, el certamen se celebra este a\u00f1o por equipos \u2013team edition- en los que resultar\u00e1 fundamental la figura de un m\u00e1ster fotosub, encargado de dirigir a sus l\u00edderes y miembros de su equipo en busca de la mejor colecci\u00f3n de fotograf\u00edas submarinas de El Hierro en dos fases: una de formaci\u00f3n y otra de concurso.<\/p>\n<p>Carlos Minguell explic\u00f3 que se formar\u00e1n 4 equipos y cada participante ser\u00e1 asignado a uno de ellos por la organizaci\u00f3n, que velar\u00e1\u00a0 porque su composici\u00f3n, en cuanto al nivel t\u00e9cnico y competitivo, sea los m\u00e1s equilibrada posible. Cada equipo ser\u00e1 dividido en 2 grupos que utilizar\u00e1s los servicios y la embarcaci\u00f3n de un centro de buceo colaborador (existen 9 centros de buceo en La Restinga).<\/p>\n<p>Cada equipo estar\u00e1 compuesto por un m\u00e1ster, dos L\u00edderes y el resto de fot\u00f3grafos y modelos participantes asignados al mismo. El M\u00e1ster \u00a0ser\u00e1 un fot\u00f3grafo de reconocido prestigio elegido por la organizaci\u00f3n que se encargar\u00e1 de dirigir a su equipo, tanto en la fase de formaci\u00f3n como en la de concurso. Su objetivo es potenciar las habilidades t\u00e9cnicas y competitivas de los integrantes de su equipo, aumentando as\u00ed las posibilidades de vencer en la fase de concurso.<\/p>\n<p>Por su parte, los l\u00edderes ser\u00e1n fot\u00f3grafos de un alto ranking que se encargar\u00e1n de colaborar estrechamente con el M\u00e1ster para conseguir su objetivo.<\/p>\n<p>En la fase de formaci\u00f3n, todos los participantes realizar\u00e1n 2 inmersiones diarias en horario de ma\u00f1ana a lo largo de 4 d\u00edas para el reconocimiento de las zonas y el entrenamiento pr\u00e1ctico. El M\u00e1ster de cada equipo, ayudado por sus L\u00edderes, llevar\u00e1 a cabo en horario de tarde las actividades de formaci\u00f3n te\u00f3ricas que considere oportunas encaminadas a mejorar las habilidades t\u00e9cnicas y competitivas de los integrantes, como pueden ser t\u00e9cnica o est\u00e9tica fotogr\u00e1fica, an\u00e1lisis de las im\u00e1genes obtenidas en los entrenamientos pr\u00e1cticos, entre otras.<\/p>\n<p>Por su parte, en la fase de concurso, los equipos realizar\u00e1n 4 inmersiones de concurso distribuidas en 2 jornadas, con una duraci\u00f3n m\u00e1xima de 90 minutos y se realizar\u00e1n en los horarios y zonas estipulados por la organizaci\u00f3n. Cada equipo presentar\u00e1 un total de 25 im\u00e1genes a concurso. El M\u00e1ster no puede presentar m\u00e1s de 5 im\u00e1genes, los l\u00edderes 4 cada uno y el resto de participantes no pueden presentar menos de 2 ni m\u00e1s de 4 im\u00e1genes.<\/p>\n<p>Los participantes podr\u00e1n descargar en los ordenadores de la organizaci\u00f3n, bajo un estricto control de seguridad recogido en las bases del certamen que se publicar\u00e1n en www.openfotosub.es, un m\u00e1ximo de 200 im\u00e1genes en cada una de las 2 jornadas.<\/p>\n<p>El Jurado proclamar\u00e1 a un \u00fanico equipo como vencedor del concurso, adem\u00e1s de conceder los distintos premios a las mejores fotos y al mejor modelo. As\u00ed, el master del equipo ganador se llevar\u00e1 trofeo y 3.000 euros; el l\u00edder de cada equipo vencedor trofeo y 2.000 euros y cada uno de los dem\u00e1s integrantes del equipo ganador trofeo y 1.000 euros. Tambi\u00e9n se premiar\u00e1 a la Mejor Fotograf\u00eda Ambiente Geol\u00f3gico (trofeo y 1.000 euros) y con id\u00e9ntico premio la Mejor Fotograf\u00eda Primer Plano o Macro y el Mejor Modelo.<\/p>\n<p>Los colaboradores y patrocinadores podr\u00e1n entregar premios especiales para aquellas fotograf\u00edas que consideren m\u00e1s adecuadas a los motivos de su patrocinio.<\/p>\n<p><strong>M\u00e1s informaci\u00f3n:<\/strong><br \/>\n<strong><a href=\"http:\/\/openfotosub.es\/\" target=\"_blank\" rel=\"noopener noreferrer\">http:\/\/openfotosub.es\/<br \/>\nhttps:\/\/twitter.com\/OpenFotosub<\/a><br \/>\n<a href=\"https:\/\/www.facebook.com\/OpenFotosub\" target=\"_blank\" rel=\"noopener noreferrer\" target=\"_blank\">https:\/\/www.facebook.com\/OpenFotosub<\/a><\/strong><\/p>\n<p><img decoding=\"async\" src=\"http:\/\/www.openfotosub.es\/wp-content\/uploads\/2014\/03\/IMG_2242-1024x682.jpg\" alt=\"IMG_2242\" width=\"600\" \/><\/p>\n","protected":false},"excerpt":{"rendered":"<p>(Especial Sportalsub.net \/ Open Fotosub Isla del Hierro) El fallo del Jurado compuesto por Carlos Villoch, Jos\u00e9 Antonio Garc\u00eda y Julio D\u00edaz fue desvelado en una emocionante ceremonia de entrega de premios que comenz\u00f3 con la proyecci\u00f3n de todas las im\u00e1genes presentadas a concurso, tras la que se entregaron los premios a la foto ganadora de la promoci\u00f3n HEINEKEN, a [&#8230;]<\/p>\n","protected":false},"author":1,"featured_media":18848,"comment_status":"open","ping_status":"closed","sticky":false,"template":"","format":"standard","meta":{"_lmt_disableupdate":"","_lmt_disable":"","jetpack_post_was_ever_published":false,"_jetpack_newsletter_access":"","_jetpack_dont_email_post_to_subs":false,"_jetpack_newsletter_tier_id":0,"_jetpack_memberships_contains_paywalled_content":false,"_jetpack_memberships_contains_paid_content":false,"footnotes":"","jetpack_publicize_message":"","jetpack_publicize_feature_enabled":true,"jetpack_social_post_already_shared":true,"jetpack_social_options":{"image_generator_settings":{"template":"highway","default_image_id":0,"font":"","enabled":false},"version":2}},"categories":[311,10,19,321,120],"tags":[],"class_list":["post-17405","post","type-post","status-publish","format-standard","has-post-thumbnail","hentry","category-destacados-2014","category-espana","category-fotografia-submarina","category-open-fotosub-2014","category-resultados"],"modified_by":"Sportalsub.net","views":4239,"jetpack_publicize_connections":[],"jetpack_featured_media_url":"https:\/\/www.sportalsub.net\/blog\/wp-content\/uploads\/2014\/10\/02_25_DSC_2320DBarrio.jpg","jetpack_sharing_enabled":true,"jetpack_shortlink":"https:\/\/wp.me\/pf9lN-4wJ","jetpack_likes_enabled":false,"jetpack-related-posts":[{"id":23153,"url":"https:\/\/www.sportalsub.net\/blog\/open-fotosub-online-2016","url_meta":{"origin":17405,"position":0},"title":"\ud83c\uddea\ud83c\uddf8 El Cabildo de El Hierro pone en marcha el primer Open Fotosub Online 2016 en Canarias, Espa\u00f1a","author":"Sportalsub.net","date":"1 enero 2016","format":false,"excerpt":"Sportalsub.net \/ Prensa Cabildo El Cabildo de El Hierro pone en marcha desde este\u00a01 de enero 2016, el primer Open Fotosub Online, as\u00ed lo anunci\u00f3 este\u00a0lunes, 28 de diciembre, la presidenta y consejera insular de Turismo, Bel\u00e9n Allende. El evento se incluye dentro del proyecto de promoci\u00f3n y dinamizaci\u00f3n econ\u00f3mica\u2026","rel":"","context":"En \u00abEspa\u00f1a\u00bb","block_context":{"text":"Espa\u00f1a","link":"https:\/\/www.sportalsub.net\/blog\/category\/paises\/europa\/espana\/"},"img":{"alt_text":"","src":"https:\/\/i0.wp.com\/www.sportalsub.net\/blog\/wp-content\/uploads\/2015\/12\/Web-Open-Online2-.jpg?resize=350%2C200&ssl=1","width":350,"height":200,"srcset":"https:\/\/i0.wp.com\/www.sportalsub.net\/blog\/wp-content\/uploads\/2015\/12\/Web-Open-Online2-.jpg?resize=350%2C200&ssl=1 1x, https:\/\/i0.wp.com\/www.sportalsub.net\/blog\/wp-content\/uploads\/2015\/12\/Web-Open-Online2-.jpg?resize=525%2C300&ssl=1 1.5x, https:\/\/i0.wp.com\/www.sportalsub.net\/blog\/wp-content\/uploads\/2015\/12\/Web-Open-Online2-.jpg?resize=700%2C400&ssl=1 2x, https:\/\/i0.wp.com\/www.sportalsub.net\/blog\/wp-content\/uploads\/2015\/12\/Web-Open-Online2-.jpg?resize=1050%2C600&ssl=1 3x"},"classes":[]},{"id":32,"url":"https:\/\/www.sportalsub.net\/blog\/arturo-telle-teresa-rodriguez-pedro-guerra-y-daniel-rodriguez-premios-del-open-de-sardina\/","url_meta":{"origin":17405,"position":1},"title":"\ud83c\uddea\ud83c\uddf8 Arturo Telle, Teresa Rodr\u00edguez, Pedro Guerra y Daniel Rodr\u00edguez, premios del Open de Sardina (Espa\u00f1a)","author":"Sportalsub.net","date":"5 mayo 2008","format":false,"excerpt":"El pasado s\u00e1bado se celebr\u00f3 en la Bah\u00eda de Sardina del Norte la entrega de premios de los participantes en el campeonato de Fotosub \u2013trece parejas en esta edici\u00f3n- y en el VideoSub \u2013con cinco parejas inscritas- enmarcadas ambas competiciones en la cuarta Semana del Mundo Submarino. Una semana llena\u2026","rel":"","context":"En \u00abEspa\u00f1a\u00bb","block_context":{"text":"Espa\u00f1a","link":"https:\/\/www.sportalsub.net\/blog\/category\/paises\/europa\/espana\/"},"img":{"alt_text":"","src":"https:\/\/i0.wp.com\/www.infonortedigital.com\/noticias\/images\/37618_1.jpg?resize=350%2C200","width":350,"height":200},"classes":[]},{"id":6104,"url":"https:\/\/www.sportalsub.net\/blog\/resultados-del-campeonato-de-espana-de-caza-fotosub-en-apnea\/","url_meta":{"origin":17405,"position":2},"title":"\ud83c\uddea\ud83c\uddf8 Resultados del Campeonato de Espa\u00f1a de Caza Fotosub en Apnea","author":"Sportalsub.net","date":"6 septiembre 2010","format":false,"excerpt":"Imagen premiada (Mero) El s\u00e1bado 4 de septiembre en la Plaza de Tigaday, se realiz\u00f3 en el Municipio herre\u00f1o de La Frontera, la clausura y entrega de trofeos del XX Campeonato de Caza Fotosub en Apnea que ha reunido durante cinco d\u00edas a los mejores fot\u00f3grafos de Espa\u00f1a en\u00a0 esta\u2026","rel":"","context":"En \u00abEspa\u00f1a\u00bb","block_context":{"text":"Espa\u00f1a","link":"https:\/\/www.sportalsub.net\/blog\/category\/paises\/europa\/espana\/"},"img":{"alt_text":"","src":"https:\/\/i0.wp.com\/www.sportalsub.net\/blog\/wp-content\/uploads\/2010\/09\/425005_1.jpg?resize=350%2C200&ssl=1","width":350,"height":200,"srcset":"https:\/\/i0.wp.com\/www.sportalsub.net\/blog\/wp-content\/uploads\/2010\/09\/425005_1.jpg?resize=350%2C200&ssl=1 1x, https:\/\/i0.wp.com\/www.sportalsub.net\/blog\/wp-content\/uploads\/2010\/09\/425005_1.jpg?resize=525%2C300&ssl=1 1.5x"},"classes":[]},{"id":55911,"url":"https:\/\/www.sportalsub.net\/blog\/angel-cruz-gutierrez-campeon-de-cazafotosub-apnea-2022-quien-sera-el-proximo-vencedor\/","url_meta":{"origin":17405,"position":3},"title":"\ud83c\uddea\ud83c\uddf8 \u00c1ngel Cruz Guti\u00e9rrez: campe\u00f3n de Cazafotosub Apnea 2022. \u00bfQui\u00e9n ser\u00e1 el pr\u00f3ximo vencedor?","author":"Sportalsub.net","date":"7 julio 2022","format":false,"excerpt":"Hace poco m\u00e1s de una semana, el pasado 18 de junio, tuvo lugar el Campeonato de Cantabria Cazafotosub Apnea 2022, celebrado en la localidad de Suances. La competici\u00f3n que tuvo lugar gracias a la colaboraci\u00f3n de su Ayuntamiento fue organizada por dos de las instituciones referentes en submarinismo y buceo\u2026","rel":"","context":"En \u00abApnea\u00bb","block_context":{"text":"Apnea","link":"https:\/\/www.sportalsub.net\/blog\/category\/modalidades\/apnea\/"},"img":{"alt_text":"","src":"https:\/\/i0.wp.com\/www.sportalsub.net\/blog\/wp-content\/uploads\/2022\/07\/angelcruzgutierrez.jpg?resize=350%2C200&ssl=1","width":350,"height":200,"srcset":"https:\/\/i0.wp.com\/www.sportalsub.net\/blog\/wp-content\/uploads\/2022\/07\/angelcruzgutierrez.jpg?resize=350%2C200&ssl=1 1x, https:\/\/i0.wp.com\/www.sportalsub.net\/blog\/wp-content\/uploads\/2022\/07\/angelcruzgutierrez.jpg?resize=525%2C300&ssl=1 1.5x, https:\/\/i0.wp.com\/www.sportalsub.net\/blog\/wp-content\/uploads\/2022\/07\/angelcruzgutierrez.jpg?resize=700%2C400&ssl=1 2x"},"classes":[]},{"id":4082,"url":"https:\/\/www.sportalsub.net\/blog\/resultados-del-fotosub-colony-201-en-cuba\/","url_meta":{"origin":17405,"position":4},"title":"\ud83c\udde8\ud83c\uddfa Resultados del Fotosub Colony 2010 en Cuba","author":"Sportalsub.net","date":"21 febrero 2010","format":false,"excerpt":"Isla de la Juventud, Cuba, 21 Feb. 2010. Luego de una re\u00f1ida deliberaci\u00f3n del jurado internacional fot\u00f3grafos de Cuba, Italia y Chile ganaron los principales puestos del certamen de im\u00e1genes submarinas FOTOSUB Colony 2010, mostraron hoy en este pa\u00eds. Durante una deliberaci\u00f3n que culmin\u00f3 en una fiesta de madrugada, el\u2026","rel":"","context":"En \u00abChile\u00bb","block_context":{"text":"Chile","link":"https:\/\/www.sportalsub.net\/blog\/category\/paises\/america\/chile\/"},"img":{"alt_text":"","src":"https:\/\/i0.wp.com\/www.sportalsub.net\/blog\/wp-content\/uploads\/2010\/02\/fotosubcolony2010.jpg?resize=350%2C200","width":350,"height":200},"classes":[]},{"id":9085,"url":"https:\/\/www.sportalsub.net\/blog\/resultados-y-galeria-del-evento-de-fotografia-subacuatica-fotosub-2011-cuba\/","url_meta":{"origin":17405,"position":5},"title":"\ud83c\udde8\ud83c\uddfa Resultados y Galer\u00eda del evento de Fotograf\u00eda Subacu\u00e1tica FOTOSUB 2011, Cuba","author":"Sportalsub.net","date":"15 abril 2011","format":false,"excerpt":"Especial Sportalsub.net El jueves 14 de abril concluy\u00f3 el Evento de Fotograf\u00eda Subacu\u00e1tica FOTOSUB 2011 en el Hotel El Colony, Isla de la Juventud, Cuba al cual asistieron m\u00e1s de 40 profesionales provenientes de Argentina, Chile, Uruguay, Venezuela, M\u00e9xico, Alemania, Canad\u00e1, Rusia, Italia, Serbia, Inglaterra, Suecia, Espa\u00f1a y Cuba. El\u2026","rel":"","context":"En \u00abAlemania\u00bb","block_context":{"text":"Alemania","link":"https:\/\/www.sportalsub.net\/blog\/category\/paises\/europa\/alemania\/"},"img":{"alt_text":"","src":"https:\/\/i0.wp.com\/www.sportalsub.net\/blog\/wp-content\/uploads\/2011\/04\/fotosub-cuba2011.jpg?resize=350%2C200&ssl=1","width":350,"height":200,"srcset":"https:\/\/i0.wp.com\/www.sportalsub.net\/blog\/wp-content\/uploads\/2011\/04\/fotosub-cuba2011.jpg?resize=350%2C200&ssl=1 1x, https:\/\/i0.wp.com\/www.sportalsub.net\/blog\/wp-content\/uploads\/2011\/04\/fotosub-cuba2011.jpg?resize=525%2C300&ssl=1 1.5x"},"classes":[]}],"_links":{"self":[{"href":"https:\/\/www.sportalsub.net\/blog\/wp-json\/wp\/v2\/posts\/17405","targetHints":{"allow":["GET"]}}],"collection":[{"href":"https:\/\/www.sportalsub.net\/blog\/wp-json\/wp\/v2\/posts"}],"about":[{"href":"https:\/\/www.sportalsub.net\/blog\/wp-json\/wp\/v2\/types\/post"}],"author":[{"embeddable":true,"href":"https:\/\/www.sportalsub.net\/blog\/wp-json\/wp\/v2\/users\/1"}],"replies":[{"embeddable":true,"href":"https:\/\/www.sportalsub.net\/blog\/wp-json\/wp\/v2\/comments?post=17405"}],"version-history":[{"count":0,"href":"https:\/\/www.sportalsub.net\/blog\/wp-json\/wp\/v2\/posts\/17405\/revisions"}],"wp:featuredmedia":[{"embeddable":true,"href":"https:\/\/www.sportalsub.net\/blog\/wp-json\/wp\/v2\/media\/18848"}],"wp:attachment":[{"href":"https:\/\/www.sportalsub.net\/blog\/wp-json\/wp\/v2\/media?parent=17405"}],"wp:term":[{"taxonomy":"category","embeddable":true,"href":"https:\/\/www.sportalsub.net\/blog\/wp-json\/wp\/v2\/categories?post=17405"},{"taxonomy":"post_tag","embeddable":true,"href":"https:\/\/www.sportalsub.net\/blog\/wp-json\/wp\/v2\/tags?post=17405"}],"curies":[{"name":"wp","href":"https:\/\/api.w.org\/{rel}","templated":true}]}}