{"id":18046,"date":"2014-07-02T03:01:47","date_gmt":"2014-07-02T07:31:47","guid":{"rendered":"http:\/\/www.sportalsub.net\/blog\/?p=18046"},"modified":"2019-08-31T22:27:31","modified_gmt":"2019-09-01T02:27:31","slug":"espana-logra-su-primera-medalla-en-campeonatos-mundiales-de-natacion-con-aletas-en-mundial-junior-en-grecia","status":"publish","type":"post","link":"https:\/\/www.sportalsub.net\/blog\/espana-logra-su-primera-medalla-en-campeonatos-mundiales-de-natacion-con-aletas-en-mundial-junior-en-grecia\/","title":{"rendered":"\ud83c\uddea\ud83c\uddf8 Espa\u00f1a logra su primera medalla en Campeonatos Mundiales de Nataci\u00f3n con Aletas en Mundial Junior en Grecia"},"content":{"rendered":"<p><a href=\"http:\/\/www.sportalsub.net\/blog\/wp-content\/uploads\/2014\/07\/jorge_marzo.jpg\"><img loading=\"lazy\" decoding=\"async\" class=\"alignnone wp-image-18048\" src=\"http:\/\/www.sportalsub.net\/blog\/wp-content\/uploads\/2014\/07\/jorge_marzo-574x1024.jpg\" alt=\"jorge_marzo\" width=\"527\" height=\"940\" \/><br \/>\n<\/a>Jorge Marzo Polo, medalla de bronce en 50 superficie\u00a0masculino<\/p>\n<p>(Especial Sportalsub.net \/ FEDAS)<\/p>\n<p>El primer d\u00eda sensacional para nuestra selecci\u00f3n junior. Durante la ma\u00f1ana todos\u00a0nuestros nadadores bajaron sus marcas. Se han nadado 3 finales durante la tarde.<\/p>\n<p>Jorge Marzo consigue un 8\u00ba puesto en el 100 superficie con un tiempo de 38,44\u00a0acompa\u00f1ado por Javier Aguilar Sanchez , que bajando de la barrera de los 40seg qued\u00f3\u00a0en 17\u00aa posici\u00f3n. En el 1500 superficie Luis Lopez C\u00e1rcel ha batido el r\u00e9cord de Espa\u00f1a<br \/>\nsenior del a\u00f1o 2007, con un tiempo de 13:19:25. El turno para los debutantes en\u00a0nuestra selecci\u00f3n lleg\u00f3 con la participaci\u00f3n de Max Mart\u00ednez Ruts en el 400esc, que\u00a0aun no siendo una de sus mejores pruebas llego a bajar su marca personal\u00a0consiguiendo una 9\u00aa plaza. Por otro lado, Daniel Lama nad\u00f3 la final por la tarde,\u00a0consiguiendo un 7\u00ba puesto con un tiempo de 3:19:50. Para acabar el d\u00eda, nuestra\u00a0selecci\u00f3n consigui\u00f3 la 6\u00aa plaza en el relevo del 4&#215;200, consiguiendo otro r\u00e9cord\u00a0nacional absoluto, con un tiempo de 5:59:47.<\/p>\n<p>Segunda jornada. La jornada m\u00e1s corta del campeonato 50sup, 50bi, 400sup y 100 esc.\u00a0Coinciden en la misma serie Max Mart\u00ednez Ruts y Jorge Marzo. Max notablemente\u00a0nervioso se aproxim\u00f3 a una sola d\u00e9cima de su mejor marca, haciendo 18,75seg, puesto<br \/>\n27\u00ba. Jorge por la calle 4, como tercer cabeza de serie defendi\u00f3 con un sobresaliente l.\u00a0Marca de inscripci\u00f3n, meti\u00e9ndose en la final en tercer lugar, bajando una d\u00e9cima,\u00a0haciendo 17,25 seg. En el 400 superficie, en la misma serie, los alicantinos Javier\u00a0Aguilar Sanchez y Luis Lopez C\u00e1rcel. Javier no tuvo su mejor d\u00eda, lejos de su mejor\u00a0registro, obtuvo el puesto 19\u00ba. Por su parte, Luis L\u00f3pez, bate su mejor marca personal,\u00a0qued\u00e1ndose a dos cent\u00e9simas del r\u00e9cord absoluto, para la alegr\u00eda de Javier Aguilar.<\/p>\n<p>En el 100 inmersi\u00f3n, el turno del otro novato, Daniel Lama, que rompe la barrera de los\u00a039 segundos, aup\u00e1ndose al 14\u00ba puesto, batiendo su mejor registro con 38,79\u00a0segundos. En la misma prueba, el otro ma\u00f1ico, Jorge Marzo, logra la mejor marca<br \/>\nmatinal con 37,00 segundos, que le otorgar\u00eda una vez finalizada la (fast heat) de la\u00a0tarde el 8\u00ba puesto mundial.<\/p>\n<p>Ya por la tarde, todos ansiosos por el plato fuerte del d\u00eda en la tierra que vio nacer a\u00a0Zeus, Jorge Marzo Polo, se cuelga el bronce mundial compartido con el lituano\u00a0Daumantas Rutulys, con un tiempo exec\u00fao de 17,06 segundos. Final apretad\u00edsima\u00a0donde s\u00f3lo el ruso Rom\u00e1n Giniyatulin, que bati\u00f3 su propio r\u00e9cord Mundial, destac\u00f3\u00a0sobre los dem\u00e1s. La alegr\u00eda de la hinchada espa\u00f1ola se transform\u00f3 en saltos, abrazos,\u00a0l\u00e1grimas, gritos y muchas sonrisas.<\/p>\n<p>Domingo 29 de junio. \u00daltima jornada de piscina. Se disputaron las pruebas de 50\u00a0apnea, 200 sup, 200 bifins, 800 superficie y 4&#215;100. Jorge Marzo es el primer deportista\u00a0espa\u00f1ol en nadar el 50. Su marca 16&#8243;22 (10\u00ba) lo deja a las puertas de su segunda final mundialista. No queda satisfecho con la marca prometiendo dar el zarpazo a la barrera\u00a0de los 16&#8243; muy pronto. Daniel Lama en la misma prueba, sale muy satisfecho con la\u00a0marca lograda. 16&#8243;54 (15) es su mejor marca personal. Los siguientes en nadar son el<br \/>\ncatal\u00e1n Max Mart\u00ednez Ruts y el alicantino Javier Aguilar S\u00e1nchez. Max en el 200 mejor\u00f3\u00a0su marca personal, nadando con muchas ganas el 90% de la prueba. Apuntaba a un\u00a0clar\u00edsimo 1&#8217;30\u00bb corto, que al final se qued\u00f3 en 1&#8217;32&#8243;96, pero fue descalificado por\u00a0salida anticipada. Javier Aguilar Sanchez en su prueba fetiche demostr\u00f3 lo que tiene en\u00a0las piernas. Se qued\u00f3 a s\u00f3lo unas d\u00e9cimas de bajar su mejor marca personal. 1&#8217;28&#8243;53.\u00a0(10\u00ba) Promete desbancar el m\u00e1s antiguo de los r\u00e9cords nacionales absolutos muy\u00a0pronto.<\/p>\n<p>Llega el turno del fondista Luis Lopez C\u00e1rcel, que con la 9\u00aa mejor marca de inscripci\u00f3n,\u00a0domin\u00f3 la serie m\u00e1s r\u00e1pida de la ma\u00f1ana. Nad\u00f3 con una maestr\u00eda digna de Figini, con\u00a0un 3&#8217;26 en el primer 400 y un 3&#8217;24 en el en el segundo 400, dejando a todos sus rivales<br \/>\ncolgados de la corchera. Esperemos que estos resultados le ilusionen y la temporada\u00a0que viene nos de muchas m\u00e1s alegr\u00edas. Cerramos el campeonato con el relevo con\u00a0caras y cruces, pues solo 10 min. despu\u00e9s del 800 es muy dif\u00edcil rendir al m\u00e1ximo. El<br \/>\npuesto de relevo fue el 9 y el tiempo 2&#8217;41&#8243;74. Lejos del objetivo 2&#8217;38&#8243;00.<\/p>\n<p>Como cierre de esta cr\u00f3nica, dejar por escrito que el trabajo bien merece el sacrificio.\u00a0Felicidades a todos los que hab\u00e9is conseguido estos resultados con vuestra pasi\u00f3n,\u00a0constancia, sacrificio y trabajo bien hecho. No baj\u00e9is los brazos, porque todos nuestros\u00a0deportistas se merecen que este nuestro deporte, llegue a lo m\u00e1s alto de los p\u00f3diums\u00a0mundiales. Nuestros chicos nos est\u00e1n mostrando el camino. \u00c1nimo a todos y muchas\u00a0felicidades.<\/p>\n<p>Felicitar a mam\u00e1s, papas, familias, entrenadores, clubes, federaciones, compa\u00f1eros,\u00a0amigos, \u00e1rbitros. QUE ESTO NO PARE!!!<\/p>\n<p><strong>Mireia Ferr\u00e1ndiz Gonz\u00e1lez<\/strong><br \/>\n<strong> Ivan Alonso Portela<\/strong><\/p>\n<p><img loading=\"lazy\" decoding=\"async\" class=\"alignnone wp-image-18047\" src=\"http:\/\/www.sportalsub.net\/blog\/wp-content\/uploads\/2014\/07\/campmundaletasjunior_fotoequipo.jpg\" alt=\"campmundaletasjunior_fotoequipo\" width=\"600\" height=\"450\" srcset=\"https:\/\/www.sportalsub.net\/blog\/wp-content\/uploads\/2014\/07\/campmundaletasjunior_fotoequipo.jpg 960w, https:\/\/www.sportalsub.net\/blog\/wp-content\/uploads\/2014\/07\/campmundaletasjunior_fotoequipo-300x225.jpg 300w, https:\/\/www.sportalsub.net\/blog\/wp-content\/uploads\/2014\/07\/campmundaletasjunior_fotoequipo-320x240.jpg 320w\" sizes=\"auto, (max-width: 600px) 100vw, 600px\" \/><\/p>\n<p><strong>Fuente: <a href=\"http:\/\/fedas.es\/index.htm\" target=\"_blank\" rel=\"noopener noreferrer\" target=\"_blank\">FEDAS<\/a><\/strong><\/p>\n","protected":false},"excerpt":{"rendered":"<p>Jorge Marzo Polo, medalla de bronce en 50 superficie\u00a0masculino (Especial Sportalsub.net \/ FEDAS) El primer d\u00eda sensacional para nuestra selecci\u00f3n junior. Durante la ma\u00f1ana todos\u00a0nuestros nadadores bajaron sus marcas. Se han nadado 3 finales durante la tarde. Jorge Marzo consigue un 8\u00ba puesto en el 100 superficie con un tiempo de 38,44\u00a0acompa\u00f1ado por Javier Aguilar Sanchez , que bajando de [&#8230;]<\/p>\n","protected":false},"author":1,"featured_media":18048,"comment_status":"open","ping_status":"closed","sticky":false,"template":"","format":"standard","meta":{"_lmt_disableupdate":"","_lmt_disable":"","jetpack_post_was_ever_published":false,"_jetpack_newsletter_access":"","_jetpack_dont_email_post_to_subs":false,"_jetpack_newsletter_tier_id":0,"_jetpack_memberships_contains_paywalled_content":false,"_jetpack_memberships_contains_paid_content":false,"footnotes":"","jetpack_publicize_message":"Espa\u00f1a logra su primera medalla en Campeonatos Mundiales de Nataci\u00f3n con Aletas en Mundial Junior en Grecia #sersubacuatico","jetpack_publicize_feature_enabled":true,"jetpack_social_post_already_shared":true,"jetpack_social_options":{"image_generator_settings":{"template":"highway","default_image_id":0,"font":"","enabled":false},"version":2}},"categories":[10,314,12,50],"tags":[],"class_list":["post-18046","post","type-post","status-publish","format-standard","has-post-thumbnail","hentry","category-espana","category-mundial-junior-nadosub-2014","category-natacion-con-aletas","category-records"],"modified_by":"Sportalsub.net","views":5250,"jetpack_publicize_connections":[],"jetpack_featured_media_url":"https:\/\/www.sportalsub.net\/blog\/wp-content\/uploads\/2014\/07\/jorge_marzo.jpg","jetpack_sharing_enabled":true,"jetpack_shortlink":"https:\/\/wp.me\/pf9lN-4H4","jetpack_likes_enabled":false,"jetpack-related-posts":[{"id":15627,"url":"https:\/\/www.sportalsub.net\/blog\/excelente-participacion-de-espana-en-campeonato-europeo-junior-de-natacion-con-aletas-polonia-2013\/","url_meta":{"origin":18046,"position":0},"title":"\ud83c\uddea\ud83c\uddf8 Excelente participaci\u00f3n de Espa\u00f1a en Campeonato Europeo Junior de Nataci\u00f3n con Aletas Polonia 2013","author":"Sportalsub.net","date":"16 julio 2013","format":false,"excerpt":"(Especial Sportalsub.net \/ FEDAS \/ Fotos: Mireia Ferrandiz) La Selecci\u00f3n Espa\u00f1ola Junior de Nataci\u00f3n con Aletas logr\u00f3 excelentes resultados en las jornadas de piscina del 14to Campeonato Europeo CMAS de Nataci\u00f3n con aletas, realizadas entre el 10 y 12 de julio en\u00a0Szczecin, Polonia, en las cuales batieron 20 r\u00e9cords nacionales\u2026","rel":"","context":"En \u00abCampeonato Europeo Junior 2013\u00bb","block_context":{"text":"Campeonato Europeo Junior 2013","link":"https:\/\/www.sportalsub.net\/blog\/category\/coberturas-especiales\/campeonato-europeo-junior-2013\/"},"img":{"alt_text":"","src":"https:\/\/i0.wp.com\/www.sportalsub.net\/blog\/wp-content\/uploads\/2013\/07\/espana.jpg?resize=350%2C200&ssl=1","width":350,"height":200,"srcset":"https:\/\/i0.wp.com\/www.sportalsub.net\/blog\/wp-content\/uploads\/2013\/07\/espana.jpg?resize=350%2C200&ssl=1 1x, https:\/\/i0.wp.com\/www.sportalsub.net\/blog\/wp-content\/uploads\/2013\/07\/espana.jpg?resize=525%2C300&ssl=1 1.5x, https:\/\/i0.wp.com\/www.sportalsub.net\/blog\/wp-content\/uploads\/2013\/07\/espana.jpg?resize=700%2C400&ssl=1 2x"},"classes":[]},{"id":18028,"url":"https:\/\/www.sportalsub.net\/blog\/2-medallas-para-colombia-y-1-para-espana-en-2da-jornada-del-campeonato-mundial-juvenil-de-natacion-con-aletas-en-grecia\/","url_meta":{"origin":18046,"position":1},"title":"\ud83c\udde8\ud83c\uddf4 2 medallas para Colombia y 1 para Espa\u00f1a en 2da jornada del Campeonato Mundial Juvenil de Nataci\u00f3n con Aletas en Grecia","author":"Sportalsub.net","date":"28 junio 2014","format":false,"excerpt":"(Especial Sportalsub.net \/ CMAS \/ KOE \/ Finswimmer) Este viernes 28\u00a0de junio se realiz\u00f3 la 2da jornada del 13er Campeonato Mundial Junior de Nataci\u00f3n con Aletas CMAS, que se lleva a cabo en Chania, Grecia. En esta jornada, la Selecci\u00f3n de\u00a0Colombia\u00a0logr\u00f3 obtener otras\u00a02 medallas en el evento, para llegar a\u2026","rel":"","context":"En \u00abColombia\u00bb","block_context":{"text":"Colombia","link":"https:\/\/www.sportalsub.net\/blog\/category\/paises\/america\/colombia\/"},"img":{"alt_text":"","src":"https:\/\/i0.wp.com\/www.sportalsub.net\/blog\/wp-content\/uploads\/2014\/06\/junior-grecia-res2.jpg?resize=350%2C200&ssl=1","width":350,"height":200,"srcset":"https:\/\/i0.wp.com\/www.sportalsub.net\/blog\/wp-content\/uploads\/2014\/06\/junior-grecia-res2.jpg?resize=350%2C200&ssl=1 1x, https:\/\/i0.wp.com\/www.sportalsub.net\/blog\/wp-content\/uploads\/2014\/06\/junior-grecia-res2.jpg?resize=525%2C300&ssl=1 1.5x"},"classes":[]},{"id":18457,"url":"https:\/\/www.sportalsub.net\/blog\/espa%C3%B1a-mediterraneo-nadosub-tunez-2014","url_meta":{"origin":18046,"position":2},"title":"\ud83c\uddea\ud83c\uddf8 Exitosa participaci\u00f3n de Espa\u00f1a en el Campeonato Mediterr\u00e1neo de Nataci\u00f3n con Aletas en T\u00fanez","author":"Sportalsub.net","date":"4 septiembre 2014","format":false,"excerpt":"(Especial Sportalsub.net \/ Nataci\u00f3n con Aletas FEDAS) La Selecci\u00f3n espa\u00f1ola de nataci\u00f3n con aletas cierra una exitosa participaci\u00f3n en el\u00a01er Campeonato Mediterr\u00e1neo de Nataci\u00f3n con Aletas T\u00fanez 2014 luego de conseguir la medalla de bronce en la prueba de relevos 4x2kms mixto con los atletas Luis L\u00f3pez Carcel, David As\u00edn\u2026","rel":"","context":"En \u00abEspa\u00f1a\u00bb","block_context":{"text":"Espa\u00f1a","link":"https:\/\/www.sportalsub.net\/blog\/category\/paises\/europa\/espana\/"},"img":{"alt_text":"","src":"https:\/\/i0.wp.com\/www.sportalsub.net\/blog\/wp-content\/uploads\/2014\/09\/esp-aguasabiertas.jpg?resize=350%2C200&ssl=1","width":350,"height":200,"srcset":"https:\/\/i0.wp.com\/www.sportalsub.net\/blog\/wp-content\/uploads\/2014\/09\/esp-aguasabiertas.jpg?resize=350%2C200&ssl=1 1x, https:\/\/i0.wp.com\/www.sportalsub.net\/blog\/wp-content\/uploads\/2014\/09\/esp-aguasabiertas.jpg?resize=525%2C300&ssl=1 1.5x"},"classes":[]},{"id":18074,"url":"https:\/\/www.sportalsub.net\/blog\/rusia-junior-aletas-grecia-2014","url_meta":{"origin":18046,"position":3},"title":"\ud83c\uddf7\ud83c\uddfa Rusia domin\u00f3 con 8 r\u00e9cords mundiales y 42 medallas el Mundial Juvenil de Nataci\u00f3n con Aletas en Grecia","author":"Sportalsub.net","date":"2 julio 2014","format":false,"excerpt":"(Especial Sportalsub.net \/ CMAS \/ KOE \/ Finswimmer) Rusia domina\u00a0la nataci\u00f3n con aletas durante\u00a0\u00a0el 13er Campeonato Mundial Junior de Nataci\u00f3n con Aletas CMAS, que se llev\u00f3 a cabo en Chania, Grecia. La Selecci\u00f3n Juvenil de Nataci\u00f3n con Aletas de la Federaci\u00f3n Rusa de Actividades Subacu\u00e1ticas confirm\u00f3 una vez m\u00e1s, el\u2026","rel":"","context":"En \u00abDestacados 2014\u00bb","block_context":{"text":"Destacados 2014","link":"https:\/\/www.sportalsub.net\/blog\/category\/coberturas-especiales\/destacados-2014\/"},"img":{"alt_text":"","src":"https:\/\/i0.wp.com\/www.sportalsub.net\/blog\/wp-content\/uploads\/2014\/07\/junior-grecia-rusia.jpg?resize=350%2C200&ssl=1","width":350,"height":200,"srcset":"https:\/\/i0.wp.com\/www.sportalsub.net\/blog\/wp-content\/uploads\/2014\/07\/junior-grecia-rusia.jpg?resize=350%2C200&ssl=1 1x, https:\/\/i0.wp.com\/www.sportalsub.net\/blog\/wp-content\/uploads\/2014\/07\/junior-grecia-rusia.jpg?resize=525%2C300&ssl=1 1.5x"},"classes":[]},{"id":18945,"url":"https:\/\/www.sportalsub.net\/blog\/copa-mundo-cmas-2015-barcelona-espana","url_meta":{"origin":18046,"position":4},"title":"\ud83c\uddea\ud83c\uddf8 Resultados y Video 3ra Ronda Copa Mundo CMAS Nataci\u00f3n con Aletas 2015. Barcelona, Espa\u00f1a","author":"Sportalsub.net","date":"27 marzo 2015","format":false,"excerpt":"(Sportalsub.net \/ CMAS\/FEDAS\/FECDAs\/ Finswimmer) \u2013 Read in English Con todo \u00e9xito culmin\u00f3 la copa del mundo de nataci\u00f3n con aletas celebrada\u00a0en Barcelona, Espa\u00f1a, el 21 y 22 de marzo 2015. Esta competici\u00f3n internacional es una de las pruebas m\u00e1s importantes del calendario de la nataci\u00f3n con aletas a nivel mundial.\u2026","rel":"","context":"En \u00abDestacados\u00bb","block_context":{"text":"Destacados","link":"https:\/\/www.sportalsub.net\/blog\/category\/mas\/destacados\/"},"img":{"alt_text":"","src":"https:\/\/i0.wp.com\/www.sportalsub.net\/blog\/wp-content\/uploads\/2015\/02\/barcelona2015.jpg?resize=350%2C200&ssl=1","width":350,"height":200,"srcset":"https:\/\/i0.wp.com\/www.sportalsub.net\/blog\/wp-content\/uploads\/2015\/02\/barcelona2015.jpg?resize=350%2C200&ssl=1 1x, https:\/\/i0.wp.com\/www.sportalsub.net\/blog\/wp-content\/uploads\/2015\/02\/barcelona2015.jpg?resize=525%2C300&ssl=1 1.5x"},"classes":[]},{"id":2708,"url":"https:\/\/www.sportalsub.net\/blog\/resultados-de-la-golden-final-de-la-copa-del-mundo-de-natacion-con-aletas-2009-valencia-espana\/","url_meta":{"origin":18046,"position":5},"title":"\ud83c\uddea\ud83c\uddf8 Resultados de la Golden Final de la Copa del Mundo de Nataci\u00f3n con Aletas 2009. Valencia, Espa\u00f1a","author":"Sportalsub.net","date":"10 septiembre 2009","format":false,"excerpt":"Este jueves 10 de septiembre iniciaron las competencias Especial Sportalsub.net Sigue la actuaci\u00f3n de los deportistas hispanoamericanos en la Golden Final de la IV Copa del Mundo de Nataci\u00f3n con Aletas interclubes que se realiza desde este jueves 10 de octubre hasta el s\u00e1bado 12 en Valencia, Espa\u00f1a. Los atletas\u2026","rel":"","context":"En \u00abCMAS\u00bb","block_context":{"text":"CMAS","link":"https:\/\/www.sportalsub.net\/blog\/category\/mas\/organizaciones\/cmas-organizaciones\/"},"img":{"alt_text":"","src":"https:\/\/i0.wp.com\/www.sportalsub.net\/blog\/wp-content\/uploads\/2013\/11\/0009.jpg?resize=350%2C200&ssl=1","width":350,"height":200,"srcset":"https:\/\/i0.wp.com\/www.sportalsub.net\/blog\/wp-content\/uploads\/2013\/11\/0009.jpg?resize=350%2C200&ssl=1 1x, https:\/\/i0.wp.com\/www.sportalsub.net\/blog\/wp-content\/uploads\/2013\/11\/0009.jpg?resize=525%2C300&ssl=1 1.5x"},"classes":[]}],"_links":{"self":[{"href":"https:\/\/www.sportalsub.net\/blog\/wp-json\/wp\/v2\/posts\/18046","targetHints":{"allow":["GET"]}}],"collection":[{"href":"https:\/\/www.sportalsub.net\/blog\/wp-json\/wp\/v2\/posts"}],"about":[{"href":"https:\/\/www.sportalsub.net\/blog\/wp-json\/wp\/v2\/types\/post"}],"author":[{"embeddable":true,"href":"https:\/\/www.sportalsub.net\/blog\/wp-json\/wp\/v2\/users\/1"}],"replies":[{"embeddable":true,"href":"https:\/\/www.sportalsub.net\/blog\/wp-json\/wp\/v2\/comments?post=18046"}],"version-history":[{"count":0,"href":"https:\/\/www.sportalsub.net\/blog\/wp-json\/wp\/v2\/posts\/18046\/revisions"}],"wp:featuredmedia":[{"embeddable":true,"href":"https:\/\/www.sportalsub.net\/blog\/wp-json\/wp\/v2\/media\/18048"}],"wp:attachment":[{"href":"https:\/\/www.sportalsub.net\/blog\/wp-json\/wp\/v2\/media?parent=18046"}],"wp:term":[{"taxonomy":"category","embeddable":true,"href":"https:\/\/www.sportalsub.net\/blog\/wp-json\/wp\/v2\/categories?post=18046"},{"taxonomy":"post_tag","embeddable":true,"href":"https:\/\/www.sportalsub.net\/blog\/wp-json\/wp\/v2\/tags?post=18046"}],"curies":[{"name":"wp","href":"https:\/\/api.w.org\/{rel}","templated":true}]}}