{"id":18466,"date":"2014-09-02T09:48:39","date_gmt":"2014-09-02T14:18:39","guid":{"rendered":"http:\/\/www.sportalsub.net\/blog\/?p=18466"},"modified":"2019-08-31T23:08:31","modified_gmt":"2019-09-01T03:08:31","slug":"videos-y-entrevistas-previas-al-campeonato-panamericano-de-apnea-y-nado-con-aletas-mexico-2014","status":"publish","type":"post","link":"https:\/\/www.sportalsub.net\/blog\/videos-entrevistas-panamericano-mexico-2014","title":{"rendered":"\ud83c\uddf2\ud83c\uddfd Videos y entrevistas previas al Campeonato Panamericano de Apnea y Nado con Aletas M\u00e9xico 2014"},"content":{"rendered":"<p><img loading=\"lazy\" decoding=\"async\" class=\"alignnone size-full wp-image-18468\" src=\"http:\/\/www.sportalsub.net\/blog\/wp-content\/uploads\/2014\/09\/entrevistas.jpg\" alt=\"entrevistas\" width=\"320\" height=\"180\" srcset=\"https:\/\/www.sportalsub.net\/blog\/wp-content\/uploads\/2014\/09\/entrevistas.jpg 320w, https:\/\/www.sportalsub.net\/blog\/wp-content\/uploads\/2014\/09\/entrevistas-300x169.jpg 300w\" sizes=\"auto, (max-width: 320px) 100vw, 320px\" \/><\/p>\n<p>(Especial Sportalsub.net \/ Ikkosports)<\/p>\n<p>Atletas, entrenadores, dirigentes y personalidades conversaron con Ikkosports antes del inicio de las competencias del 5to Campeonato Panamericano de Apnea y Nado con Aletas y\u00a02do Festival Internacional Infantil de Nataci\u00f3n con Aletas a celebrarse del 1 al 11 de septiembre de 2014 en\u00a0M\u00e9xico. Aqu\u00ed puedes ver algunas de las entrevistas y videos<\/p>\n<p><strong>Mauricio Fern\u00e1ndez &#8211; Nataci\u00f3n con aletas &#8211; Colombia<\/strong><\/p>\n<p><iframe loading=\"lazy\" src=\"\/\/www.youtube.com\/embed\/E0x7k2EaVsI\" width=\"560\" height=\"315\" frameborder=\"0\" allowfullscreen=\"allowfullscreen\"><\/iframe><\/p>\n<p><strong>Xavier Dur\u00e1n &#8211; Vicepresidente CMAS &#8211; Espa\u00f1a<\/strong><\/p>\n<p><iframe loading=\"lazy\" src=\"\/\/www.youtube.com\/embed\/7-nqCfBmLqA\" width=\"560\" height=\"315\" frameborder=\"0\" allowfullscreen=\"allowfullscreen\"><\/iframe><\/p>\n<p><strong>Luis Tendero (Entrenador) y Samar Richany (Atleta) &#8211; Nataci\u00f3n con Aletas &#8211; Venezuela<\/strong><\/p>\n<p><iframe loading=\"lazy\" src=\"\/\/www.youtube.com\/embed\/8XgnTLvzWP0\" width=\"560\" height=\"315\" frameborder=\"0\" allowfullscreen=\"allowfullscreen\"><\/iframe><\/p>\n<p><iframe loading=\"lazy\" src=\"\/\/www.youtube.com\/embed\/PjqJ_f3FTU0\" width=\"560\" height=\"315\" frameborder=\"0\" allowfullscreen=\"allowfullscreen\"><\/iframe><\/p>\n<p><iframe loading=\"lazy\" src=\"\/\/www.youtube.com\/embed\/YRKmSKZzNQs\" width=\"560\" height=\"315\" frameborder=\"0\" allowfullscreen=\"allowfullscreen\"><\/iframe><\/p>\n<p><strong>Alejandro Lemus &#8211; Apnea &#8211; M\u00e9xico<\/strong><\/p>\n<p><iframe loading=\"lazy\" src=\"\/\/www.youtube.com\/embed\/TZjpe15Zhro\" width=\"560\" height=\"315\" frameborder=\"0\" allowfullscreen=\"allowfullscreen\"><\/iframe><\/p>\n<p><strong>Miranda Portocarrero &#8211; Nataci\u00f3n con Aletas &#8211; M\u00e9xico<\/strong><\/p>\n<p><iframe loading=\"lazy\" src=\"\/\/www.youtube.com\/embed\/P2Ta5vTh4QA\" width=\"560\" height=\"315\" frameborder=\"0\" allowfullscreen=\"allowfullscreen\"><\/iframe><\/p>\n<p><strong>Rogelio Flores &#8211; Presidente CMAS Zona Am\u00e9rica y FMAS &#8211; M\u00e9xico<\/strong><\/p>\n<p><iframe loading=\"lazy\" src=\"\/\/www.youtube.com\/embed\/W6OuXNR497A\" width=\"560\" height=\"315\" frameborder=\"0\" allowfullscreen=\"allowfullscreen\"><\/iframe><\/p>\n<p style=\"color: #555555;\"><strong style=\"font-style: inherit;\"><img loading=\"lazy\" decoding=\"async\" title=\"Alfredo Ponce\" src=\"https:\/\/ci3.googleusercontent.com\/proxy\/gDsdC4hTdQiea9NjdcZU9JrKGos_QH0OdWeHvzLUObXQO8VZiJSYunjpCWJNzfISSAxaym3RKyN-dEh3gxB2UPvgBONbLmatbSfX3qSOz6kypK30N7U7mUd1gIpRkR1-AbMQ=s0-d-e1-ft#http:\/\/www.sportalsub.net\/blog\/wp-content\/uploads\/2012\/05\/alfredo-150x150.jpg\" alt=\"\" width=\"80\" height=\"80\" \/><\/strong><\/p>\n<p style=\"color: #555555;\"><strong style=\"font-style: inherit;\">Alfredo Ponce Reyes (M\u00e9xico)\u00a0<strong style=\"font-style: inherit;\"><img loading=\"lazy\" decoding=\"async\" src=\"https:\/\/ci3.googleusercontent.com\/proxy\/RM1i80LqkA1qtMeDRfu-weB2t5Oy95sTXgDFpfNDA_ZrIbqVv7ltA9EOuF3QViNXXtcg_rFPtC3iMansZh4=s0-d-e1-ft#http:\/\/es.fifa.com\/imgml\/flags\/s\/mex.gif\" alt=\"chi Eventos\" width=\"19\" height=\"13\" \/><br \/>\n<\/strong><\/strong>Experiencia en la cobertura deportiva por m\u00e1s de 25 a\u00f1os, editor de\u00a0<a href=\"http:\/\/www.ikkosports.com.mx\/\"style=\"font-weight: inherit; font-style: inherit; color: #0066cc;\"  target=\"_blank\" rel=\"noopener noreferrer\" target=\"_blank\">Ikkosports<\/a>\u00a0es actualmente coordinador de medios de la\u00a0<a href=\"http:\/\/www.fmas.com.mx\/\"style=\"font-weight: inherit; font-style: inherit; color: #0066cc;\"  target=\"_blank\" rel=\"noopener noreferrer\" target=\"_blank\">Federaci\u00f3n Mexicana de Actividades Subacu\u00e1ticas<\/a>\u00a0encargado de la difusi\u00f3n de las actividades de este organismo en el \u00e1mbito nacional e internacional en prensa escrita, radio televisi\u00f3n y medios electr\u00f3nicos.<\/p>\n","protected":false},"excerpt":{"rendered":"<p>(Especial Sportalsub.net \/ Ikkosports) Atletas, entrenadores, dirigentes y personalidades conversaron con Ikkosports antes del inicio de las competencias del 5to Campeonato Panamericano de Apnea y Nado con Aletas y\u00a02do Festival Internacional Infantil de Nataci\u00f3n con Aletas a celebrarse del 1 al 11 de septiembre de 2014 en\u00a0M\u00e9xico. Aqu\u00ed puedes ver algunas de las entrevistas y videos Mauricio Fern\u00e1ndez &#8211; Nataci\u00f3n [&#8230;]<\/p>\n","protected":false},"author":1,"featured_media":18468,"comment_status":"open","ping_status":"closed","sticky":false,"template":"","format":"standard","meta":{"_lmt_disableupdate":"","_lmt_disable":"","jetpack_post_was_ever_published":false,"_jetpack_newsletter_access":"","_jetpack_dont_email_post_to_subs":false,"_jetpack_newsletter_tier_id":0,"_jetpack_memberships_contains_paywalled_content":false,"_jetpack_memberships_contains_paid_content":false,"footnotes":"","jetpack_publicize_message":"Videos y entrevistas previas al Campeonato Panamericano de Apnea y Nado con Aletas M\u00e9xico 2014 #sersubacuatico","jetpack_publicize_feature_enabled":true,"jetpack_social_post_already_shared":true,"jetpack_social_options":{"image_generator_settings":{"template":"highway","default_image_id":0,"font":"","enabled":false},"version":2}},"categories":[9,3,153,10,322,98,12,313,8],"tags":[],"class_list":["post-18466","post","type-post","status-publish","format-standard","has-post-thumbnail","hentry","category-apnea","category-colombia","category-entrevistas","category-espana","category-festival-infantil-mexico-2014","category-mexico","category-natacion-con-aletas","category-panamericano-subacuaticas-2014","category-venezuela"],"modified_by":"Sportalsub.net","views":3568,"jetpack_publicize_connections":[],"jetpack_featured_media_url":"https:\/\/www.sportalsub.net\/blog\/wp-content\/uploads\/2014\/09\/entrevistas.jpg","jetpack_sharing_enabled":true,"jetpack_shortlink":"https:\/\/wp.me\/pf9lN-4NQ","jetpack_likes_enabled":false,"jetpack-related-posts":[{"id":18509,"url":"https:\/\/www.sportalsub.net\/blog\/videos-campeonato-festival-nadosub-mexico-2014","url_meta":{"origin":18466,"position":0},"title":"\ud83c\uddf2\ud83c\uddfd Videos y entrevistas Campeonato Panamericano y Festival Internacional Infantil Nado con Aletas M\u00e9xico 2014","author":"Sportalsub.net","date":"5 septiembre 2014","format":false,"excerpt":"(Especial Sportalsub.net \/ Ikkosports) Atletas, entrenadores, dirigentes y personalidades conversaron con Ikkosports durante las competencias de piscina del 5to Campeonato Panamericano de Apnea y Nado con Aletas y\u00a02do Festival Internacional Infantil de Nataci\u00f3n con Aletas M\u00e9xico 2014. Aqu\u00ed puedes ver algunas de las entrevistas y videos Los ganadores de 100\u2026","rel":"","context":"En \u00abColombia\u00bb","block_context":{"text":"Colombia","link":"https:\/\/www.sportalsub.net\/blog\/category\/paises\/america\/colombia\/"},"img":{"alt_text":"entrevistas","src":"https:\/\/i0.wp.com\/www.sportalsub.net\/blog\/wp-content\/uploads\/2014\/09\/entrevistas1.jpg?resize=350%2C200","width":350,"height":200},"classes":[]},{"id":16779,"url":"https:\/\/www.sportalsub.net\/blog\/campeonato-panamericano-de-apnea-y-natacion-con-aletas-mexico-2014","url_meta":{"origin":18466,"position":1},"title":"\ud83c\uddf2\ud83c\uddfd Campeonatos Panamericanos de Apnea, Nataci\u00f3n con Aletas y Festival Infantil CMAS Am\u00e9rica M\u00e9xico 2014","author":"Sportalsub.net","date":"1 septiembre 2014","format":false,"excerpt":"(Especial Sportalsub.net \/ CMAS Am\u00e9rica \/ FMAS) LA FEDERACI\u00d3N MEXICANA DE ACTIVIDADES SUBACU\u00c1TICAS Y LA CONFEDERACI\u00d3N MUNDIAL DE ACTIVIDADES SUBACU\u00c1TICAS CMAS ZONA AM\u00c9RICA presentan el\u00a0V CAMPEONATO PANAMERICANO DE NADO CON ALETAS Y APNEA y 2\u00ba FESTIVAL INTERNACIONAL INFANTIL DE NADO CON ALETAS\u00a0Del 1\u00ba al 11 de Septiembre, 2014 en M\u00e9xico.\u2026","rel":"","context":"En \u00abApnea\u00bb","block_context":{"text":"Apnea","link":"https:\/\/www.sportalsub.net\/blog\/category\/modalidades\/apnea\/"},"img":{"alt_text":"","src":"https:\/\/i0.wp.com\/www.sportalsub.net\/blog\/wp-content\/uploads\/2013\/11\/panamericano-mexico2014.jpg?resize=350%2C200&ssl=1","width":350,"height":200,"srcset":"https:\/\/i0.wp.com\/www.sportalsub.net\/blog\/wp-content\/uploads\/2013\/11\/panamericano-mexico2014.jpg?resize=350%2C200&ssl=1 1x, https:\/\/i0.wp.com\/www.sportalsub.net\/blog\/wp-content\/uploads\/2013\/11\/panamericano-mexico2014.jpg?resize=525%2C300&ssl=1 1.5x"},"classes":[]},{"id":18584,"url":"https:\/\/www.sportalsub.net\/blog\/resultados-oficiales-nado-aletas-mexico-2014","url_meta":{"origin":18466,"position":2},"title":"\ud83c\uddf2\ud83c\uddfd Resultados Oficiales V Campeonato Panamericano y II Festival Internacional Infantil de Nado con Aletas M\u00e9xico 2014","author":"Sportalsub.net","date":"19 septiembre 2014","format":false,"excerpt":"(Especial Sportalsub.net \/ CMAS Zona Am\u00e9rica) Resultados Oficiales del V Campeonato Panamericano de Nado con Aletas y Velocidad Subacu\u00e1tica que se llev\u00f3 a cabo del 31 de agosto al 6 de Septiembre de 2014 en las instalaciones del Comit\u00e9 Ol\u00edmpico Mexicano en la Ciudad de Mexico DF y de los\u2026","rel":"","context":"En \u00abColombia\u00bb","block_context":{"text":"Colombia","link":"https:\/\/www.sportalsub.net\/blog\/category\/paises\/america\/colombia\/"},"img":{"alt_text":"","src":"https:\/\/i0.wp.com\/www.sportalsub.net\/blog\/wp-content\/uploads\/2014\/09\/resultados-panamericano-aletas.jpg?resize=350%2C200&ssl=1","width":350,"height":200,"srcset":"https:\/\/i0.wp.com\/www.sportalsub.net\/blog\/wp-content\/uploads\/2014\/09\/resultados-panamericano-aletas.jpg?resize=350%2C200&ssl=1 1x, https:\/\/i0.wp.com\/www.sportalsub.net\/blog\/wp-content\/uploads\/2014\/09\/resultados-panamericano-aletas.jpg?resize=525%2C300&ssl=1 1.5x, https:\/\/i0.wp.com\/www.sportalsub.net\/blog\/wp-content\/uploads\/2014\/09\/resultados-panamericano-aletas.jpg?resize=700%2C400&ssl=1 2x"},"classes":[]},{"id":18461,"url":"https:\/\/www.sportalsub.net\/blog\/inaugurado-panamericano-nado-con-aletas-mexico-2014","url_meta":{"origin":18466,"position":3},"title":"\ud83c\uddf2\ud83c\uddfd Inaugurado el V Campeonato Panamericano de Nado con Aletas CMAS Zona Am\u00e9rica en M\u00e9xico","author":"Sportalsub.net","date":"1 septiembre 2014","format":false,"excerpt":"(Especial Sportalsub.net \/ CMAS Zona Am\u00e9rica \/ FMAS) Ciudad de M\u00e9xico. A 01 de septiembre de 2014.- Xavier Dur\u00e1n Soler, vicepresidente de la Confederaci\u00f3n Mundial de Actividades Subacu\u00e1ticas (CMAS) presidi\u00f3 la ceremonia de apertura del V Campeonato Panamericano de Nado con Aletas y II Festival Infantil en la piscina del\u2026","rel":"","context":"En \u00abBrasil\u00bb","block_context":{"text":"Brasil","link":"https:\/\/www.sportalsub.net\/blog\/category\/paises\/america\/brasil\/"},"img":{"alt_text":"","src":"https:\/\/i0.wp.com\/www.sportalsub.net\/blog\/wp-content\/uploads\/2014\/09\/Fmas-inaugura-2.jpg?resize=350%2C200&ssl=1","width":350,"height":200,"srcset":"https:\/\/i0.wp.com\/www.sportalsub.net\/blog\/wp-content\/uploads\/2014\/09\/Fmas-inaugura-2.jpg?resize=350%2C200&ssl=1 1x, https:\/\/i0.wp.com\/www.sportalsub.net\/blog\/wp-content\/uploads\/2014\/09\/Fmas-inaugura-2.jpg?resize=525%2C300&ssl=1 1.5x, https:\/\/i0.wp.com\/www.sportalsub.net\/blog\/wp-content\/uploads\/2014\/09\/Fmas-inaugura-2.jpg?resize=700%2C400&ssl=1 2x, https:\/\/i0.wp.com\/www.sportalsub.net\/blog\/wp-content\/uploads\/2014\/09\/Fmas-inaugura-2.jpg?resize=1050%2C600&ssl=1 3x"},"classes":[]},{"id":18519,"url":"https:\/\/www.sportalsub.net\/blog\/resumen-panamericano-aletas-mexico-2014","url_meta":{"origin":18466,"position":4},"title":"\ud83c\udde8\ud83c\uddf4 Colombia conquista el Panamericano de Nado con Aletas; M\u00e9xico segundo y Estados Unidos tercero","author":"Sportalsub.net","date":"6 septiembre 2014","format":false,"excerpt":"(Especial Sportalsub.net \/ FMAS \/ CMAS Am\u00e9rica \/ Ikkosports) Ciudad de M\u00e9xico. A 06 de septiembre de 2014.- La delegaci\u00f3n de Colombia consigui\u00f3 el primer lugar general del V Campeonato Panamericano de Nado con Aletas mientras que M\u00e9xico se ubic\u00f3 en el segundo sitio al terminar la primera etapa en\u2026","rel":"","context":"En \u00abColombia\u00bb","block_context":{"text":"Colombia","link":"https:\/\/www.sportalsub.net\/blog\/category\/paises\/america\/colombia\/"},"img":{"alt_text":"","src":"https:\/\/i0.wp.com\/www.sportalsub.net\/blog\/wp-content\/uploads\/2014\/09\/nado-aletas.jpg?resize=350%2C200&ssl=1","width":350,"height":200,"srcset":"https:\/\/i0.wp.com\/www.sportalsub.net\/blog\/wp-content\/uploads\/2014\/09\/nado-aletas.jpg?resize=350%2C200&ssl=1 1x, https:\/\/i0.wp.com\/www.sportalsub.net\/blog\/wp-content\/uploads\/2014\/09\/nado-aletas.jpg?resize=525%2C300&ssl=1 1.5x"},"classes":[]},{"id":18338,"url":"https:\/\/www.sportalsub.net\/blog\/8-paises-panamericano-apnea-nado-con-aletas-mexico-2014","url_meta":{"origin":18466,"position":5},"title":"\ud83c\uddf2\ud83c\uddfd Delegaciones de 8 pa\u00edses asistir\u00e1n al Panamericano de Nado con Aletas y Apnea en M\u00e9xico","author":"Sportalsub.net","date":"18 agosto 2014","format":false,"excerpt":"(Especial Sportalsub.net \/ FMAS \/ IKKOSPORTS) Participar\u00e1n selecciones de 8 pa\u00edses en el 5\u00ba. Campeonato Panamericano de Nado con Aletas y Apnea y 2\u00ba. Festival Infantil de Nado con Aletas del 1 al 6 de septiembre con sedes el CDOM del Comit\u00e9 Ol\u00edmpico Mexicano y Chiapas. Rogelio Flores Aguilera, presidente\u2026","rel":"","context":"En \u00abApnea\u00bb","block_context":{"text":"Apnea","link":"https:\/\/www.sportalsub.net\/blog\/category\/modalidades\/apnea\/"},"img":{"alt_text":"","src":"https:\/\/i0.wp.com\/www.sportalsub.net\/blog\/wp-content\/uploads\/2014\/08\/FMAS-COM.jpg?resize=350%2C200&ssl=1","width":350,"height":200,"srcset":"https:\/\/i0.wp.com\/www.sportalsub.net\/blog\/wp-content\/uploads\/2014\/08\/FMAS-COM.jpg?resize=350%2C200&ssl=1 1x, https:\/\/i0.wp.com\/www.sportalsub.net\/blog\/wp-content\/uploads\/2014\/08\/FMAS-COM.jpg?resize=525%2C300&ssl=1 1.5x"},"classes":[]}],"_links":{"self":[{"href":"https:\/\/www.sportalsub.net\/blog\/wp-json\/wp\/v2\/posts\/18466","targetHints":{"allow":["GET"]}}],"collection":[{"href":"https:\/\/www.sportalsub.net\/blog\/wp-json\/wp\/v2\/posts"}],"about":[{"href":"https:\/\/www.sportalsub.net\/blog\/wp-json\/wp\/v2\/types\/post"}],"author":[{"embeddable":true,"href":"https:\/\/www.sportalsub.net\/blog\/wp-json\/wp\/v2\/users\/1"}],"replies":[{"embeddable":true,"href":"https:\/\/www.sportalsub.net\/blog\/wp-json\/wp\/v2\/comments?post=18466"}],"version-history":[{"count":0,"href":"https:\/\/www.sportalsub.net\/blog\/wp-json\/wp\/v2\/posts\/18466\/revisions"}],"wp:featuredmedia":[{"embeddable":true,"href":"https:\/\/www.sportalsub.net\/blog\/wp-json\/wp\/v2\/media\/18468"}],"wp:attachment":[{"href":"https:\/\/www.sportalsub.net\/blog\/wp-json\/wp\/v2\/media?parent=18466"}],"wp:term":[{"taxonomy":"category","embeddable":true,"href":"https:\/\/www.sportalsub.net\/blog\/wp-json\/wp\/v2\/categories?post=18466"},{"taxonomy":"post_tag","embeddable":true,"href":"https:\/\/www.sportalsub.net\/blog\/wp-json\/wp\/v2\/tags?post=18466"}],"curies":[{"name":"wp","href":"https:\/\/api.w.org\/{rel}","templated":true}]}}