{"id":1848,"date":"2009-04-06T12:13:12","date_gmt":"2009-04-06T16:43:12","guid":{"rendered":"http:\/\/www.sportalsub.net\/blog\/?p=1848"},"modified":"2019-09-01T02:51:38","modified_gmt":"2019-09-01T06:51:38","slug":"vertical-blue-2009-dias-5-y-6-2-nuevos-records-mundiales-para-herbert-nitsch","status":"publish","type":"post","link":"https:\/\/www.sportalsub.net\/blog\/vertical-blue-2009-dias-5-y-6-2-nuevos-records-mundiales-para-herbert-nitsch\/","title":{"rendered":"\ud83c\udde7\ud83c\uddf8 Vertical Blue 2009 &#8211; D\u00edas 4 y 5: 2 Nuevos R\u00e9cords Mundiales para Herbert Nitsch"},"content":{"rendered":"<p style=\"text-align: center;\"><a href=\"http:\/\/www.sportalsub.net\/blog\/wp-content\/uploads\/2009\/04\/Frederic_Buyle_26.jpg\" target=\"_blank\"><img loading=\"lazy\" decoding=\"async\" class=\"alignnone size-full wp-image-8032\" src=\"http:\/\/www.sportalsub.net\/blog\/wp-content\/uploads\/2009\/04\/Frederic_Buyle_26.jpg\" alt=\"Frederic_Buyle_26\" width=\"500\" height=\"333\" srcset=\"https:\/\/www.sportalsub.net\/blog\/wp-content\/uploads\/2009\/04\/Frederic_Buyle_26.jpg 500w, https:\/\/www.sportalsub.net\/blog\/wp-content\/uploads\/2009\/04\/Frederic_Buyle_26-300x200.jpg 300w, https:\/\/www.sportalsub.net\/blog\/wp-content\/uploads\/2009\/04\/Frederic_Buyle_26-177x118.jpg 177w\" sizes=\"auto, (max-width: 500px) 100vw, 500px\" \/><\/a><br \/>\n<a href=\"http:\/\/www.sportalsub.net\/blog\/2009\/04\/06\/vertical-blue-2009-dias-5-y-6-2-nuevos-records-mundiales-para-herbert-nitsch\/\"><img loading=\"lazy\" decoding=\"async\" class=\"alignnone\" style=\"border: 0px;\" src=\"http:\/\/www.verticalblue.net\/images\/freediving\/vertical_blue\/Frederic_Buyle_30\" alt=\"\" width=\"500\" height=\"333\" \/><\/a><br \/>\nBlue Hole de Bahamas. Foto: Fred Buyle @ Verticalblue<\/p>\n<p style=\"text-align: justify;\">2 nuevos r\u00e9cords mundiales en las jornadas\u00a04 (4 de abril) y\u00a05 (6 de abril) del Vertical Blue 2009, evento que se desarrolla en Bahamas, desde el 1 de abril al 9 de abril 2009. En esta ocasi\u00f3n, el apneista austr\u00edaco Herbert Nitsch implanta 2 nuevos r\u00e9cords mundiales de apnea AIDA, en las modalidades de Peso Constante ( 114 metros) e Inmersi\u00f3n Libre (109 metros)<\/p>\n<p style=\"text-align: justify;\"><!--more--><\/p>\n<p style=\"text-align: justify;\">Resultados completos D\u00eda 4<\/p>\n<p style=\"text-align: justify;\"><img loading=\"lazy\" decoding=\"async\" class=\"alignnone\" src=\"http:\/\/www.verticalblue.net\/images\/freediving\/vertical_blue\/0504_results\" alt=\"\" width=\"500\" height=\"356\" \/><\/p>\n<p style=\"text-align: justify;\">Resultados completos D\u00eda 5<\/p>\n<p style=\"text-align: justify;\"><img loading=\"lazy\" decoding=\"async\" class=\"alignnone\" src=\"http:\/\/www.verticalblue.net\/images\/freediving\/vertical_blue\/0604_results\" alt=\"\" width=\"500\" height=\"276\" \/><\/p>\n<p style=\"text-align: justify;\">El evento se realiza en el Blue Hole de las Islas Bahamas y se realizar\u00e1 hasta el pr\u00f3ximo jueves 9 de abril.<\/p>\n<p style=\"text-align: justify;\">M\u00e1s Informaci\u00f3n en el sitio oficial: <a href=\"http:\/\/www.verticalblue.net\/news\/\" target=\"_blank\" rel=\"noopener noreferrer\" target=\"_blank\"><span style=\"color: #006699;\">http:\/\/www.verticalblue.net\/news\/<\/span><\/a><\/p>\n","protected":false},"excerpt":{"rendered":"<p>Blue Hole de Bahamas. Foto: Fred Buyle @ Verticalblue 2 nuevos r\u00e9cords mundiales en las jornadas\u00a04 (4 de abril) y\u00a05 (6 de abril) del Vertical Blue 2009, evento que se desarrolla en Bahamas, desde el 1 de abril al 9 de abril 2009. En esta ocasi\u00f3n, el apneista austr\u00edaco Herbert Nitsch implanta 2 nuevos r\u00e9cords mundiales de apnea AIDA, en [&#8230;]<\/p>\n","protected":false},"author":1,"featured_media":8032,"comment_status":"open","ping_status":"closed","sticky":false,"template":"","format":"standard","meta":{"_lmt_disableupdate":"","_lmt_disable":"","jetpack_post_was_ever_published":false,"_jetpack_newsletter_access":"","_jetpack_dont_email_post_to_subs":false,"_jetpack_newsletter_tier_id":0,"_jetpack_memberships_contains_paywalled_content":false,"_jetpack_memberships_contains_paid_content":false,"footnotes":"","jetpack_publicize_message":"","jetpack_publicize_feature_enabled":true,"jetpack_social_post_already_shared":false,"jetpack_social_options":{"image_generator_settings":{"template":"highway","default_image_id":0,"font":"","enabled":false},"version":2}},"categories":[9,302,50,120,123],"tags":[],"class_list":["post-1848","post","type-post","status-publish","format-standard","has-post-thumbnail","hentry","category-apnea","category-bahamas","category-records","category-resultados","category-vertical-blue-2009"],"modified_by":"Sportalsub.net","views":2775,"jetpack_publicize_connections":[],"jetpack_featured_media_url":"https:\/\/www.sportalsub.net\/blog\/wp-content\/uploads\/2009\/04\/Frederic_Buyle_26.jpg","jetpack_sharing_enabled":true,"jetpack_shortlink":"https:\/\/wp.me\/pf9lN-tO","jetpack_likes_enabled":false,"jetpack-related-posts":[{"id":4686,"url":"https:\/\/www.sportalsub.net\/blog\/nuevo-record-mundial-de-apnea-aida-para-herbert-nitsch-en-vertical-blue-2010\/","url_meta":{"origin":1848,"position":0},"title":"\ud83c\udde6\ud83c\uddf9 Nuevo R\u00e9cord Mundial de Apnea AIDA para Herbert Nitsch en Vertical Blue 2010","author":"Sportalsub.net","date":"25 abril 2010","format":false,"excerpt":"Foto: Herbert Nitsch @ DeeDeeFlores \u2013 Vertical Blue 2010 (Especial Sportalsub.net) Un nuevo r\u00e9cord mundial en la modalidad de apnea en inmersi\u00f3n libre ha logrado este domingo 25 de abril el austr\u00edaco Herbert Nitsch, en el marco de la competencia Vertical Blue 2010 que se realiza en las Islas Bahamas.\u2026","rel":"","context":"En \u00abAIDA\u00bb","block_context":{"text":"AIDA","link":"https:\/\/www.sportalsub.net\/blog\/category\/mas\/organizaciones\/aida\/"},"img":{"alt_text":"","src":"https:\/\/i0.wp.com\/www.sportalsub.net\/blog\/wp-content\/uploads\/2010\/04\/recordnitschvb2010.jpg?resize=350%2C200","width":350,"height":200},"classes":[]},{"id":1912,"url":"https:\/\/www.sportalsub.net\/blog\/vertical-blue-2009-dias-8-y-9-2-nuevos-records-mundiales\/","url_meta":{"origin":1848,"position":1},"title":"\ud83c\udde7\ud83c\uddf8 Vertical Blue 2009 &#8211; D\u00edas 8 y 9: 2 Nuevos R\u00e9cords Mundiales","author":"Sportalsub.net","date":"13 abril 2009","format":false,"excerpt":"William Trubridge, R\u00e9cord Mundial Peso Constante sin Aletas Foto: Fred Buyle @ VerticalBlue Con 2 nuevos r\u00e9cords mundiales, culmin\u00f3 el evento Vertical Blue 2009, en cuyas jornadas finales, d\u00eda\u00a08 (viernes 10 de abril) y d\u00eda 9 (s\u00e1bado 11 de abril), se registraron las nuevas marcas mundiales para William Trubridge en\u2026","rel":"","context":"En \u00abApnea\u00bb","block_context":{"text":"Apnea","link":"https:\/\/www.sportalsub.net\/blog\/category\/modalidades\/apnea\/"},"img":{"alt_text":"","src":"https:\/\/i0.wp.com\/www.sportalsub.net\/blog\/wp-content\/uploads\/2009\/04\/William_Trubridge_88m.jpg?resize=350%2C200&ssl=1","width":350,"height":200},"classes":[]},{"id":4676,"url":"https:\/\/www.sportalsub.net\/blog\/nitsch-y-trubridge-implantan-nuevas-marcas-mundiales-de-apnea-en-el-dia-5-del-vertical-blue-2010\/","url_meta":{"origin":1848,"position":2},"title":"\ud83c\udde7\ud83c\uddf8 Nitsch y Trubridge implantan nuevas marcas mundiales de apnea en el d\u00eda 5 del Vertical Blue 2010","author":"Sportalsub.net","date":"23 abril 2010","format":false,"excerpt":"Foto: William Trubridge @ DeeDeeFlores \u2013 Vertical Blue 2010 Especial Sportalsub.net 2 Nuevos R\u00e9cords Mundiales de Apnea AIDA en Competencia Vertical Blue 2010 Islas Bahamas. Herbert Nitsch (Austria) 124 metros en Peso Constante y William Trubridge (Nueva Zelanda) 116 metros Inmersi\u00f3n Libre. Resultados Competos D\u00eda 5 - Jueves 22 de\u2026","rel":"","context":"En \u00abAIDA\u00bb","block_context":{"text":"AIDA","link":"https:\/\/www.sportalsub.net\/blog\/category\/mas\/organizaciones\/aida\/"},"img":{"alt_text":"","src":"https:\/\/i0.wp.com\/www.sportalsub.net\/blog\/wp-content\/uploads\/2010\/04\/trubridgevertical.jpg?resize=350%2C200&ssl=1","width":350,"height":200},"classes":[]},{"id":4596,"url":"https:\/\/www.sportalsub.net\/blog\/inicia-vertical-blue-2010-con-anuncio-de-records-mundiales-de-apnea\/","url_meta":{"origin":1848,"position":3},"title":"\ud83c\udde7\ud83c\uddf8 Inicia Vertical Blue 2010 con anuncio de Records Mundiales de Apnea","author":"Sportalsub.net","date":"16 abril 2010","format":false,"excerpt":"Foto: Vertical Blue 2009 Este s\u00e1bado 17 de abril comienza la competencia internacional de apnea Vertical Blue 2010 a realizarse en las Islas Bahamas. En la primera jornada el japon\u00e9s Ryuzo Shinomiya y el austriaco Herbert Nitsch anunciaron intentos de r\u00e9cords mundiales en la modalidad de inmersi\u00f3n libre con marcas\u2026","rel":"","context":"En \u00abApnea\u00bb","block_context":{"text":"Apnea","link":"https:\/\/www.sportalsub.net\/blog\/category\/modalidades\/apnea\/"},"img":{"alt_text":"","src":"https:\/\/i0.wp.com\/www.sportalsub.net\/blog\/wp-content\/uploads\/2010\/04\/iniciavertical.jpg?resize=350%2C200&ssl=1","width":350,"height":200},"classes":[]},{"id":4617,"url":"https:\/\/www.sportalsub.net\/blog\/2-nuevos-records-mundiales-de-apnea-aida-en-primeras-jornadas-del-vertical-blue-2010\/","url_meta":{"origin":1848,"position":4},"title":"\ud83c\udde7\ud83c\uddf8 2 Nuevos R\u00e9cords Mundiales de Apnea AIDA en primeras jornadas del Vertical Blue 2010","author":"Sportalsub.net","date":"20 abril 2010","format":false,"excerpt":"Foto: Herbert Nitsch en Imersi\u00f3n Libre @ DeeDeeFlores - Vertical Blue 2010 (Especial Sportalsub.net) 114 metros de profundidad en la modalidad de inmersi\u00f3n libre y 92 metros en peso constante sin aletas, son los nuevos r\u00e9cords mundiales AIDA, impuestos por el apneista austr\u00edaco Herbert Nitsch y el neozeland\u00e9s William Trubridge,\u2026","rel":"","context":"En \u00abAIDA\u00bb","block_context":{"text":"AIDA","link":"https:\/\/www.sportalsub.net\/blog\/category\/mas\/organizaciones\/aida\/"},"img":{"alt_text":"","src":"https:\/\/i0.wp.com\/www.sportalsub.net\/blog\/wp-content\/uploads\/2010\/04\/2nuevosrecords.jpg?resize=350%2C200&ssl=1","width":350,"height":200},"classes":[]},{"id":1822,"url":"https:\/\/www.sportalsub.net\/blog\/vertical-blue-2009-dia-1\/","url_meta":{"origin":1848,"position":5},"title":"\ud83c\udde7\ud83c\uddf8 Vertical Blue 2009 &#8211; D\u00eda 1","author":"Sportalsub.net","date":"1 abril 2009","format":false,"excerpt":"Davide Carrera (Italia) celebra su nuevo r\u00e9cord nacional en peso constante Foto: Fred Buyle @ VerticalBlue Este mi\u00e9rcoles 1ro de Abril comenz\u00f3 el Vertical Blue 2009, competencia internacional de apnea, en la cual se estar\u00e1n realizando diversos intentos de r\u00e9cords nacionales y mundiales avalados por la Asociaci\u00f3n Internacional de Apnea\u2026","rel":"","context":"En \u00abApnea\u00bb","block_context":{"text":"Apnea","link":"https:\/\/www.sportalsub.net\/blog\/category\/modalidades\/apnea\/"},"img":{"alt_text":"","src":"https:\/\/i0.wp.com\/www.sportalsub.net\/blog\/wp-content\/uploads\/2009\/04\/Frederic_Buyle_2.jpg?resize=350%2C200&ssl=1","width":350,"height":200},"classes":[]}],"_links":{"self":[{"href":"https:\/\/www.sportalsub.net\/blog\/wp-json\/wp\/v2\/posts\/1848","targetHints":{"allow":["GET"]}}],"collection":[{"href":"https:\/\/www.sportalsub.net\/blog\/wp-json\/wp\/v2\/posts"}],"about":[{"href":"https:\/\/www.sportalsub.net\/blog\/wp-json\/wp\/v2\/types\/post"}],"author":[{"embeddable":true,"href":"https:\/\/www.sportalsub.net\/blog\/wp-json\/wp\/v2\/users\/1"}],"replies":[{"embeddable":true,"href":"https:\/\/www.sportalsub.net\/blog\/wp-json\/wp\/v2\/comments?post=1848"}],"version-history":[{"count":0,"href":"https:\/\/www.sportalsub.net\/blog\/wp-json\/wp\/v2\/posts\/1848\/revisions"}],"wp:featuredmedia":[{"embeddable":true,"href":"https:\/\/www.sportalsub.net\/blog\/wp-json\/wp\/v2\/media\/8032"}],"wp:attachment":[{"href":"https:\/\/www.sportalsub.net\/blog\/wp-json\/wp\/v2\/media?parent=1848"}],"wp:term":[{"taxonomy":"category","embeddable":true,"href":"https:\/\/www.sportalsub.net\/blog\/wp-json\/wp\/v2\/categories?post=1848"},{"taxonomy":"post_tag","embeddable":true,"href":"https:\/\/www.sportalsub.net\/blog\/wp-json\/wp\/v2\/tags?post=1848"}],"curies":[{"name":"wp","href":"https:\/\/api.w.org\/{rel}","templated":true}]}}