{"id":18482,"date":"2014-09-03T21:09:51","date_gmt":"2014-09-04T01:39:51","guid":{"rendered":"http:\/\/www.sportalsub.net\/blog\/?p=18482"},"modified":"2019-09-01T09:35:29","modified_gmt":"2019-09-01T13:35:29","slug":"colombia-aventaja-en-1ra-jornada-del-v-campeonato-panamericano-de-nado-con-aletas-mexico-2014","status":"publish","type":"post","link":"https:\/\/www.sportalsub.net\/blog\/1ra-jornada-panamericano-mexico-2014","title":{"rendered":"\ud83c\udde8\ud83c\uddf4 Colombia aventaja en 1ra jornada del V Campeonato Panamericano de Nado con Aletas M\u00e9xico 2014"},"content":{"rendered":"<p><a href=\"http:\/\/www.sportalsub.net\/blog\/wp-content\/uploads\/2014\/09\/premiacion-dia1.jpg\" target=\"_blank\"><img loading=\"lazy\" decoding=\"async\" class=\"alignnone wp-image-18483\" src=\"http:\/\/www.sportalsub.net\/blog\/wp-content\/uploads\/2014\/09\/premiacion-dia1.jpg\" alt=\"premiacion-dia1\" width=\"600\" height=\"400\" srcset=\"https:\/\/www.sportalsub.net\/blog\/wp-content\/uploads\/2014\/09\/premiacion-dia1.jpg 960w, https:\/\/www.sportalsub.net\/blog\/wp-content\/uploads\/2014\/09\/premiacion-dia1-768x512.jpg 768w, https:\/\/www.sportalsub.net\/blog\/wp-content\/uploads\/2014\/09\/premiacion-dia1-300x200.jpg 300w, https:\/\/www.sportalsub.net\/blog\/wp-content\/uploads\/2014\/09\/premiacion-dia1-177x118.jpg 177w\" sizes=\"auto, (max-width: 600px) 100vw, 600px\" \/><\/a><\/p>\n<p>(Especial Sportalsub.net \/ FMAS \/ CMAS Am\u00e9rica \/ Ikkosports)<\/p>\n<p>Ciudad de M\u00e9xico. A 3 de septiembre de 2014.- El poderoso equipo de Colombia, teniendo como mejor competidor al mundialista Mauricio Fern\u00e1ndez, sali\u00f3 adelante\u00a0en el primer d\u00eda de competencias (martes 2 de septiembre) del V Campeonato Panamericano de Nado con Aletas y Apnea y Festival Infantil y Clubes, teniendo a la selecci\u00f3n de M\u00e9xico en el segundo puesto en la piscina del Centro Deportivo Ol\u00edmpico Mexicano.<\/p>\n<p>Al frente de la organizaci\u00f3n de la justa est\u00e1 CMAS Am\u00e9rica, con su presidente Rogelio Flores Aguilera, y la supervisi\u00f3n del vicepresidente de CMAS, el espa\u00f1ol Xavier Dur\u00e1n. Las pruebas de Apnea se llevar\u00e1n a cabo en Chiapas a partir del 5 de septiembre de 2014.<\/p>\n<p><strong>100 superficie femenino<\/strong><br \/>\nCon margen de tiempo y distancia sobre el resto de las nadadores en la prueba de 100 metros superficie, la colombiana Catalina Mu\u00f1oz se hizo de la medalla de oro registrando un crono de 45.97 segundos, cuando la norteamericana Julia G\u00f3mez logr\u00f3 la presea argenta con tiempo de 50.23 segundos y subi\u00f3 al podio la mexicana Ang\u00e9lica Landa Becerril para colgarse al cuello la de bronce realizando un tiempo de 51.40 segundos.<\/p>\n<p><strong>100 bialetas\u00a0femenino<\/strong><br \/>\nEn la segunda prueba el poder de las colombianas se hizo presente en la prueba de 100 metros bialeta por conducto de Paola Moreno, quien toc\u00f3 en un tiempo de 55.64 segundos, al tanto que M\u00e9xico hace el 2-3 a trav\u00e9s de Valeria Valtierra Galv\u00e1n (57.73) y Karen Ortiz G\u00f3mez (58.24).<\/p>\n<p><strong>100 superficie\u00a0masculino<\/strong><br \/>\nCon t\u00e9cnica y trabajo previo al Campeonato, poca adaptaci\u00f3n todav\u00eda a la altura de la Ciudad de M\u00e9xico, Colombia matiz\u00f3 la llegada consecutiva, 1-2, en la competencia varonil de 100 metros superficie ante el mando del campe\u00f3n mundial Mauricio Fern\u00e1ndez (37.13) y su coterr\u00e1neo Juan Camilo Rodr\u00edguez (37.41) y col\u00e1ndose en la tercer posici\u00f3n el capitalino Daniel Vizacaino Rico (39.54) y su hermano Enrique Vizacino Rico (43.36) lleg\u00f3 en el cuarto lugar.<\/p>\n<p><strong>100 bialetas masculino<\/strong><br \/>\nLos tritones colombianos tampoco dejaron ir la medalla dorada en 100 metros bialeta con Rafael Fern\u00e1ndez (47.09) escoltado en el podio por los mexicanos Hern\u00e1ndez Covarrubias (49.24) y Francisco Meza (49.70), medallistas de plata y bronce, respectivamente. Cuarto lugar para el nacional Eduardo Ramos Romero (52.32).<\/p>\n<p><strong>1500 superficie femenino<\/strong><br \/>\nAs\u00ed corr\u00edan las acciones en favor de los colombianos hasta que la mexicana Miranda Portocarrero Meza, viniendo de atr\u00e1s, realiz\u00f3 un gran esfuerzo en la cuarta parte de los 1,500 metros superficie y lleg\u00f3 en primer lugar marcando un ritmo de 15:42.90 minutos para imponerse a la colombiana Wendy Mu\u00f1oz (15:58.88), medalla de plata, y la estadounidense Julia G\u00f3mez (18:46.01), atrasada para el bronce.<\/p>\n<p><strong>1500 superficie\u00a0masculino<\/strong><br \/>\nM\u00e9xico hizo el 1-2 en la prueba de 1,500 metros superficie en la hegemon\u00eda del Salvador Badillo (14:12.93) y Jeffrey Salgado N\u00e1jera (15:33.59).<\/p>\n<p><strong>400 inmersi\u00f3n\u00a0femenino<\/strong><br \/>\nEn la prueba de 400 metros inmersi\u00f3n, que requiere del control de aire comprimido\u00a0en una botella, porque todo se hace bajo el agua, Colombia se adjudic\u00f3 el oro en la nadadora Lauren Mestre (4:33.28) y la medalla de plata para la mexicana Ang\u00e9lica Landa Becerril (4:45.98).<\/p>\n<p><strong>400 inmersi\u00f3n\u00a0masculino<\/strong><br \/>\nCuando se esperaba un triunfo m\u00e1s del colombiano Mauricio Fern\u00e1ndez en la prueba 400 metros inmersi\u00f3n, resulta que se qued\u00f3 sin aire en la botella y debi\u00f3 abanador a la mitad de la distancia pactada, luego entonces M\u00e9xico hizo el 1-2 con C\u00e9sar Rosales Mor\u00e1n (3:44.29 minutos) y Luis Figueroa Aguirre (4:51.72).<\/p>\n<p><strong>4&#215;200 superficie\u00a0femenino<\/strong><br \/>\nAl concluir el d\u00eda de competencia, el relevo colombiano de 800 metros superficie \u2013Catalina Mu\u00f1oz, Paola Moreno, Lauren Mestre y Wendy Mu\u00f1oz- se alz\u00f3 con la victoria en un registro de 7:29.79 y la plata para las mexicanas \u2013Ana Rosario Otero Valle, Paola Moreno, Myrna Monta\u00f1o Mart\u00ednez y Miranda Portocarrero- con marca de 7:49.45 minutos.<\/p>\n<p><img loading=\"lazy\" decoding=\"async\" src=\"https:\/\/fbcdn-sphotos-g-a.akamaihd.net\/hphotos-ak-xfa1\/v\/t1.0-9\/p480x480\/10609494_727273607349633_3387136150040611557_n.jpg?oh=d909423a545159d214534d540c2296d8&amp;oe=54633B0B&amp;__gda__=1417327321_9664f667c6b3b86334d15a96d27945f4\" alt=\"\" width=\"608\" height=\"405\" \/><\/p>\n<p style=\"color: #555555;\"><strong style=\"font-style: inherit; color: inherit;\"><img loading=\"lazy\" decoding=\"async\" style=\"font-weight: inherit; font-style: inherit; color: inherit;\" title=\"Alfredo Ponce\" src=\"https:\/\/ci3.googleusercontent.com\/proxy\/gDsdC4hTdQiea9NjdcZU9JrKGos_QH0OdWeHvzLUObXQO8VZiJSYunjpCWJNzfISSAxaym3RKyN-dEh3gxB2UPvgBONbLmatbSfX3qSOz6kypK30N7U7mUd1gIpRkR1-AbMQ=s0-d-e1-ft#http:\/\/www.sportalsub.net\/blog\/wp-content\/uploads\/2012\/05\/alfredo-150x150.jpg\" alt=\"\" width=\"80\" height=\"80\" \/><\/strong><\/p>\n<p style=\"color: #555555;\"><strong style=\"font-style: inherit; color: inherit;\">Alfredo Ponce Reyes (M\u00e9xico)\u00a0<strong style=\"font-style: inherit; color: inherit;\"><img loading=\"lazy\" decoding=\"async\" style=\"font-weight: inherit; font-style: inherit; color: inherit;\" src=\"https:\/\/ci3.googleusercontent.com\/proxy\/RM1i80LqkA1qtMeDRfu-weB2t5Oy95sTXgDFpfNDA_ZrIbqVv7ltA9EOuF3QViNXXtcg_rFPtC3iMansZh4=s0-d-e1-ft#http:\/\/es.fifa.com\/imgml\/flags\/s\/mex.gif\" alt=\"chi Eventos\" width=\"19\" height=\"13\" \/><br style=\"font-weight: inherit; font-style: inherit; color: inherit;\" \/><\/strong><\/strong>Experiencia en la cobertura deportiva por m\u00e1s de 25 a\u00f1os, editor de\u00a0<a href=\"http:\/\/www.ikkosports.com.mx\/\"style=\"color: #0066cc;\"  target=\"_blank\" rel=\"noopener noreferrer\" target=\"_blank\">Ikkosports<\/a>\u00a0es actualmente coordinador de medios de la\u00a0<a href=\"http:\/\/www.fmas.com.mx\/\"style=\"color: #0066cc;\"  target=\"_blank\" rel=\"noopener noreferrer\" target=\"_blank\">Federaci\u00f3n Mexicana de Actividades Subacu\u00e1ticas<\/a>\u00a0encargado de la difusi\u00f3n de las actividades de este organismo en el \u00e1mbito nacional e internacional en prensa escrita, radio televisi\u00f3n y medios electr\u00f3nicos.<\/p>\n","protected":false},"excerpt":{"rendered":"<p>(Especial Sportalsub.net \/ FMAS \/ CMAS Am\u00e9rica \/ Ikkosports) Ciudad de M\u00e9xico. A 3 de septiembre de 2014.- El poderoso equipo de Colombia, teniendo como mejor competidor al mundialista Mauricio Fern\u00e1ndez, sali\u00f3 adelante\u00a0en el primer d\u00eda de competencias (martes 2 de septiembre) del V Campeonato Panamericano de Nado con Aletas y Apnea y Festival Infantil y Clubes, teniendo a la [&#8230;]<\/p>\n","protected":false},"author":1,"featured_media":18483,"comment_status":"open","ping_status":"closed","sticky":false,"template":"","format":"standard","meta":{"_lmt_disableupdate":"","_lmt_disable":"","jetpack_post_was_ever_published":false,"_jetpack_newsletter_access":"","_jetpack_dont_email_post_to_subs":false,"_jetpack_newsletter_tier_id":0,"_jetpack_memberships_contains_paywalled_content":false,"_jetpack_memberships_contains_paid_content":false,"footnotes":"","jetpack_publicize_message":"Colombia aventaja en 1ra jornada del V Campeonato Panamericano de Nado con Aletas M\u00e9xico 2014 #sersubacuatico","jetpack_publicize_feature_enabled":true,"jetpack_social_post_already_shared":true,"jetpack_social_options":{"image_generator_settings":{"template":"highway","default_image_id":0,"font":"","enabled":false},"version":2}},"categories":[3,176,98,12,313,120],"tags":[],"class_list":["post-18482","post","type-post","status-publish","format-standard","has-post-thumbnail","hentry","category-colombia","category-estados-unidos","category-mexico","category-natacion-con-aletas","category-panamericano-subacuaticas-2014","category-resultados"],"modified_by":"Sportalsub.net","views":3903,"jetpack_publicize_connections":[],"jetpack_featured_media_url":"https:\/\/www.sportalsub.net\/blog\/wp-content\/uploads\/2014\/09\/premiacion-dia1.jpg","jetpack_sharing_enabled":true,"jetpack_shortlink":"https:\/\/wp.me\/pf9lN-4O6","jetpack_likes_enabled":false,"jetpack-related-posts":[{"id":18584,"url":"https:\/\/www.sportalsub.net\/blog\/resultados-oficiales-nado-aletas-mexico-2014","url_meta":{"origin":18482,"position":0},"title":"\ud83c\uddf2\ud83c\uddfd Resultados Oficiales V Campeonato Panamericano y II Festival Internacional Infantil de Nado con Aletas M\u00e9xico 2014","author":"Sportalsub.net","date":"19 septiembre 2014","format":false,"excerpt":"(Especial Sportalsub.net \/ CMAS Zona Am\u00e9rica) Resultados Oficiales del V Campeonato Panamericano de Nado con Aletas y Velocidad Subacu\u00e1tica que se llev\u00f3 a cabo del 31 de agosto al 6 de Septiembre de 2014 en las instalaciones del Comit\u00e9 Ol\u00edmpico Mexicano en la Ciudad de Mexico DF y de los\u2026","rel":"","context":"En \u00abColombia\u00bb","block_context":{"text":"Colombia","link":"https:\/\/www.sportalsub.net\/blog\/category\/paises\/america\/colombia\/"},"img":{"alt_text":"","src":"https:\/\/i0.wp.com\/www.sportalsub.net\/blog\/wp-content\/uploads\/2014\/09\/resultados-panamericano-aletas.jpg?resize=350%2C200&ssl=1","width":350,"height":200,"srcset":"https:\/\/i0.wp.com\/www.sportalsub.net\/blog\/wp-content\/uploads\/2014\/09\/resultados-panamericano-aletas.jpg?resize=350%2C200&ssl=1 1x, https:\/\/i0.wp.com\/www.sportalsub.net\/blog\/wp-content\/uploads\/2014\/09\/resultados-panamericano-aletas.jpg?resize=525%2C300&ssl=1 1.5x, https:\/\/i0.wp.com\/www.sportalsub.net\/blog\/wp-content\/uploads\/2014\/09\/resultados-panamericano-aletas.jpg?resize=700%2C400&ssl=1 2x"},"classes":[]},{"id":16779,"url":"https:\/\/www.sportalsub.net\/blog\/campeonato-panamericano-de-apnea-y-natacion-con-aletas-mexico-2014","url_meta":{"origin":18482,"position":1},"title":"\ud83c\uddf2\ud83c\uddfd Campeonatos Panamericanos de Apnea, Nataci\u00f3n con Aletas y Festival Infantil CMAS Am\u00e9rica M\u00e9xico 2014","author":"Sportalsub.net","date":"1 septiembre 2014","format":false,"excerpt":"(Especial Sportalsub.net \/ CMAS Am\u00e9rica \/ FMAS) LA FEDERACI\u00d3N MEXICANA DE ACTIVIDADES SUBACU\u00c1TICAS Y LA CONFEDERACI\u00d3N MUNDIAL DE ACTIVIDADES SUBACU\u00c1TICAS CMAS ZONA AM\u00c9RICA presentan el\u00a0V CAMPEONATO PANAMERICANO DE NADO CON ALETAS Y APNEA y 2\u00ba FESTIVAL INTERNACIONAL INFANTIL DE NADO CON ALETAS\u00a0Del 1\u00ba al 11 de Septiembre, 2014 en M\u00e9xico.\u2026","rel":"","context":"En \u00abApnea\u00bb","block_context":{"text":"Apnea","link":"https:\/\/www.sportalsub.net\/blog\/category\/modalidades\/apnea\/"},"img":{"alt_text":"","src":"https:\/\/i0.wp.com\/www.sportalsub.net\/blog\/wp-content\/uploads\/2013\/11\/panamericano-mexico2014.jpg?resize=350%2C200&ssl=1","width":350,"height":200,"srcset":"https:\/\/i0.wp.com\/www.sportalsub.net\/blog\/wp-content\/uploads\/2013\/11\/panamericano-mexico2014.jpg?resize=350%2C200&ssl=1 1x, https:\/\/i0.wp.com\/www.sportalsub.net\/blog\/wp-content\/uploads\/2013\/11\/panamericano-mexico2014.jpg?resize=525%2C300&ssl=1 1.5x"},"classes":[]},{"id":18509,"url":"https:\/\/www.sportalsub.net\/blog\/videos-campeonato-festival-nadosub-mexico-2014","url_meta":{"origin":18482,"position":2},"title":"\ud83c\uddf2\ud83c\uddfd Videos y entrevistas Campeonato Panamericano y Festival Internacional Infantil Nado con Aletas M\u00e9xico 2014","author":"Sportalsub.net","date":"5 septiembre 2014","format":false,"excerpt":"(Especial Sportalsub.net \/ Ikkosports) Atletas, entrenadores, dirigentes y personalidades conversaron con Ikkosports durante las competencias de piscina del 5to Campeonato Panamericano de Apnea y Nado con Aletas y\u00a02do Festival Internacional Infantil de Nataci\u00f3n con Aletas M\u00e9xico 2014. Aqu\u00ed puedes ver algunas de las entrevistas y videos Los ganadores de 100\u2026","rel":"","context":"En \u00abColombia\u00bb","block_context":{"text":"Colombia","link":"https:\/\/www.sportalsub.net\/blog\/category\/paises\/america\/colombia\/"},"img":{"alt_text":"entrevistas","src":"https:\/\/i0.wp.com\/www.sportalsub.net\/blog\/wp-content\/uploads\/2014\/09\/entrevistas1.jpg?resize=350%2C200","width":350,"height":200},"classes":[]},{"id":18519,"url":"https:\/\/www.sportalsub.net\/blog\/resumen-panamericano-aletas-mexico-2014","url_meta":{"origin":18482,"position":3},"title":"\ud83c\udde8\ud83c\uddf4 Colombia conquista el Panamericano de Nado con Aletas; M\u00e9xico segundo y Estados Unidos tercero","author":"Sportalsub.net","date":"6 septiembre 2014","format":false,"excerpt":"(Especial Sportalsub.net \/ FMAS \/ CMAS Am\u00e9rica \/ Ikkosports) Ciudad de M\u00e9xico. A 06 de septiembre de 2014.- La delegaci\u00f3n de Colombia consigui\u00f3 el primer lugar general del V Campeonato Panamericano de Nado con Aletas mientras que M\u00e9xico se ubic\u00f3 en el segundo sitio al terminar la primera etapa en\u2026","rel":"","context":"En \u00abColombia\u00bb","block_context":{"text":"Colombia","link":"https:\/\/www.sportalsub.net\/blog\/category\/paises\/america\/colombia\/"},"img":{"alt_text":"","src":"https:\/\/i0.wp.com\/www.sportalsub.net\/blog\/wp-content\/uploads\/2014\/09\/nado-aletas.jpg?resize=350%2C200&ssl=1","width":350,"height":200,"srcset":"https:\/\/i0.wp.com\/www.sportalsub.net\/blog\/wp-content\/uploads\/2014\/09\/nado-aletas.jpg?resize=350%2C200&ssl=1 1x, https:\/\/i0.wp.com\/www.sportalsub.net\/blog\/wp-content\/uploads\/2014\/09\/nado-aletas.jpg?resize=525%2C300&ssl=1 1.5x"},"classes":[]},{"id":18466,"url":"https:\/\/www.sportalsub.net\/blog\/videos-entrevistas-panamericano-mexico-2014","url_meta":{"origin":18482,"position":4},"title":"\ud83c\uddf2\ud83c\uddfd Videos y entrevistas previas al Campeonato Panamericano de Apnea y Nado con Aletas M\u00e9xico 2014","author":"Sportalsub.net","date":"2 septiembre 2014","format":false,"excerpt":"(Especial Sportalsub.net \/ Ikkosports) Atletas, entrenadores, dirigentes y personalidades conversaron con Ikkosports antes del inicio de las competencias del 5to Campeonato Panamericano de Apnea y Nado con Aletas y\u00a02do Festival Internacional Infantil de Nataci\u00f3n con Aletas a celebrarse del 1 al 11 de septiembre de 2014 en\u00a0M\u00e9xico. Aqu\u00ed puedes ver\u2026","rel":"","context":"En \u00abApnea\u00bb","block_context":{"text":"Apnea","link":"https:\/\/www.sportalsub.net\/blog\/category\/modalidades\/apnea\/"},"img":{"alt_text":"entrevistas","src":"https:\/\/i0.wp.com\/www.sportalsub.net\/blog\/wp-content\/uploads\/2014\/09\/entrevistas.jpg?resize=350%2C200","width":350,"height":200},"classes":[]},{"id":18461,"url":"https:\/\/www.sportalsub.net\/blog\/inaugurado-panamericano-nado-con-aletas-mexico-2014","url_meta":{"origin":18482,"position":5},"title":"\ud83c\uddf2\ud83c\uddfd Inaugurado el V Campeonato Panamericano de Nado con Aletas CMAS Zona Am\u00e9rica en M\u00e9xico","author":"Sportalsub.net","date":"1 septiembre 2014","format":false,"excerpt":"(Especial Sportalsub.net \/ CMAS Zona Am\u00e9rica \/ FMAS) Ciudad de M\u00e9xico. A 01 de septiembre de 2014.- Xavier Dur\u00e1n Soler, vicepresidente de la Confederaci\u00f3n Mundial de Actividades Subacu\u00e1ticas (CMAS) presidi\u00f3 la ceremonia de apertura del V Campeonato Panamericano de Nado con Aletas y II Festival Infantil en la piscina del\u2026","rel":"","context":"En \u00abBrasil\u00bb","block_context":{"text":"Brasil","link":"https:\/\/www.sportalsub.net\/blog\/category\/paises\/america\/brasil\/"},"img":{"alt_text":"","src":"https:\/\/i0.wp.com\/www.sportalsub.net\/blog\/wp-content\/uploads\/2014\/09\/Fmas-inaugura-2.jpg?resize=350%2C200&ssl=1","width":350,"height":200,"srcset":"https:\/\/i0.wp.com\/www.sportalsub.net\/blog\/wp-content\/uploads\/2014\/09\/Fmas-inaugura-2.jpg?resize=350%2C200&ssl=1 1x, https:\/\/i0.wp.com\/www.sportalsub.net\/blog\/wp-content\/uploads\/2014\/09\/Fmas-inaugura-2.jpg?resize=525%2C300&ssl=1 1.5x, https:\/\/i0.wp.com\/www.sportalsub.net\/blog\/wp-content\/uploads\/2014\/09\/Fmas-inaugura-2.jpg?resize=700%2C400&ssl=1 2x, https:\/\/i0.wp.com\/www.sportalsub.net\/blog\/wp-content\/uploads\/2014\/09\/Fmas-inaugura-2.jpg?resize=1050%2C600&ssl=1 3x"},"classes":[]}],"_links":{"self":[{"href":"https:\/\/www.sportalsub.net\/blog\/wp-json\/wp\/v2\/posts\/18482","targetHints":{"allow":["GET"]}}],"collection":[{"href":"https:\/\/www.sportalsub.net\/blog\/wp-json\/wp\/v2\/posts"}],"about":[{"href":"https:\/\/www.sportalsub.net\/blog\/wp-json\/wp\/v2\/types\/post"}],"author":[{"embeddable":true,"href":"https:\/\/www.sportalsub.net\/blog\/wp-json\/wp\/v2\/users\/1"}],"replies":[{"embeddable":true,"href":"https:\/\/www.sportalsub.net\/blog\/wp-json\/wp\/v2\/comments?post=18482"}],"version-history":[{"count":0,"href":"https:\/\/www.sportalsub.net\/blog\/wp-json\/wp\/v2\/posts\/18482\/revisions"}],"wp:featuredmedia":[{"embeddable":true,"href":"https:\/\/www.sportalsub.net\/blog\/wp-json\/wp\/v2\/media\/18483"}],"wp:attachment":[{"href":"https:\/\/www.sportalsub.net\/blog\/wp-json\/wp\/v2\/media?parent=18482"}],"wp:term":[{"taxonomy":"category","embeddable":true,"href":"https:\/\/www.sportalsub.net\/blog\/wp-json\/wp\/v2\/categories?post=18482"},{"taxonomy":"post_tag","embeddable":true,"href":"https:\/\/www.sportalsub.net\/blog\/wp-json\/wp\/v2\/tags?post=18482"}],"curies":[{"name":"wp","href":"https:\/\/api.w.org\/{rel}","templated":true}]}}