{"id":18584,"date":"2014-09-19T12:06:56","date_gmt":"2014-09-19T16:36:56","guid":{"rendered":"http:\/\/www.sportalsub.net\/blog\/?p=18584"},"modified":"2019-08-30T07:11:24","modified_gmt":"2019-08-30T11:11:24","slug":"resultados-oficiales-v-campeonato-panamericano-y-ii-festival-internacional-infantil-de-nado-con-aletas-mexico-2014","status":"publish","type":"post","link":"https:\/\/www.sportalsub.net\/blog\/resultados-oficiales-nado-aletas-mexico-2014","title":{"rendered":"\ud83c\uddf2\ud83c\uddfd Resultados Oficiales V Campeonato Panamericano y II Festival Internacional Infantil de Nado con Aletas M\u00e9xico 2014"},"content":{"rendered":"<p><a href=\"http:\/\/www.sportalsub.net\/blog\/wp-content\/uploads\/2014\/09\/resultados-panamericano-aletas.jpg\" target=\"_blank\"><img loading=\"lazy\" decoding=\"async\" class=\"alignnone wp-image-18585\" src=\"http:\/\/www.sportalsub.net\/blog\/wp-content\/uploads\/2014\/09\/resultados-panamericano-aletas.jpg\" alt=\"resultados-panamericano-aletas\" width=\"600\" height=\"400\" srcset=\"https:\/\/www.sportalsub.net\/blog\/wp-content\/uploads\/2014\/09\/resultados-panamericano-aletas.jpg 720w, https:\/\/www.sportalsub.net\/blog\/wp-content\/uploads\/2014\/09\/resultados-panamericano-aletas-300x200.jpg 300w, https:\/\/www.sportalsub.net\/blog\/wp-content\/uploads\/2014\/09\/resultados-panamericano-aletas-177x118.jpg 177w\" sizes=\"auto, (max-width: 600px) 100vw, 600px\" \/><\/a><\/p>\n<p>(Especial Sportalsub.net \/ CMAS Zona Am\u00e9rica)<\/p>\n<p>Resultados Oficiales del V Campeonato Panamericano de Nado con Aletas y Velocidad Subacu\u00e1tica que se llev\u00f3 a cabo del 31 de agosto al 6 de Septiembre de 2014 en las instalaciones del Comit\u00e9 Ol\u00edmpico Mexicano en la Ciudad de Mexico DF y de los 2 eventos complementarios desarrollados en las instalaciones del Centro Deportivo Ol\u00edmpico Mexicano.<\/p>\n<p><strong><img decoding=\"async\" src=\"http:\/\/www.sportalsub.net\/blog\/wp-content\/uploads\/2009\/10\/pdf.gif\" alt=\"\" \/> <a href=\"http:\/\/www.cmasamerica.org\/wp-content\/uploads\/2014\/09\/V-Panamericano-de-Nado-Con-Aletas.pdf\" target=\"_blank\" rel=\"noopener noreferrer\" target=\"_blank\">RESULTADOS Y MEDALLERO V CAMPEONATO PANAMERICANO<\/a><\/strong><\/p>\n<p><strong><img decoding=\"async\" src=\"http:\/\/www.sportalsub.net\/blog\/wp-content\/uploads\/2009\/10\/pdf.gif\" alt=\"\" \/> <a href=\"http:\/\/www.cmasamerica.org\/wp-content\/uploads\/2014\/09\/memoria-2do-festival-infantil-de-nado-con-aletas.pdf\" target=\"_blank\" rel=\"noopener noreferrer\" target=\"_blank\">RESULTADOS II FESTIVAL INTERNACIONAL INFANTIL<\/a><\/strong><\/p>\n<p><strong><img decoding=\"async\" src=\"http:\/\/www.sportalsub.net\/blog\/wp-content\/uploads\/2009\/10\/pdf.gif\" alt=\"\" \/> <a href=\"http:\/\/www.cmasamerica.org\/wp-content\/uploads\/2014\/09\/medallero-2do-festival-infantil-de-nado-con-aletas.pdf\" target=\"_blank\" rel=\"noopener noreferrer\" target=\"_blank\">MEDALLERO II FESTIVAL INTERNACIONAL INFANTILDE NATACI\u00d3N CON ALETAS<\/a><\/strong><\/p>\n<p><strong><img decoding=\"async\" src=\"http:\/\/www.sportalsub.net\/blog\/wp-content\/uploads\/2009\/10\/pdf.gif\" alt=\"\" \/> <a href=\"http:\/\/www.cmasamerica.org\/wp-content\/uploads\/2014\/09\/memoria-1er-camp.-int.-abierto-de-clubes-de-nado-con-bialetas.pdf\" target=\"_blank\" rel=\"noopener noreferrer\" target=\"_blank\">RESULTADOS I CAMPEONATO INTERNACIONAL DE BIALETAS<\/a><\/strong><\/p>\n<p><strong><img decoding=\"async\" src=\"http:\/\/www.sportalsub.net\/blog\/wp-content\/uploads\/2009\/10\/pdf.gif\" alt=\"\" \/> <a href=\"http:\/\/www.cmasamerica.org\/wp-content\/uploads\/2014\/09\/medallas-1er-camp.-int.-abierto-de-clubes-de-nado-con-bialetas.pdf\" target=\"_blank\" rel=\"noopener noreferrer\" target=\"_blank\">MEDALLERO I CAMPEONATO INTERNACIONAL DE BIALETAS<\/a><\/strong><\/p>\n<p><strong>Fuente: <a href=\"http:\/\/www.cmasamerica.org\/resultados-oficiales-v-campeonato-panamericano-ii-festival-internacional-infantil-y-campeonato-internacional-abierto-interclubes-de-bialetas-de-nado-con-aletas-mexico-2014\/\" target=\"_blank\" rel=\"noopener noreferrer\" target=\"_blank\">CMAS Zona Am\u00e9rica<\/a><\/strong><\/p>\n","protected":false},"excerpt":{"rendered":"<p>(Especial Sportalsub.net \/ CMAS Zona Am\u00e9rica) Resultados Oficiales del V Campeonato Panamericano de Nado con Aletas y Velocidad Subacu\u00e1tica que se llev\u00f3 a cabo del 31 de agosto al 6 de Septiembre de 2014 en las instalaciones del Comit\u00e9 Ol\u00edmpico Mexicano en la Ciudad de Mexico DF y de los 2 eventos complementarios desarrollados en las instalaciones del Centro Deportivo [&#8230;]<\/p>\n","protected":false},"author":1,"featured_media":18585,"comment_status":"open","ping_status":"closed","sticky":false,"template":"","format":"standard","meta":{"_lmt_disableupdate":"","_lmt_disable":"","jetpack_post_was_ever_published":false,"_jetpack_newsletter_access":"","_jetpack_dont_email_post_to_subs":false,"_jetpack_newsletter_tier_id":0,"_jetpack_memberships_contains_paywalled_content":false,"_jetpack_memberships_contains_paid_content":false,"footnotes":"","jetpack_publicize_message":"Resultados Oficiales V Campeonato Panamericano y II Festival Internacional Infantil de Nado con Aletas M\u00e9xico 2014 #sersubacuatico","jetpack_publicize_feature_enabled":true,"jetpack_social_post_already_shared":true,"jetpack_social_options":{"image_generator_settings":{"template":"highway","default_image_id":0,"font":"","enabled":false},"version":2}},"categories":[3,176,322,98,12,313,120,8],"tags":[],"class_list":["post-18584","post","type-post","status-publish","format-standard","has-post-thumbnail","hentry","category-colombia","category-estados-unidos","category-festival-infantil-mexico-2014","category-mexico","category-natacion-con-aletas","category-panamericano-subacuaticas-2014","category-resultados","category-venezuela"],"modified_by":"Sportalsub.net","views":4516,"jetpack_publicize_connections":[],"jetpack_featured_media_url":"https:\/\/www.sportalsub.net\/blog\/wp-content\/uploads\/2014\/09\/resultados-panamericano-aletas.jpg","jetpack_sharing_enabled":true,"jetpack_shortlink":"https:\/\/wp.me\/pf9lN-4PK","jetpack_likes_enabled":false,"jetpack-related-posts":[{"id":18509,"url":"https:\/\/www.sportalsub.net\/blog\/videos-campeonato-festival-nadosub-mexico-2014","url_meta":{"origin":18584,"position":0},"title":"\ud83c\uddf2\ud83c\uddfd Videos y entrevistas Campeonato Panamericano y Festival Internacional Infantil Nado con Aletas M\u00e9xico 2014","author":"Sportalsub.net","date":"5 septiembre 2014","format":false,"excerpt":"(Especial Sportalsub.net \/ Ikkosports) Atletas, entrenadores, dirigentes y personalidades conversaron con Ikkosports durante las competencias de piscina del 5to Campeonato Panamericano de Apnea y Nado con Aletas y\u00a02do Festival Internacional Infantil de Nataci\u00f3n con Aletas M\u00e9xico 2014. Aqu\u00ed puedes ver algunas de las entrevistas y videos Los ganadores de 100\u2026","rel":"","context":"En \u00abColombia\u00bb","block_context":{"text":"Colombia","link":"https:\/\/www.sportalsub.net\/blog\/category\/paises\/america\/colombia\/"},"img":{"alt_text":"entrevistas","src":"https:\/\/i0.wp.com\/www.sportalsub.net\/blog\/wp-content\/uploads\/2014\/09\/entrevistas1.jpg?resize=350%2C200","width":350,"height":200},"classes":[]},{"id":16779,"url":"https:\/\/www.sportalsub.net\/blog\/campeonato-panamericano-de-apnea-y-natacion-con-aletas-mexico-2014","url_meta":{"origin":18584,"position":1},"title":"\ud83c\uddf2\ud83c\uddfd Campeonatos Panamericanos de Apnea, Nataci\u00f3n con Aletas y Festival Infantil CMAS Am\u00e9rica M\u00e9xico 2014","author":"Sportalsub.net","date":"1 septiembre 2014","format":false,"excerpt":"(Especial Sportalsub.net \/ CMAS Am\u00e9rica \/ FMAS) LA FEDERACI\u00d3N MEXICANA DE ACTIVIDADES SUBACU\u00c1TICAS Y LA CONFEDERACI\u00d3N MUNDIAL DE ACTIVIDADES SUBACU\u00c1TICAS CMAS ZONA AM\u00c9RICA presentan el\u00a0V CAMPEONATO PANAMERICANO DE NADO CON ALETAS Y APNEA y 2\u00ba FESTIVAL INTERNACIONAL INFANTIL DE NADO CON ALETAS\u00a0Del 1\u00ba al 11 de Septiembre, 2014 en M\u00e9xico.\u2026","rel":"","context":"En \u00abApnea\u00bb","block_context":{"text":"Apnea","link":"https:\/\/www.sportalsub.net\/blog\/category\/modalidades\/apnea\/"},"img":{"alt_text":"","src":"https:\/\/i0.wp.com\/www.sportalsub.net\/blog\/wp-content\/uploads\/2013\/11\/panamericano-mexico2014.jpg?resize=350%2C200&ssl=1","width":350,"height":200,"srcset":"https:\/\/i0.wp.com\/www.sportalsub.net\/blog\/wp-content\/uploads\/2013\/11\/panamericano-mexico2014.jpg?resize=350%2C200&ssl=1 1x, https:\/\/i0.wp.com\/www.sportalsub.net\/blog\/wp-content\/uploads\/2013\/11\/panamericano-mexico2014.jpg?resize=525%2C300&ssl=1 1.5x"},"classes":[]},{"id":18461,"url":"https:\/\/www.sportalsub.net\/blog\/inaugurado-panamericano-nado-con-aletas-mexico-2014","url_meta":{"origin":18584,"position":2},"title":"\ud83c\uddf2\ud83c\uddfd Inaugurado el V Campeonato Panamericano de Nado con Aletas CMAS Zona Am\u00e9rica en M\u00e9xico","author":"Sportalsub.net","date":"1 septiembre 2014","format":false,"excerpt":"(Especial Sportalsub.net \/ CMAS Zona Am\u00e9rica \/ FMAS) Ciudad de M\u00e9xico. A 01 de septiembre de 2014.- Xavier Dur\u00e1n Soler, vicepresidente de la Confederaci\u00f3n Mundial de Actividades Subacu\u00e1ticas (CMAS) presidi\u00f3 la ceremonia de apertura del V Campeonato Panamericano de Nado con Aletas y II Festival Infantil en la piscina del\u2026","rel":"","context":"En \u00abBrasil\u00bb","block_context":{"text":"Brasil","link":"https:\/\/www.sportalsub.net\/blog\/category\/paises\/america\/brasil\/"},"img":{"alt_text":"","src":"https:\/\/i0.wp.com\/www.sportalsub.net\/blog\/wp-content\/uploads\/2014\/09\/Fmas-inaugura-2.jpg?resize=350%2C200&ssl=1","width":350,"height":200,"srcset":"https:\/\/i0.wp.com\/www.sportalsub.net\/blog\/wp-content\/uploads\/2014\/09\/Fmas-inaugura-2.jpg?resize=350%2C200&ssl=1 1x, https:\/\/i0.wp.com\/www.sportalsub.net\/blog\/wp-content\/uploads\/2014\/09\/Fmas-inaugura-2.jpg?resize=525%2C300&ssl=1 1.5x, https:\/\/i0.wp.com\/www.sportalsub.net\/blog\/wp-content\/uploads\/2014\/09\/Fmas-inaugura-2.jpg?resize=700%2C400&ssl=1 2x, https:\/\/i0.wp.com\/www.sportalsub.net\/blog\/wp-content\/uploads\/2014\/09\/Fmas-inaugura-2.jpg?resize=1050%2C600&ssl=1 3x"},"classes":[]},{"id":18519,"url":"https:\/\/www.sportalsub.net\/blog\/resumen-panamericano-aletas-mexico-2014","url_meta":{"origin":18584,"position":3},"title":"\ud83c\udde8\ud83c\uddf4 Colombia conquista el Panamericano de Nado con Aletas; M\u00e9xico segundo y Estados Unidos tercero","author":"Sportalsub.net","date":"6 septiembre 2014","format":false,"excerpt":"(Especial Sportalsub.net \/ FMAS \/ CMAS Am\u00e9rica \/ Ikkosports) Ciudad de M\u00e9xico. A 06 de septiembre de 2014.- La delegaci\u00f3n de Colombia consigui\u00f3 el primer lugar general del V Campeonato Panamericano de Nado con Aletas mientras que M\u00e9xico se ubic\u00f3 en el segundo sitio al terminar la primera etapa en\u2026","rel":"","context":"En \u00abColombia\u00bb","block_context":{"text":"Colombia","link":"https:\/\/www.sportalsub.net\/blog\/category\/paises\/america\/colombia\/"},"img":{"alt_text":"","src":"https:\/\/i0.wp.com\/www.sportalsub.net\/blog\/wp-content\/uploads\/2014\/09\/nado-aletas.jpg?resize=350%2C200&ssl=1","width":350,"height":200,"srcset":"https:\/\/i0.wp.com\/www.sportalsub.net\/blog\/wp-content\/uploads\/2014\/09\/nado-aletas.jpg?resize=350%2C200&ssl=1 1x, https:\/\/i0.wp.com\/www.sportalsub.net\/blog\/wp-content\/uploads\/2014\/09\/nado-aletas.jpg?resize=525%2C300&ssl=1 1.5x"},"classes":[]},{"id":18470,"url":"https:\/\/www.sportalsub.net\/blog\/primeras-medallas-infantil-mexico-2014","url_meta":{"origin":18584,"position":4},"title":"\ud83c\uddf2\ud83c\uddfd Primeras Medallas del Festival Internacional Infantil en el V Panamericano de Nado con Aletas en M\u00e9xico","author":"Sportalsub.net","date":"3 septiembre 2014","format":false,"excerpt":"(Especial Sportalsub.net \/ FMAS \/ CMAS Zona Am\u00e9rica) Ciudad de M\u00e9xico. A 02 de septiembre de 2014. El V Campeonato Panamericano de Nado con Aletas y Apnea reparti\u00f3 las primeras medallas en el certamen en el\u00a0II Festival Internacional Infantil por clubes en lo que result\u00f3 la primera jornada que se\u2026","rel":"","context":"En \u00abColombia\u00bb","block_context":{"text":"Colombia","link":"https:\/\/www.sportalsub.net\/blog\/category\/paises\/america\/colombia\/"},"img":{"alt_text":"","src":"https:\/\/i0.wp.com\/www.sportalsub.net\/blog\/wp-content\/uploads\/2014\/09\/Samar-Richany.jpg?resize=350%2C200&ssl=1","width":350,"height":200,"srcset":"https:\/\/i0.wp.com\/www.sportalsub.net\/blog\/wp-content\/uploads\/2014\/09\/Samar-Richany.jpg?resize=350%2C200&ssl=1 1x, https:\/\/i0.wp.com\/www.sportalsub.net\/blog\/wp-content\/uploads\/2014\/09\/Samar-Richany.jpg?resize=525%2C300&ssl=1 1.5x, https:\/\/i0.wp.com\/www.sportalsub.net\/blog\/wp-content\/uploads\/2014\/09\/Samar-Richany.jpg?resize=700%2C400&ssl=1 2x, https:\/\/i0.wp.com\/www.sportalsub.net\/blog\/wp-content\/uploads\/2014\/09\/Samar-Richany.jpg?resize=1050%2C600&ssl=1 3x, https:\/\/i0.wp.com\/www.sportalsub.net\/blog\/wp-content\/uploads\/2014\/09\/Samar-Richany.jpg?resize=1400%2C800&ssl=1 4x"},"classes":[]},{"id":18382,"url":"https:\/\/www.sportalsub.net\/blog\/presentado-panamericano-mexico-2014","url_meta":{"origin":18584,"position":5},"title":"\ud83c\uddf2\ud83c\uddfd Presentado en el Comit\u00e9 Ol\u00edmpico Mexicano el 5to Campeonato Panamericano de Nado con Aletas y Apnea y el 2do Festival Infantil de Nado con Aletas + Video","author":"Sportalsub.net","date":"21 agosto 2014","format":false,"excerpt":"(Especial Sportalsub.net \/ FMAS) En las instalaciones del Comit\u00e9 Ol\u00edmpico Mexicano se llevar\u00e1 a cabo el 5\u00ba. Campeonato Panamericano de Nado con Aletas y Apnea y el 2\u00ba. Festival Infantil de Nado con Aletas del 1 al 4 de septiembre de 2014 con la presencia de selecciones de 8 pa\u00edses\u2026","rel":"","context":"En \u00abApnea\u00bb","block_context":{"text":"Apnea","link":"https:\/\/www.sportalsub.net\/blog\/category\/modalidades\/apnea\/"},"img":{"alt_text":"","src":"https:\/\/i0.wp.com\/www.sportalsub.net\/blog\/wp-content\/uploads\/2014\/08\/rueda-de-prensa-mexico.jpg?resize=350%2C200&ssl=1","width":350,"height":200,"srcset":"https:\/\/i0.wp.com\/www.sportalsub.net\/blog\/wp-content\/uploads\/2014\/08\/rueda-de-prensa-mexico.jpg?resize=350%2C200&ssl=1 1x, https:\/\/i0.wp.com\/www.sportalsub.net\/blog\/wp-content\/uploads\/2014\/08\/rueda-de-prensa-mexico.jpg?resize=525%2C300&ssl=1 1.5x, https:\/\/i0.wp.com\/www.sportalsub.net\/blog\/wp-content\/uploads\/2014\/08\/rueda-de-prensa-mexico.jpg?resize=700%2C400&ssl=1 2x"},"classes":[]}],"_links":{"self":[{"href":"https:\/\/www.sportalsub.net\/blog\/wp-json\/wp\/v2\/posts\/18584","targetHints":{"allow":["GET"]}}],"collection":[{"href":"https:\/\/www.sportalsub.net\/blog\/wp-json\/wp\/v2\/posts"}],"about":[{"href":"https:\/\/www.sportalsub.net\/blog\/wp-json\/wp\/v2\/types\/post"}],"author":[{"embeddable":true,"href":"https:\/\/www.sportalsub.net\/blog\/wp-json\/wp\/v2\/users\/1"}],"replies":[{"embeddable":true,"href":"https:\/\/www.sportalsub.net\/blog\/wp-json\/wp\/v2\/comments?post=18584"}],"version-history":[{"count":0,"href":"https:\/\/www.sportalsub.net\/blog\/wp-json\/wp\/v2\/posts\/18584\/revisions"}],"wp:featuredmedia":[{"embeddable":true,"href":"https:\/\/www.sportalsub.net\/blog\/wp-json\/wp\/v2\/media\/18585"}],"wp:attachment":[{"href":"https:\/\/www.sportalsub.net\/blog\/wp-json\/wp\/v2\/media?parent=18584"}],"wp:term":[{"taxonomy":"category","embeddable":true,"href":"https:\/\/www.sportalsub.net\/blog\/wp-json\/wp\/v2\/categories?post=18584"},{"taxonomy":"post_tag","embeddable":true,"href":"https:\/\/www.sportalsub.net\/blog\/wp-json\/wp\/v2\/tags?post=18584"}],"curies":[{"name":"wp","href":"https:\/\/api.w.org\/{rel}","templated":true}]}}