{"id":18593,"date":"2014-09-20T17:32:04","date_gmt":"2014-09-20T22:02:04","guid":{"rendered":"http:\/\/www.sportalsub.net\/blog\/?p=18593"},"modified":"2019-08-31T19:06:12","modified_gmt":"2019-08-31T23:06:12","slug":"resultados-apnea-estatica-campeonato-mundial-por-equipos-aida-2014-en-italia","status":"publish","type":"post","link":"https:\/\/www.sportalsub.net\/blog\/resultados-apnea-estatica-campeonato-mundial-por-equipos-aida-2014-en-italia\/","title":{"rendered":"\ud83c\uddee\ud83c\uddf9 Resultados Apnea Est\u00e1tica Campeonato Mundial por equipos AIDA 2014 en Italia"},"content":{"rendered":"<p><a href=\"http:\/\/www.sportalsub.net\/blog\/wp-content\/uploads\/2014\/09\/estatica-italia.jpg\" target=\"_blank\"><img loading=\"lazy\" decoding=\"async\" class=\"alignnone size-full wp-image-18594\" src=\"http:\/\/www.sportalsub.net\/blog\/wp-content\/uploads\/2014\/09\/estatica-italia.jpg\" alt=\"estatica-italia\" width=\"600\" height=\"334\" srcset=\"https:\/\/www.sportalsub.net\/blog\/wp-content\/uploads\/2014\/09\/estatica-italia.jpg 600w, https:\/\/www.sportalsub.net\/blog\/wp-content\/uploads\/2014\/09\/estatica-italia-300x167.jpg 300w\" sizes=\"auto, (max-width: 600px) 100vw, 600px\" \/><\/a><\/p>\n<p>Natalia Molchanova y Gorank Colak dominan la apnea est\u00e1tica<\/p>\n<p>(Especial Sportalsub.net \/ BlueWorldChamp \/ AIDA International)<\/p>\n<p>Este s\u00e1bado 20 de septiembre se realiz\u00f3 la prueba de apnea est\u00e1tica en el\u00a0Campeonato Mundial por equipos AIDA 2014, evento que se lleva a cabo en Cagliari, Cerde\u00f1a, del 16 al 26 de septiembre 2014., en la que dominaron el croata <strong>Goran Colak<\/strong> con 9 minutos 13 segundos y <strong>Natalia Molchanova<\/strong> de Rusia con 8 minutos 30 segundos.<\/p>\n<p>Los 3 primeros lugares de cada rama los ocuparon las siguientes atletas:<\/p>\n<p><strong>Femenino<\/strong><br \/>\n1) Natalia Molchanova RUSIA 8:30<br \/>\n2) Vendula Strachotova REP. CHECA 7:06<br \/>\n3) Alessia Zecchini ITALIA 6:39<\/p>\n<div class=\"text_exposed_show\">\n<p><strong>Masculino<\/strong><br \/>\n1) Goran Colak CROACIA 9:13<br \/>\n2) Bruno Segvic CROACIA 7:48<br \/>\n3) Jesper Stechmann DINAMARCA 7:29<\/p>\n<p><strong>Resultados completos de todos los atletas<\/strong><\/p>\n<p><img loading=\"lazy\" decoding=\"async\" class=\"\" src=\"https:\/\/scontent-a-fra.xx.fbcdn.net\/hphotos-xpa1\/v\/t1.0-9\/10659195_277996835729672_2597160301361846578_n.png?oh=67f7f1bef9a2c0e630f6b84790d587d1&amp;oe=5494EFC1\" alt=\"\" width=\"593\" height=\"903\" \/><\/p>\n<\/div>\n<p><strong>Clasificaci\u00f3n parcial Equipos Masculinos o Mixtos<\/strong><\/p>\n<p><img decoding=\"async\" src=\"https:\/\/fbcdn-sphotos-f-a.akamaihd.net\/hphotos-ak-xpa1\/v\/t1.0-9\/p180x540\/10360248_277993799063309_7912692923671048390_n.png?oh=26d1a46d15a1ef76df77a6a3608cced1&amp;oe=5488DE14&amp;__gda__=1422033906_5b210c9db04b3ae167efbd643d11e474\" alt=\"\" \/><\/p>\n<p><strong>Clasificaci\u00f3n parcial Equipos Femeninos<\/strong><\/p>\n<p><img loading=\"lazy\" decoding=\"async\" class=\"\" src=\"https:\/\/fbcdn-sphotos-d-a.akamaihd.net\/hphotos-ak-xap1\/v\/t1.0-9\/10686716_277992852396737_1394707036896717518_n.png?oh=095521fa1078a7f6ba40d78f4b9ddc97&amp;oe=5492221B&amp;__gda__=1422868423_d111c733d59f4c2909ea23549943a9ac\" alt=\"\" width=\"596\" height=\"529\" \/><\/p>\n<p>M\u00e1s informaci\u00f3n en la\u00a0p\u00e1gina web oficial:\u00a0<a href=\"http:\/\/www.blueworldchamp.it\/\" target=\"_blank\" rel=\"noopener noreferrer\" target=\"_blank\">http:\/\/www.blueworldchamp.it\/<\/a> as\u00ed como las redes sociales del evento:<a href=\"https:\/\/www.facebook.com\/blueworldchamp\" target=\"_blank\" rel=\"noopener noreferrer\" target=\"_blank\">facebook<\/a>, <a href=\"https:\/\/twitter.com\/blueworldchamp\" target=\"_blank\" rel=\"noopener noreferrer\" target=\"_blank\">twitter <\/a>y <a href=\"http:\/\/www.youtube.com\/channel\/UCUilXmf44JZklrBMsXXxPHA\" target=\"_blank\" rel=\"noopener noreferrer\" target=\"_blank\">youtube<\/a><\/p>\n<p>El evento es\u00a0organizado por\u00a0Blue World Apnea ASD (<a href=\"http:\/\/www.blueworldasd.it\/\" target=\"_blank\" rel=\"noopener noreferrer\" target=\"_blank\">www.blueworldasd.it<\/a>) y avalado por\u00a0<a href=\"http:\/\/www.aidainternational.org\/\" target=\"_blank\" rel=\"noopener noreferrer\" target=\"_blank\">AIDA Internacional<\/a><\/p>\n<p><img decoding=\"async\" src=\"http:\/\/www.sportalsub.net\/blog\/wp-content\/uploads\/2014\/08\/mundialaida2014.jpg\" alt=\"mundialaida2014\" \/><\/p>\n<p><strong>Publicado por:<\/strong><\/p>\n<p><img loading=\"lazy\" decoding=\"async\" title=\"miguel\" src=\"http:\/\/www.sportalsub.net\/blog\/wp-content\/uploads\/2012\/05\/miguel-150x150.jpg\" alt=\"\" width=\"80\" height=\"80\" \/><\/p>\n<p><strong>Miguel Alberto Cede\u00f1o Ortiz (Venezuela)\u00a0<strong><img loading=\"lazy\" decoding=\"async\" src=\"http:\/\/es.fifa.com\/imgml\/flags\/s\/ven.gif\" alt=\"chi Eventos\" width=\"19\" height=\"13\" \/><br \/>\n<\/strong><\/strong>Nacido y residenciado en Caracas, Venezuela es el creador, director y editor de Sportalsub.net. Su experiencia como deportista, entrenador, juez y dirigente de las actividades subacu\u00e1ticas le han permitido establecer una red de contactos en todo el mundo para dar a conocer e informar todas las novedades sobre el deporte subacu\u00e1tico en habla hispana.<br \/>\n<strong><strong><a href=\"http:\/\/www.facebook.com\/miguelsportsub\" target=\"_blank\" rel=\"noopener noreferrer\" target=\"_blank\"><img decoding=\"async\" src=\"http:\/\/www.sportalsub.net\/blog\/wp-content\/uploads\/2009\/12\/fb.png\" alt=\"Facebook\" \/><\/a>\u00a0<\/strong><strong><a href=\"http:\/\/www.twitter.com\/miguelsportsub\" target=\"_blank\" rel=\"noopener noreferrer\" target=\"_blank\"><img decoding=\"async\" src=\"http:\/\/www.sportalsub.net\/blog\/wp-content\/uploads\/2009\/12\/twitter.png\" alt=\"Twitter\" \/><\/a><\/strong><\/strong><\/p>\n","protected":false},"excerpt":{"rendered":"<p>Natalia Molchanova y Gorank Colak dominan la apnea est\u00e1tica (Especial Sportalsub.net \/ BlueWorldChamp \/ AIDA International) Este s\u00e1bado 20 de septiembre se realiz\u00f3 la prueba de apnea est\u00e1tica en el\u00a0Campeonato Mundial por equipos AIDA 2014, evento que se lleva a cabo en Cagliari, Cerde\u00f1a, del 16 al 26 de septiembre 2014., en la que dominaron el croata Goran Colak con [&#8230;]<\/p>\n","protected":false},"author":1,"featured_media":18594,"comment_status":"open","ping_status":"closed","sticky":false,"template":"","format":"standard","meta":{"_lmt_disableupdate":"","_lmt_disable":"","jetpack_post_was_ever_published":false,"_jetpack_newsletter_access":"","_jetpack_dont_email_post_to_subs":false,"_jetpack_newsletter_tier_id":0,"_jetpack_memberships_contains_paywalled_content":false,"_jetpack_memberships_contains_paid_content":false,"footnotes":"","jetpack_publicize_message":"Resultados Apnea Est\u00e1tica Campeonato Mundial por equipos AIDA 2014 en Italia #sersubacuatico","jetpack_publicize_feature_enabled":true,"jetpack_social_post_already_shared":true,"jetpack_social_options":{"image_generator_settings":{"template":"highway","default_image_id":0,"font":"","enabled":false},"version":2}},"categories":[9,140,250,118,305,245,120,170],"tags":[],"class_list":["post-18593","post","type-post","status-publish","format-standard","has-post-thumbnail","hentry","category-apnea","category-croacia","category-dinamarca","category-italia","category-mundial-de-apnea-por-equipos-aida-2014","category-republica-checa","category-resultados","category-rusia"],"modified_by":"Sportalsub.net","views":3862,"jetpack_publicize_connections":[],"jetpack_featured_media_url":"https:\/\/www.sportalsub.net\/blog\/wp-content\/uploads\/2014\/09\/estatica-italia.jpg","jetpack_sharing_enabled":true,"jetpack_shortlink":"https:\/\/wp.me\/pf9lN-4PT","jetpack_likes_enabled":false,"jetpack-related-posts":[{"id":18668,"url":"https:\/\/www.sportalsub.net\/blog\/finaliza-mundial-apnea-equipos-aida-2014-italia","url_meta":{"origin":18593,"position":0},"title":"\ud83c\uddee\ud83c\uddf9 Finaliza el Campeonato Mundial de Apnea por equipos en Italia con R\u00e9cord Mundial en Din\u00e1mica y doble triunfo para Rusia","author":"Sportalsub.net","date":"26 septiembre 2014","format":false,"excerpt":"Natalia Molchanova de Rusia implanta nuevo r\u00e9cord mundial en apnea din\u00e1mica con 237 metros (Especial Sportalsub.net \/ BlueWorldChamp \/ AIDA International) Este viernes\u00a026 de septiembre se realiz\u00f3 la prueba de apnea din\u00e1mica\u00a0en el\u00a0Campeonato Mundial por equipos AIDA 2014 en Italia, evento que se llev\u00f3 a cabo en Cagliari, Cerde\u00f1a, del\u2026","rel":"","context":"En \u00abApnea\u00bb","block_context":{"text":"Apnea","link":"https:\/\/www.sportalsub.net\/blog\/category\/modalidades\/apnea\/"},"img":{"alt_text":"","src":"https:\/\/i0.wp.com\/www.sportalsub.net\/blog\/wp-content\/uploads\/2014\/09\/final-mundial-aida-equipos.jpg?resize=350%2C200&ssl=1","width":350,"height":200,"srcset":"https:\/\/i0.wp.com\/www.sportalsub.net\/blog\/wp-content\/uploads\/2014\/09\/final-mundial-aida-equipos.jpg?resize=350%2C200&ssl=1 1x, https:\/\/i0.wp.com\/www.sportalsub.net\/blog\/wp-content\/uploads\/2014\/09\/final-mundial-aida-equipos.jpg?resize=525%2C300&ssl=1 1.5x"},"classes":[]},{"id":18650,"url":"https:\/\/www.sportalsub.net\/blog\/resultados-peso-constante-mundial-equipos-aida-2014-italia","url_meta":{"origin":18593,"position":1},"title":"\ud83c\uddee\ud83c\uddf9 Resultados Apnea Peso Constante Campeonato Mundial por equipos AIDA 2014 en Italia","author":"Sportalsub.net","date":"24 septiembre 2014","format":false,"excerpt":"Natalia Molchanova y su hijo Alexei Molchanov\u00a0dominaron la apnea\u00a0peso constante (Especial Sportalsub.net \/ BlueWorldChamp \/ AIDA International) Este martes\u00a023 de septiembre se realiz\u00f3 la prueba de apnea peso constante\u00a0en el\u00a0Campeonato Mundial por equipos AIDA 2014, evento que se lleva a cabo en Cagliari, Cerde\u00f1a, del 16 al 26 de septiembre\u2026","rel":"","context":"En \u00abApnea\u00bb","block_context":{"text":"Apnea","link":"https:\/\/www.sportalsub.net\/blog\/category\/modalidades\/apnea\/"},"img":{"alt_text":"","src":"https:\/\/i0.wp.com\/www.sportalsub.net\/blog\/wp-content\/uploads\/2014\/09\/peso-constante.jpg?resize=350%2C200&ssl=1","width":350,"height":200,"srcset":"https:\/\/i0.wp.com\/www.sportalsub.net\/blog\/wp-content\/uploads\/2014\/09\/peso-constante.jpg?resize=350%2C200&ssl=1 1x, https:\/\/i0.wp.com\/www.sportalsub.net\/blog\/wp-content\/uploads\/2014\/09\/peso-constante.jpg?resize=525%2C300&ssl=1 1.5x"},"classes":[]},{"id":15509,"url":"https:\/\/www.sportalsub.net\/blog\/2-records-mundiales-en-finales-de-apnea-dinamica-en-el-campeonato-mundial-en-piscina-aida-2013-en-serbia\/","url_meta":{"origin":18593,"position":2},"title":"\ud83c\uddf7\ud83c\uddf8 2 R\u00e9cords Mundiales en Finales de Apnea Din\u00e1mica en el Campeonato Mundial en piscina AIDA 2013 en Serbia","author":"Sportalsub.net","date":"28 junio 2013","format":false,"excerpt":"(Especial Sportalsub.net \/ Mundial Apnea piscina AIDA Belgrado 2013) Este viernes 28 de junio se realizaron las finales de la modalidad de Din\u00e1mica con Aletas del Campeonato Mundial Individual de Apnea en piscina AIDA 2013 que se lleva a cabo en Belgrado, Serbia y en el cual est\u00e1n presentes las\u2026","rel":"","context":"En \u00abApnea\u00bb","block_context":{"text":"Apnea","link":"https:\/\/www.sportalsub.net\/blog\/category\/modalidades\/apnea\/"},"img":{"alt_text":"","src":"https:\/\/i0.wp.com\/www.sportalsub.net\/blog\/wp-content\/uploads\/2013\/06\/serbia-final-dyn.jpg?resize=350%2C200&ssl=1","width":350,"height":200,"srcset":"https:\/\/i0.wp.com\/www.sportalsub.net\/blog\/wp-content\/uploads\/2013\/06\/serbia-final-dyn.jpg?resize=350%2C200&ssl=1 1x, https:\/\/i0.wp.com\/www.sportalsub.net\/blog\/wp-content\/uploads\/2013\/06\/serbia-final-dyn.jpg?resize=525%2C300&ssl=1 1.5x"},"classes":[]},{"id":15517,"url":"https:\/\/www.sportalsub.net\/blog\/natalia-molchanova-campeona-absoluta-en-estatica-con-nuevo-record-mundial-en-campeonato-mundial-de-apnea-en-piscina-aida-2013-en-serbia\/","url_meta":{"origin":18593,"position":3},"title":"\ud83c\uddf7\ud83c\uddfa Natalia Molchanova Campeona Absoluta en Est\u00e1tica con Nuevo R\u00e9cord Mundial en Campeonato Mundial de Apnea en piscina AIDA 2013 en Serbia","author":"Sportalsub.net","date":"29 junio 2013","format":false,"excerpt":"Foto: Elina Manninen \/ www.elinamanninen.com \u00a0 (Especial Sportalsub.net \/ Mundial Apnea piscina AIDA Belgrado 2013) Este s\u00e1bado 29 de junio se realizaron las finales de la modalidad de Apnea Est\u00e1tica del Campeonato Mundial Individual de Apnea en piscina AIDA 2013, llevado a cabo en Belgrado, Serbia y en el cual\u2026","rel":"","context":"En \u00abApnea\u00bb","block_context":{"text":"Apnea","link":"https:\/\/www.sportalsub.net\/blog\/category\/modalidades\/apnea\/"},"img":{"alt_text":"","src":"https:\/\/i0.wp.com\/www.sportalsub.net\/blog\/wp-content\/uploads\/2013\/06\/serbia-final-sta.jpg?resize=350%2C200&ssl=1","width":350,"height":200,"srcset":"https:\/\/i0.wp.com\/www.sportalsub.net\/blog\/wp-content\/uploads\/2013\/06\/serbia-final-sta.jpg?resize=350%2C200&ssl=1 1x, https:\/\/i0.wp.com\/www.sportalsub.net\/blog\/wp-content\/uploads\/2013\/06\/serbia-final-sta.jpg?resize=525%2C300&ssl=1 1.5x"},"classes":[]},{"id":19339,"url":"https:\/\/www.sportalsub.net\/blog\/mundial-apnea-aida-piscina-belgrado-2015","url_meta":{"origin":18593,"position":4},"title":"\ud83c\uddf7\ud83c\uddf8 Resultados Finales Campeonato Mundial de Apnea en piscina AIDA 2015. Belgrado, Serbia","author":"Sportalsub.net","date":"28 junio 2015","format":false,"excerpt":"(Sportalsub.net \/ AIDA Serbia \/ AIDA Internacional) - Read in English El Campeonato Mundial de Apnea en piscina AIDA 2015 se lleva a cabo del 19 al 28 de junio en Belgrado, Serbia. El evento es\u00a0organizado por la Asociaci\u00f3n de Apnea de Serbia con la cooperaci\u00f3n de AIDA Serbia. RESULTADOS\u2026","rel":"","context":"En \u00abApnea\u00bb","block_context":{"text":"Apnea","link":"https:\/\/www.sportalsub.net\/blog\/category\/modalidades\/apnea\/"},"img":{"alt_text":"","src":"https:\/\/i0.wp.com\/www.sportalsub.net\/blog\/wp-content\/uploads\/2015\/01\/belgrado2015.jpg?resize=350%2C200&ssl=1","width":350,"height":200,"srcset":"https:\/\/i0.wp.com\/www.sportalsub.net\/blog\/wp-content\/uploads\/2015\/01\/belgrado2015.jpg?resize=350%2C200&ssl=1 1x, https:\/\/i0.wp.com\/www.sportalsub.net\/blog\/wp-content\/uploads\/2015\/01\/belgrado2015.jpg?resize=525%2C300&ssl=1 1.5x"},"classes":[]},{"id":3917,"url":"https:\/\/www.sportalsub.net\/blog\/los-mejores-apneistas-del-2009\/","url_meta":{"origin":18593,"position":5},"title":"\ud83c\udf0e Los mejores apneistas del 2009","author":"Sportalsub.net","date":"9 enero 2010","format":false,"excerpt":"ICARE y Apneamania han anunciado los premios a los mejores apneistas afiliados a la Asociaci\u00f3n Internacional para el Desarrollo de la Apnea (AIDA) seg\u00fan su desempe\u00f1o durante los eventos\u00a0y competencias realizadas en el 2009. Herber Nitsch (Austria), Sara Cambpell (Reino Unido) y Natalia Molchanova (Rusia) fueron algunos de los m\u00e1s\u2026","rel":"","context":"En \u00abAIDA\u00bb","block_context":{"text":"AIDA","link":"https:\/\/www.sportalsub.net\/blog\/category\/mas\/organizaciones\/aida\/"},"img":{"alt_text":"","src":"https:\/\/i0.wp.com\/www.apneamania.com\/scripts\/page_hebbe%281%29.jpg?resize=350%2C200","width":350,"height":200},"classes":[]}],"_links":{"self":[{"href":"https:\/\/www.sportalsub.net\/blog\/wp-json\/wp\/v2\/posts\/18593","targetHints":{"allow":["GET"]}}],"collection":[{"href":"https:\/\/www.sportalsub.net\/blog\/wp-json\/wp\/v2\/posts"}],"about":[{"href":"https:\/\/www.sportalsub.net\/blog\/wp-json\/wp\/v2\/types\/post"}],"author":[{"embeddable":true,"href":"https:\/\/www.sportalsub.net\/blog\/wp-json\/wp\/v2\/users\/1"}],"replies":[{"embeddable":true,"href":"https:\/\/www.sportalsub.net\/blog\/wp-json\/wp\/v2\/comments?post=18593"}],"version-history":[{"count":0,"href":"https:\/\/www.sportalsub.net\/blog\/wp-json\/wp\/v2\/posts\/18593\/revisions"}],"wp:featuredmedia":[{"embeddable":true,"href":"https:\/\/www.sportalsub.net\/blog\/wp-json\/wp\/v2\/media\/18594"}],"wp:attachment":[{"href":"https:\/\/www.sportalsub.net\/blog\/wp-json\/wp\/v2\/media?parent=18593"}],"wp:term":[{"taxonomy":"category","embeddable":true,"href":"https:\/\/www.sportalsub.net\/blog\/wp-json\/wp\/v2\/categories?post=18593"},{"taxonomy":"post_tag","embeddable":true,"href":"https:\/\/www.sportalsub.net\/blog\/wp-json\/wp\/v2\/tags?post=18593"}],"curies":[{"name":"wp","href":"https:\/\/api.w.org\/{rel}","templated":true}]}}