{"id":18757,"date":"2014-10-20T11:11:09","date_gmt":"2014-10-20T15:41:09","guid":{"rendered":"http:\/\/www.sportalsub.net\/blog\/?p=18757"},"modified":"2019-08-31T18:52:15","modified_gmt":"2019-08-31T22:52:15","slug":"iv-campeonato-europeo-de-apnea-cmas-en-tenerife-espana","status":"publish","type":"post","link":"https:\/\/www.sportalsub.net\/blog\/iv-campeonato-europeo-de-apnea-cmas-en-tenerife-espana\/","title":{"rendered":"\ud83c\uddea\ud83c\uddf8 IV Campeonato Europeo de Apnea CMAS en Tenerife, Espa\u00f1a + Resultados"},"content":{"rendered":"<p><a href=\"http:\/\/www.sportalsub.net\/blog\/wp-content\/uploads\/2014\/10\/europeocmas.jpg\" target=\"_blank\"><img loading=\"lazy\" decoding=\"async\" class=\"alignnone size-full wp-image-18804\" src=\"http:\/\/www.sportalsub.net\/blog\/wp-content\/uploads\/2014\/10\/europeocmas.jpg\" alt=\"europeocmas\" width=\"600\" height=\"268\" srcset=\"https:\/\/www.sportalsub.net\/blog\/wp-content\/uploads\/2014\/10\/europeocmas.jpg 600w, https:\/\/www.sportalsub.net\/blog\/wp-content\/uploads\/2014\/10\/europeocmas-300x134.jpg 300w, https:\/\/www.sportalsub.net\/blog\/wp-content\/uploads\/2014\/10\/europeocmas-364x164.jpg 364w\" sizes=\"auto, (max-width: 600px) 100vw, 600px\" \/><\/a><\/p>\n<p>(Sportalsub.net \/ CMAS \/ FEDAS \/ FEDECAS)<\/p>\n<p><strong>Italia Campe\u00f3n Europeo de Apnea CMAS<\/strong><br \/>\nItalia se titula Campe\u00f3n del IV Campeonato Europeo de Apnea CMAS con 3 medallas de oro, 1 de plata y 2 de bronce, seguido de Croacia con 1 de oro y 2 de bronce, mientras que Serbia y la Rep\u00fablica Checa ocuparon el 3er lugar\u00a0con 1 de oro cada uno.<\/p>\n<p><img decoding=\"async\" src=\"http:\/\/www.sportalsub.net\/blog\/wp-content\/uploads\/2014\/10\/medals.jpg\" alt=\"\" \/><\/p>\n<p><strong>Finaliza el\u00a0IV Campeonato Europeo de Apnea CMAS sin final de Jump Blue<\/strong><\/p>\n<p>El s\u00e1bado 18 de octubre en la cuarta\u00a0jornada del IV Campeonato Europeo de Apnea CMAS en Tenerife, Espa\u00f1a,\u00a0se\u00a0realizaron las pruebas clasificatorias de la modalidad de jump blue, en la que los italianos Andrea Vitturini con 170.08 metros en masculino y Alessia Zechini con 148.80 metros en femenino lograron las mejores marcas. La final, prevista para el d\u00eda domingo 19 de octubre no pude realizarse por malas condiciones clim\u00e1ticas, finalizando as\u00ed el Campeonato, que dej\u00f3 como resultados 6 nuevos r\u00e9cords mundiales, en \u00a0las pruebas de est\u00e1tica, speed y din\u00e1mica con aletas.<\/p>\n<p><img decoding=\"async\" src=\"http:\/\/www.sportalsub.net\/blog\/wp-content\/uploads\/2014\/10\/jump-blue-clasif.jpg\" alt=\"\" \/><\/p>\n<p><strong>2\u00a0R\u00e9cords Mundiales en 3ra\u00a0jornada del IV Campeonato Europeo de Apnea CMAS<\/strong><\/p>\n<p>Este viernes\u00a017 de octubre en la tercera\u00a0jornada del IV Campeonato Europeo de Apnea CMAS que se lleva a cabo en Tenerife, Espa\u00f1a,\u00a0se rompieron 2\u00a0r\u00e9cords mundiales CMAS en la modalidad de apnea din\u00e1mica<\/p>\n<p>En la prueba de din\u00e1mica\u00a0masculina el croata Goran Colak\u00a0registr\u00f3 una marca de 288.23 metros, con lo que se llev\u00f3 la medalla de oro y r\u00e9cord mundial, seguido de los franceses Alexis Duvivier (275.30) y Guillaume Bussiere (269.10). En la categor\u00eda femenina la italiana\u00a0Ilaria Bonin\u00a0tambi\u00e9n implant\u00f3 r\u00e9cord del mundo con 244.38, seguida pos sus compatriotas\u00a0Alessia Zechini (218.60) y Tatiana Di Poi (204)<\/p>\n<p>El cuadro de medallas luego de 3 pruebas los lidera Italia con 3 medallas de oro, 1 de plata y 2 de bronce, seguido de Croacia con 1 de oro y 2 de bronce, mientras que Serbia y la Rep\u00fablica Checa siguen con 1 de oro cada uno.<\/p>\n<p><img decoding=\"async\" src=\"http:\/\/www.sportalsub.net\/blog\/wp-content\/uploads\/2014\/10\/final-dynamic.jpg\" alt=\"\" \/><\/p>\n<p><strong>2da jornada del IV Campeonato Europeo de Apnea CMAS &#8211; Eliminatoria Apnea Din\u00e1mica<\/strong><\/p>\n<p>Este jueves 16\u00a0de octubre se realiz\u00f3 la segunda\u00a0jornada del IV Campeonato Europeo de Apnea CMAS que se lleva a cabo en Tenerife, Espa\u00f1a\u00a0con las pruebas clasificatorias de apnea din\u00e1mica con aletas. La mejor marca masculina la realiz\u00f3 el franc\u00e9s Alexis Duvivier con 242.74 metros, mientras que en femenino la mejor fue la italiana Alessia Zecchini con 200 metros. Las finales, en las que participar\u00e1n los 8 mejores atletas, se llevar\u00e1n a cabo este viernes 17 de octubre<\/p>\n<p><img decoding=\"async\" src=\"http:\/\/www.sportalsub.net\/blog\/wp-content\/uploads\/2014\/10\/dynamic-classifications.jpg\" alt=\"\" \/><\/p>\n<p><strong>4 R\u00e9cords Mundiales en 1ra jornada del IV Campeonato Europeo de Apnea CMAS<\/strong><\/p>\n<p>Este mi\u00e9rcoles 15 de octubre en la primera jornada del IV Campeonato Europeo de Apnea CMAS que se lleva a cabo en Tenerife, Espa\u00f1a,\u00a0se rompieron 4 r\u00e9cords mundiales CMAS en las\u00a0modalidades de est\u00e1tica y velocidad en 100 metros.<\/p>\n<p>En la prueba de est\u00e1tica masculina el Serbio Branco Petrovic registr\u00f3 una marca de 10 minutos 32 segundos, con lo que se llev\u00f3 la medalla de oro y r\u00e9cord mundial, seguido de Goran Colak de Croacia con 9:04 y el Austr\u00edaco Elmar Klier con 8:24. En la categor\u00eda femenina la checa Gabriela Grezlova tambi\u00e9n implant\u00f3 r\u00e9cord del mundo con 7:45, seguida de la espa\u00f1ola Dunia Quintero con 6:35 y la italiana Alessia Zechini con 6:08.27. Mientras que en la prueba de velocidad en 100 metros, el italiano Stefano Figini logr\u00f3 el nuevo r\u00e9cord mundial con 34.72, al igual que su compatriota Federica Belini en femenino con 39.49<\/p>\n<p><img decoding=\"async\" src=\"http:\/\/www.sportalsub.net\/blog\/wp-content\/uploads\/2014\/10\/static-european-cmas.jpg\" alt=\"\" \/><\/p>\n<p><img decoding=\"async\" src=\"http:\/\/www.sportalsub.net\/blog\/wp-content\/uploads\/2014\/10\/speed-european-cmas.jpg\" alt=\"\" \/><\/p>\n<p>Tenerife acoge por segunda vez la celebraci\u00f3n del Campeonato de Europa de Apnea, una competici\u00f3n organizada por la Federaci\u00f3n Canaria de Actividades Subacu\u00e1ticas con la colaboraci\u00f3n del Cabildo.<\/p>\n<p>La cita deportiva, que ha sido presentada \u00a0en el Palacio Insular, tiene\u00a0lugar del 13 al 19 de octubre y reune a los mejores especialistas del continente en una modalidad deportiva que cuenta con numerosos seguidores en el Archipi\u00e9lago. Est\u00e1n\u00a0presentes 10 pa\u00edses y m\u00e1s de 60 deportistas.<\/p>\n<p>El IV Campeonato de Europa de Apnea tendr\u00e1 dos sedes y se disputar\u00e1 en las modalidades de apnea est\u00e1tica, speed apnea, apnea din\u00e1mica y jump blue. La piscina municipal Acidalio Lorenzo de Santa Cruz de Tenerife acoger\u00e1 las disciplinas de est\u00e1tica, speed y din\u00e1mica, mientras que las aguas de Radazul, en el municipio de El Rosario, ser\u00e1n escenario de las pruebas de mar y jump blue.<\/p>\n<p><strong>Fuente: <a href=\"http:\/\/www.laopinion.es\/cabildo-tenerife\/2014\/10\/10\/tenerife-acoge-proxima-semana-iv\/568756.html\" target=\"_blank\" rel=\"noopener noreferrer\" target=\"_blank\">La opinion<\/a><\/strong><\/p>\n<p><strong>Programa de competencias<\/strong><\/p>\n<p><strong>Mi\u00e9rcoles 15 de octubre<\/strong><br \/>\n10: 00\u00a0Competencia de apnea est\u00e1tica y speed apnea<\/p>\n<p><strong>Jueves 16 de octubre<\/strong><br \/>\n10: 30 Eliminatorias de apnea din\u00e1mica.<\/p>\n<p><strong>Viernes 17 de octubre<\/strong><br \/>\n10: 00 Finales de apnea din\u00e1mica.<\/p>\n<p><strong>S\u00e1bado 18 de\u00a0octubre<\/strong><br \/>\n10: 00 Eliminatorias de Jump Blue.<\/p>\n<p><strong>Domingo 19 de octubre<\/strong><br \/>\n10: 00 Finales de Jump Blue.<\/p>\n<p>M\u00e1s info: <a href=\"http:\/\/www.cmas.org\/apnoea\/underwater-european-apnea-championship\" target=\"_blank\" rel=\"noopener noreferrer\" target=\"_blank\">CMAS<\/a><\/p>\n<p><img loading=\"lazy\" decoding=\"async\" class=\"alignnone wp-image-18758\" src=\"http:\/\/www.sportalsub.net\/blog\/wp-content\/uploads\/2014\/10\/cmaseuropean.jpg\" alt=\"cmaseuropean\" width=\"596\" height=\"335\" srcset=\"https:\/\/www.sportalsub.net\/blog\/wp-content\/uploads\/2014\/10\/cmaseuropean.jpg 960w, https:\/\/www.sportalsub.net\/blog\/wp-content\/uploads\/2014\/10\/cmaseuropean-300x169.jpg 300w\" sizes=\"auto, (max-width: 596px) 100vw, 596px\" \/><\/p>\n<p><strong>Publicado por:<\/strong><\/p>\n<p><img loading=\"lazy\" decoding=\"async\" title=\"miguel\" src=\"http:\/\/www.sportalsub.net\/blog\/wp-content\/uploads\/2012\/05\/miguel-150x150.jpg\" alt=\"\" width=\"80\" height=\"80\" \/><\/p>\n<p><strong>Miguel Alberto Cede\u00f1o Ortiz (Venezuela)\u00a0<strong><img loading=\"lazy\" decoding=\"async\" src=\"http:\/\/es.fifa.com\/imgml\/flags\/s\/ven.gif\" alt=\"chi Eventos\" width=\"19\" height=\"13\" \/><br \/>\n<\/strong><\/strong>Nacido y residenciado en Caracas, Venezuela es el creador, director y editor de Sportalsub.net. Su experiencia como deportista, entrenador, juez y dirigente de las actividades subacu\u00e1ticas le han permitido establecer una red de contactos en todo el mundo para dar a conocer e informar todas las novedades sobre el deporte subacu\u00e1tico en habla hispana.<br \/>\n<strong><strong><a href=\"http:\/\/www.facebook.com\/miguelsportsub\" target=\"_blank\" rel=\"noopener noreferrer\" target=\"_blank\"><img decoding=\"async\" src=\"http:\/\/www.sportalsub.net\/blog\/wp-content\/uploads\/2009\/12\/fb.png\" alt=\"Facebook\" \/><\/a>\u00a0<\/strong><strong><a href=\"http:\/\/www.twitter.com\/miguelsportsub\" target=\"_blank\" rel=\"noopener noreferrer\" target=\"_blank\"><img decoding=\"async\" src=\"http:\/\/www.sportalsub.net\/blog\/wp-content\/uploads\/2009\/12\/twitter.png\" alt=\"Twitter\" \/><\/a><\/strong><\/strong><\/p>\n","protected":false},"excerpt":{"rendered":"<p>(Sportalsub.net \/ CMAS \/ FEDAS \/ FEDECAS) Italia Campe\u00f3n Europeo de Apnea CMAS Italia se titula Campe\u00f3n del IV Campeonato Europeo de Apnea CMAS con 3 medallas de oro, 1 de plata y 2 de bronce, seguido de Croacia con 1 de oro y 2 de bronce, mientras que Serbia y la Rep\u00fablica Checa ocuparon el 3er lugar\u00a0con 1 de [&#8230;]<\/p>\n","protected":false},"author":1,"featured_media":18804,"comment_status":"open","ping_status":"closed","sticky":false,"template":"","format":"standard","meta":{"_lmt_disableupdate":"","_lmt_disable":"","jetpack_post_was_ever_published":false,"_jetpack_newsletter_access":"","_jetpack_dont_email_post_to_subs":false,"_jetpack_newsletter_tier_id":0,"_jetpack_memberships_contains_paywalled_content":false,"_jetpack_memberships_contains_paid_content":false,"footnotes":"","jetpack_publicize_message":"IV Campeonato Europeo de Apnea CMAS en Tenerife, Espa\u00f1a","jetpack_publicize_feature_enabled":true,"jetpack_social_post_already_shared":true,"jetpack_social_options":{"image_generator_settings":{"template":"highway","default_image_id":0,"font":"","enabled":false},"version":2}},"categories":[9,241,140,311,10,152,118,50,245,120,170,225],"tags":[],"class_list":["post-18757","post","type-post","status-publish","format-standard","has-post-thumbnail","hentry","category-apnea","category-austria","category-croacia","category-destacados-2014","category-espana","category-francia","category-italia","category-records","category-republica-checa","category-resultados","category-rusia","category-serbia"],"modified_by":"Sportalsub.net","views":5771,"jetpack_publicize_connections":[],"jetpack_featured_media_url":"https:\/\/www.sportalsub.net\/blog\/wp-content\/uploads\/2014\/10\/europeocmas.jpg","jetpack_sharing_enabled":true,"jetpack_shortlink":"https:\/\/wp.me\/pf9lN-4Sx","jetpack_likes_enabled":false,"jetpack-related-posts":[{"id":6360,"url":"https:\/\/www.sportalsub.net\/blog\/resultados-finales-apnea-jump-blue-en-el-2do-campeonato-europeo-cmas\/","url_meta":{"origin":18757,"position":0},"title":"\ud83c\uddea\ud83c\uddf8 Resultados finales Apnea Jump Blue en el 2do Campeonato Europeo CMAS","author":"Sportalsub.net","date":"10 octubre 2010","format":false,"excerpt":"(Especial Sportalsub.net) M\u00f3nica Barbero de Italia con 144 metros de recorrido y Alfredo Roen de Espa\u00f1a con una marca de 171,5 metros, se proclaman campeones de Europa, ambos con R\u00e9cords Mundiales en la modalidad de apnea Jump Blue en la jornada final de esta modalidad en el 2do Campeonato Europeo\u2026","rel":"","context":"En \u00abApnea\u00bb","block_context":{"text":"Apnea","link":"https:\/\/www.sportalsub.net\/blog\/category\/modalidades\/apnea\/"},"img":{"alt_text":"","src":"https:\/\/i0.wp.com\/www.sportalsub.net\/blog\/wp-content\/uploads\/2010\/10\/tenerife2010.jpg?resize=350%2C200&ssl=1","width":350,"height":200,"srcset":"https:\/\/i0.wp.com\/www.sportalsub.net\/blog\/wp-content\/uploads\/2010\/10\/tenerife2010.jpg?resize=350%2C200&ssl=1 1x, https:\/\/i0.wp.com\/www.sportalsub.net\/blog\/wp-content\/uploads\/2010\/10\/tenerife2010.jpg?resize=525%2C300&ssl=1 1.5x"},"classes":[]},{"id":14136,"url":"https:\/\/www.sportalsub.net\/blog\/inicia-el-campeonato-europeo-apnea-cmas-turquia-2012\/","url_meta":{"origin":18757,"position":1},"title":"\ud83c\uddf9\ud83c\uddf7 Inicia el Campeonato Europeo de Apnea CMAS Turqu\u00eda 2012","author":"Sportalsub.net","date":"30 octubre 2012","format":false,"excerpt":"(Especial Sportalsub.net \/ CMAS) Este martes 30 de octubre inician las competencias del 3er Campeonato Europeo de Apnea de la Confederaci\u00f3n Mundial de Actividades Subacu\u00e1ticas, que se llevar\u00e1 a cabo hasta el 3 de octubre en Antalya, Turqu\u00eda, en el que participar\u00e1n 47 atletas de 8 pa\u00edses europeos: Croacia, Turqu\u00eda,\u2026","rel":"","context":"En \u00abApnea\u00bb","block_context":{"text":"Apnea","link":"https:\/\/www.sportalsub.net\/blog\/category\/modalidades\/apnea\/"},"img":{"alt_text":"","src":"https:\/\/i0.wp.com\/www.sportalsub.net\/blog\/wp-content\/uploads\/2012\/10\/europeoapneacmas2012.jpg?resize=350%2C200&ssl=1","width":350,"height":200,"srcset":"https:\/\/i0.wp.com\/www.sportalsub.net\/blog\/wp-content\/uploads\/2012\/10\/europeoapneacmas2012.jpg?resize=350%2C200&ssl=1 1x, https:\/\/i0.wp.com\/www.sportalsub.net\/blog\/wp-content\/uploads\/2012\/10\/europeoapneacmas2012.jpg?resize=525%2C300&ssl=1 1.5x"},"classes":[]},{"id":6374,"url":"https:\/\/www.sportalsub.net\/blog\/resultados-finales-apnea-dinamica-en-el-2do-campeonato-europeo-cmas\/","url_meta":{"origin":18757,"position":2},"title":"\ud83c\uddea\ud83c\uddf8 Resultados finales Apnea Din\u00e1mica en el 2do Campeonato Europeo CMAS","author":"Sportalsub.net","date":"12 octubre 2010","format":false,"excerpt":"(Especial Sportalsub.net) Goran Colak, de Croacia, con una marca de 230 metros y 51 cent\u00edmetros y Natalia Babich, de Rusia con 193,59 metros\u00a0; se proclamaron Campeones de Europa en la modalidad de Apnea Din\u00e1mica en el 2do Campeonato Europeo Open CMAS realizado del 7 al 12 de octubre en Tenerife,\u2026","rel":"","context":"En \u00abApnea\u00bb","block_context":{"text":"Apnea","link":"https:\/\/www.sportalsub.net\/blog\/category\/modalidades\/apnea\/"},"img":{"alt_text":"","src":"https:\/\/i0.wp.com\/www.sportalsub.net\/blog\/wp-content\/uploads\/2010\/10\/apneadinamicaeuropeocmas.jpg?resize=350%2C200&ssl=1","width":350,"height":200,"srcset":"https:\/\/i0.wp.com\/www.sportalsub.net\/blog\/wp-content\/uploads\/2010\/10\/apneadinamicaeuropeocmas.jpg?resize=350%2C200&ssl=1 1x, https:\/\/i0.wp.com\/www.sportalsub.net\/blog\/wp-content\/uploads\/2010\/10\/apneadinamicaeuropeocmas.jpg?resize=525%2C300&ssl=1 1.5x"},"classes":[]},{"id":10771,"url":"https:\/\/www.sportalsub.net\/blog\/resultados-finales-apnea-jump-blue-campeonato-mundial-cmas-tenerife-2011\/","url_meta":{"origin":18757,"position":3},"title":"\ud83c\uddea\ud83c\uddf8 Resultados Finales Apnea Jump Blue. Campeonato Mundial CMAS Tenerife 2011","author":"Sportalsub.net","date":"5 septiembre 2011","format":false,"excerpt":"Alfredo Rosado de Ecuador, medalla de Plata en Jump Blue. Mundial Apnea CMAS Tenerife 2011. (Especial Sportalsub.net) Este domingo 4 de septiembre culmin\u00f3 con las finales de la prueba de Jump Blue el VI Campeonato Mundial de Apnea de la Confederaci\u00f3n Mundial de Actividades Subacu\u00e1ticas (CMAS) realizado en Tenerife, Espa\u00f1a.\u2026","rel":"","context":"En \u00abApnea\u00bb","block_context":{"text":"Apnea","link":"https:\/\/www.sportalsub.net\/blog\/category\/modalidades\/apnea\/"},"img":{"alt_text":"","src":"https:\/\/i0.wp.com\/www.sportalsub.net\/blog\/wp-content\/uploads\/2011\/09\/alfredo-ecuador.jpg?resize=350%2C200&ssl=1","width":350,"height":200,"srcset":"https:\/\/i0.wp.com\/www.sportalsub.net\/blog\/wp-content\/uploads\/2011\/09\/alfredo-ecuador.jpg?resize=350%2C200&ssl=1 1x, https:\/\/i0.wp.com\/www.sportalsub.net\/blog\/wp-content\/uploads\/2011\/09\/alfredo-ecuador.jpg?resize=525%2C300&ssl=1 1.5x"},"classes":[]},{"id":10355,"url":"https:\/\/www.sportalsub.net\/blog\/6to-campeonato-mundial-de-apnea-cmas-tenerife-2011\/","url_meta":{"origin":18757,"position":4},"title":"\ud83c\uddea\ud83c\uddf8 6to Campeonato Mundial de Apnea CMAS &#8211; Tenerife 2011","author":"Sportalsub.net","date":"12 agosto 2011","format":false,"excerpt":"(Especial Sportalsub.net \/ FEDAS) Ya se ha dado a conocer el afiche y programa oficial del VI Campeonato Mundial de Apnea de la Confederaci\u00f3n Mundial de Actividades Subacu\u00e1ticas, a realizarse en aguas de Tenerife, Espa\u00f1a del 29 de agosto al 4 de septiembre de 2011. El evento organizado por la\u2026","rel":"","context":"En \u00abApnea\u00bb","block_context":{"text":"Apnea","link":"https:\/\/www.sportalsub.net\/blog\/category\/modalidades\/apnea\/"},"img":{"alt_text":"","src":"https:\/\/i0.wp.com\/www.sportalsub.net\/blog\/wp-content\/uploads\/2013\/11\/bannertenerife.jpg?resize=350%2C200&ssl=1","width":350,"height":200,"srcset":"https:\/\/i0.wp.com\/www.sportalsub.net\/blog\/wp-content\/uploads\/2013\/11\/bannertenerife.jpg?resize=350%2C200&ssl=1 1x, https:\/\/i0.wp.com\/www.sportalsub.net\/blog\/wp-content\/uploads\/2013\/11\/bannertenerife.jpg?resize=525%2C300&ssl=1 1.5x"},"classes":[]},{"id":14163,"url":"https:\/\/www.sportalsub.net\/blog\/6-nuevos-records-mundiales-en-campeonato-europeo-de-apnea-cmas-turquia-2012\/","url_meta":{"origin":18757,"position":5},"title":"\ud83c\uddf9\ud83c\uddf7 6 Nuevos R\u00e9cords Mundiales en Campeonato Europeo de Apnea CMAS Turqu\u00eda 2012","author":"Sportalsub.net","date":"6 noviembre 2012","format":false,"excerpt":"(Especial Sportalsub.net \/ CMAS) Este domingo 4 de noviembre culmin\u00f3 el 3er Campeonato Europeo de Apnea de la Confederaci\u00f3n Mundial de Actividades Subacu\u00e1ticas (CMAS) llevado a cabo en Antalya, Turqu\u00eda, en el cual se implantaron 6 nuevos r\u00e9cords mundiales en las 3 modalidades de competencia en ambos g\u00e9neros, destacando la\u2026","rel":"","context":"En \u00abApnea\u00bb","block_context":{"text":"Apnea","link":"https:\/\/www.sportalsub.net\/blog\/category\/modalidades\/apnea\/"},"img":{"alt_text":"","src":"https:\/\/i0.wp.com\/www.sportalsub.net\/blog\/wp-content\/uploads\/2012\/11\/europeoapneacmas2012-final.jpg?resize=350%2C200&ssl=1","width":350,"height":200,"srcset":"https:\/\/i0.wp.com\/www.sportalsub.net\/blog\/wp-content\/uploads\/2012\/11\/europeoapneacmas2012-final.jpg?resize=350%2C200&ssl=1 1x, https:\/\/i0.wp.com\/www.sportalsub.net\/blog\/wp-content\/uploads\/2012\/11\/europeoapneacmas2012-final.jpg?resize=525%2C300&ssl=1 1.5x"},"classes":[]}],"_links":{"self":[{"href":"https:\/\/www.sportalsub.net\/blog\/wp-json\/wp\/v2\/posts\/18757","targetHints":{"allow":["GET"]}}],"collection":[{"href":"https:\/\/www.sportalsub.net\/blog\/wp-json\/wp\/v2\/posts"}],"about":[{"href":"https:\/\/www.sportalsub.net\/blog\/wp-json\/wp\/v2\/types\/post"}],"author":[{"embeddable":true,"href":"https:\/\/www.sportalsub.net\/blog\/wp-json\/wp\/v2\/users\/1"}],"replies":[{"embeddable":true,"href":"https:\/\/www.sportalsub.net\/blog\/wp-json\/wp\/v2\/comments?post=18757"}],"version-history":[{"count":0,"href":"https:\/\/www.sportalsub.net\/blog\/wp-json\/wp\/v2\/posts\/18757\/revisions"}],"wp:featuredmedia":[{"embeddable":true,"href":"https:\/\/www.sportalsub.net\/blog\/wp-json\/wp\/v2\/media\/18804"}],"wp:attachment":[{"href":"https:\/\/www.sportalsub.net\/blog\/wp-json\/wp\/v2\/media?parent=18757"}],"wp:term":[{"taxonomy":"category","embeddable":true,"href":"https:\/\/www.sportalsub.net\/blog\/wp-json\/wp\/v2\/categories?post=18757"},{"taxonomy":"post_tag","embeddable":true,"href":"https:\/\/www.sportalsub.net\/blog\/wp-json\/wp\/v2\/tags?post=18757"}],"curies":[{"name":"wp","href":"https:\/\/api.w.org\/{rel}","templated":true}]}}