{"id":19131,"date":"2014-12-08T04:53:09","date_gmt":"2014-12-08T09:23:09","guid":{"rendered":"http:\/\/www.sportalsub.net\/blog\/?p=19131"},"modified":"2019-09-01T00:03:05","modified_gmt":"2019-09-01T04:03:05","slug":"resultados-del-dia-7-de-la-competencia-internacional-de-apnea-vertical-blue-2014","status":"publish","type":"post","link":"https:\/\/www.sportalsub.net\/blog\/vertical-blue-2014-dia-7","title":{"rendered":"\ud83c\udde7\ud83c\uddf8 Resultados del d\u00eda 7 de la Competencia Internacional de Apnea Vertical Blue 2014"},"content":{"rendered":"<p><a href=\"http:\/\/www.sportalsub.net\/blog\/wp-content\/uploads\/2014\/12\/verticalblue2014-dia7.jpg\" target=\"_blank\"><img loading=\"lazy\" decoding=\"async\" class=\"alignnone size-full wp-image-19132\" src=\"http:\/\/www.sportalsub.net\/blog\/wp-content\/uploads\/2014\/12\/verticalblue2014-dia7.jpg\" alt=\"verticalblue2014-dia7\" width=\"600\" height=\"268\" srcset=\"https:\/\/www.sportalsub.net\/blog\/wp-content\/uploads\/2014\/12\/verticalblue2014-dia7.jpg 600w, https:\/\/www.sportalsub.net\/blog\/wp-content\/uploads\/2014\/12\/verticalblue2014-dia7-300x134.jpg 300w, https:\/\/www.sportalsub.net\/blog\/wp-content\/uploads\/2014\/12\/verticalblue2014-dia7-364x164.jpg 364w\" sizes=\"auto, (max-width: 600px) 100vw, 600px\" \/><\/a><\/p>\n<p>(Sportalsub.net \/ Vertical Blue)<\/p>\n<p>Del 27 de noviembre al 5 de diciembre de 2014 se llev\u00f3 a cabo en el\u00a0<a href=\"http:\/\/events.verticalblue.net\/deans-blue-hole\/\" target=\"_blank\" rel=\"noopener noreferrer\" target=\"_blank\">Dean\u2019s Blue Hole, Bahamas<\/a>\u00a0la competencia internacional de apnea, Vertical Blue 2014, una de las m\u00e1s prestigiosas a nivel mundial.<\/p>\n<p>En la s\u00e9ptima y \u00faltima\u00a0jornada realizada el viernes 5\u00a0de diciembre se implantaron 3\u00a0nuevos r\u00e9cords nacionales:<\/p>\n<ul>\n<li>Kate Middleton de Nueva Zelanda con 73 metros en inmersi\u00f3n libre<\/li>\n<li>Pascal Bergel de Suiza con 67 metros en peso constante sin aletas<\/li>\n<li>Simon Bennet de Chile con 51 metros en peso constante sin aletas<\/li>\n<\/ul>\n<p>Por su parte el resto de los latinoamericanos realizaron\u00a0los siguientes desempe\u00f1os en la jornada<\/p>\n<ul>\n<li>Estrella Navarro de M\u00e9xico con 49 metros en peso constante sin aletas<\/li>\n<li>Iru Balic de Venezuela\u00a034\u00a0metros en peso constante sin aletas con penalizaci\u00f3n por regresarse antes de la marca anunciada de 40 metros<\/li>\n<\/ul>\n<p>&nbsp;<\/p>\n<p><a href=\"http:\/\/2014.verticalblue.net\/results\/?action=days&amp;day=7\" target=\"_blank\" rel=\"noopener noreferrer\" target=\"_blank\"><strong>Resultados D\u00eda 7\u2013 5\/12\/2014<\/strong><\/a><\/p>\n<p><a href=\"http:\/\/2014.verticalblue.net\/results\/?action=days&amp;day=7\" target=\"_blank\" rel=\"noopener noreferrer\" target=\"_blank\"><img decoding=\"async\" src=\"http:\/\/www.sportalsub.net\/blog\/wp-content\/uploads\/2014\/12\/resultadosvertical7.jpg\" alt=\"\" \/><\/a><\/p>\n<p>M\u00e1s informaci\u00f3n en el sitio web oficial: \u00a0<a href=\"http:\/\/2014.verticalblue.net\/\" target=\"_blank\" rel=\"noopener noreferrer\" target=\"_blank\">http:\/\/2014.verticalblue.net\/<\/a><\/p>\n<p>Redes Sociales:\u00a0Facebook:\u00a0<a href=\"https:\/\/www.facebook.com\/verticalblue\" target=\"_blank\" rel=\"noopener noreferrer\" target=\"_blank\">VerticalBlue<\/a>\u00a0\/ Twitter: <a href=\"https:\/\/twitter.com\/Vertical_Blue\" target=\"_blank\" rel=\"noopener noreferrer\" target=\"_blank\">@vertical_blue<\/a>\u00a0\/ Youtube:\u00a0<a href=\"https:\/\/www.youtube.com\/user\/VBFreediving\" target=\"_blank\" rel=\"noopener noreferrer\" target=\"_blank\">VBFreediving<\/a><\/p>\n<p>Sigue a los\u00a0apneistas latinoamericanos en el evento por nuestro sitio web <a href=\"https:\/\/www.facebook.com\/sportalsub\"class=\"profileLink\"  target=\"_blank\" rel=\"noopener noreferrer\" data-hovercard=\"\/ajax\/hovercard\/page.php?id=72773737064\" target=\"_blank\">Sportalsub.net<\/a>. Por Venezuela est\u00e1n\u00a0<a href=\"https:\/\/www.facebook.com\/iru.balic.1\"class=\"profileLink\"  target=\"_blank\" rel=\"noopener noreferrer\" data-hovercard=\"\/ajax\/hovercard\/user.php?id=721540281\" target=\"_blank\">Iru Balic<\/a> <a href=\"https:\/\/www.facebook.com\/karla.mendez.14606\"class=\"profileLink\"  target=\"_blank\" rel=\"noopener noreferrer\" data-hovercard=\"\/ajax\/hovercard\/user.php?id=535141401\" target=\"_blank\">Karla Mendez<\/a> y <a href=\"https:\/\/www.facebook.com\/carlos.coste\"class=\"profileLink\"  target=\"_blank\" rel=\"noopener noreferrer\" data-hovercard=\"\/ajax\/hovercard\/user.php?id=604370988\" target=\"_blank\">Carlos Coste<\/a>. M\u00e9xico presente con <a href=\"https:\/\/www.facebook.com\/estrella.navarroholm\"class=\"profileLink\"  target=\"_blank\" rel=\"noopener noreferrer\" data-hovercard=\"\/ajax\/hovercard\/user.php?id=653051550\" target=\"_blank\">Estrella Navarro Holm<\/a> y <a href=\"https:\/\/www.facebook.com\/acualemus22\"class=\"profileLink\"  target=\"_blank\" rel=\"noopener noreferrer\" data-hovercard=\"\/ajax\/hovercard\/user.php?id=1063993111\" target=\"_blank\">Alejandro Lemus<\/a>. Por Chile est\u00e1 <a href=\"https:\/\/www.facebook.com\/simonbennettr\"class=\"profileLink\"  target=\"_blank\" rel=\"noopener noreferrer\" data-hovercard=\"\/ajax\/hovercard\/user.php?id=1038502867\" target=\"_blank\">Simon Bennett<\/a> mientras que por Espa\u00f1a compite\u00a0<a href=\"https:\/\/www.facebook.com\/miguel.lozano.376\"class=\"profileLink\"  target=\"_blank\" rel=\"noopener noreferrer\" data-hovercard=\"\/ajax\/hovercard\/user.php?id=100000274908641\" target=\"_blank\">Miguel Lozano<\/a>. \u00c9xito a los representantes de habla hispana en este importante evento\u00a0<a href=\"https:\/\/www.facebook.com\/hashtag\/sersubacuatico?source=feed_text&amp;story_id=10152757539227025\"class=\"_58cn\"  target=\"_blank\" rel=\"noopener noreferrer\" data-ft=\"{&quot;tn&quot;:&quot;*N&quot;,&quot;type&quot;:104}\" target=\"_blank\"><span class=\"_58cl\">\u202a#\u200e<\/span><span class=\"_58cm\">sersubacuatico\u202c<\/span><\/a> <a href=\"https:\/\/www.facebook.com\/hashtag\/vb2014?source=feed_text&amp;story_id=10152757539227025\"class=\"_58cn\"  target=\"_blank\" rel=\"noopener noreferrer\" data-ft=\"{&quot;tn&quot;:&quot;*N&quot;,&quot;type&quot;:104}\" target=\"_blank\"><span class=\"_58cl\">\u202a#\u200e<\/span><span class=\"_58cm\">vb2014\u202c<\/span><\/a><\/p>\n<p><img loading=\"lazy\" decoding=\"async\" class=\"alignnone size-full wp-image-18873\" src=\"http:\/\/www.sportalsub.net\/blog\/wp-content\/uploads\/2014\/10\/vb2014.png\" alt=\"vb2014\" width=\"431\" height=\"321\" srcset=\"https:\/\/www.sportalsub.net\/blog\/wp-content\/uploads\/2014\/10\/vb2014.png 431w, https:\/\/www.sportalsub.net\/blog\/wp-content\/uploads\/2014\/10\/vb2014-300x223.png 300w\" sizes=\"auto, (max-width: 431px) 100vw, 431px\" \/><\/p>\n<p><strong>Publicado por:<\/strong><\/p>\n<p><img loading=\"lazy\" decoding=\"async\" title=\"miguel\" src=\"http:\/\/www.sportalsub.net\/blog\/wp-content\/uploads\/2012\/05\/miguel-150x150.jpg\" alt=\"\" width=\"80\" height=\"80\" \/><\/p>\n<p><strong>Miguel Alberto Cede\u00f1o Ortiz (Venezuela)\u00a0<strong><img loading=\"lazy\" decoding=\"async\" src=\"http:\/\/es.fifa.com\/imgml\/flags\/s\/ven.gif\" alt=\"chi Eventos\" width=\"19\" height=\"13\" \/><br \/>\n<\/strong><\/strong>Nacido y residenciado en Caracas, Venezuela es el creador, director y editor de Sportalsub.net. Su experiencia como deportista, entrenador, juez y dirigente de las actividades subacu\u00e1ticas le han permitido establecer una red de contactos en todo el mundo para dar a conocer e informar todas las novedades sobre el deporte subacu\u00e1tico en habla hispana.<br \/>\n<strong><strong><a href=\"http:\/\/www.facebook.com\/miguelsportsub\" target=\"_blank\" rel=\"noopener noreferrer\" target=\"_blank\"><img decoding=\"async\" src=\"http:\/\/www.sportalsub.net\/blog\/wp-content\/uploads\/2009\/12\/fb.png\" alt=\"Facebook\" \/><\/a>\u00a0<\/strong><strong><a href=\"http:\/\/www.twitter.com\/miguelsportsub\" target=\"_blank\" rel=\"noopener noreferrer\" target=\"_blank\"><img decoding=\"async\" src=\"http:\/\/www.sportalsub.net\/blog\/wp-content\/uploads\/2009\/12\/twitter.png\" alt=\"Twitter\" \/><\/a><\/strong><\/strong><\/p>\n","protected":false},"excerpt":{"rendered":"<p>(Sportalsub.net \/ Vertical Blue) Del 27 de noviembre al 5 de diciembre de 2014 se llev\u00f3 a cabo en el\u00a0Dean\u2019s Blue Hole, Bahamas\u00a0la competencia internacional de apnea, Vertical Blue 2014, una de las m\u00e1s prestigiosas a nivel mundial. En la s\u00e9ptima y \u00faltima\u00a0jornada realizada el viernes 5\u00a0de diciembre se implantaron 3\u00a0nuevos r\u00e9cords nacionales: Kate Middleton de Nueva Zelanda con 73 [&#8230;]<\/p>\n","protected":false},"author":1,"featured_media":19132,"comment_status":"open","ping_status":"closed","sticky":false,"template":"","format":"standard","meta":{"_lmt_disableupdate":"","_lmt_disable":"","jetpack_post_was_ever_published":false,"_jetpack_newsletter_access":"","_jetpack_dont_email_post_to_subs":false,"_jetpack_newsletter_tier_id":0,"_jetpack_memberships_contains_paywalled_content":false,"_jetpack_memberships_contains_paid_content":false,"footnotes":"","jetpack_publicize_message":"Resultados del d\u00eda 7 de la Competencia Internacional de Apnea Vertical Blue 2014","jetpack_publicize_feature_enabled":true,"jetpack_social_post_already_shared":true,"jetpack_social_options":{"image_generator_settings":{"template":"highway","default_image_id":0,"font":"","enabled":false},"version":2}},"categories":[9,302,83,98,266,50,120,242,8,344],"tags":[],"class_list":["post-19131","post","type-post","status-publish","format-standard","has-post-thumbnail","hentry","category-apnea","category-bahamas","category-chile","category-mexico","category-nueva-zelanda","category-records","category-resultados","category-suiza","category-venezuela","category-vertical-blue-2014"],"modified_by":"Sportalsub.net","views":4002,"jetpack_publicize_connections":[],"jetpack_featured_media_url":"https:\/\/www.sportalsub.net\/blog\/wp-content\/uploads\/2014\/12\/verticalblue2014-dia7.jpg","jetpack_sharing_enabled":true,"jetpack_shortlink":"https:\/\/wp.me\/pf9lN-4Yz","jetpack_likes_enabled":false,"jetpack-related-posts":[{"id":19108,"url":"https:\/\/www.sportalsub.net\/blog\/vertical-blue-2014-dia-5","url_meta":{"origin":19131,"position":0},"title":"\ud83c\udde7\ud83c\uddf8 6 r\u00e9cords en quinto d\u00eda de la Competencia Internacional de Apnea Vertical Blue 2014","author":"Sportalsub.net","date":"3 diciembre 2014","format":false,"excerpt":"(Sportalsub.net \/ Vertical Blue) Del 27 de noviembre al 5 de diciembre de 2014 se lleva a cabo en el\u00a0Dean\u2019s Blue Hole, Bahamas\u00a0la competencia internacional de apnea, Vertical Blue 2014, una de las m\u00e1s prestigiosas a nivel mundial. En la quinta\u00a0jornada realizada este martes 2\u00a0de diciembre se implantaron 6\u00a0nuevos r\u00e9cords\u2026","rel":"","context":"En \u00abApnea\u00bb","block_context":{"text":"Apnea","link":"https:\/\/www.sportalsub.net\/blog\/category\/modalidades\/apnea\/"},"img":{"alt_text":"","src":"https:\/\/i0.wp.com\/www.sportalsub.net\/blog\/wp-content\/uploads\/2014\/12\/verticalblue2014-dia5.jpg?resize=350%2C200&ssl=1","width":350,"height":200,"srcset":"https:\/\/i0.wp.com\/www.sportalsub.net\/blog\/wp-content\/uploads\/2014\/12\/verticalblue2014-dia5.jpg?resize=350%2C200&ssl=1 1x, https:\/\/i0.wp.com\/www.sportalsub.net\/blog\/wp-content\/uploads\/2014\/12\/verticalblue2014-dia5.jpg?resize=525%2C300&ssl=1 1.5x"},"classes":[]},{"id":19085,"url":"https:\/\/www.sportalsub.net\/blog\/vertical-blue-2014-dia-4","url_meta":{"origin":19131,"position":1},"title":"\ud83c\udde7\ud83c\uddf8 Resultados del cuarto d\u00eda de la Competencia Internacional de Apnea Vertical Blue 2014","author":"Sportalsub.net","date":"2 diciembre 2014","format":false,"excerpt":"(Sportalsub.net \/ Vertical Blue) Del 27 de noviembre al 5 de diciembre de 2014 se lleva a cabo en el\u00a0Dean\u2019s Blue Hole, Bahamas\u00a0la competencia internacional de apnea, Vertical Blue 2014, una de las m\u00e1s prestigiosas a nivel mundial. En la cuarta\u00a0jornada realizada este lunes 1 de diciembre se implantaron 5\u00a0nuevos\u2026","rel":"","context":"En \u00abApnea\u00bb","block_context":{"text":"Apnea","link":"https:\/\/www.sportalsub.net\/blog\/category\/modalidades\/apnea\/"},"img":{"alt_text":"","src":"https:\/\/i0.wp.com\/www.sportalsub.net\/blog\/wp-content\/uploads\/2014\/12\/verticalblue2014-dia4.jpg?resize=350%2C200&ssl=1","width":350,"height":200,"srcset":"https:\/\/i0.wp.com\/www.sportalsub.net\/blog\/wp-content\/uploads\/2014\/12\/verticalblue2014-dia4.jpg?resize=350%2C200&ssl=1 1x, https:\/\/i0.wp.com\/www.sportalsub.net\/blog\/wp-content\/uploads\/2014\/12\/verticalblue2014-dia4.jpg?resize=525%2C300&ssl=1 1.5x"},"classes":[]},{"id":19071,"url":"https:\/\/www.sportalsub.net\/blog\/vertical-blue-2014-dia-2","url_meta":{"origin":19131,"position":2},"title":"\ud83c\udde7\ud83c\uddf8 3 R\u00e9cords en segundo d\u00eda de la Competencia Internacional de Apnea Vertical Blue 2014","author":"Sportalsub.net","date":"29 noviembre 2014","format":false,"excerpt":"(Sportalsub.net \/ Vertical Blue) Del 27 de noviembre al 5 de diciembre de 2014 se lleva a cabo en el\u00a0Dean\u2019s Blue Hole, Bahamas\u00a0la competencia internacional de apnea, Vertical Blue 2014, una de las m\u00e1s prestigiosas a nivel mundial. En la segunda\u00a0jornada realizada este viernes 28 de noviembre se implantaron 3\u2026","rel":"","context":"En \u00abApnea\u00bb","block_context":{"text":"Apnea","link":"https:\/\/www.sportalsub.net\/blog\/category\/modalidades\/apnea\/"},"img":{"alt_text":"","src":"https:\/\/i0.wp.com\/www.sportalsub.net\/blog\/wp-content\/uploads\/2014\/11\/verticalblue2014-dia2.jpg?resize=350%2C200&ssl=1","width":350,"height":200,"srcset":"https:\/\/i0.wp.com\/www.sportalsub.net\/blog\/wp-content\/uploads\/2014\/11\/verticalblue2014-dia2.jpg?resize=350%2C200&ssl=1 1x, https:\/\/i0.wp.com\/www.sportalsub.net\/blog\/wp-content\/uploads\/2014\/11\/verticalblue2014-dia2.jpg?resize=525%2C300&ssl=1 1.5x"},"classes":[]},{"id":19055,"url":"https:\/\/www.sportalsub.net\/blog\/vertical-blue-2014-dia-1","url_meta":{"origin":19131,"position":3},"title":"\ud83c\udde7\ud83c\uddf8 7 R\u00e9cords en el primer d\u00eda de la Competencia Internacional de Apnea Vertical Blue 2014","author":"Sportalsub.net","date":"27 noviembre 2014","format":false,"excerpt":"(Sportalsub.net \/ Vertical Blue) Del 27 de noviembre al 5 de diciembre de 2014 se lleva a cabo en el\u00a0Dean's Blue Hole, Bahamas\u00a0la competencia internacional de apnea, Vertical Blue 2014, una de las m\u00e1s prestigiosas a nivel mundial. En la primera jornada realizada este jueves 27 de noviembre se implantaron\u2026","rel":"","context":"En \u00abApnea\u00bb","block_context":{"text":"Apnea","link":"https:\/\/www.sportalsub.net\/blog\/category\/modalidades\/apnea\/"},"img":{"alt_text":"","src":"https:\/\/i0.wp.com\/www.sportalsub.net\/blog\/wp-content\/uploads\/2014\/11\/verticalblue2014-dia1.jpg?resize=350%2C200&ssl=1","width":350,"height":200,"srcset":"https:\/\/i0.wp.com\/www.sportalsub.net\/blog\/wp-content\/uploads\/2014\/11\/verticalblue2014-dia1.jpg?resize=350%2C200&ssl=1 1x, https:\/\/i0.wp.com\/www.sportalsub.net\/blog\/wp-content\/uploads\/2014\/11\/verticalblue2014-dia1.jpg?resize=525%2C300&ssl=1 1.5x"},"classes":[]},{"id":19117,"url":"https:\/\/www.sportalsub.net\/blog\/vertical-blue-2014-dia-6","url_meta":{"origin":19131,"position":4},"title":"\ud83c\udde7\ud83c\uddf8 7 r\u00e9cords en sexto d\u00eda de la Competencia Internacional de Apnea Vertical Blue 2014","author":"Sportalsub.net","date":"5 diciembre 2014","format":false,"excerpt":"(Sportalsub.net \/ Vertical Blue) Del 27 de noviembre al 5 de diciembre de 2014 se lleva a cabo en el\u00a0Dean\u2019s Blue Hole, Bahamas\u00a0la competencia internacional de apnea, Vertical Blue 2014, una de las m\u00e1s prestigiosas a nivel mundial. En la sexta\u00a0jornada realizada este jueves\u00a04\u00a0de diciembre se implantaron 7\u00a0nuevos r\u00e9cords nacionales:\u2026","rel":"","context":"En \u00abApnea\u00bb","block_context":{"text":"Apnea","link":"https:\/\/www.sportalsub.net\/blog\/category\/modalidades\/apnea\/"},"img":{"alt_text":"","src":"https:\/\/i0.wp.com\/www.sportalsub.net\/blog\/wp-content\/uploads\/2014\/12\/verticalblue2014-dia6.jpg?resize=350%2C200&ssl=1","width":350,"height":200,"srcset":"https:\/\/i0.wp.com\/www.sportalsub.net\/blog\/wp-content\/uploads\/2014\/12\/verticalblue2014-dia6.jpg?resize=350%2C200&ssl=1 1x, https:\/\/i0.wp.com\/www.sportalsub.net\/blog\/wp-content\/uploads\/2014\/12\/verticalblue2014-dia6.jpg?resize=525%2C300&ssl=1 1.5x"},"classes":[]},{"id":16308,"url":"https:\/\/www.sportalsub.net\/blog\/resultados-dia-1-competencia-internacional-de-apnea-en-bahamas-vertical-blue-2013\/","url_meta":{"origin":19131,"position":5},"title":"\ud83c\udde7\ud83c\uddf8 Resultados D\u00eda 1 Competencia Internacional de Apnea en Bahamas Vertical Blue 2013","author":"Sportalsub.net","date":"10 noviembre 2013","format":false,"excerpt":"Simon Bennet de Chile, R\u00e9cord Nacional Peso Constante sin aletas -45mts (Especial Sportalsub.net \/ Vertical Blue) Este s\u00e1bado 9 de noviembre inici\u00f3 la\u00a0Competencia Internacional de Apnea\u00a0Vertical Blue 2013 en Islas Bahamas. En la jornada, destac\u00f3 el apneista de Chile Simon Bennet, quien logr\u00f3 un nuevo r\u00e9cord nacional para su pa\u00eds\u2026","rel":"","context":"En \u00abApnea\u00bb","block_context":{"text":"Apnea","link":"https:\/\/www.sportalsub.net\/blog\/category\/modalidades\/apnea\/"},"img":{"alt_text":"","src":"https:\/\/i0.wp.com\/www.sportalsub.net\/blog\/wp-content\/uploads\/2013\/11\/simon-bennet.jpg?resize=350%2C200&ssl=1","width":350,"height":200},"classes":[]}],"_links":{"self":[{"href":"https:\/\/www.sportalsub.net\/blog\/wp-json\/wp\/v2\/posts\/19131","targetHints":{"allow":["GET"]}}],"collection":[{"href":"https:\/\/www.sportalsub.net\/blog\/wp-json\/wp\/v2\/posts"}],"about":[{"href":"https:\/\/www.sportalsub.net\/blog\/wp-json\/wp\/v2\/types\/post"}],"author":[{"embeddable":true,"href":"https:\/\/www.sportalsub.net\/blog\/wp-json\/wp\/v2\/users\/1"}],"replies":[{"embeddable":true,"href":"https:\/\/www.sportalsub.net\/blog\/wp-json\/wp\/v2\/comments?post=19131"}],"version-history":[{"count":0,"href":"https:\/\/www.sportalsub.net\/blog\/wp-json\/wp\/v2\/posts\/19131\/revisions"}],"wp:featuredmedia":[{"embeddable":true,"href":"https:\/\/www.sportalsub.net\/blog\/wp-json\/wp\/v2\/media\/19132"}],"wp:attachment":[{"href":"https:\/\/www.sportalsub.net\/blog\/wp-json\/wp\/v2\/media?parent=19131"}],"wp:term":[{"taxonomy":"category","embeddable":true,"href":"https:\/\/www.sportalsub.net\/blog\/wp-json\/wp\/v2\/categories?post=19131"},{"taxonomy":"post_tag","embeddable":true,"href":"https:\/\/www.sportalsub.net\/blog\/wp-json\/wp\/v2\/tags?post=19131"}],"curies":[{"name":"wp","href":"https:\/\/api.w.org\/{rel}","templated":true}]}}