{"id":19172,"date":"2014-12-11T08:39:22","date_gmt":"2014-12-11T13:09:22","guid":{"rendered":"http:\/\/www.sportalsub.net\/blog\/?p=19172"},"modified":"2019-08-30T07:09:25","modified_gmt":"2019-08-30T11:09:25","slug":"se-reorganiza-la-federacion-mexicana-de-actividades-subacuaticas","status":"publish","type":"post","link":"https:\/\/www.sportalsub.net\/blog\/se-reorganiza-fmas","title":{"rendered":"\ud83c\uddf2\ud83c\uddfd Se reorganiza la Federaci\u00f3n Mexicana de Actividades Subacu\u00e1ticas"},"content":{"rendered":"<p><a href=\"http:\/\/www.sportalsub.net\/blog\/wp-content\/uploads\/2014\/12\/fmas2015.jpg\" target=\"_blank\"><img loading=\"lazy\" decoding=\"async\" class=\"alignnone wp-image-19173\" src=\"http:\/\/www.sportalsub.net\/blog\/wp-content\/uploads\/2014\/12\/fmas2015.jpg\" alt=\"fmas2015\" width=\"600\" height=\"400\" srcset=\"https:\/\/www.sportalsub.net\/blog\/wp-content\/uploads\/2014\/12\/fmas2015.jpg 800w, https:\/\/www.sportalsub.net\/blog\/wp-content\/uploads\/2014\/12\/fmas2015-768x512.jpg 768w, https:\/\/www.sportalsub.net\/blog\/wp-content\/uploads\/2014\/12\/fmas2015-300x200.jpg 300w, https:\/\/www.sportalsub.net\/blog\/wp-content\/uploads\/2014\/12\/fmas2015-177x118.jpg 177w\" sizes=\"auto, (max-width: 600px) 100vw, 600px\" \/><\/a><\/p>\n<p>(Sportalsub.net \/ FMAS)<\/p>\n<p>Cozumel, Quintana Roo. A 10 de diciembre de 2014. La Federaci\u00f3n Mexicana de Actividades Subacu\u00e1ticas (FMAS) cerrar\u00e1 el 2014 con una reorganizaci\u00f3n interna con intenso trabajo en la temporada en la parte deportiva a trav\u00e9s de la organizaci\u00f3n del Campeonato Panamericano de Nado con Aletas y Apnea en M\u00e9xico y la presencia de atletas mexicanos en eventos de talla mundial, inform\u00f3 Rogelio Flores Aguilera en el marco del Congreso T\u00e9cnico celebrado del 7 al 10 de diciembre en esta isla.<\/p>\n<p>La FMAS decidi\u00f3 realizar el Congreso T\u00e9cnico anual en colaboraci\u00f3n con Scuba Fest, festival de actividades subacu\u00e1ticas, evento que se ha celebrado en Cozumel en los \u00faltimos tres a\u00f1os, coment\u00f3 el entrevistado.<\/p>\n<p>El titular de este organismo, a\u00f1adi\u00f3: \u201cEn esta reuni\u00f3n nacional evaluamos las actividades de los diferentes comit\u00e9s que integran FMAS y al final se determin\u00f3 en consenso el programa de actividades 2015, el cual todav\u00eda tendr\u00e1 algunos ajustes con la finalidad de ponerlos en consideraci\u00f3n de la Comisi\u00f3n Nacional de Cultura F\u00edsica y Deporte (CONADE)\u201d.<\/p>\n<p>Al mismo tiempo, dijo: \u201cEn la CONADE hemos tenido puras \u00b7palomitas\u00b7 por tal raz\u00f3n nos han dado el apoyo (econ\u00f3mico) que se distribuye a las diversas \u00e1reas de tal forma, por ejemplo, que realizamos el Campeonato Panamericano de Nado con Aletas y Apnea en instalaciones del CDOM y tuvimos representaciones en varios eventos internacionales en este a\u00f1o\u201d.<\/p>\n<p>En vista de lo que viene, dijo, el tambi\u00e9n presidente de la Confederaci\u00f3n Mundial de Actividades Subacu\u00e1ticas Zona Am\u00e9rica: \u201clo m\u00e1s destacado del programa de 2015 estar\u00e1 centrado en la presencia de M\u00e9xico en el Campeonato Mundial de Fotograf\u00eda Subacu\u00e1tica en mayo pr\u00f3ximo en Holanda en donde ya est\u00e1n clasificados Valeria Mas y Juan Barnard\u201d.<\/p>\n<p>\u201cLlevaremos representantes al Campeonato Panamericano de Pesca Submarina en Yucat\u00e1n en agosto as\u00ed como participaciones en el Campeonato Mundial de Nado con Aletas y Apnea\u201d, relat\u00f3.<\/p>\n<p>Al igual, FMAS, a trav\u00e9s del Comit\u00e9 T\u00e9cnico desarrollar\u00e1 nuevos manuales y, a finales de 2015, se llevar\u00e1 a cabo el 9\u00ba. Curso Internacional de Buceo Cient\u00edfico.<\/p>\n<p>\u201cEste a\u00f1o se logr\u00f3 una buena coordinaci\u00f3n entre las diferentes disciplinas con un equipo de trabajo operativo y administrativo, de tal manera que se logr\u00f3 una reorganizaci\u00f3n interna\u201d, asever\u00f3 el directivo.<\/p>\n<p>En otro rengl\u00f3n, Flores Aguilera afirm\u00f3: \u201cEn el 2015 tendremos varios eventos programados en las instalaciones del Comit\u00e9 Ol\u00edmpico Mexicano, concentraciones de atletas y cursos de capacitaci\u00f3n con un apoyo total de su presidente Carlos Padilla Becerra. Tenemos una oficina en este importante lugar y por supuesto seguimos con la oficina en la Confederaci\u00f3n Deportiva Mexicana\u201d.<\/p>\n<p><strong>Enviado por:<\/strong><\/p>\n<p><strong><img loading=\"lazy\" decoding=\"async\" class=\"alignnone\" title=\"Alfredo Ponce\" src=\"http:\/\/www.sportalsub.net\/blog\/wp-content\/uploads\/2012\/05\/alfredo-150x150.jpg\" alt=\"\" width=\"80\" height=\"80\" \/><\/strong><\/p>\n<p><strong>Alfredo Ponce Reyes (M\u00e9xico)\u00a0<strong><img loading=\"lazy\" decoding=\"async\" src=\"http:\/\/es.fifa.com\/imgml\/flags\/s\/mex.gif\" alt=\"chi Eventos\" width=\"19\" height=\"13\" \/><br \/>\n<\/strong><\/strong>Experiencia en la cobertura deportiva por m\u00e1s de 25 a\u00f1os, editor de\u00a0<a href=\"http:\/\/www.ikkosports.com.mx\/\" target=\"_blank\" rel=\"noopener noreferrer\" target=\"_blank\">Ikkosports<\/a>\u00a0es actualmente coordinador de medios de la\u00a0<a href=\"http:\/\/www.fmas.com.mx\/\" target=\"_blank\" rel=\"noopener noreferrer\" target=\"_blank\">Federaci\u00f3n Mexicana de Actividades Subacu\u00e1ticas<\/a>\u00a0encargado de la difusi\u00f3n de las actividades de este organismo en el \u00e1mbito nacional e internacional en prensa escrita, radio televisi\u00f3n y medios electr\u00f3nicos.<\/p>\n","protected":false},"excerpt":{"rendered":"<p>(Sportalsub.net \/ FMAS) Cozumel, Quintana Roo. A 10 de diciembre de 2014. La Federaci\u00f3n Mexicana de Actividades Subacu\u00e1ticas (FMAS) cerrar\u00e1 el 2014 con una reorganizaci\u00f3n interna con intenso trabajo en la temporada en la parte deportiva a trav\u00e9s de la organizaci\u00f3n del Campeonato Panamericano de Nado con Aletas y Apnea en M\u00e9xico y la presencia de atletas mexicanos en eventos [&#8230;]<\/p>\n","protected":false},"author":1,"featured_media":19173,"comment_status":"open","ping_status":"closed","sticky":false,"template":"","format":"standard","meta":{"_lmt_disableupdate":"","_lmt_disable":"","jetpack_post_was_ever_published":false,"_jetpack_newsletter_access":"","_jetpack_dont_email_post_to_subs":false,"_jetpack_newsletter_tier_id":0,"_jetpack_memberships_contains_paywalled_content":false,"_jetpack_memberships_contains_paid_content":false,"footnotes":"","jetpack_publicize_message":"Se reorganiza la Federaci\u00f3n Mexicana de Actividades Subacu\u00e1ticas","jetpack_publicize_feature_enabled":true,"jetpack_social_post_already_shared":true,"jetpack_social_options":{"image_generator_settings":{"template":"highway","default_image_id":0,"font":"","enabled":false},"version":2}},"categories":[9,186,19,98,12,18],"tags":[],"class_list":["post-19172","post","type-post","status-publish","format-standard","has-post-thumbnail","hentry","category-apnea","category-buceo-2","category-fotografia-submarina","category-mexico","category-natacion-con-aletas","category-pesca-submarina"],"modified_by":"Sportalsub.net","views":3485,"jetpack_publicize_connections":[],"jetpack_featured_media_url":"https:\/\/www.sportalsub.net\/blog\/wp-content\/uploads\/2014\/12\/fmas2015.jpg","jetpack_sharing_enabled":true,"jetpack_shortlink":"https:\/\/wp.me\/pf9lN-4Ze","jetpack_likes_enabled":false,"jetpack-related-posts":[{"id":10019,"url":"https:\/\/www.sportalsub.net\/blog\/celebrara-fmas-congreso-tecnico-nacional-en-cozumel-mexico\/","url_meta":{"origin":19172,"position":0},"title":"\ud83c\uddf2\ud83c\uddfd Celebrar\u00e1 FMAS Congreso T\u00e9cnico Nacional en Cozumel, M\u00e9xico","author":"Sportalsub.net","date":"25 julio 2011","format":false,"excerpt":"(Especial Sportalsub.net \/ FMAS) M\u00e9xico, D.F. A 20 de julio de 2011.- Rogelio Flores Aguilera, presidente de la Federaci\u00f3n Mexicana de Actividades Subacu\u00e1ticas (FMAS), habl\u00f3 sobre la celebraci\u00f3n de lo que ser\u00e1 el Congreso T\u00e9cnico Nacional 2011 de este organismo en la bella isla de Cozumel del 19 al 25\u2026","rel":"","context":"En \u00abApnea\u00bb","block_context":{"text":"Apnea","link":"https:\/\/www.sportalsub.net\/blog\/category\/modalidades\/apnea\/"},"img":{"alt_text":"","src":"https:\/\/i0.wp.com\/www.sportalsub.net\/blog\/wp-content\/uploads\/2011\/07\/Congreso-foto.jpg?resize=350%2C200&ssl=1","width":350,"height":200,"srcset":"https:\/\/i0.wp.com\/www.sportalsub.net\/blog\/wp-content\/uploads\/2011\/07\/Congreso-foto.jpg?resize=350%2C200&ssl=1 1x, https:\/\/i0.wp.com\/www.sportalsub.net\/blog\/wp-content\/uploads\/2011\/07\/Congreso-foto.jpg?resize=525%2C300&ssl=1 1.5x"},"classes":[]},{"id":11019,"url":"https:\/\/www.sportalsub.net\/blog\/concluyo-con-exito-el-congreso-tecnico-nacional-2011-de-fmas-mexico\/","url_meta":{"origin":19172,"position":1},"title":"\ud83c\uddf2\ud83c\uddfd Concluy\u00f3 con \u00e9xito el Congreso T\u00e9cnico Nacional 2011 de FMAS &#8211; M\u00e9xico","author":"Sportalsub.net","date":"4 octubre 2011","format":false,"excerpt":"(Especial Sportalsub.net \/ FMAS) Concluy\u00f3 con grandes resultados el Congreso T\u00e9cnico Nacional 2011 de la Federaci\u00f3n Mexicana de Actividades Subacu\u00e1ticas, con un importante apoyo por parte del Municipio de Cozumel para la realizaci\u00f3n del evento, teniendo como sede el Hotel Cozumel Resort, en donde se inform\u00f3 de los logros obtenidos\u2026","rel":"","context":"En \u00abActividades Subacu\u00e1ticas\u00bb","block_context":{"text":"Actividades Subacu\u00e1ticas","link":"https:\/\/www.sportalsub.net\/blog\/category\/modalidades\/"},"img":{"alt_text":"","src":"https:\/\/i0.wp.com\/www.sportalsub.net\/blog\/wp-content\/uploads\/2011\/10\/congresofmas.jpg?resize=350%2C200&ssl=1","width":350,"height":200},"classes":[]},{"id":11368,"url":"https:\/\/www.sportalsub.net\/blog\/tiene-impacto-presencia-de-fmas-en-la-expobuceo-mexico-2011\/","url_meta":{"origin":19172,"position":2},"title":"\ud83c\uddf2\ud83c\uddfd Tiene impacto presencia de FMAS en la Expobuceo M\u00e9xico 2011","author":"Sportalsub.net","date":"30 noviembre 2011","format":false,"excerpt":"(Especial Sportalsub.net \/ FMAS) Impact\u00f3 la presencia de la Federaci\u00f3n Mexicana de Actividades Subacu\u00e1ticas (FMAS), tras varios a\u00f1os de ausencia en la Expobuceo 2011, evento que se llev\u00f3 a cabo este fin de semana en el WTC, as\u00ed lo confirm\u00f3 el presidente de este organismo, Rogelio Flores Aguilera. Resulta que\u2026","rel":"","context":"En \u00abM\u00e9xico\u00bb","block_context":{"text":"M\u00e9xico","link":"https:\/\/www.sportalsub.net\/blog\/category\/paises\/america\/mexico\/"},"img":{"alt_text":"","src":"https:\/\/i0.wp.com\/www.sportalsub.net\/blog\/wp-content\/uploads\/2011\/11\/expo1.jpg?resize=350%2C200&ssl=1","width":350,"height":200},"classes":[]},{"id":17156,"url":"https:\/\/www.sportalsub.net\/blog\/calendario-2014-federacion-mexicana-de-actividades-subacuaticas-fmas\/","url_meta":{"origin":19172,"position":3},"title":"\ud83c\uddf2\ud83c\uddfd Calendario 2014 Federaci\u00f3n Mexicana de Actividades Subacu\u00e1ticas FMAS","author":"Sportalsub.net","date":"12 diciembre 2013","format":false,"excerpt":"(Especial Sportalsub.net \/\u00a0FMAS) La\u00a0Federaci\u00f3n Mexicana de Actividades Subacu\u00e1ticas FMAS publica su calendario deportivo nacional e internacional para 2014 \u00a0Ver \/ Descargar Calendario Oficial en pdf Fuente:\u00a0FMAS","rel":"","context":"En \u00abApnea\u00bb","block_context":{"text":"Apnea","link":"https:\/\/www.sportalsub.net\/blog\/category\/modalidades\/apnea\/"},"img":{"alt_text":"fmas","src":"https:\/\/i0.wp.com\/www.sportalsub.net\/blog\/wp-content\/uploads\/2013\/12\/fmas.jpg?resize=350%2C200","width":350,"height":200},"classes":[]},{"id":8812,"url":"https:\/\/www.sportalsub.net\/blog\/noticias-de-la-federacion-mexicana-de-actividades-subacuaticas-fmas\/","url_meta":{"origin":19172,"position":4},"title":"\ud83c\uddf2\ud83c\uddfd Noticias de la Federaci\u00f3n Mexicana de Actividades Subacu\u00e1ticas &#8211; FMAS","author":"Sportalsub.net","date":"4 marzo 2011","format":false,"excerpt":"Viene el Campeonato Nacional de Nado con Aletas en el Estado de M\u00e9xico M\u00e9xico, D.F. A 04 de marzo de 2011.- Incrementa el trabajo deportivo y de capacitaci\u00f3n la Federaci\u00f3n Mexicana de Actividades Subacu\u00e1ticas (FMAS) por conducto de lo que ser\u00e1 el XXXVI Campeonato Nacional por Categor\u00edas de Nado con\u2026","rel":"","context":"En \u00abApnea\u00bb","block_context":{"text":"Apnea","link":"https:\/\/www.sportalsub.net\/blog\/category\/modalidades\/apnea\/"},"img":{"alt_text":"","src":"https:\/\/i0.wp.com\/www.sportalsub.net\/blog\/wp-content\/uploads\/2011\/03\/noticiasfmas.jpg?resize=350%2C200&ssl=1","width":350,"height":200,"srcset":"https:\/\/i0.wp.com\/www.sportalsub.net\/blog\/wp-content\/uploads\/2011\/03\/noticiasfmas.jpg?resize=350%2C200&ssl=1 1x, https:\/\/i0.wp.com\/www.sportalsub.net\/blog\/wp-content\/uploads\/2011\/03\/noticiasfmas.jpg?resize=525%2C300&ssl=1 1.5x, https:\/\/i0.wp.com\/www.sportalsub.net\/blog\/wp-content\/uploads\/2011\/03\/noticiasfmas.jpg?resize=700%2C400&ssl=1 2x, https:\/\/i0.wp.com\/www.sportalsub.net\/blog\/wp-content\/uploads\/2011\/03\/noticiasfmas.jpg?resize=1050%2C600&ssl=1 3x, https:\/\/i0.wp.com\/www.sportalsub.net\/blog\/wp-content\/uploads\/2011\/03\/noticiasfmas.jpg?resize=1400%2C800&ssl=1 4x"},"classes":[]},{"id":16113,"url":"https:\/\/www.sportalsub.net\/blog\/realizado-congreso-tecnico-nacional-2013-de-fmas-mexico\/","url_meta":{"origin":19172,"position":5},"title":"\ud83c\uddf2\ud83c\uddfd Realizado Congreso T\u00e9cnico Nacional 2013 de FMAS M\u00e9xico","author":"Sportalsub.net","date":"23 septiembre 2013","format":false,"excerpt":"(Especial Sportalsub.net \/ FMAS) Ciudad de M\u00e9xico. La Federaci\u00f3n Mexicana de Actividades Subacu\u00e1ticas (FMAS), la cual es dirigida por Rogelio Flores Aguilera, celebr\u00f3 la edici\u00f3n 39 del Congreso T\u00e9cnico Nacional en el Puerto de Veracruz del 5 al 7 de septiembre del a\u00f1o en curso. El dicho congreso, inform\u00f3 Flores\u2026","rel":"","context":"En \u00abM\u00e9xico\u00bb","block_context":{"text":"M\u00e9xico","link":"https:\/\/www.sportalsub.net\/blog\/category\/paises\/america\/mexico\/"},"img":{"alt_text":"","src":"https:\/\/i0.wp.com\/www.sportalsub.net\/blog\/wp-content\/uploads\/2013\/09\/congreso-fmas-2013.jpg?resize=350%2C200&ssl=1","width":350,"height":200,"srcset":"https:\/\/i0.wp.com\/www.sportalsub.net\/blog\/wp-content\/uploads\/2013\/09\/congreso-fmas-2013.jpg?resize=350%2C200&ssl=1 1x, https:\/\/i0.wp.com\/www.sportalsub.net\/blog\/wp-content\/uploads\/2013\/09\/congreso-fmas-2013.jpg?resize=525%2C300&ssl=1 1.5x, https:\/\/i0.wp.com\/www.sportalsub.net\/blog\/wp-content\/uploads\/2013\/09\/congreso-fmas-2013.jpg?resize=700%2C400&ssl=1 2x"},"classes":[]}],"_links":{"self":[{"href":"https:\/\/www.sportalsub.net\/blog\/wp-json\/wp\/v2\/posts\/19172","targetHints":{"allow":["GET"]}}],"collection":[{"href":"https:\/\/www.sportalsub.net\/blog\/wp-json\/wp\/v2\/posts"}],"about":[{"href":"https:\/\/www.sportalsub.net\/blog\/wp-json\/wp\/v2\/types\/post"}],"author":[{"embeddable":true,"href":"https:\/\/www.sportalsub.net\/blog\/wp-json\/wp\/v2\/users\/1"}],"replies":[{"embeddable":true,"href":"https:\/\/www.sportalsub.net\/blog\/wp-json\/wp\/v2\/comments?post=19172"}],"version-history":[{"count":0,"href":"https:\/\/www.sportalsub.net\/blog\/wp-json\/wp\/v2\/posts\/19172\/revisions"}],"wp:featuredmedia":[{"embeddable":true,"href":"https:\/\/www.sportalsub.net\/blog\/wp-json\/wp\/v2\/media\/19173"}],"wp:attachment":[{"href":"https:\/\/www.sportalsub.net\/blog\/wp-json\/wp\/v2\/media?parent=19172"}],"wp:term":[{"taxonomy":"category","embeddable":true,"href":"https:\/\/www.sportalsub.net\/blog\/wp-json\/wp\/v2\/categories?post=19172"},{"taxonomy":"post_tag","embeddable":true,"href":"https:\/\/www.sportalsub.net\/blog\/wp-json\/wp\/v2\/tags?post=19172"}],"curies":[{"name":"wp","href":"https:\/\/api.w.org\/{rel}","templated":true}]}}