{"id":19299,"date":"2015-01-16T11:21:30","date_gmt":"2015-01-16T15:51:30","guid":{"rendered":"http:\/\/www.sportalsub.net\/blog\/?p=19299"},"modified":"2019-08-31T23:57:29","modified_gmt":"2019-09-01T03:57:29","slug":"atlas-del-oceano-atlas-mayor-escultura-subacuatica-en-bahamas","status":"publish","type":"post","link":"https:\/\/www.sportalsub.net\/blog\/atlas-del-oceano-bahamas","title":{"rendered":"\ud83c\udde7\ud83c\uddf8 Atlas del Oc\u00e9ano: La Mayor escultura subacu\u00e1tica est\u00e1 en Bahamas"},"content":{"rendered":"<p><a href=\"http:\/\/www.sportalsub.net\/blog\/wp-content\/uploads\/2015\/01\/ocean-atlas-jason-decaires-taylor-nassau-bahamas-004_jason-decaires-taylor_sculpture.jpg\" target=\"_blank\"><img loading=\"lazy\" decoding=\"async\" class=\"alignnone wp-image-19300\" src=\"http:\/\/www.sportalsub.net\/blog\/wp-content\/uploads\/2015\/01\/ocean-atlas-jason-decaires-taylor-nassau-bahamas-004_jason-decaires-taylor_sculpture.jpg\" alt=\"ocean-atlas-jason-decaires-taylor-nassau-bahamas-004_jason-decaires-taylor_sculpture\" width=\"598\" height=\"448\" srcset=\"https:\/\/www.sportalsub.net\/blog\/wp-content\/uploads\/2015\/01\/ocean-atlas-jason-decaires-taylor-nassau-bahamas-004_jason-decaires-taylor_sculpture.jpg 960w, https:\/\/www.sportalsub.net\/blog\/wp-content\/uploads\/2015\/01\/ocean-atlas-jason-decaires-taylor-nassau-bahamas-004_jason-decaires-taylor_sculpture-768x576.jpg 768w, https:\/\/www.sportalsub.net\/blog\/wp-content\/uploads\/2015\/01\/ocean-atlas-jason-decaires-taylor-nassau-bahamas-004_jason-decaires-taylor_sculpture-300x225.jpg 300w, https:\/\/www.sportalsub.net\/blog\/wp-content\/uploads\/2015\/01\/ocean-atlas-jason-decaires-taylor-nassau-bahamas-004_jason-decaires-taylor_sculpture-320x240.jpg 320w\" sizes=\"auto, (max-width: 598px) 100vw, 598px\" \/><\/a><\/p>\n<p>(Sportalsub.net \/ Scuba Diving Magazine \/\u00a0Jason deCaires Taylor)<\/p>\n<p>Jason deCaires Taylor no es ajeno a las esculturas submarinas, y es conocido en todo el mundo por sus incre\u00edbles instalaciones utilizando hormig\u00f3n de pH neutro a las que pueden acceder\u00a0nadadores, buceadores y apneistas. Con el tiempo, sus esculturas cambian de color y se cubren con el coral y el crecimiento biol\u00f3gico, llegando a ser el hogar de nuevos organismos como arrecifes artificiales.<\/p>\n<p>Algunas de sus obras m\u00e1s notables incluye <a href=\"http:\/\/www.underwatersculpture.com\/sculptures\/the-silent-evolution\/\" target=\"_blank\" rel=\"noopener noreferrer\" target=\"_blank\"><em>La Evolucion Silenciosa<\/em><\/a> en Canc\u00fan (2010) &#8211; la mayor colecci\u00f3n submarina de arte con\u00a0403 personas de tama\u00f1o natural de cemento, repartidas en 420 metros cuadrados, y <a href=\"http:\/\/www.underwatersculpture.com\/sculptures\/viccisitudes\/\" target=\"_blank\" rel=\"noopener noreferrer\" target=\"_blank\">Vicisitudes<\/a> en Granada (2006) &#8211; un anillo de 26 ni\u00f1os tomados de la mano y frente a la corriente.<\/p>\n<p>Para su m\u00e1s reciente instalaci\u00f3n Atlas del Oc\u00e9ano, Jason deCaires Taylor se uni\u00f3 a <a href=\"https:\/\/breef.org\/web\/\" target=\"_blank\" rel=\"noopener noreferrer\" target=\"_blank\">BREEF <\/a>&#8211; la Fundaci\u00f3n Educativa de Bahamas de Coral y Medio Ambiente &#8211; para llamar la atenci\u00f3n sobre la cuesti\u00f3n de la degradaci\u00f3n de los arrecifes, la sobrepesca, el calentamiento global y la contaminaci\u00f3n del agua en nuestros oc\u00e9anos.\u00a0El dise\u00f1o de un joven encorvado &#8211; como Tit\u00e1n Atlas sosteniendo el mundo en su espalda &#8211; simb\u00f3licamente representa que lleva a hombros de la carga ambiental que estamos dejando a los m\u00e1s j\u00f3venes y futuras generaciones.<\/p>\n<p><img loading=\"lazy\" decoding=\"async\" class=\"alignnone wp-image-19301\" src=\"http:\/\/www.sportalsub.net\/blog\/wp-content\/uploads\/2015\/01\/ocean-atlas-jason-decaires-taylor-nassau-bahamas-sculpture-2.jpg\" alt=\"ocean-atlas-jason-decaires-taylor-nassau-bahamas-sculpture-2\" width=\"599\" height=\"798\" srcset=\"https:\/\/www.sportalsub.net\/blog\/wp-content\/uploads\/2015\/01\/ocean-atlas-jason-decaires-taylor-nassau-bahamas-sculpture-2.jpg 640w, https:\/\/www.sportalsub.net\/blog\/wp-content\/uploads\/2015\/01\/ocean-atlas-jason-decaires-taylor-nassau-bahamas-sculpture-2-225x300.jpg 225w\" sizes=\"auto, (max-width: 599px) 100vw, 599px\" \/><\/p>\n<p>Puedes ver la\u00a0galer\u00eda de fotos de su \u00faltima instalaci\u00f3n Bahamas, junto con algunas de sus esculturas submarinas anteriores. Para informaci\u00f3n adicional y fotos, visite su sitio web en <a href=\"http:\/\/www.underwatersculpture.com\/\" target=\"_blank\" rel=\"noopener noreferrer\" target=\"_blank\">http:\/\/www.underwatersculpture.com\/<\/a><\/p>\n<p>Tambi\u00e9n puedes ver el v\u00eddeo que The Creators Project hizo sobre su \u00faltimo trabajo:<\/p>\n<p><iframe loading=\"lazy\" src=\"http:\/\/www.youtube-nocookie.com\/embed\/k81odhXg2Lw?rel=0&amp;showinfo=0\" width=\"640\" height=\"360\" frameborder=\"0\"><\/iframe><\/p>\n<div class=\"clear-block\">Fuente: <a href=\"http:\/\/www.scubadiving.com\/travel\/bahamas\/largest-underwater-sculpture-unveiled-bahamas?dom=fb\" target=\"_blank\" rel=\"noopener noreferrer\" target=\"_blank\">Scuba Diving Magazine<\/a><\/div>\n","protected":false},"excerpt":{"rendered":"<p>(Sportalsub.net \/ Scuba Diving Magazine \/\u00a0Jason deCaires Taylor) Jason deCaires Taylor no es ajeno a las esculturas submarinas, y es conocido en todo el mundo por sus incre\u00edbles instalaciones utilizando hormig\u00f3n de pH neutro a las que pueden acceder\u00a0nadadores, buceadores y apneistas. Con el tiempo, sus esculturas cambian de color y se cubren con el coral y el crecimiento biol\u00f3gico, [&#8230;]<\/p>\n","protected":false},"author":1,"featured_media":19300,"comment_status":"open","ping_status":"closed","sticky":false,"template":"","format":"standard","meta":{"_lmt_disableupdate":"","_lmt_disable":"","jetpack_post_was_ever_published":false,"_jetpack_newsletter_access":"","_jetpack_dont_email_post_to_subs":false,"_jetpack_newsletter_tier_id":0,"_jetpack_memberships_contains_paywalled_content":false,"_jetpack_memberships_contains_paid_content":false,"footnotes":"","jetpack_publicize_message":"Atlas del Oc\u00e9ano Atlas: Mayor escultura subacu\u00e1tica en Bahamas","jetpack_publicize_feature_enabled":true,"jetpack_social_post_already_shared":true,"jetpack_social_options":{"image_generator_settings":{"template":"highway","default_image_id":0,"font":"","enabled":false},"version":2}},"categories":[9,302,186,113],"tags":[],"class_list":["post-19299","post","type-post","status-publish","format-standard","has-post-thumbnail","hentry","category-apnea","category-bahamas","category-buceo-2","category-medio-ambiente"],"modified_by":"Sportalsub.net","views":9799,"jetpack_publicize_connections":[],"jetpack_featured_media_url":"https:\/\/www.sportalsub.net\/blog\/wp-content\/uploads\/2015\/01\/ocean-atlas-jason-decaires-taylor-nassau-bahamas-004_jason-decaires-taylor_sculpture.jpg","jetpack_sharing_enabled":true,"jetpack_shortlink":"https:\/\/wp.me\/pf9lN-51h","jetpack_likes_enabled":false,"jetpack-related-posts":[{"id":3150,"url":"https:\/\/www.sportalsub.net\/blog\/campeonato-mundial-de-apnea-de-profundidad-aida-2009\/","url_meta":{"origin":19299,"position":0},"title":"\ud83c\udde7\ud83c\uddf8 Campeonato Mundial de Apnea de Profundidad AIDA 2009","author":"Sportalsub.net","date":"15 noviembre 2009","format":false,"excerpt":"El Campeonato Mundial Individual de Apnea de Profundidad AIDA 2009 se realizar\u00e1 del 25 de Noviembre al 5 de Diciembre 2009 en el Dean\u00b4s Blue Hole de las Islas Bahamas. 51 atletas (17 hombres y 34 mujeres) de 17 pa\u00edses competir\u00e1n en este evento. Sportalsub.net llevar\u00e1 la cobertura de todas\u2026","rel":"","context":"En \u00abAIDA\u00bb","block_context":{"text":"AIDA","link":"https:\/\/www.sportalsub.net\/blog\/category\/mas\/organizaciones\/aida\/"},"img":{"alt_text":"","src":"https:\/\/i0.wp.com\/www.sportalsub.net\/blog\/wp-content\/uploads\/2009\/11\/poster.jpg?resize=350%2C200&ssl=1","width":350,"height":200,"srcset":"https:\/\/i0.wp.com\/www.sportalsub.net\/blog\/wp-content\/uploads\/2009\/11\/poster.jpg?resize=350%2C200&ssl=1 1x, https:\/\/i0.wp.com\/www.sportalsub.net\/blog\/wp-content\/uploads\/2009\/11\/poster.jpg?resize=525%2C300&ssl=1 1.5x, https:\/\/i0.wp.com\/www.sportalsub.net\/blog\/wp-content\/uploads\/2009\/11\/poster.jpg?resize=700%2C400&ssl=1 2x, https:\/\/i0.wp.com\/www.sportalsub.net\/blog\/wp-content\/uploads\/2009\/11\/poster.jpg?resize=1050%2C600&ssl=1 3x, https:\/\/i0.wp.com\/www.sportalsub.net\/blog\/wp-content\/uploads\/2009\/11\/poster.jpg?resize=1400%2C800&ssl=1 4x"},"classes":[]},{"id":3385,"url":"https:\/\/www.sportalsub.net\/blog\/inaugurado-el-campeonato-mundial-de-apnea-de-profundidad-aida-2009\/","url_meta":{"origin":19299,"position":1},"title":"\ud83c\udde7\ud83c\uddf8 Inaugurado el Campeonato Mundial de Apnea de Profundidad AIDA 2009","author":"Sportalsub.net","date":"26 noviembre 2009","format":false,"excerpt":"Este mi\u00e9rcoles 25 de noviembre se realiz\u00f3 la inauguraci\u00f3n del Campeonato Mundial Individual de Apnea de Profundidad AIDA 2009 que se realizar\u00e1 hasta este 5 de diciembre en el Dean\u00b4s Blue Hole de las Islas Bahamas. \u00a0 \u00a0 51 atletas (17 hombres y 34 mujeres) de 17 pa\u00edses competir\u00e1n en\u2026","rel":"","context":"En \u00abAIDA\u00bb","block_context":{"text":"AIDA","link":"https:\/\/www.sportalsub.net\/blog\/category\/mas\/organizaciones\/aida\/"},"img":{"alt_text":"","src":"https:\/\/i0.wp.com\/www.sportalsub.net\/blog\/wp-content\/uploads\/2009\/11\/inaugurado.jpg?resize=350%2C200&ssl=1","width":350,"height":200,"srcset":"https:\/\/i0.wp.com\/www.sportalsub.net\/blog\/wp-content\/uploads\/2009\/11\/inaugurado.jpg?resize=350%2C200&ssl=1 1x, https:\/\/i0.wp.com\/www.sportalsub.net\/blog\/wp-content\/uploads\/2009\/11\/inaugurado.jpg?resize=525%2C300&ssl=1 1.5x"},"classes":[]},{"id":16278,"url":"https:\/\/www.sportalsub.net\/blog\/vertical-blue-2013-competencia-internacional-de-apnea-en-bahamas\/","url_meta":{"origin":19299,"position":2},"title":"\ud83c\udde7\ud83c\uddf8 Vertical Blue 2013. Competencia Internacional de Apnea en Bahamas","author":"Sportalsub.net","date":"7 noviembre 2013","format":false,"excerpt":"(Especial Sportalsub.net \/Vertical Blue) Del 9 al 19 de noviembre se realizar\u00e1 nuevamente en el Dean\u00b4s Blue Hole de las Islas Bahamas, la competencia internacional de apnea Vertical Blue 2013, que re\u00fane en las modalidades de profundidad: peso constante con aletas, peso constante sin aletas e inmersi\u00f3n libre,\u00a0a varios de\u2026","rel":"","context":"En \u00abApnea\u00bb","block_context":{"text":"Apnea","link":"https:\/\/www.sportalsub.net\/blog\/category\/modalidades\/apnea\/"},"img":{"alt_text":"","src":"https:\/\/i0.wp.com\/www.sportalsub.net\/blog\/wp-content\/uploads\/2013\/11\/verticalblue2013.jpg?resize=350%2C200&ssl=1","width":350,"height":200,"srcset":"https:\/\/i0.wp.com\/www.sportalsub.net\/blog\/wp-content\/uploads\/2013\/11\/verticalblue2013.jpg?resize=350%2C200&ssl=1 1x, https:\/\/i0.wp.com\/www.sportalsub.net\/blog\/wp-content\/uploads\/2013\/11\/verticalblue2013.jpg?resize=525%2C300&ssl=1 1.5x"},"classes":[]},{"id":56029,"url":"https:\/\/www.sportalsub.net\/blog\/vertical-blue-2022","url_meta":{"origin":19299,"position":3},"title":"\ud83c\udde7\ud83c\uddf8 Resultados &#8211; Vertical Blue 2022. Competencia Internacional de Apnea AIDA en Bahamas","author":"Sportalsub.net","date":"11 agosto 2022","format":false,"excerpt":"(Sportalsub.net \/ Vertical Blue) \u2013\u00a0Read in English Del 1 al 11 de agosto 2022 se realiz\u00f3 la tradicional y reconocida Competencia Internacional anual de Apnea de Profundidad \u201cVertical Blue 2022\u201d en el Dean\u00b4s Blue Hole de Long Island, Bahamas. Esta importante\u00a0 competencia de apnea es realizada con reglamentos y aval\u2026","rel":"","context":"En \u00abApnea\u00bb","block_context":{"text":"Apnea","link":"https:\/\/www.sportalsub.net\/blog\/category\/modalidades\/apnea\/"},"img":{"alt_text":"","src":"https:\/\/i0.wp.com\/www.sportalsub.net\/blog\/wp-content\/uploads\/2022\/08\/verticalblue2022.jpg?resize=350%2C200&ssl=1","width":350,"height":200,"srcset":"https:\/\/i0.wp.com\/www.sportalsub.net\/blog\/wp-content\/uploads\/2022\/08\/verticalblue2022.jpg?resize=350%2C200&ssl=1 1x, https:\/\/i0.wp.com\/www.sportalsub.net\/blog\/wp-content\/uploads\/2022\/08\/verticalblue2022.jpg?resize=525%2C300&ssl=1 1.5x, https:\/\/i0.wp.com\/www.sportalsub.net\/blog\/wp-content\/uploads\/2022\/08\/verticalblue2022.jpg?resize=700%2C400&ssl=1 2x"},"classes":[]},{"id":6836,"url":"https:\/\/www.sportalsub.net\/blog\/nuevos-intentos-de-records-mundiales-de-apnea-en-bahamas-en-diciembre-2010\/","url_meta":{"origin":19299,"position":4},"title":"\ud83c\udde7\ud83c\uddf8 Nuevos Intentos de R\u00e9cords Mundiales de Apnea en Bahamas en Diciembre 2010","author":"Sportalsub.net","date":"3 diciembre 2010","format":false,"excerpt":"(Especial Sportalsub.net) Niki Roderick y William Trubridge, ambos apneistas de origen neozeland\u00e9s, intentar\u00e1n entre los d\u00edas 10 y 16 de diciembre de 2010 implantar 2 nuevos r\u00e9cords mundiales, tanto en categor\u00eda femenina como masculina en la modalidad de apnea peso constante sin aletas (CNF) en el Blue Hole de las\u2026","rel":"","context":"En \u00abAIDA\u00bb","block_context":{"text":"AIDA","link":"https:\/\/www.sportalsub.net\/blog\/category\/mas\/organizaciones\/aida\/"},"img":{"alt_text":"","src":"https:\/\/i0.wp.com\/www.sportalsub.net\/blog\/wp-content\/uploads\/2010\/12\/recordsapnea.jpg?resize=350%2C200&ssl=1","width":350,"height":200,"srcset":"https:\/\/i0.wp.com\/www.sportalsub.net\/blog\/wp-content\/uploads\/2010\/12\/recordsapnea.jpg?resize=350%2C200&ssl=1 1x, https:\/\/i0.wp.com\/www.sportalsub.net\/blog\/wp-content\/uploads\/2010\/12\/recordsapnea.jpg?resize=525%2C300&ssl=1 1.5x"},"classes":[]},{"id":16325,"url":"https:\/\/www.sportalsub.net\/blog\/resultados-dia-3-competencia-internacional-de-apnea-en-bahamas-vertical-blue-2013\/","url_meta":{"origin":19299,"position":5},"title":"\ud83c\udde7\ud83c\uddf8 Resultados D\u00eda 3 Competencia Internacional de Apnea en Bahamas Vertical Blue 2013","author":"Sportalsub.net","date":"12 noviembre 2013","format":false,"excerpt":"(Especial Sportalsub.net \/ Vertical Blue) El lunes 11 de noviembre se realiz\u00f3 la tercera jornada de la\u00a0Competencia Internacional de Apnea\u00a0Vertical Blue 2013 en Islas Bahamas. En el 3er d\u00eda del evento se realizaron 5 r\u00e9cords nacionales: Davide Carrera de Italia (-101 metros, peso constante con aletas), Michael Board de Gran\u2026","rel":"","context":"En \u00abApnea\u00bb","block_context":{"text":"Apnea","link":"https:\/\/www.sportalsub.net\/blog\/category\/modalidades\/apnea\/"},"img":{"alt_text":"","src":"https:\/\/i0.wp.com\/www.sportalsub.net\/blog\/wp-content\/uploads\/2013\/11\/verticalblue2013.jpg?resize=350%2C200&ssl=1","width":350,"height":200,"srcset":"https:\/\/i0.wp.com\/www.sportalsub.net\/blog\/wp-content\/uploads\/2013\/11\/verticalblue2013.jpg?resize=350%2C200&ssl=1 1x, https:\/\/i0.wp.com\/www.sportalsub.net\/blog\/wp-content\/uploads\/2013\/11\/verticalblue2013.jpg?resize=525%2C300&ssl=1 1.5x"},"classes":[]}],"_links":{"self":[{"href":"https:\/\/www.sportalsub.net\/blog\/wp-json\/wp\/v2\/posts\/19299","targetHints":{"allow":["GET"]}}],"collection":[{"href":"https:\/\/www.sportalsub.net\/blog\/wp-json\/wp\/v2\/posts"}],"about":[{"href":"https:\/\/www.sportalsub.net\/blog\/wp-json\/wp\/v2\/types\/post"}],"author":[{"embeddable":true,"href":"https:\/\/www.sportalsub.net\/blog\/wp-json\/wp\/v2\/users\/1"}],"replies":[{"embeddable":true,"href":"https:\/\/www.sportalsub.net\/blog\/wp-json\/wp\/v2\/comments?post=19299"}],"version-history":[{"count":0,"href":"https:\/\/www.sportalsub.net\/blog\/wp-json\/wp\/v2\/posts\/19299\/revisions"}],"wp:featuredmedia":[{"embeddable":true,"href":"https:\/\/www.sportalsub.net\/blog\/wp-json\/wp\/v2\/media\/19300"}],"wp:attachment":[{"href":"https:\/\/www.sportalsub.net\/blog\/wp-json\/wp\/v2\/media?parent=19299"}],"wp:term":[{"taxonomy":"category","embeddable":true,"href":"https:\/\/www.sportalsub.net\/blog\/wp-json\/wp\/v2\/categories?post=19299"},{"taxonomy":"post_tag","embeddable":true,"href":"https:\/\/www.sportalsub.net\/blog\/wp-json\/wp\/v2\/tags?post=19299"}],"curies":[{"name":"wp","href":"https:\/\/api.w.org\/{rel}","templated":true}]}}