{"id":19414,"date":"2015-02-21T09:37:52","date_gmt":"2015-02-21T14:07:52","guid":{"rendered":"http:\/\/www.sportalsub.net\/blog\/?p=19414"},"modified":"2019-08-31T21:39:03","modified_gmt":"2019-09-01T01:39:03","slug":"curso-nacional-de-tecnica-en-natacion-con-aletas-colombia-un-estilo-propio","status":"publish","type":"post","link":"https:\/\/www.sportalsub.net\/blog\/curso-nacional-de-tecnica-en-natacion-con-aletas-colombia-un-estilo-propio\/","title":{"rendered":"\ud83c\udde8\ud83c\uddf4 Curso Nacional de T\u00e9cnica en Nataci\u00f3n con Aletas \u00abColombia un estilo propio\u00bb"},"content":{"rendered":"<p><a href=\"http:\/\/www.sportalsub.net\/blog\/wp-content\/uploads\/2015\/02\/fabio-tecnica.jpg\" target=\"_blank\"><img loading=\"lazy\" decoding=\"async\" class=\"alignnone size-full wp-image-19415\" src=\"http:\/\/www.sportalsub.net\/blog\/wp-content\/uploads\/2015\/02\/fabio-tecnica.jpg\" alt=\"fabio-tecnica\" width=\"481\" height=\"364\" srcset=\"https:\/\/www.sportalsub.net\/blog\/wp-content\/uploads\/2015\/02\/fabio-tecnica.jpg 481w, https:\/\/www.sportalsub.net\/blog\/wp-content\/uploads\/2015\/02\/fabio-tecnica-300x227.jpg 300w\" sizes=\"auto, (max-width: 481px) 100vw, 481px\" \/><\/a><\/p>\n<p>(Sportalsub.net \/ FEDECAS \/ Livas)<\/p>\n<p>Curso Nacional de T\u00e9cnica en Nataci\u00f3n Aletas <b>\u201cColombia un estilo propio\u201d<\/b>, a realizarse del 20 al 22 de febrero en Los Andes Golf Club cerca a Santander de Quilichao durante el Campeonato de Aguas Abiertas y est\u00e1 dirigido a entrenadores, asistentes de entrenadores, monitores y deportistas.<\/p>\n<p><a href=\"https:\/\/drive.google.com\/file\/d\/0BySrAxc_HCefYzAtUXJMT25DdGI4NER6Ui1lOXB4RE1oNTRF\/view\" target=\"_blank\" rel=\"noopener noreferrer\" target=\"_blank\"><strong>Convocatoria Oficial y m\u00e1s informaci\u00f3n<\/strong><\/a><\/p>\n<p><strong>EXPOSITOR: <a href=\"https:\/\/www.facebook.com\/fabitos7\" target=\"_blank\" rel=\"noopener noreferrer\" target=\"_blank\">FABIO DELGADO DAZA<\/a><br \/>\n<\/strong>T\u00e9cnico deportivo en alto rendimiento<br \/>\nEntrenador Nataci\u00f3n con Aletas , Instructor de buceo CMAS FEDECAS<br \/>\nEntrenador de Medallistas, Campeones y Recordistas Mundiales<\/p>\n<p><img loading=\"lazy\" decoding=\"async\" class=\"\" src=\"https:\/\/scontent-b-atl.xx.fbcdn.net\/hphotos-xfp1\/v\/t1.0-9\/10957672_10152706886237123_3921625725037053730_n.jpg?oh=5ed3a6938ebea9e8f9b4f7179e43b19e&amp;oe=555E02DC\" alt=\"\" width=\"600\" height=\"450\" \/><\/p>\n<p>Informaci\u00f3n enviada por:<br \/>\nMauricio Fern\u00e1ndez Narv\u00e1ez<br \/>\nClub de Actividades Subacu\u00e1ticas Tiburones del Valle<br \/>\nE-Mail: <a href=\"mailto:clubtiburonesdelvalle@gmail.com\" target=\"_blank\" rel=\"noopener noreferrer\">clubtiburonesdelvalle@gmail.<wbr \/>com<\/a><\/p>\n","protected":false},"excerpt":{"rendered":"<p>(Sportalsub.net \/ FEDECAS \/ Livas) Curso Nacional de T\u00e9cnica en Nataci\u00f3n Aletas \u201cColombia un estilo propio\u201d, a realizarse del 20 al 22 de febrero en Los Andes Golf Club cerca a Santander de Quilichao durante el Campeonato de Aguas Abiertas y est\u00e1 dirigido a entrenadores, asistentes de entrenadores, monitores y deportistas. Convocatoria Oficial y m\u00e1s informaci\u00f3n EXPOSITOR: FABIO DELGADO DAZA [&#8230;]<\/p>\n","protected":false},"author":1,"featured_media":19415,"comment_status":"open","ping_status":"closed","sticky":false,"template":"","format":"standard","meta":{"_lmt_disableupdate":"","_lmt_disable":"","jetpack_post_was_ever_published":false,"_jetpack_newsletter_access":"","_jetpack_dont_email_post_to_subs":false,"_jetpack_newsletter_tier_id":0,"_jetpack_memberships_contains_paywalled_content":false,"_jetpack_memberships_contains_paid_content":false,"footnotes":"","jetpack_publicize_message":"Curso Nacional de T\u00e9cnica en Nataci\u00f3n con Aletas \"Colombia un estilo propio\"","jetpack_publicize_feature_enabled":true,"jetpack_social_post_already_shared":true,"jetpack_social_options":{"image_generator_settings":{"template":"highway","default_image_id":0,"font":"","enabled":false},"version":2}},"categories":[3,112,12],"tags":[],"class_list":["post-19414","post","type-post","status-publish","format-standard","has-post-thumbnail","hentry","category-colombia","category-cursos-y-talleres","category-natacion-con-aletas"],"modified_by":"Sportalsub.net","views":4140,"jetpack_publicize_connections":[],"jetpack_featured_media_url":"https:\/\/www.sportalsub.net\/blog\/wp-content\/uploads\/2015\/02\/fabio-tecnica.jpg","jetpack_sharing_enabled":true,"jetpack_shortlink":"https:\/\/wp.me\/pf9lN-538","jetpack_likes_enabled":false,"jetpack-related-posts":[{"id":15583,"url":"https:\/\/www.sportalsub.net\/blog\/seminario-internacional-tecnica-y-metodologia-de-natacion-con-aletas-colombia-2013\/","url_meta":{"origin":19414,"position":0},"title":"\ud83c\udde8\ud83c\uddf4 Seminario Internacional T\u00e9cnica y Metodolog\u00eda de Nataci\u00f3n con Aletas, Colombia 2013","author":"Sportalsub.net","date":"10 julio 2013","format":false,"excerpt":"(Especial Sportalsub.net \/ FEDECAS) La Federaci\u00f3n Colombiana de Actividades Subacu\u00e1ticas ( FEDECAS) realizar\u00e1 los d\u00edas 20 y 21 de julio de 2013, el\u00a0Seminario Internacional T\u00e9cnica y Metodolog\u00eda de Nataci\u00f3n con Aletas, a llevarse a cabo en la ciudad de Cali. Entre los ponentes se encuentran los entrenadores de las Selecciones\u2026","rel":"","context":"En \u00abColombia\u00bb","block_context":{"text":"Colombia","link":"https:\/\/www.sportalsub.net\/blog\/category\/paises\/america\/colombia\/"},"img":{"alt_text":"","src":"https:\/\/i0.wp.com\/www.sportalsub.net\/blog\/wp-content\/uploads\/2013\/07\/seminario.jpg?resize=350%2C200&ssl=1","width":350,"height":200,"srcset":"https:\/\/i0.wp.com\/www.sportalsub.net\/blog\/wp-content\/uploads\/2013\/07\/seminario.jpg?resize=350%2C200&ssl=1 1x, https:\/\/i0.wp.com\/www.sportalsub.net\/blog\/wp-content\/uploads\/2013\/07\/seminario.jpg?resize=525%2C300&ssl=1 1.5x"},"classes":[]},{"id":26523,"url":"https:\/\/www.sportalsub.net\/blog\/brasil-incursiona-en-la-natacion-con-aletas-gracias-a-leblonfins-fedecas-y-sportsub-sportalsub\/","url_meta":{"origin":19414,"position":1},"title":"\ud83c\udde7\ud83c\uddf7 Brasil incursiona en la Nataci\u00f3n con Aletas, gracias a Leblonfins, FEDECAS y Sportsub &#038; Sportalsub","author":"Sportalsub.net","date":"7 septiembre 2017","format":false,"excerpt":"(Especial Sportalsub.net) - Read in English Luego de su exitosa participaci\u00f3n en el\u00a0Curso de Monitores y Entrenadores de Nataci\u00f3n con Aletas Nivel 1 Sportsub Modalidad a Distancia \u2013 III Edici\u00f3n. Julio-Agosto 2017\u00a0el entrenador y promotor deportivo\u00a0Mauricio Jordan de Souza Coelho\u00a0y creador de la marca Leblonfins\u00a0contin\u00faa con el trabajo de impulso\u2026","rel":"","context":"En \u00abArt\u00edculos por Miguel Cede\u00f1o @miguelsportsub\u00bb","block_context":{"text":"Art\u00edculos por Miguel Cede\u00f1o @miguelsportsub","link":"https:\/\/www.sportalsub.net\/blog\/category\/mas\/editoriales-miguel-cedeno\/"},"img":{"alt_text":"","src":"https:\/\/i0.wp.com\/www.sportalsub.net\/blog\/wp-content\/uploads\/2017\/09\/mauricio-finswimming2_905x600.png?resize=350%2C200&ssl=1","width":350,"height":200,"srcset":"https:\/\/i0.wp.com\/www.sportalsub.net\/blog\/wp-content\/uploads\/2017\/09\/mauricio-finswimming2_905x600.png?resize=350%2C200&ssl=1 1x, https:\/\/i0.wp.com\/www.sportalsub.net\/blog\/wp-content\/uploads\/2017\/09\/mauricio-finswimming2_905x600.png?resize=525%2C300&ssl=1 1.5x, https:\/\/i0.wp.com\/www.sportalsub.net\/blog\/wp-content\/uploads\/2017\/09\/mauricio-finswimming2_905x600.png?resize=700%2C400&ssl=1 2x"},"classes":[]},{"id":65419,"url":"https:\/\/www.sportalsub.net\/blog\/festival-infantil-nadosub-colombia-2023","url_meta":{"origin":19414,"position":2},"title":"\ud83c\udde8\ud83c\uddf4 Resultados &#8211; Festival Infantil Interligas de Nataci\u00f3n con Aletas FEDECAS 2023 &#8211; Medell\u00edn, Colombia","author":"Sportalsub.net","date":"23 octubre 2023","format":false,"excerpt":"(Sportalsub.net \/ FEDECAS \/ LASA) La Federaci\u00f3n Colombiana de Actividades Subacu\u00e1ticas \u2013 (FEDECAS), convoc\u00f3 a las Ligas a participar en el \u201cFestival Nacional Infantil Interligas de Nataci\u00f3n con Aletas\u201d, realizado en la ciudad de Medell\u00edn del 19 al 22 de octubre de 2023. La Organizaci\u00f3n estuvo a cargo de la\u2026","rel":"","context":"En \u00abColombia\u00bb","block_context":{"text":"Colombia","link":"https:\/\/www.sportalsub.net\/blog\/category\/paises\/america\/colombia\/"},"img":{"alt_text":"","src":"https:\/\/i0.wp.com\/www.sportalsub.net\/blog\/wp-content\/uploads\/2023\/10\/fesfivalinfantilcolombia2023.jpg?resize=350%2C200&ssl=1","width":350,"height":200,"srcset":"https:\/\/i0.wp.com\/www.sportalsub.net\/blog\/wp-content\/uploads\/2023\/10\/fesfivalinfantilcolombia2023.jpg?resize=350%2C200&ssl=1 1x, https:\/\/i0.wp.com\/www.sportalsub.net\/blog\/wp-content\/uploads\/2023\/10\/fesfivalinfantilcolombia2023.jpg?resize=525%2C300&ssl=1 1.5x, https:\/\/i0.wp.com\/www.sportalsub.net\/blog\/wp-content\/uploads\/2023\/10\/fesfivalinfantilcolombia2023.jpg?resize=700%2C400&ssl=1 2x"},"classes":[]},{"id":40820,"url":"https:\/\/www.sportalsub.net\/blog\/capacitacion-fedecas-cmas-america","url_meta":{"origin":19414,"position":3},"title":"\ud83c\udf0e Capacitaci\u00f3n para Entrenadores de Actividades Subacu\u00e1ticas FEDECAS \/ CMAS Zona Am\u00e9rica 2020","author":"Sportalsub.net","date":"14 noviembre 2020","format":false,"excerpt":"(Sportalsub.net \/ FEDECAS \/ CMAS Zona Am\u00e9rica) Como una manera de ofrecer herramientas de formaci\u00f3n y capacitaci\u00f3n a los entrenadores de Colombia y los pa\u00edses de Am\u00e9rica, durante el per\u00edodo de confinamiento producto de la pandemia del Covid-19, la Federaci\u00f3n Colombiana de Actividades Subacu\u00e1ticas \u2013 FEDECAS y su Comisi\u00f3n T\u00e9cnica\u2026","rel":"","context":"En \u00abActividades Subacu\u00e1ticas\u00bb","block_context":{"text":"Actividades Subacu\u00e1ticas","link":"https:\/\/www.sportalsub.net\/blog\/category\/modalidades\/"},"img":{"alt_text":"","src":"https:\/\/i0.wp.com\/www.sportalsub.net\/blog\/wp-content\/uploads\/2020\/04\/capacitacion-sportalsub.jpg?resize=350%2C200&ssl=1","width":350,"height":200,"srcset":"https:\/\/i0.wp.com\/www.sportalsub.net\/blog\/wp-content\/uploads\/2020\/04\/capacitacion-sportalsub.jpg?resize=350%2C200&ssl=1 1x, https:\/\/i0.wp.com\/www.sportalsub.net\/blog\/wp-content\/uploads\/2020\/04\/capacitacion-sportalsub.jpg?resize=525%2C300&ssl=1 1.5x, https:\/\/i0.wp.com\/www.sportalsub.net\/blog\/wp-content\/uploads\/2020\/04\/capacitacion-sportalsub.jpg?resize=700%2C400&ssl=1 2x"},"classes":[]},{"id":52421,"url":"https:\/\/www.sportalsub.net\/blog\/congreso-de-entrenadores-de-natacion-con-aletas-2022-fedecas-colombia-cmas-zona-america\/","url_meta":{"origin":19414,"position":4},"title":"\ud83c\udde8\ud83c\uddf4 Congreso de Entrenadores de Nataci\u00f3n con Aletas 2022 \u2013 FEDECAS Colombia \/ CMAS Zona Am\u00e9rica","author":"Sportalsub.net","date":"31 enero 2022","format":false,"excerpt":"La Federaci\u00f3n Colombiana de Actividades Subacu\u00e1ticas \u2013 (FEDECAS), invita a los Entrenadores de la modalidad de Nataci\u00f3n con Aletas de los pa\u00edses afiliados a la CMAS Zona Am\u00e9rica, para participar en las conferencias que se desarrollar\u00e1n por medio de reuniones Zoom a partir del d\u00eda jueves 03 de febrero 2022.\u2026","rel":"","context":"En \u00abColombia\u00bb","block_context":{"text":"Colombia","link":"https:\/\/www.sportalsub.net\/blog\/category\/paises\/america\/colombia\/"},"img":{"alt_text":"","src":"https:\/\/i0.wp.com\/www.sportalsub.net\/blog\/wp-content\/uploads\/2022\/01\/congresoentrenadores2022.jpg?resize=350%2C200&ssl=1","width":350,"height":200,"srcset":"https:\/\/i0.wp.com\/www.sportalsub.net\/blog\/wp-content\/uploads\/2022\/01\/congresoentrenadores2022.jpg?resize=350%2C200&ssl=1 1x, https:\/\/i0.wp.com\/www.sportalsub.net\/blog\/wp-content\/uploads\/2022\/01\/congresoentrenadores2022.jpg?resize=525%2C300&ssl=1 1.5x, https:\/\/i0.wp.com\/www.sportalsub.net\/blog\/wp-content\/uploads\/2022\/01\/congresoentrenadores2022.jpg?resize=700%2C400&ssl=1 2x"},"classes":[]},{"id":17102,"url":"https:\/\/www.sportalsub.net\/blog\/resultados-del-campeonato-nacional-interclubes-natacion-con-aletas-juvenil-y-mayores-bogota-colombia\/","url_meta":{"origin":19414,"position":5},"title":"\ud83c\udde8\ud83c\uddf4 Resultados del Campeonato Nacional Interclubes Nataci\u00f3n con aletas Juvenil y Mayores. Bogot\u00e1, Colombia","author":"Sportalsub.net","date":"9 diciembre 2013","format":false,"excerpt":"(Especial Sportalsub.net \/ FEDECAS) Del 05 al 8 de Diciembre de 2013 se realiz\u00f3 en la\u00a0Ciudad de Bogot\u00e1, Colombia, el\u00a0Campeonato Nacional Interclubes de Nataci\u00f3n con Aletas Categor\u00eda Juvenil y Mayores en Piscina, este campeonato fue clasificatorio al Campeonato Mundial Juvenil de Nataci\u00f3n Aletas CMAS de 2014. El evento fue organizado\u2026","rel":"","context":"En \u00abColombia\u00bb","block_context":{"text":"Colombia","link":"https:\/\/www.sportalsub.net\/blog\/category\/paises\/america\/colombia\/"},"img":{"alt_text":"","src":"https:\/\/i0.wp.com\/www.sportalsub.net\/blog\/wp-content\/uploads\/2013\/12\/nadosub-bogota-2013-resultados.jpg?resize=350%2C200&ssl=1","width":350,"height":200,"srcset":"https:\/\/i0.wp.com\/www.sportalsub.net\/blog\/wp-content\/uploads\/2013\/12\/nadosub-bogota-2013-resultados.jpg?resize=350%2C200&ssl=1 1x, https:\/\/i0.wp.com\/www.sportalsub.net\/blog\/wp-content\/uploads\/2013\/12\/nadosub-bogota-2013-resultados.jpg?resize=525%2C300&ssl=1 1.5x"},"classes":[]}],"_links":{"self":[{"href":"https:\/\/www.sportalsub.net\/blog\/wp-json\/wp\/v2\/posts\/19414","targetHints":{"allow":["GET"]}}],"collection":[{"href":"https:\/\/www.sportalsub.net\/blog\/wp-json\/wp\/v2\/posts"}],"about":[{"href":"https:\/\/www.sportalsub.net\/blog\/wp-json\/wp\/v2\/types\/post"}],"author":[{"embeddable":true,"href":"https:\/\/www.sportalsub.net\/blog\/wp-json\/wp\/v2\/users\/1"}],"replies":[{"embeddable":true,"href":"https:\/\/www.sportalsub.net\/blog\/wp-json\/wp\/v2\/comments?post=19414"}],"version-history":[{"count":0,"href":"https:\/\/www.sportalsub.net\/blog\/wp-json\/wp\/v2\/posts\/19414\/revisions"}],"wp:featuredmedia":[{"embeddable":true,"href":"https:\/\/www.sportalsub.net\/blog\/wp-json\/wp\/v2\/media\/19415"}],"wp:attachment":[{"href":"https:\/\/www.sportalsub.net\/blog\/wp-json\/wp\/v2\/media?parent=19414"}],"wp:term":[{"taxonomy":"category","embeddable":true,"href":"https:\/\/www.sportalsub.net\/blog\/wp-json\/wp\/v2\/categories?post=19414"},{"taxonomy":"post_tag","embeddable":true,"href":"https:\/\/www.sportalsub.net\/blog\/wp-json\/wp\/v2\/tags?post=19414"}],"curies":[{"name":"wp","href":"https:\/\/api.w.org\/{rel}","templated":true}]}}