{"id":19621,"date":"2015-03-17T12:29:20","date_gmt":"2015-03-17T16:59:20","guid":{"rendered":"http:\/\/www.sportalsub.net\/blog\/?p=19621"},"modified":"2019-08-30T20:34:01","modified_gmt":"2019-08-31T00:34:01","slug":"propuesto-calendario-2015-de-natacion-con-aletas-en-venezuela","status":"publish","type":"post","link":"https:\/\/www.sportalsub.net\/blog\/calendario-2015-natacion-con-aletas-venezuela","title":{"rendered":"\ud83c\uddfb\ud83c\uddea Propuesto Calendario 2015 de Nataci\u00f3n con Aletas en Venezuela"},"content":{"rendered":"<p><a href=\"http:\/\/www.sportalsub.net\/blog\/wp-content\/uploads\/2015\/03\/calendario2015.jpg\" target=\"_blank\"><img loading=\"lazy\" decoding=\"async\" class=\"alignnone wp-image-19622\" src=\"http:\/\/www.sportalsub.net\/blog\/wp-content\/uploads\/2015\/03\/calendario2015.jpg\" alt=\"calendario2015\" width=\"599\" height=\"187\" srcset=\"https:\/\/www.sportalsub.net\/blog\/wp-content\/uploads\/2015\/03\/calendario2015.jpg 960w, https:\/\/www.sportalsub.net\/blog\/wp-content\/uploads\/2015\/03\/calendario2015-768x240.jpg 768w, https:\/\/www.sportalsub.net\/blog\/wp-content\/uploads\/2015\/03\/calendario2015-300x94.jpg 300w\" sizes=\"auto, (max-width: 599px) 100vw, 599px\" \/><\/a><\/p>\n<p>(Sportalsub.net \/ Nataci\u00f3n con Aletas Venezuela)<\/p>\n<p>Luego de la realizaci\u00f3n de la 1ra Mesa de Trabajo 2015 llevada a cabo\u00a0este lunes 16 de marzo\u00a0con representantes de la comunidad de Atletas y\u00a0Entrenadores de\u00a0Nataci\u00f3n con Aletas en Venezuela y con presencia de autoridades del Ministerio del Deporte, \u00a0se realiz\u00f3 la\u00a0<strong>Propuesta de Calendario Deportivo Nacional e Internacional de Nataci\u00f3n con Aletas de Venezuela 2015\u00a0<\/strong>con miras a dar continuidad y retomar el trabajo deportivo para esta modalidad en Venezuela para el a\u00f1o en curso. En pr\u00f3ximos d\u00edas se estar\u00e1n confirmando los primeros eventos incluidos en el calendario, as\u00ed como las condiciones de participaci\u00f3n y reglamentaci\u00f3n de los mismos.<\/p>\n<p><strong><a href=\"http:\/\/natacionconaletas.com.ve\/wp-content\/uploads\/2015\/03\/PROPUESTA-CALENDARIO-NATACION-CON-ALETAS-2015.pdf\" target=\"_blank\" rel=\"noopener noreferrer\" target=\"_blank\">PROPUESTA CALENDARIO\u00a0NATACI\u00d3N\u00a0CON ALETAS 2015<\/a>\u00a0(formato pdf)<br \/>\n<\/strong>(Sujeto a Modificaciones de acuerdo a los par\u00e1metros del Ministerio del Poder Popular para la Juventud y el Deporte)<strong><br \/>\n<\/strong><\/p>\n<p><a href=\"http:\/\/natacionconaletas.com.ve\/wp-content\/uploads\/2015\/03\/PROPUESTA-CALENDARIO-NATACION-CON-ALETAS-2015.png\" target=\"_blank\" rel=\"noopener noreferrer\"><img loading=\"lazy\" decoding=\"async\" class=\"alignnone wp-image-178\" src=\"http:\/\/natacionconaletas.com.ve\/wp-content\/uploads\/2015\/03\/PROPUESTA-CALENDARIO-NATACION-CON-ALETAS-2015.png\" alt=\"PROPUESTA CALENDARIO NATACION CON ALETAS 2015\" width=\"600\" height=\"577\" \/><br \/>\n<\/a><\/p>\n<p>(Sujeto a Modificaciones de acuerdo a los par\u00e1metros del Ministerio del Poder Popular para la Juventud y el Deporte)<\/p>\n<p><strong>M\u00e1s informaci\u00f3n:<\/strong><br \/>\n<strong>Sitio Web: <a href=\"http:\/\/www.natacionconaletas.com.ve\" target=\"_blank\" rel=\"noopener noreferrer\" target=\"_blank\">www.natacionconaletas.com.ve<\/a><\/strong><br \/>\n<strong>Facebook: <a href=\"https:\/\/www.facebook.com\/natacionconaletasvenezuela\" target=\"_blank\" rel=\"noopener noreferrer\" target=\"_blank\">Nataci\u00f3nconaletasvenezuela<\/a><\/strong><\/p>\n<p><strong>Publicado por:<\/strong><\/p>\n<p><img loading=\"lazy\" decoding=\"async\" title=\"miguel\" src=\"http:\/\/www.sportalsub.net\/blog\/wp-content\/uploads\/2012\/05\/miguel-150x150.jpg\" alt=\"\" width=\"80\" height=\"80\" \/><\/p>\n<p><strong>Miguel Alberto Cede\u00f1o Ortiz (Venezuela)\u00a0<strong><img loading=\"lazy\" decoding=\"async\" src=\"http:\/\/es.fifa.com\/imgml\/flags\/s\/ven.gif\" alt=\"chi Eventos\" width=\"19\" height=\"13\" \/><br \/>\n<\/strong><\/strong>Nacido y residenciado en Caracas, Venezuela es el creador, director y editor de Sportalsub.net. Su experiencia como deportista, entrenador, juez y dirigente de las actividades subacu\u00e1ticas le han permitido establecer una red de contactos en todo el mundo para dar a conocer e informar todas las novedades sobre el deporte subacu\u00e1tico en habla hispana.<br \/>\n<strong><strong><a href=\"http:\/\/www.facebook.com\/miguelsportsub\" target=\"_blank\" rel=\"noopener noreferrer\" target=\"_blank\"><img decoding=\"async\" src=\"http:\/\/www.sportalsub.net\/blog\/wp-content\/uploads\/2009\/12\/fb.png\" alt=\"Facebook\" \/><\/a>\u00a0<\/strong><strong><a href=\"http:\/\/www.twitter.com\/miguelsportsub\" target=\"_blank\" rel=\"noopener noreferrer\" target=\"_blank\"><img decoding=\"async\" src=\"http:\/\/www.sportalsub.net\/blog\/wp-content\/uploads\/2009\/12\/twitter.png\" alt=\"Twitter\" \/><\/a><\/strong><\/strong><\/p>\n<p>&nbsp;<\/p>\n","protected":false},"excerpt":{"rendered":"<p>(Sportalsub.net \/ Nataci\u00f3n con Aletas Venezuela) Luego de la realizaci\u00f3n de la 1ra Mesa de Trabajo 2015 llevada a cabo\u00a0este lunes 16 de marzo\u00a0con representantes de la comunidad de Atletas y\u00a0Entrenadores de\u00a0Nataci\u00f3n con Aletas en Venezuela y con presencia de autoridades del Ministerio del Deporte, \u00a0se realiz\u00f3 la\u00a0Propuesta de Calendario Deportivo Nacional e Internacional de Nataci\u00f3n con Aletas de Venezuela [&#8230;]<\/p>\n","protected":false},"author":1,"featured_media":19622,"comment_status":"open","ping_status":"closed","sticky":false,"template":"","format":"standard","meta":{"_lmt_disableupdate":"","_lmt_disable":"","jetpack_post_was_ever_published":false,"_jetpack_newsletter_access":"","_jetpack_dont_email_post_to_subs":false,"_jetpack_newsletter_tier_id":0,"_jetpack_memberships_contains_paywalled_content":false,"_jetpack_memberships_contains_paid_content":false,"footnotes":"","jetpack_publicize_message":"Propuesto Calendario 2015 de Nataci\u00f3n con Aletas en Venezuela","jetpack_publicize_feature_enabled":true,"jetpack_social_post_already_shared":true,"jetpack_social_options":{"image_generator_settings":{"template":"highway","default_image_id":0,"font":"","enabled":false},"version":2}},"categories":[12,8],"tags":[],"class_list":["post-19621","post","type-post","status-publish","format-standard","has-post-thumbnail","hentry","category-natacion-con-aletas","category-venezuela"],"modified_by":"Sportalsub.net","views":4339,"jetpack_publicize_connections":[],"jetpack_featured_media_url":"https:\/\/www.sportalsub.net\/blog\/wp-content\/uploads\/2015\/03\/calendario2015.jpg","jetpack_sharing_enabled":true,"jetpack_shortlink":"https:\/\/wp.me\/pf9lN-56t","jetpack_likes_enabled":false,"jetpack-related-posts":[{"id":19582,"url":"https:\/\/www.sportalsub.net\/blog\/convocatoria-natacion-con-aletas-venezuela","url_meta":{"origin":19621,"position":0},"title":"\ud83c\uddfb\ud83c\uddea Convocatoria a 1ra Mesa de Trabajo Nataci\u00f3n con Aletas Venezuela 2015","author":"Sportalsub.net","date":"9 marzo 2015","format":false,"excerpt":"(Sportalsub.net \/ Nataci\u00f3n con Aletas Venezuela) La Comunidad de Atletas y\u00a0Entrenadores de\u00a0Nataci\u00f3n con Aletas en Venezuela convoca a todas las personas interesadas en esta modalidad de las actividades subacu\u00e1ticas a participar en la primera Mesa de Trabajo 2015 a realizarse el pr\u00f3ximo Lunes 16 de marzo a las 10:00am en\u2026","rel":"","context":"En \u00abNataci\u00f3n con Aletas\u00bb","block_context":{"text":"Nataci\u00f3n con Aletas","link":"https:\/\/www.sportalsub.net\/blog\/category\/modalidades\/natacion-con-aletas\/"},"img":{"alt_text":"","src":"https:\/\/i0.wp.com\/www.sportalsub.net\/blog\/wp-content\/uploads\/2015\/03\/convocatoria.jpg?resize=350%2C200&ssl=1","width":350,"height":200,"srcset":"https:\/\/i0.wp.com\/www.sportalsub.net\/blog\/wp-content\/uploads\/2015\/03\/convocatoria.jpg?resize=350%2C200&ssl=1 1x, https:\/\/i0.wp.com\/www.sportalsub.net\/blog\/wp-content\/uploads\/2015\/03\/convocatoria.jpg?resize=525%2C300&ssl=1 1.5x, https:\/\/i0.wp.com\/www.sportalsub.net\/blog\/wp-content\/uploads\/2015\/03\/convocatoria.jpg?resize=700%2C400&ssl=1 2x"},"classes":[]},{"id":24211,"url":"https:\/\/www.sportalsub.net\/blog\/calendario-deportivo-de-actividades-subcacuaticas-en-venezuela-2017","url_meta":{"origin":19621,"position":1},"title":"\ud83c\uddfb\ud83c\uddea Calendario Deportivo de Actividades Subacu\u00e1ticas en Venezuela 2017","author":"Sportalsub.net","date":"14 diciembre 2016","format":false,"excerpt":"(Sportalsub.net \/ Comisiones T\u00e9cnicas Nacionales) Las Comisiones T\u00e9cnicas Nacionales (Apnea, Nataci\u00f3n con Aletas, Pesca Submarina y Rugby Subacu\u00e1tico) \u00a0de la Federaci\u00f3n Venezolana de Actividades Subacu\u00e1ticas publican el Calendario Deportivo de cada una de las modalidades para el a\u00f1o 2017. \u00a0Ver Calendario oficial Enviado por:\u00a0LUIS.J MU\u00d1OZ.C <luismcobo@hotmail.com> \u00a0 \u00a0","rel":"","context":"En \u00abApnea\u00bb","block_context":{"text":"Apnea","link":"https:\/\/www.sportalsub.net\/blog\/category\/modalidades\/apnea\/"},"img":{"alt_text":"","src":"https:\/\/i0.wp.com\/www.sportalsub.net\/blog\/wp-content\/uploads\/2013\/06\/venezuela-apnea.jpg?resize=350%2C200&ssl=1","width":350,"height":200,"srcset":"https:\/\/i0.wp.com\/www.sportalsub.net\/blog\/wp-content\/uploads\/2013\/06\/venezuela-apnea.jpg?resize=350%2C200&ssl=1 1x, https:\/\/i0.wp.com\/www.sportalsub.net\/blog\/wp-content\/uploads\/2013\/06\/venezuela-apnea.jpg?resize=525%2C300&ssl=1 1.5x, https:\/\/i0.wp.com\/www.sportalsub.net\/blog\/wp-content\/uploads\/2013\/06\/venezuela-apnea.jpg?resize=700%2C400&ssl=1 2x"},"classes":[]},{"id":25730,"url":"https:\/\/www.sportalsub.net\/blog\/i-chequeo-de-natacion-con-aletas-venezuela-2017\/","url_meta":{"origin":19621,"position":2},"title":"\ud83c\uddfb\ud83c\uddea Resultados I Chequeo Nacional de Nataci\u00f3n con Aletas Venezuela 2017","author":"Sportalsub.net","date":"10 febrero 2017","format":false,"excerpt":"(Sportalsub.net \/ Comisi\u00f3n Nataci\u00f3n con Aletas Venezuela \/ FVAS) Cumpli\u00e9ndose el calendario nacional 2017, \u00a0la Federaci\u00f3n Venezolana de Actividades Subacu\u00e1ticas (FVAS), a trav\u00e9s de su Comisi\u00f3n T\u00e9cnica de Aletas, realizaron los d\u00edas 3, 4 y 5 de Febrero 2017 el Chequeo Nacional de Nataci\u00f3n con Aletas en las piscinas \u00a0del\u2026","rel":"","context":"En \u00abNataci\u00f3n con Aletas\u00bb","block_context":{"text":"Nataci\u00f3n con Aletas","link":"https:\/\/www.sportalsub.net\/blog\/category\/modalidades\/natacion-con-aletas\/"},"img":{"alt_text":"","src":"https:\/\/i0.wp.com\/www.sportalsub.net\/blog\/wp-content\/uploads\/2017\/02\/chequeo-aletas.jpg?resize=350%2C200&ssl=1","width":350,"height":200,"srcset":"https:\/\/i0.wp.com\/www.sportalsub.net\/blog\/wp-content\/uploads\/2017\/02\/chequeo-aletas.jpg?resize=350%2C200&ssl=1 1x, https:\/\/i0.wp.com\/www.sportalsub.net\/blog\/wp-content\/uploads\/2017\/02\/chequeo-aletas.jpg?resize=525%2C300&ssl=1 1.5x, https:\/\/i0.wp.com\/www.sportalsub.net\/blog\/wp-content\/uploads\/2017\/02\/chequeo-aletas.jpg?resize=700%2C400&ssl=1 2x"},"classes":[]},{"id":37561,"url":"https:\/\/www.sportalsub.net\/blog\/calendario-2020-fvas-venezuela","url_meta":{"origin":19621,"position":3},"title":"\ud83c\uddfb\ud83c\uddea Federaci\u00f3n Venezolana de Actividades Subacu\u00e1ticas (FVAS) &#8211; Calendario 2020","author":"Sportalsub.net","date":"1 marzo 2020","format":false,"excerpt":"(Sportalsub.net \/ FVAS) El Calendario Deportivo 2020 de La Federaci\u00f3n Venezolana de Actividades Subacu\u00e1ticas (FVAS) incluye las competencias nacionales e internacionales en las modalidades de: apnea, nataci\u00f3n con aletas, pesca submarina y tiro al blanco subacu\u00e1tico, que organizar\u00e1 o en las que se planea la participaci\u00f3n de los deportistas subacu\u00e1ticos\u2026","rel":"","context":"En \u00abApnea\u00bb","block_context":{"text":"Apnea","link":"https:\/\/www.sportalsub.net\/blog\/category\/modalidades\/apnea\/"},"img":{"alt_text":"","src":"https:\/\/i0.wp.com\/www.sportalsub.net\/blog\/wp-content\/uploads\/2020\/01\/calendariofvas2020.jpg?resize=350%2C200&ssl=1","width":350,"height":200,"srcset":"https:\/\/i0.wp.com\/www.sportalsub.net\/blog\/wp-content\/uploads\/2020\/01\/calendariofvas2020.jpg?resize=350%2C200&ssl=1 1x, https:\/\/i0.wp.com\/www.sportalsub.net\/blog\/wp-content\/uploads\/2020\/01\/calendariofvas2020.jpg?resize=525%2C300&ssl=1 1.5x, https:\/\/i0.wp.com\/www.sportalsub.net\/blog\/wp-content\/uploads\/2020\/01\/calendariofvas2020.jpg?resize=700%2C400&ssl=1 2x"},"classes":[]},{"id":23066,"url":"https:\/\/www.sportalsub.net\/blog\/ranking-records-nadosub-venezuela-2015","url_meta":{"origin":19621,"position":4},"title":"\ud83c\uddfb\ud83c\uddea Ranking Nacional 2015 y R\u00e9cords Nacionales de Nataci\u00f3n con Aletas de Venezuela","author":"Sportalsub.net","date":"18 diciembre 2015","format":false,"excerpt":"(Sportalsub.net \/ Nataci\u00f3n con Aletas Venezuela) Como todos los a\u00f1os, Sportsub & Sportalsub.net presenta el\u00a0Ranking Nacional 2015, listado actualizado de R\u00e9cords Nacionales Absolutos y Juveniles y TOP 20 2000-2015 de Nataci\u00f3n con Aletas de Venezuela, avalado por la Comisi\u00f3n de Jueces y Comisi\u00f3n T\u00e9cnica Nacional de la Federaci\u00f3n Venezolana de\u2026","rel":"","context":"En \u00abNataci\u00f3n con Aletas\u00bb","block_context":{"text":"Nataci\u00f3n con Aletas","link":"https:\/\/www.sportalsub.net\/blog\/category\/modalidades\/natacion-con-aletas\/"},"img":{"alt_text":"","src":"https:\/\/i0.wp.com\/www.sportalsub.net\/blog\/wp-content\/uploads\/2015\/12\/ranking2015.jpg?resize=350%2C200&ssl=1","width":350,"height":200,"srcset":"https:\/\/i0.wp.com\/www.sportalsub.net\/blog\/wp-content\/uploads\/2015\/12\/ranking2015.jpg?resize=350%2C200&ssl=1 1x, https:\/\/i0.wp.com\/www.sportalsub.net\/blog\/wp-content\/uploads\/2015\/12\/ranking2015.jpg?resize=525%2C300&ssl=1 1.5x, https:\/\/i0.wp.com\/www.sportalsub.net\/blog\/wp-content\/uploads\/2015\/12\/ranking2015.jpg?resize=700%2C400&ssl=1 2x"},"classes":[]},{"id":15556,"url":"https:\/\/www.sportalsub.net\/blog\/records-y-rankings-nacionales-apnea-natacion-con-aletas-pesca-submarina-y-rugby-subacuatico-fvas-venezuela-2013\/","url_meta":{"origin":19621,"position":5},"title":"\ud83c\uddfb\ud83c\uddea R\u00e9cords y Rankings Nacionales Apnea, Nataci\u00f3n con Aletas, Pesca Submarina y Rugby Subacu\u00e1tico FVAS Venezuela 2013","author":"Sportalsub.net","date":"4 julio 2013","format":false,"excerpt":"(Especial Sportalsub.net \/ FVAS) Luego del 1er semestre de actividades del Calendario Nacional Deportivo 2013 la Federaci\u00f3n Venezolana de Actividades Subacu\u00e1ticas publica los R\u00e9cords y Rankings Nacionales actualizados\u00a0(al 4 de julio 2013)\u00a0para las modalidades de apnea, nataci\u00f3n con aletas, pesca submarina y rugby subacu\u00e1tico APNEA \u00a0R\u00e9cords Nacionales \u00a0Ranking Nacional 2013\u2026","rel":"","context":"En \u00abApnea\u00bb","block_context":{"text":"Apnea","link":"https:\/\/www.sportalsub.net\/blog\/category\/modalidades\/apnea\/"},"img":{"alt_text":"","src":"https:\/\/i0.wp.com\/www.sportalsub.net\/blog\/wp-content\/uploads\/2013\/07\/records2013.jpg?resize=350%2C200&ssl=1","width":350,"height":200},"classes":[]}],"_links":{"self":[{"href":"https:\/\/www.sportalsub.net\/blog\/wp-json\/wp\/v2\/posts\/19621","targetHints":{"allow":["GET"]}}],"collection":[{"href":"https:\/\/www.sportalsub.net\/blog\/wp-json\/wp\/v2\/posts"}],"about":[{"href":"https:\/\/www.sportalsub.net\/blog\/wp-json\/wp\/v2\/types\/post"}],"author":[{"embeddable":true,"href":"https:\/\/www.sportalsub.net\/blog\/wp-json\/wp\/v2\/users\/1"}],"replies":[{"embeddable":true,"href":"https:\/\/www.sportalsub.net\/blog\/wp-json\/wp\/v2\/comments?post=19621"}],"version-history":[{"count":0,"href":"https:\/\/www.sportalsub.net\/blog\/wp-json\/wp\/v2\/posts\/19621\/revisions"}],"wp:featuredmedia":[{"embeddable":true,"href":"https:\/\/www.sportalsub.net\/blog\/wp-json\/wp\/v2\/media\/19622"}],"wp:attachment":[{"href":"https:\/\/www.sportalsub.net\/blog\/wp-json\/wp\/v2\/media?parent=19621"}],"wp:term":[{"taxonomy":"category","embeddable":true,"href":"https:\/\/www.sportalsub.net\/blog\/wp-json\/wp\/v2\/categories?post=19621"},{"taxonomy":"post_tag","embeddable":true,"href":"https:\/\/www.sportalsub.net\/blog\/wp-json\/wp\/v2\/tags?post=19621"}],"curies":[{"name":"wp","href":"https:\/\/api.w.org\/{rel}","templated":true}]}}