{"id":1974,"date":"2009-04-27T04:27:07","date_gmt":"2009-04-27T08:57:07","guid":{"rendered":"http:\/\/www.sportalsub.net\/blog\/?p=1974"},"modified":"2019-09-01T03:09:39","modified_gmt":"2019-09-01T07:09:39","slug":"apneista-jana-strain-de-canada-implanta-record-panamericano-en-apnea-dinamica-sin-aletas","status":"publish","type":"post","link":"https:\/\/www.sportalsub.net\/blog\/apneista-jana-strain-de-canada-implanta-record-panamericano-en-apnea-dinamica-sin-aletas\/","title":{"rendered":"\ud83c\udde8\ud83c\udde6 Apneista Jana Strain de Canad\u00e1 implanta r\u00e9cord Panamericano en Apnea Din\u00e1mica sin Aletas"},"content":{"rendered":"<p style=\"text-align: center;\"><a href=\"http:\/\/www.sportalsub.net\/blog\/2009\/04\/27\/apneista-jana-strain-de-canada-implanta-record-panamericano-en-apnea-dinamica-sin-aletas\/\"><img loading=\"lazy\" decoding=\"async\" class=\"alignnone size-full wp-image-1975\" style=\"border: 0px;\" src=\"http:\/\/www.sportalsub.net\/blog\/wp-content\/uploads\/2009\/04\/janastrain.jpg\" alt=\"\" width=\"428\" height=\"278\" srcset=\"https:\/\/www.sportalsub.net\/blog\/wp-content\/uploads\/2009\/04\/janastrain.jpg 428w, https:\/\/www.sportalsub.net\/blog\/wp-content\/uploads\/2009\/04\/janastrain-300x195.jpg 300w\" sizes=\"auto, (max-width: 428px) 100vw, 428px\" \/><\/a><br \/>\nFotos: JanaStrain.com<\/p>\n<p>La apneista canadiense Jana Strain, logr\u00f3 el pasado s\u00e1bado 25 de abril, obtener un nuevo r\u00e9cord panamericano AIDA en la modalidad de apnea din\u00e1mica sin aletas, al registrar una distancia de 116 metros en 2 minutos y 10 segundos, durante el Campeonato Nacional Canadiense de Apnea en piscina.<\/p>\n<p><!--more--><\/p>\n<p>La marca anterior era de 113 metros, lograda por la estadounidense Tanya Streeter en el a\u00f1o 2005.<\/p>\n<p>El nuevo r\u00e9cord panamericano cont\u00f3 con el aval de la Asociaci\u00f3n Internacional para el Desarrollo de la Apnea (AIDA) y se convierte en el cuarto r\u00e9cord panamericano logrado por Strain en\u00a0su corta carrera deportiva iniciada en el a\u00f1o 2008, logrando en su primer a\u00f1o de competiciones, romper el r\u00e9cord nacional y panamericano en la modalidad de din\u00e1mica con aletas en 2 ocasiones: 155 metros y 171 metros, en Octubre de 2008.<\/p>\n<p>Gracias a estos excelentes resultados, Jana fue reconocida como mejor apneista novata en el a\u00f1o 2008.<\/p>\n<p>Durante el mes de Abril de 2009, durante el evento Vertical Blue 2009, Jana logr\u00f3 un nuevo r\u00e9cord panamericano, esta vez en la modalidad de peso constante sin aletas, con un registro de 51 metros.<\/p>\n<p>Para m\u00e1s informaci\u00f3n, visita su sitio web oficial:<br \/>\n<a href=\"http:\/\/www.janastrain.com\" target=\"_blank\" rel=\"noopener noreferrer\" target=\"_blank\">http:\/\/www.janastrain.com<\/a><\/p>\n","protected":false},"excerpt":{"rendered":"<p>Fotos: JanaStrain.com La apneista canadiense Jana Strain, logr\u00f3 el pasado s\u00e1bado 25 de abril, obtener un nuevo r\u00e9cord panamericano AIDA en la modalidad de apnea din\u00e1mica sin aletas, al registrar una distancia de 116 metros en 2 minutos y 10 segundos, durante el Campeonato Nacional Canadiense de Apnea en piscina.<\/p>\n","protected":false},"author":1,"featured_media":1975,"comment_status":"open","ping_status":"closed","sticky":false,"template":"","format":"standard","meta":{"_lmt_disableupdate":"","_lmt_disable":"","jetpack_post_was_ever_published":false,"_jetpack_newsletter_access":"","_jetpack_dont_email_post_to_subs":false,"_jetpack_newsletter_tier_id":0,"_jetpack_memberships_contains_paywalled_content":false,"_jetpack_memberships_contains_paid_content":false,"footnotes":"","jetpack_publicize_message":"","jetpack_publicize_feature_enabled":true,"jetpack_social_post_already_shared":false,"jetpack_social_options":{"image_generator_settings":{"template":"highway","default_image_id":0,"font":"","enabled":false},"version":2}},"categories":[9,177,50],"tags":[],"class_list":["post-1974","post","type-post","status-publish","format-standard","has-post-thumbnail","hentry","category-apnea","category-canada","category-records"],"modified_by":"Sportalsub.net","views":7202,"jetpack_publicize_connections":[],"jetpack_featured_media_url":"https:\/\/www.sportalsub.net\/blog\/wp-content\/uploads\/2009\/04\/janastrain.jpg","jetpack_sharing_enabled":true,"jetpack_shortlink":"https:\/\/wp.me\/pf9lN-vQ","jetpack_likes_enabled":false,"jetpack-related-posts":[{"id":2524,"url":"https:\/\/www.sportalsub.net\/blog\/carlos-coste-implanta-nuevo-record-suramericano-en-apnea-dinamica-con-aletas-aida\/","url_meta":{"origin":1974,"position":0},"title":"\ud83c\uddfb\ud83c\uddea Carlos Coste implanta nuevo R\u00e9cord Suramericano en Apnea Din\u00e1mica con Aletas AIDA","author":"Sportalsub.net","date":"21 julio 2009","format":false,"excerpt":"Foto: Ronald Laurens @ Sportalsub.net El apneista venezolano Carlos Coste logr\u00f3 un nuevo r\u00e9cord suramericano en su amplia lista de r\u00e9cords, que incluye varias marcas mundiales, al realizar 200 metros en la modalidad de Din\u00e1mica con equipo realizado en Caracas, el p\u00e1sado s\u00e1bado 18 de julio en el chequeo nacional\u2026","rel":"","context":"En \u00abApnea\u00bb","block_context":{"text":"Apnea","link":"https:\/\/www.sportalsub.net\/blog\/category\/modalidades\/apnea\/"},"img":{"alt_text":"","src":"https:\/\/i0.wp.com\/www.sportalsub.net\/blog\/wp-content\/uploads\/2009\/07\/costedinamica.jpg?resize=350%2C200&ssl=1","width":350,"height":200},"classes":[]},{"id":45787,"url":"https:\/\/www.sportalsub.net\/blog\/2-records-panamericanos-y-medalla-de-bronce-para-maria-veronica-cordova-de-ecuador-en-inicio-del-mundial-de-apnea-cmas-serbia-2021\/","url_meta":{"origin":1974,"position":1},"title":"\ud83c\uddea\ud83c\udde8 2 R\u00e9cords Panamericanos y Bronce para Mar\u00eda Ver\u00f3nica C\u00f3rdova de Ecuador en inicio del Mundial Apnea CMAS Serbia 2021","author":"Sportalsub.net","date":"24 junio 2021","format":false,"excerpt":"(Sportalsub.net \/ FEDASUB) La Apneista Ecuatoriana Mar\u00eda Ver\u00f3nica\u00a0C\u00f3rdova\u00a0ha iniciado con gran \u00e9xito su participaci\u00f3n en el \u00a011\u00b0 Campeonato Mundial de Apnea Indoor CMAS 2021 \u2013 Belgrado, Serbia en donde ha logrado establecer dos nuevos r\u00e9cords panamericanos en las pruebas de din\u00e1mica sin aletas y din\u00e1mica con bialetas (en donde tambi\u00e9n\u2026","rel":"","context":"En \u00abApnea\u00bb","block_context":{"text":"Apnea","link":"https:\/\/www.sportalsub.net\/blog\/category\/modalidades\/apnea\/"},"img":{"alt_text":"","src":"https:\/\/i0.wp.com\/www.sportalsub.net\/blog\/wp-content\/uploads\/2021\/06\/mariaveronica.jpg?resize=350%2C200&ssl=1","width":350,"height":200,"srcset":"https:\/\/i0.wp.com\/www.sportalsub.net\/blog\/wp-content\/uploads\/2021\/06\/mariaveronica.jpg?resize=350%2C200&ssl=1 1x, https:\/\/i0.wp.com\/www.sportalsub.net\/blog\/wp-content\/uploads\/2021\/06\/mariaveronica.jpg?resize=525%2C300&ssl=1 1.5x, https:\/\/i0.wp.com\/www.sportalsub.net\/blog\/wp-content\/uploads\/2021\/06\/mariaveronica.jpg?resize=700%2C400&ssl=1 2x"},"classes":[]},{"id":15188,"url":"https:\/\/www.sportalsub.net\/blog\/venezolano-antonio-del-duca-implanta-nuevo-record-en-apnea-dinamica-sin-aletas-en-mexico\/","url_meta":{"origin":1974,"position":2},"title":"\ud83c\uddfb\ud83c\uddea Venezolano Antonio del Duca implanta nuevo R\u00e9cord en Apnea Din\u00e1mica sin Aletas en M\u00e9xico","author":"Sportalsub.net","date":"21 abril 2013","format":false,"excerpt":"(Especial Sportalsub.net \/ Antonio del Duca \/ XEU) El apneista Venezolano Antonio del Duca logr\u00f3 el primer lugar en la prueba de en apnea din\u00e1mica sin aletas con marca de 156 mts superando el re\u0107ord nacional y el r\u00e9cord sudamericano de la Asociaci\u00f3n Internacional para el Desarrollo de la Apnea\u2026","rel":"","context":"En \u00abApnea\u00bb","block_context":{"text":"Apnea","link":"https:\/\/www.sportalsub.net\/blog\/category\/modalidades\/apnea\/"},"img":{"alt_text":"","src":"https:\/\/i0.wp.com\/www.sportalsub.net\/blog\/wp-content\/uploads\/2013\/04\/delduca-olmeca-open.jpg?resize=350%2C200&ssl=1","width":350,"height":200,"srcset":"https:\/\/i0.wp.com\/www.sportalsub.net\/blog\/wp-content\/uploads\/2013\/04\/delduca-olmeca-open.jpg?resize=350%2C200&ssl=1 1x, https:\/\/i0.wp.com\/www.sportalsub.net\/blog\/wp-content\/uploads\/2013\/04\/delduca-olmeca-open.jpg?resize=525%2C300&ssl=1 1.5x"},"classes":[]},{"id":2681,"url":"https:\/\/www.sportalsub.net\/blog\/resumen-de-venezuela-en-campeonato-mundial-de-apnea-aida-2009-en-piscina\/","url_meta":{"origin":1974,"position":3},"title":"\ud83c\uddfb\ud83c\uddea Resumen de Venezuela en Campeonato Mundial de Apnea AIDA 2009 en Piscina","author":"Sportalsub.net","date":"7 septiembre 2009","format":false,"excerpt":"Resumen y rese\u00f1a de la actuaci\u00f3n de los atletas venezolanos en el 5to Campeonato Mundial Individual\u00a0AIDA en piscina, realizado en \u00c5arhus, Dinamarca del\u00a017 al 22 Agosto\u00a02009. Carlos Coste\u00a0Record Panamericano en Din\u00e1mica (215m) y Antonio Del Duca 5\u00ba lugar en la final de Din\u00e1mica con (205m) Jueves 20\/8\/2009 Series de clasificaci\u00f3n\u2026","rel":"","context":"En \u00abApnea\u00bb","block_context":{"text":"Apnea","link":"https:\/\/www.sportalsub.net\/blog\/category\/modalidades\/apnea\/"},"img":{"alt_text":"","src":"https:\/\/i0.wp.com\/www.sportalsub.net\/blog\/wp-content\/uploads\/2013\/11\/equipo.jpg?resize=350%2C200&ssl=1","width":350,"height":200,"srcset":"https:\/\/i0.wp.com\/www.sportalsub.net\/blog\/wp-content\/uploads\/2013\/11\/equipo.jpg?resize=350%2C200&ssl=1 1x, https:\/\/i0.wp.com\/www.sportalsub.net\/blog\/wp-content\/uploads\/2013\/11\/equipo.jpg?resize=525%2C300&ssl=1 1.5x, https:\/\/i0.wp.com\/www.sportalsub.net\/blog\/wp-content\/uploads\/2013\/11\/equipo.jpg?resize=700%2C400&ssl=1 2x"},"classes":[]},{"id":15194,"url":"https:\/\/www.sportalsub.net\/blog\/antonio-del-duca-de-venezuela-implanta-nuevo-record-panamericano-en-apnea-dinamica-en-mexico\/","url_meta":{"origin":1974,"position":4},"title":"\ud83c\uddfb\ud83c\uddea Antonio del Duca de Venezuela implanta nuevo R\u00e9cord Panamericano en Apnea Din\u00e1mica en M\u00e9xico","author":"Sportalsub.net","date":"22 abril 2013","format":false,"excerpt":"(Especial Sportalsub.net \/ Antonio del Duca \/ XEU) En el segundo d\u00eda de competencia del Campeonato de Apnea en piscina Olmeca Open realizado en Veracruz, M\u00e9xico este fin de semana 20 y 21 de abril, el apneista Venezolano\u00a0Antonio del Duca\u00a0logr\u00f3 el primer lugar en la prueba de apnea din\u00e1mica con\u2026","rel":"","context":"En \u00abApnea\u00bb","block_context":{"text":"Apnea","link":"https:\/\/www.sportalsub.net\/blog\/category\/modalidades\/apnea\/"},"img":{"alt_text":"","src":"https:\/\/i0.wp.com\/www.sportalsub.net\/blog\/wp-content\/uploads\/2013\/04\/delduca-olmeca-open-2.jpg?resize=350%2C200&ssl=1","width":350,"height":200,"srcset":"https:\/\/i0.wp.com\/www.sportalsub.net\/blog\/wp-content\/uploads\/2013\/04\/delduca-olmeca-open-2.jpg?resize=350%2C200&ssl=1 1x, https:\/\/i0.wp.com\/www.sportalsub.net\/blog\/wp-content\/uploads\/2013\/04\/delduca-olmeca-open-2.jpg?resize=525%2C300&ssl=1 1.5x"},"classes":[]},{"id":21591,"url":"https:\/\/www.sportalsub.net\/blog\/record-panamericano-ludmila-argentina","url_meta":{"origin":1974,"position":5},"title":"\ud83c\udde6\ud83c\uddf7 Nuevo R\u00e9cord Panamericano para Argentina en Mundial CMAS de Apnea en piscina en Francia","author":"Sportalsub.net","date":"27 julio 2015","format":false,"excerpt":"(Sportalsub.net \/ Especial Mulhouse 2015 \/\u00a0 Foto: psmcafe.com) La actual Campeona Panamericana, Ludmila Brzozowski\u00a0de Argentina\u00a0logr\u00f3 este lunes 27 de julio romper nuevamente el R\u00e9cord Panamericano en\u00a0la modalidad de apnea din\u00e1mica sin aletas, con marca de 134,37 metros realizada en la final, superando los 131,02 metros \u00a0que hab\u00eda realizado en la\u2026","rel":"","context":"En \u00abApnea\u00bb","block_context":{"text":"Apnea","link":"https:\/\/www.sportalsub.net\/blog\/category\/modalidades\/apnea\/"},"img":{"alt_text":"","src":"https:\/\/i0.wp.com\/www.sportalsub.net\/blog\/wp-content\/uploads\/2015\/07\/recordludmila.jpg?resize=350%2C200&ssl=1","width":350,"height":200,"srcset":"https:\/\/i0.wp.com\/www.sportalsub.net\/blog\/wp-content\/uploads\/2015\/07\/recordludmila.jpg?resize=350%2C200&ssl=1 1x, https:\/\/i0.wp.com\/www.sportalsub.net\/blog\/wp-content\/uploads\/2015\/07\/recordludmila.jpg?resize=525%2C300&ssl=1 1.5x"},"classes":[]}],"_links":{"self":[{"href":"https:\/\/www.sportalsub.net\/blog\/wp-json\/wp\/v2\/posts\/1974","targetHints":{"allow":["GET"]}}],"collection":[{"href":"https:\/\/www.sportalsub.net\/blog\/wp-json\/wp\/v2\/posts"}],"about":[{"href":"https:\/\/www.sportalsub.net\/blog\/wp-json\/wp\/v2\/types\/post"}],"author":[{"embeddable":true,"href":"https:\/\/www.sportalsub.net\/blog\/wp-json\/wp\/v2\/users\/1"}],"replies":[{"embeddable":true,"href":"https:\/\/www.sportalsub.net\/blog\/wp-json\/wp\/v2\/comments?post=1974"}],"version-history":[{"count":0,"href":"https:\/\/www.sportalsub.net\/blog\/wp-json\/wp\/v2\/posts\/1974\/revisions"}],"wp:featuredmedia":[{"embeddable":true,"href":"https:\/\/www.sportalsub.net\/blog\/wp-json\/wp\/v2\/media\/1975"}],"wp:attachment":[{"href":"https:\/\/www.sportalsub.net\/blog\/wp-json\/wp\/v2\/media?parent=1974"}],"wp:term":[{"taxonomy":"category","embeddable":true,"href":"https:\/\/www.sportalsub.net\/blog\/wp-json\/wp\/v2\/categories?post=1974"},{"taxonomy":"post_tag","embeddable":true,"href":"https:\/\/www.sportalsub.net\/blog\/wp-json\/wp\/v2\/tags?post=1974"}],"curies":[{"name":"wp","href":"https:\/\/api.w.org\/{rel}","templated":true}]}}