{"id":198,"date":"2008-08-01T22:47:30","date_gmt":"2008-08-02T03:17:30","guid":{"rendered":"http:\/\/www.sportalsub.net\/blog\/?p=198"},"modified":"2019-08-30T08:54:02","modified_gmt":"2019-08-30T12:54:02","slug":"campeonato-de-apnea-de-espana-2008","status":"publish","type":"post","link":"https:\/\/www.sportalsub.net\/blog\/campeonato-de-apnea-de-espana-2008\/","title":{"rendered":"\ud83c\uddea\ud83c\uddf8 Campeonato de Apnea de Espa\u00f1a 2008"},"content":{"rendered":"<p><a href=\"http:\/\/www.sportalsub.net\/blog\/2008\/08\/01\/campeonato-de-apnea-de-espana-2008\/\"><img loading=\"lazy\" decoding=\"async\" src=\"http:\/\/www.carbontek.net\/fotos\/probadores\/deana005.jpg\" alt=\"\" width=\"400\" height=\"440\" border=\"0\" \/><\/a><\/p>\n<p>Del 25 al 27 de Julio se realiz\u00f3 en Tenerife, Espa\u00f1a, el Campeonato de Apnea 2008, avalado por la Federaci\u00f3n Espa\u00f1ola de Actividades Subacu\u00e1ticas (FEDAS).<\/p>\n<p><!--more--><\/p>\n<div class=\"tex\">\n<p>&nbsp;<\/p>\n<p>&nbsp;<\/p>\n<p>&nbsp;<\/p>\n<p><strong>Resultados Finales Completos <\/strong><a href=\"http:\/\/www.fedas.es\/result\/r2008\/ap_campesp_resultados.zip\" target=\"_blank\" rel=\"noopener noreferrer\" target=\"_blank\"><strong>(formato .zip)<\/strong><\/a><\/p>\n<p><strong>JORNADA, S\/C de Tenerife<\/strong><\/p>\n<p>Canarias se alz\u00f3 con el Campeonato de Espa\u00f1a de apnea, que finaliz\u00f3 en la jornada de ayer en la piscina Acidalio Lorenzo de Santa Cruz de Tenerife. El combinado canario se hizo con doce medallas, de ellas seis oros, tres platas y tres bronces, incluido un r\u00e9cord nacional.<\/p>\n<p>Ayer se disput\u00f3 la \u00faltima jornada. En la prueba de apnea est\u00e1tico, triunfo en la categor\u00eda masculina de Santiago Jakas (Canarias), con un tiempo de 6 minutos y 42 segundos. Segundo fue Luis M. Mart\u00ednez, de la Federaci\u00f3n Catalana, con 6 minutos y 10 segundos; mientras que la tercera plaza fue para su compa\u00f1ero \u00d3scar L\u00f3pez Casa\u00f1as, con 6 minutos y 9 segundos.<\/p>\n<p>En la categor\u00eda de f\u00e9minas se registr\u00f3 otro triunfo canario, en este caso de Dina Garc\u00eda, con un tiempo de 4 minutos y 15 segundos. La segunda posici\u00f3n fue para otra canaria, Raquel de Ana Fern\u00e1ndez, con un crono 4 minutos y 15 segundos; mientras que en la tercera posici\u00f3n se situ\u00f3 la madrile\u00f1a Berenguer Giraudat, con cuatro minutos justos.<\/p>\n<p>En apnea din\u00e1mico masculino se impuso el representante de Madrid, Jos\u00e9 Gabriel Arcos Soto, con un total de 159 metros. Segundo fue Juan Terol, de Catalu\u00f1a, con 128,78 metros.<\/p>\n<p>En la competici\u00f3n de f\u00e9minas, victoria de Raquel de Ana Fern\u00e1ndez (Canarias), con 128,53 metros; ocupando la segunda posici\u00f3n otra isle\u00f1a, Carolina Iglesias, con 123,15 metros. La tercera plaza fue para la deportista balear Eva G\u00f3mez, con 119,51 metros.<\/p>\n<p><a href=\"http:\/\/sportalsub.scubastore.com\/\" target=\"_blank\" rel=\"noopener noreferrer\" target=\"_blank\"><img loading=\"lazy\" decoding=\"async\" style=\"border-width: 0px;\" src=\"http:\/\/www.sportalsub.net\/blog\/wp-content\/uploads\/2008\/04\/publicidadapnea.jpg\" alt=\"\" width=\"450\" height=\"200\" \/><\/a><\/p>\n<\/div>\n","protected":false},"excerpt":{"rendered":"<p>Del 25 al 27 de Julio se realiz\u00f3 en Tenerife, Espa\u00f1a, el Campeonato de Apnea 2008, avalado por la Federaci\u00f3n Espa\u00f1ola de Actividades Subacu\u00e1ticas (FEDAS).<\/p>\n","protected":false},"author":1,"featured_media":16384,"comment_status":"open","ping_status":"closed","sticky":false,"template":"","format":"standard","meta":{"_lmt_disableupdate":"","_lmt_disable":"","jetpack_post_was_ever_published":false,"_jetpack_newsletter_access":"","_jetpack_dont_email_post_to_subs":false,"_jetpack_newsletter_tier_id":0,"_jetpack_memberships_contains_paywalled_content":false,"_jetpack_memberships_contains_paid_content":false,"footnotes":"","jetpack_publicize_message":"","jetpack_publicize_feature_enabled":true,"jetpack_social_post_already_shared":false,"jetpack_social_options":{"image_generator_settings":{"template":"highway","default_image_id":0,"font":"","enabled":false},"version":2}},"categories":[9,10,120],"tags":[],"class_list":["post-198","post","type-post","status-publish","format-standard","has-post-thumbnail","hentry","category-apnea","category-espana","category-resultados"],"modified_by":"Sportalsub.net","views":4749,"jetpack_publicize_connections":[],"jetpack_featured_media_url":"https:\/\/www.sportalsub.net\/blog\/wp-content\/uploads\/2013\/11\/deana0051.jpg","jetpack_sharing_enabled":true,"jetpack_shortlink":"https:\/\/wp.me\/pf9lN-3c","jetpack_likes_enabled":false,"jetpack-related-posts":[{"id":72551,"url":"https:\/\/www.sportalsub.net\/blog\/campeonato-de-canarias-open-de-apnea-indoor-tenerife-espana\/","url_meta":{"origin":198,"position":0},"title":"\ud83c\uddea\ud83c\uddf8 Resultados &#8211; Campeonato de Canarias Open de Apnea Indoor &#8211; Tenerife, Espa\u00f1a","author":"Sportalsub.net","date":"14 abril 2024","format":false,"excerpt":"(Sportalsub.net \/ FEDECAS Espa\u00f1a) La Federaci\u00f3n Canaria de Actividades Subacu\u00e1ticas (FEDECAS) perteneciente a la Federaci\u00f3n Espa\u00f1ola de Actividades Subacu\u00e1ticas (FEDAS) organiz\u00f3 en el Real Club Na\u00fatico de Santa Cruz de Tenerife el Campeonato de Canarias Open de Apnea Indoor, los d\u00edas 13 y 14 de abril de 2024. RESULTADOS\u00a0 +info:\u2026","rel":"","context":"En \u00abApnea\u00bb","block_context":{"text":"Apnea","link":"https:\/\/www.sportalsub.net\/blog\/category\/modalidades\/apnea\/"},"img":{"alt_text":"","src":"https:\/\/i0.wp.com\/www.sportalsub.net\/blog\/wp-content\/uploads\/2024\/04\/apnea-fedecas-espana.jpg?resize=350%2C200&ssl=1","width":350,"height":200,"srcset":"https:\/\/i0.wp.com\/www.sportalsub.net\/blog\/wp-content\/uploads\/2024\/04\/apnea-fedecas-espana.jpg?resize=350%2C200&ssl=1 1x, https:\/\/i0.wp.com\/www.sportalsub.net\/blog\/wp-content\/uploads\/2024\/04\/apnea-fedecas-espana.jpg?resize=525%2C300&ssl=1 1.5x, https:\/\/i0.wp.com\/www.sportalsub.net\/blog\/wp-content\/uploads\/2024\/04\/apnea-fedecas-espana.jpg?resize=700%2C400&ssl=1 2x"},"classes":[]},{"id":3877,"url":"https:\/\/www.sportalsub.net\/blog\/campeonato-de-espana-de-apnea\/","url_meta":{"origin":198,"position":1},"title":"\ud83c\uddea\ud83c\uddf8 Campeonato de Espa\u00f1a de Apnea","author":"Sportalsub.net","date":"12 octubre 2005","format":false,"excerpt":"La selecci\u00f3n de Canarias se alz\u00f3 con el Campeonato de Espa\u00f1a de apnea, que en su sexta edici\u00f3n se celebr\u00f3 desde el pasado s\u00e1bado 8\u00a0hasta\u00a0el martes 11 de Octubre\u00a0en Tenerife. Sobresalieron Manuel Vel\u00e1zquez, Raquel de Ana y Elizabeth Gonz\u00e1lez, quienes pulverizaron los r\u00e9cord nacionales en peso constante, los dos primeros,\u2026","rel":"","context":"En \u00abApnea\u00bb","block_context":{"text":"Apnea","link":"https:\/\/www.sportalsub.net\/blog\/category\/modalidades\/apnea\/"},"img":{"alt_text":"","src":"https:\/\/i0.wp.com\/www.sportalsub.net\/blog\/wp-content\/uploads\/2010\/01\/apneaesp001.jpg?resize=350%2C200","width":350,"height":200},"classes":[]},{"id":65980,"url":"https:\/\/www.sportalsub.net\/blog\/atlantic-cup-2023","url_meta":{"origin":198,"position":2},"title":"\ud83c\uddea\ud83c\uddf8 Resultados &#8211; Competencia de Apnea Atlantic Cup AIDA 2023 &#8211; Tenerife, Espa\u00f1a","author":"Sportalsub.net","date":"2 noviembre 2023","format":false,"excerpt":"(Sportalsub.net \/ AEA Aida Espa\u00f1a \/ Apnea Tenerife) Read in English Competencia de Apnea de Profundidad, realizada los d\u00edas 31 de octubre y 1 de noviembre 2023 en Radazul, Tenerife. Campeonato Nacional AIDA Espa\u00f1a, con participaci\u00f3n internacional, organizado por Apnea Canarias y auspiciado por la Asociaci\u00f3n Espa\u00f1ola de Apnea. Resultados\u2026","rel":"","context":"En \u00abApnea\u00bb","block_context":{"text":"Apnea","link":"https:\/\/www.sportalsub.net\/blog\/category\/modalidades\/apnea\/"},"img":{"alt_text":"","src":"https:\/\/i0.wp.com\/www.sportalsub.net\/blog\/wp-content\/uploads\/2023\/10\/atlantic-cup-2023.jpg?resize=350%2C200&ssl=1","width":350,"height":200,"srcset":"https:\/\/i0.wp.com\/www.sportalsub.net\/blog\/wp-content\/uploads\/2023\/10\/atlantic-cup-2023.jpg?resize=350%2C200&ssl=1 1x, https:\/\/i0.wp.com\/www.sportalsub.net\/blog\/wp-content\/uploads\/2023\/10\/atlantic-cup-2023.jpg?resize=525%2C300&ssl=1 1.5x, https:\/\/i0.wp.com\/www.sportalsub.net\/blog\/wp-content\/uploads\/2023\/10\/atlantic-cup-2023.jpg?resize=700%2C400&ssl=1 2x"},"classes":[]},{"id":18757,"url":"https:\/\/www.sportalsub.net\/blog\/iv-campeonato-europeo-de-apnea-cmas-en-tenerife-espana\/","url_meta":{"origin":198,"position":3},"title":"\ud83c\uddea\ud83c\uddf8 IV Campeonato Europeo de Apnea CMAS en Tenerife, Espa\u00f1a + Resultados","author":"Sportalsub.net","date":"20 octubre 2014","format":false,"excerpt":"(Sportalsub.net \/ CMAS \/ FEDAS \/ FEDECAS) Italia Campe\u00f3n Europeo de Apnea CMAS Italia se titula Campe\u00f3n del IV Campeonato Europeo de Apnea CMAS con 3 medallas de oro, 1 de plata y 2 de bronce, seguido de Croacia con 1 de oro y 2 de bronce, mientras que Serbia\u2026","rel":"","context":"En \u00abApnea\u00bb","block_context":{"text":"Apnea","link":"https:\/\/www.sportalsub.net\/blog\/category\/modalidades\/apnea\/"},"img":{"alt_text":"","src":"https:\/\/i0.wp.com\/www.sportalsub.net\/blog\/wp-content\/uploads\/2014\/10\/europeocmas.jpg?resize=350%2C200&ssl=1","width":350,"height":200,"srcset":"https:\/\/i0.wp.com\/www.sportalsub.net\/blog\/wp-content\/uploads\/2014\/10\/europeocmas.jpg?resize=350%2C200&ssl=1 1x, https:\/\/i0.wp.com\/www.sportalsub.net\/blog\/wp-content\/uploads\/2014\/10\/europeocmas.jpg?resize=525%2C300&ssl=1 1.5x"},"classes":[]},{"id":66,"url":"https:\/\/www.sportalsub.net\/blog\/record-nacional-de-la-espanola-raquel-de-ana-en-peso-constante\/","url_meta":{"origin":198,"position":4},"title":"\ud83c\uddea\ud83c\uddf8 R\u00e9cord Nacional de la espa\u00f1ola Raquel de Ana en Peso Constante","author":"Sportalsub.net","date":"8 junio 2008","format":false,"excerpt":"Fotos @ Carbontek La tinerfe\u00f1a Raquel de Ana Fern\u00e1ndez bati\u00f3 el r\u00e9cord de Espa\u00f1a en la modalidad de peso constante en el Campeonato de Tenerife de apnea que se desarroll\u00f3 en el Club El Pej\u00edn de Tabaiba. Fotos @ Carbontek La deportista isle\u00f1a consigui\u00f3 una marca final de 62 metros,\u2026","rel":"","context":"En \u00abApnea\u00bb","block_context":{"text":"Apnea","link":"https:\/\/www.sportalsub.net\/blog\/category\/modalidades\/apnea\/"},"img":{"alt_text":"","src":"https:\/\/i0.wp.com\/www.sportalsub.net\/blog\/wp-content\/uploads\/2013\/11\/deana005.jpg?resize=350%2C200&ssl=1","width":350,"height":200},"classes":[]},{"id":4128,"url":"https:\/\/www.sportalsub.net\/blog\/canarias-espana-acogera-el-campeonato-de-europa-de-apnea-cmas-2010\/","url_meta":{"origin":198,"position":5},"title":"\ud83c\uddea\ud83c\uddf8 Canarias (Espa\u00f1a) acoger\u00e1 el campeonato de Europa de Apnea CMAS 2010","author":"Sportalsub.net","date":"3 marzo 2010","format":false,"excerpt":"La comisi\u00f3n de apnea de la CMAS, reunida en Roma el pasado s\u00e1bado, aprob\u00f3 la candidatura de Canarias para la celebraci\u00f3n del segundo Campeonato de Europa de apnea CMAS. El campeonato se celebrar\u00e1 entre Santa Cruz de Tenerife y El Rosario entre los d\u00edas 7 y 12 de octubre. El\u2026","rel":"","context":"En \u00abApnea\u00bb","block_context":{"text":"Apnea","link":"https:\/\/www.sportalsub.net\/blog\/category\/modalidades\/apnea\/"},"img":{"alt_text":"","src":"https:\/\/i0.wp.com\/www.sportalsub.net\/blog\/wp-content\/uploads\/2010\/03\/europeoapnea.jpg?resize=350%2C200&ssl=1","width":350,"height":200,"srcset":"https:\/\/i0.wp.com\/www.sportalsub.net\/blog\/wp-content\/uploads\/2010\/03\/europeoapnea.jpg?resize=350%2C200&ssl=1 1x, https:\/\/i0.wp.com\/www.sportalsub.net\/blog\/wp-content\/uploads\/2010\/03\/europeoapnea.jpg?resize=525%2C300&ssl=1 1.5x"},"classes":[]}],"_links":{"self":[{"href":"https:\/\/www.sportalsub.net\/blog\/wp-json\/wp\/v2\/posts\/198","targetHints":{"allow":["GET"]}}],"collection":[{"href":"https:\/\/www.sportalsub.net\/blog\/wp-json\/wp\/v2\/posts"}],"about":[{"href":"https:\/\/www.sportalsub.net\/blog\/wp-json\/wp\/v2\/types\/post"}],"author":[{"embeddable":true,"href":"https:\/\/www.sportalsub.net\/blog\/wp-json\/wp\/v2\/users\/1"}],"replies":[{"embeddable":true,"href":"https:\/\/www.sportalsub.net\/blog\/wp-json\/wp\/v2\/comments?post=198"}],"version-history":[{"count":0,"href":"https:\/\/www.sportalsub.net\/blog\/wp-json\/wp\/v2\/posts\/198\/revisions"}],"wp:featuredmedia":[{"embeddable":true,"href":"https:\/\/www.sportalsub.net\/blog\/wp-json\/wp\/v2\/media\/16384"}],"wp:attachment":[{"href":"https:\/\/www.sportalsub.net\/blog\/wp-json\/wp\/v2\/media?parent=198"}],"wp:term":[{"taxonomy":"category","embeddable":true,"href":"https:\/\/www.sportalsub.net\/blog\/wp-json\/wp\/v2\/categories?post=198"},{"taxonomy":"post_tag","embeddable":true,"href":"https:\/\/www.sportalsub.net\/blog\/wp-json\/wp\/v2\/tags?post=198"}],"curies":[{"name":"wp","href":"https:\/\/api.w.org\/{rel}","templated":true}]}}