{"id":1996,"date":"2009-05-01T16:10:19","date_gmt":"2009-05-01T20:40:19","guid":{"rendered":"http:\/\/www.sportalsub.net\/blog\/?p=1996"},"modified":"2019-08-31T22:37:55","modified_gmt":"2019-09-01T02:37:55","slug":"atletas-subacuaticos-reconocidos-con-la-real-orden-del-merito-deportivo-en-espana","status":"publish","type":"post","link":"https:\/\/www.sportalsub.net\/blog\/atletas-subacuaticos-reconocidos-con-la-real-orden-del-merito-deportivo-en-espana\/","title":{"rendered":"\ud83c\uddea\ud83c\uddf8 Atletas subacu\u00e1ticos reconocidos con la Real Orden del M\u00e9rito Deportivo en Espa\u00f1a"},"content":{"rendered":"<p style=\"text-align: center;\"><a href=\"http:\/\/www.sportalsub.net\/blog\/wp-content\/uploads\/2009\/05\/pedrocarbonell.jpg\" target=\"_blank\"><img loading=\"lazy\" decoding=\"async\" class=\"alignnone size-full wp-image-8126\" src=\"http:\/\/www.sportalsub.net\/blog\/wp-content\/uploads\/2009\/05\/pedrocarbonell.jpg\" alt=\"pedrocarbonell\" width=\"149\" height=\"200\" \/><\/a><a href=\"http:\/\/www.sportalsub.net\/blog\/2009\/05\/01\/atletas-subacuaticos-reconocidos-con-la-real-orden-del-merito-deportivo-en-espana\/\"><img loading=\"lazy\" decoding=\"async\" class=\"alignnone\" style=\"border: 0px;\" src=\"http:\/\/www.fedas.es\/noticias\/noticias2009\/josebakerejeta.jpg\" alt=\"\" width=\"143\" height=\"200\" \/><img loading=\"lazy\" decoding=\"async\" class=\"aligncenter\" style=\"border: 0px;\" src=\"http:\/\/www.fedas.es\/noticias\/noticias2009\/calosminguell.JPG\" alt=\"\" width=\"143\" height=\"200\" \/><\/a><\/p>\n<p>Pedro Carbonell, Joseba Kerejeta y Carlos Miguell<br \/>\nFotos: FEDAS<\/p>\n<p>El 22 de abril se celebr\u00f3 en las instalaciones del CSD en Madrid, Espa\u00f1a, la ceremonia de entrega de medallas de la Real Orden del M\u00e9rito Deportivo en la que 3 de deportistas de alto nivel de las actividades subacu\u00e1ticas en Espa\u00f1a fueron premiados<\/p>\n<p><!--more--><\/p>\n<p>&#8211; Pedro Carbonell Amengual, Pesca Submarina (Medalla de Oro)<\/p>\n<p>&#8211; Joseba Kerejeta Larrucea, Pesca Submarina (Medalla de Bronce)<\/p>\n<p>&#8211; Carlos Minguell Ba\u00f1os, Fogoraf\u00eda Submarina (Medalla de Bronce)<\/p>\n<p>Fuente: FEDAS<\/p>\n","protected":false},"excerpt":{"rendered":"<p>Pedro Carbonell, Joseba Kerejeta y Carlos Miguell Fotos: FEDAS El 22 de abril se celebr\u00f3 en las instalaciones del CSD en Madrid, Espa\u00f1a, la ceremonia de entrega de medallas de la Real Orden del M\u00e9rito Deportivo en la que 3 de deportistas de alto nivel de las actividades subacu\u00e1ticas en Espa\u00f1a fueron premiados<\/p>\n","protected":false},"author":1,"featured_media":8126,"comment_status":"open","ping_status":"closed","sticky":false,"template":"","format":"standard","meta":{"_lmt_disableupdate":"","_lmt_disable":"","jetpack_post_was_ever_published":false,"_jetpack_newsletter_access":"","_jetpack_dont_email_post_to_subs":false,"_jetpack_newsletter_tier_id":0,"_jetpack_memberships_contains_paywalled_content":false,"_jetpack_memberships_contains_paid_content":false,"footnotes":"","jetpack_publicize_message":"","jetpack_publicize_feature_enabled":true,"jetpack_social_post_already_shared":false,"jetpack_social_options":{"image_generator_settings":{"template":"highway","default_image_id":0,"font":"","enabled":false},"version":2}},"categories":[10,19,18],"tags":[],"class_list":["post-1996","post","type-post","status-publish","format-standard","has-post-thumbnail","hentry","category-espana","category-fotografia-submarina","category-pesca-submarina"],"modified_by":"Sportalsub.net","views":3084,"jetpack_publicize_connections":[],"jetpack_featured_media_url":"https:\/\/www.sportalsub.net\/blog\/wp-content\/uploads\/2009\/05\/pedrocarbonell.jpg","jetpack_sharing_enabled":true,"jetpack_shortlink":"https:\/\/wp.me\/pf9lN-wc","jetpack_likes_enabled":false,"jetpack-related-posts":[{"id":14579,"url":"https:\/\/www.sportalsub.net\/blog\/calendario-internacional-2013-de-pesca-submarina-arranco-con-buen-pie-en-espana\/","url_meta":{"origin":1996,"position":0},"title":"\ud83c\uddea\ud83c\uddf8 Calendario Internacional 2013 de Pesca Submarina arranc\u00f3 con buen pie en Espa\u00f1a","author":"Sportalsub.net","date":"29 enero 2013","format":false,"excerpt":"(Especial Sportalsub.net \/ Comit\u00e9 Pesca Submarina FEDAS Espa\u00f1a) El pasado fin de semana del 18 al 20 de Enero, se realizaron en Palma de Mallorca, Espa\u00f1a 3 importantes Campeonatos de Pesca Submarina que dieron inicio al calendario internacional de esta modalidad deportiva subacu\u00e1tica en este a\u00f1o 2013. Aqu\u00ed les traemos\u2026","rel":"","context":"En \u00abEspa\u00f1a\u00bb","block_context":{"text":"Espa\u00f1a","link":"https:\/\/www.sportalsub.net\/blog\/category\/paises\/europa\/espana\/"},"img":{"alt_text":"","src":"https:\/\/i0.wp.com\/www.sportalsub.net\/blog\/wp-content\/uploads\/2013\/01\/pescasub-esp-2013.jpg?resize=350%2C200&ssl=1","width":350,"height":200,"srcset":"https:\/\/i0.wp.com\/www.sportalsub.net\/blog\/wp-content\/uploads\/2013\/01\/pescasub-esp-2013.jpg?resize=350%2C200&ssl=1 1x, https:\/\/i0.wp.com\/www.sportalsub.net\/blog\/wp-content\/uploads\/2013\/01\/pescasub-esp-2013.jpg?resize=525%2C300&ssl=1 1.5x"},"classes":[]},{"id":12761,"url":"https:\/\/www.sportalsub.net\/blog\/seleccion-chilena-de-pesca-submarina-ya-se-encuentra-en-espana\/","url_meta":{"origin":1996,"position":1},"title":"\ud83c\udde8\ud83c\uddf1 Selecci\u00f3n Chilena de Pesca Submarina ya se encuentra en Espa\u00f1a para participar en el Campeonato Mundial 2012","author":"Sportalsub.net","date":"27 junio 2012","format":false,"excerpt":"(Especial Sportalsub.net \/ FEDESUB) La Selecci\u00f3n chilena de pesca submarina ya se encuentra en Vigo, Espa\u00f1a preparando su participaci\u00f3n en el Campeonato del Mundo de Pesca Submarina 2012, que se llevar\u00e1 a cabo del 5 al 8 de julio. Gracias al aporte de recursos del Instituto Nacional del Deporte, la\u2026","rel":"","context":"En \u00abChile\u00bb","block_context":{"text":"Chile","link":"https:\/\/www.sportalsub.net\/blog\/category\/paises\/america\/chile\/"},"img":{"alt_text":"","src":"https:\/\/i0.wp.com\/www.sportalsub.net\/blog\/wp-content\/uploads\/2012\/06\/pescasub-chile.jpg?resize=350%2C200&ssl=1","width":350,"height":200,"srcset":"https:\/\/i0.wp.com\/www.sportalsub.net\/blog\/wp-content\/uploads\/2012\/06\/pescasub-chile.jpg?resize=350%2C200&ssl=1 1x, https:\/\/i0.wp.com\/www.sportalsub.net\/blog\/wp-content\/uploads\/2012\/06\/pescasub-chile.jpg?resize=525%2C300&ssl=1 1.5x"},"classes":[]},{"id":17233,"url":"https:\/\/www.sportalsub.net\/blog\/pesca-submarina-abre-calendario-de-competencias-subacuaticas-2014-en-palma-de-mallorca-espana\/","url_meta":{"origin":1996,"position":2},"title":"\ud83c\uddea\ud83c\uddf8 Pesca Submarina abre calendario de Competencias Subacu\u00e1ticas 2014 en Palma de Mallorca, Espa\u00f1a","author":"Sportalsub.net","date":"17 enero 2014","format":false,"excerpt":"(Especial Sportalsub.net \/ CMAS \/ FEDAS \/ FBDAS Comopeces.com) Este fin de semana del 17 al 19 de Enero, se realizar\u00e1n en Palma de Mallorca, Espa\u00f1a 3 importantes Campeonatos de Pesca Submarina que dan inicio al calendario internacional de esta modalidad deportiva subacu\u00e1tica en este a\u00f1o 2014 XIII MASTERS CIUTAT\u2026","rel":"","context":"En \u00abEspa\u00f1a\u00bb","block_context":{"text":"Espa\u00f1a","link":"https:\/\/www.sportalsub.net\/blog\/category\/paises\/europa\/espana\/"},"img":{"alt_text":"","src":"https:\/\/i0.wp.com\/www.sportalsub.net\/blog\/wp-content\/uploads\/2014\/01\/posters-fbdas-ok-2014.jpg?resize=350%2C200&ssl=1","width":350,"height":200,"srcset":"https:\/\/i0.wp.com\/www.sportalsub.net\/blog\/wp-content\/uploads\/2014\/01\/posters-fbdas-ok-2014.jpg?resize=350%2C200&ssl=1 1x, https:\/\/i0.wp.com\/www.sportalsub.net\/blog\/wp-content\/uploads\/2014\/01\/posters-fbdas-ok-2014.jpg?resize=525%2C300&ssl=1 1.5x, https:\/\/i0.wp.com\/www.sportalsub.net\/blog\/wp-content\/uploads\/2014\/01\/posters-fbdas-ok-2014.jpg?resize=700%2C400&ssl=1 2x, https:\/\/i0.wp.com\/www.sportalsub.net\/blog\/wp-content\/uploads\/2014\/01\/posters-fbdas-ok-2014.jpg?resize=1050%2C600&ssl=1 3x"},"classes":[]},{"id":19354,"url":"https:\/\/www.sportalsub.net\/blog\/master-pesca-submarina-espana-2015","url_meta":{"origin":1996,"position":3},"title":"\ud83c\uddea\ud83c\uddf8 XIV Master de Pesca Submarina, Copa de las Naciones y Open Ciutat de Palma, Espa\u00f1a 2015","author":"Sportalsub.net","date":"26 enero 2015","format":false,"excerpt":"Victoria de \u00d3scar Cervantes en el XIV M\u00e1ster Ciutat de Palma (Sportalsub.net \/ CMAS \/ FEDAS \/ FBDAS \/ Pesca Submarina TV \/ ComoPeces) Read this article in english Este domingo 25 de enero\u00a0y con un fuerte viento de tramontana, se daban cita nueve deportistas de Espa\u00f1a, Portugal y Croacia\u2026","rel":"","context":"En \u00abCroacia\u00bb","block_context":{"text":"Croacia","link":"https:\/\/www.sportalsub.net\/blog\/category\/paises\/europa\/croacia\/"},"img":{"alt_text":"","src":"https:\/\/i0.wp.com\/www.sportalsub.net\/blog\/wp-content\/uploads\/2015\/01\/Podio-Master2015.jpg?resize=350%2C200&ssl=1","width":350,"height":200,"srcset":"https:\/\/i0.wp.com\/www.sportalsub.net\/blog\/wp-content\/uploads\/2015\/01\/Podio-Master2015.jpg?resize=350%2C200&ssl=1 1x, https:\/\/i0.wp.com\/www.sportalsub.net\/blog\/wp-content\/uploads\/2015\/01\/Podio-Master2015.jpg?resize=525%2C300&ssl=1 1.5x"},"classes":[]},{"id":12551,"url":"https:\/\/www.sportalsub.net\/blog\/chile-definio-seleccion-nacional-de-pesca-submarina-al-mundial-de-espana-2012\/","url_meta":{"origin":1996,"position":4},"title":"\ud83c\udde8\ud83c\uddf1 Chile defini\u00f3 Selecci\u00f3n Nacional de Pesca Submarina al Mundial de Espa\u00f1a 2012","author":"Sportalsub.net","date":"23 mayo 2012","format":false,"excerpt":"(Especial Sportalsub.net) El Campeonato clasificatorio para el Mundial de Vigo, en Espa\u00f1a, tuvo su segunda etapa y final en el muelle Cavancha este pasado 20 y 21 del presente mes. Cabe recordar que la primera serie de este campeonato se realiz\u00f3 en la ciudad de Antofagasta. La clausura de este\u2026","rel":"","context":"En \u00abChile\u00bb","block_context":{"text":"Chile","link":"https:\/\/www.sportalsub.net\/blog\/category\/paises\/america\/chile\/"},"img":{"alt_text":"","src":"https:\/\/i0.wp.com\/www.sportalsub.net\/blog\/wp-content\/uploads\/2012\/05\/pescasub-chile-final.jpg?resize=350%2C200&ssl=1","width":350,"height":200},"classes":[]},{"id":17244,"url":"https:\/\/www.sportalsub.net\/blog\/los-mejores-pescadores-submarinos-de-europa-compitieron-en-palma-de-mallorca-espana\/","url_meta":{"origin":1996,"position":5},"title":"\ud83c\uddea\ud83c\uddf8 Los mejores pescadores submarinos de Europa compitieron en Palma de Mallorca, Espa\u00f1a + VIDEOS","author":"Sportalsub.net","date":"24 enero 2014","format":false,"excerpt":"(Especial Sportalsub.net \/ CMAS \/ FEDAS \/ FBDAS Comopeces.com) Videos por Hector Ripolles El pasado fin de semana del 17 al 19 de Enero, se realizaron en Palma de Mallorca, Espa\u00f1a importantes Campeonatos de Pesca Submarina que dieron inicio al calendario internacional de esta modalidad deportiva subacu\u00e1tica en este a\u00f1o\u2026","rel":"","context":"En \u00abCroacia\u00bb","block_context":{"text":"Croacia","link":"https:\/\/www.sportalsub.net\/blog\/category\/paises\/europa\/croacia\/"},"img":{"alt_text":"","src":"https:\/\/i0.wp.com\/www.sportalsub.net\/blog\/wp-content\/uploads\/2014\/01\/resultados-pesca.jpg?resize=350%2C200&ssl=1","width":350,"height":200},"classes":[]}],"_links":{"self":[{"href":"https:\/\/www.sportalsub.net\/blog\/wp-json\/wp\/v2\/posts\/1996","targetHints":{"allow":["GET"]}}],"collection":[{"href":"https:\/\/www.sportalsub.net\/blog\/wp-json\/wp\/v2\/posts"}],"about":[{"href":"https:\/\/www.sportalsub.net\/blog\/wp-json\/wp\/v2\/types\/post"}],"author":[{"embeddable":true,"href":"https:\/\/www.sportalsub.net\/blog\/wp-json\/wp\/v2\/users\/1"}],"replies":[{"embeddable":true,"href":"https:\/\/www.sportalsub.net\/blog\/wp-json\/wp\/v2\/comments?post=1996"}],"version-history":[{"count":0,"href":"https:\/\/www.sportalsub.net\/blog\/wp-json\/wp\/v2\/posts\/1996\/revisions"}],"wp:featuredmedia":[{"embeddable":true,"href":"https:\/\/www.sportalsub.net\/blog\/wp-json\/wp\/v2\/media\/8126"}],"wp:attachment":[{"href":"https:\/\/www.sportalsub.net\/blog\/wp-json\/wp\/v2\/media?parent=1996"}],"wp:term":[{"taxonomy":"category","embeddable":true,"href":"https:\/\/www.sportalsub.net\/blog\/wp-json\/wp\/v2\/categories?post=1996"},{"taxonomy":"post_tag","embeddable":true,"href":"https:\/\/www.sportalsub.net\/blog\/wp-json\/wp\/v2\/tags?post=1996"}],"curies":[{"name":"wp","href":"https:\/\/api.w.org\/{rel}","templated":true}]}}