{"id":20391,"date":"2015-04-21T10:18:34","date_gmt":"2015-04-21T14:48:34","guid":{"rendered":"http:\/\/www.sportalsub.net\/blog\/?p=20391"},"modified":"2019-08-29T20:52:25","modified_gmt":"2019-08-30T00:52:25","slug":"campeonato-regional-de-natacion-con-aletas-en-piscina-guadalupe-francia","status":"publish","type":"post","link":"https:\/\/www.sportalsub.net\/blog\/regional-natacion-con-aletas-guadalupe-francia\/","title":{"rendered":"\ud83c\uddeb\ud83c\uddf7 Campeonato Regional de Nataci\u00f3n con Aletas en piscina. Guadalupe, Francia &#8211; Resultados"},"content":{"rendered":"<p><a href=\"http:\/\/www.sportalsub.net\/blog\/wp-content\/uploads\/2015\/04\/regional-guadelupe.jpg\" target=\"_blank\"><img loading=\"lazy\" decoding=\"async\" class=\"alignnone size-large wp-image-20392\" src=\"http:\/\/www.sportalsub.net\/blog\/wp-content\/uploads\/2015\/04\/regional-guadelupe-1024x448.jpg\" alt=\"regional-guadelupe\" width=\"1024\" height=\"448\" srcset=\"https:\/\/www.sportalsub.net\/blog\/wp-content\/uploads\/2015\/04\/regional-guadelupe-1024x448.jpg 1024w, https:\/\/www.sportalsub.net\/blog\/wp-content\/uploads\/2015\/04\/regional-guadelupe-768x336.jpg 768w, https:\/\/www.sportalsub.net\/blog\/wp-content\/uploads\/2015\/04\/regional-guadelupe-300x131.jpg 300w, https:\/\/www.sportalsub.net\/blog\/wp-content\/uploads\/2015\/04\/regional-guadelupe.jpg 1496w\" sizes=\"auto, (max-width: 1024px) 100vw, 1024px\" \/><\/a><\/p>\n<p>(Sportalsub.net \/ Karuk\u00e9ra Palmes) &#8211; <a href=\"http:\/\/www.sportalsub.net\/en\/regional-championship-of-finswimming-in-pool-guadeloupe-france\/\" target=\"_blank\" rel=\"noopener noreferrer\">Read in English<\/a><\/p>\n<p>Sportsub &amp; Sportalsub.net se complace en anunciar la realizaci\u00f3n del\u00a0Campeonato Regional de Nataci\u00f3n con Aletas en piscina en la Isla de Guadalupe (Francia), el cual se llev\u00f3 a cabo el 18 y 19 de abril de 2015\u00a0bajo el aval del Comit\u00e9 Regional de Nataci\u00f3n con Aletas de Guadeloupe y la <a href=\"http:\/\/www.nageavecpalmes-ffessm.com\/\" target=\"_blank\" rel=\"noopener noreferrer\" target=\"_blank\">Comisi\u00f3n Nacional de Nataci\u00f3n con Aletas de la Federaci\u00f3n Francesa de Estudios y Deportes Submarinos FFESSM<\/a><\/p>\n<p>Los amigos de\u00a0Karuk\u00e9ra Palmes nos env\u00edan la informaci\u00f3n del evento y han pedido a Sportsub &amp; Sportalsub.net la colaboraci\u00f3n para la difusi\u00f3n de la informaci\u00f3n y para la imagen del afiche promocional del evento que con gusto hemos cedido para el Campeonato, con foto de Ronald Laurens.<\/p>\n<p>Con la participaci\u00f3n de 6 Clubs (2 invitados de Breta\u00f1a) y un total de\u00a035 Participantes (17 Hombres &#8211; 18 Mujeres \u00a0en un total de\u00a0184 Pruebas\u00a0individuales) se llev\u00f3 a cabo la 1ra sesi\u00f3n del Campeonato en la Piscina de\u00a0Gran Tierra de 50 metros de largo y 6\u00a0carriles. \u00a0El programa de la 1ra sesi\u00f3n fue\u00a0el siguiente:\u00a050 apnea, 1500 superficie, 100\u00a0bialetas y 200\u00a0superficie.\u00a0La Segunda y tercera jornada se llevaron a cabo en la\u00a0Piscine de Rivi\u00e8re des P\u00e8res Basse-Terre de 50 metros de largo y 8 carriles.\u00a0Domingo 19 de abril en la ma\u00f1ana: 50 bialetas, 800 superficie, 100 superficie, 400 inmersi\u00f3n, 4&#215;200 superficie.\u00a0Domingo 19 de abril en la tarde: 50 superficie, 400 superficie, 100 inmersi\u00f3n, 200 bialetas, 4&#215;100 superficie<\/p>\n<p><a href=\"http:\/\/www.sportalsub.net\/blog\/wp-content\/uploads\/2015\/04\/R\u00e9sultats-Championnat-de-la-Guadeloupe-NAP-2015.pdf\" target=\"_blank\" rel=\"noopener noreferrer\"><strong>RESULTADOS OFICIALES<\/strong><\/a><\/p>\n<p><strong>Video 50 bialetas Femenino<\/strong><\/p>\n<p><iframe loading=\"lazy\" src=\"https:\/\/www.youtube.com\/embed\/0c7CzQmh9ag\" width=\"560\" height=\"315\" frameborder=\"0\" allowfullscreen=\"allowfullscreen\"><\/iframe><\/p>\n<p><a href=\"http:\/\/www.sportalsub.net\/blog\/wp-content\/uploads\/2015\/04\/11181415_393351050861372_6533796708799550812_n.jpg\" target=\"_blank\"><img loading=\"lazy\" decoding=\"async\" class=\"alignnone size-full wp-image-20522\" src=\"http:\/\/www.sportalsub.net\/blog\/wp-content\/uploads\/2015\/04\/11181415_393351050861372_6533796708799550812_n.jpg\" alt=\"11181415_393351050861372_6533796708799550812_n\" width=\"960\" height=\"540\" srcset=\"https:\/\/www.sportalsub.net\/blog\/wp-content\/uploads\/2015\/04\/11181415_393351050861372_6533796708799550812_n.jpg 960w, https:\/\/www.sportalsub.net\/blog\/wp-content\/uploads\/2015\/04\/11181415_393351050861372_6533796708799550812_n-300x169.jpg 300w\" sizes=\"auto, (max-width: 960px) 100vw, 960px\" \/><\/a> <a href=\"http:\/\/www.sportalsub.net\/blog\/wp-content\/uploads\/2015\/04\/10985260_393351190861358_829022742017738128_n.jpg\" target=\"_blank\"><img loading=\"lazy\" decoding=\"async\" class=\"alignnone size-full wp-image-20523\" src=\"http:\/\/www.sportalsub.net\/blog\/wp-content\/uploads\/2015\/04\/10985260_393351190861358_829022742017738128_n.jpg\" alt=\"10985260_393351190861358_829022742017738128_n\" width=\"960\" height=\"540\" srcset=\"https:\/\/www.sportalsub.net\/blog\/wp-content\/uploads\/2015\/04\/10985260_393351190861358_829022742017738128_n.jpg 960w, https:\/\/www.sportalsub.net\/blog\/wp-content\/uploads\/2015\/04\/10985260_393351190861358_829022742017738128_n-300x169.jpg 300w\" sizes=\"auto, (max-width: 960px) 100vw, 960px\" \/><\/a><\/p>\n<p><a href=\"http:\/\/es.wikipedia.org\/wiki\/Guadalupe_%28Francia%29\" target=\"_blank\" rel=\"noopener noreferrer\" target=\"_blank\">Guadalupe <\/a>(en franc\u00e9s: Guadeloupe) es un peque\u00f1o archipi\u00e9lago de las Antillas, en el mar Caribe que forma una regi\u00f3n de ultramar de Francia y una regi\u00f3n ultraperif\u00e9rica de la Uni\u00f3n Europea. Se encuentra a 600 km al norte de las costas de Am\u00e9rica del Sur y al sureste de la Rep\u00fablica Dominicana. Antiguamente se llamaba Karukera, que significaba \u00abla isla de las bellas aguas\u00bb. Crist\u00f3bal Col\u00f3n le dio su actual nombre en honor de la Virgen Santa Mar\u00eda de Guadalupe, Extremadura, Espa\u00f1a.<\/p>\n<p><a href=\"http:\/\/www.sportalsub.net\/blog\/wp-content\/uploads\/2015\/04\/Document-de-pr\u00e9sentation-du-Championnat-de-la-Guadeloupe-de-NAP-2015.pdf\" target=\"_blank\" rel=\"noopener noreferrer\"><strong>Convocatoria Oficial (en franc\u00e9s)<\/strong><\/a><\/p>\n<p>M\u00e1s info: <a href=\"https:\/\/www.facebook.com\/guadeloupe.palmes\" target=\"_blank\" rel=\"noopener noreferrer\" target=\"_blank\">Karuk\u00e9ra Palmes<\/a> \/\u00a0<span class=\"fwb\"><a href=\"https:\/\/www.facebook.com\/profile.php?id=100006369962095\"class=\"profileLink\"  target=\"_blank\" rel=\"noopener noreferrer\" data-ft=\"{&quot;tn&quot;:&quot;l&quot;}\" data-hovercard=\"\/ajax\/hovercard\/user.php?id=100006369962095\" target=\"_blank\">Nage Avec Palmes Coregua<\/a><\/span>\u00a0\/<a href=\"mailto:presidencecrnpgua@gmail.com\">presidencecrnpgua@gmail.com<\/a>\u00a0\/\u00a0<a href=\"http:\/\/coregua.free.fr\/\" target=\"_blank\" rel=\"noopener noreferrer\" target=\"_blank\">http:\/\/coregua.free.fr\/<\/a><\/p>\n<p><img decoding=\"async\" src=\"https:\/\/fbcdn-sphotos-f-a.akamaihd.net\/hphotos-ak-xtp1\/v\/t1.0-9\/11124558_387166014813209_2571620407100734888_n.jpg?oh=26147f61e607c119c04838d57a36f202&amp;oe=55AA9A21&amp;__gda__=1441010711_4c7fc0e462130b5c7fb80b09f2dc2b1b\" alt=\"\" \/><\/p>\n<p><strong>Publicado por:<\/strong><\/p>\n<p><img loading=\"lazy\" decoding=\"async\" title=\"miguel\" src=\"http:\/\/www.sportalsub.net\/blog\/wp-content\/uploads\/2012\/05\/miguel-150x150.jpg\" alt=\"\" width=\"80\" height=\"80\" \/><\/p>\n<p><strong>Miguel Alberto Cede\u00f1o Ortiz (Venezuela)\u00a0<strong><img loading=\"lazy\" decoding=\"async\" src=\"http:\/\/es.fifa.com\/imgml\/flags\/s\/ven.gif\" alt=\"chi Eventos\" width=\"19\" height=\"13\" \/><br \/>\n<\/strong><\/strong>Nacido y residenciado en Caracas, Venezuela es el creador, director y editor de Sportalsub.net. Su experiencia como deportista, entrenador, juez y dirigente de las actividades subacu\u00e1ticas le han permitido establecer una red de contactos en todo el mundo para dar a conocer e informar todas las novedades sobre el deporte subacu\u00e1tico en habla hispana.<br \/>\n<strong><strong><a href=\"http:\/\/www.facebook.com\/miguelsportsub\" target=\"_blank\" rel=\"noopener noreferrer\" target=\"_blank\"><img decoding=\"async\" src=\"http:\/\/www.sportalsub.net\/blog\/wp-content\/uploads\/2009\/12\/fb.png\" alt=\"Facebook\" \/><\/a>\u00a0<\/strong><strong><a href=\"http:\/\/www.twitter.com\/miguelsportsub\" target=\"_blank\" rel=\"noopener noreferrer\" target=\"_blank\"><img decoding=\"async\" src=\"http:\/\/www.sportalsub.net\/blog\/wp-content\/uploads\/2009\/12\/twitter.png\" alt=\"Twitter\" \/><\/a><\/strong><\/strong><\/p>\n<p>&nbsp;<\/p>\n","protected":false},"excerpt":{"rendered":"<p>(Sportalsub.net \/ Karuk\u00e9ra Palmes) &#8211; Read in English Sportsub &amp; Sportalsub.net se complace en anunciar la realizaci\u00f3n del\u00a0Campeonato Regional de Nataci\u00f3n con Aletas en piscina en la Isla de Guadalupe (Francia), el cual se llev\u00f3 a cabo el 18 y 19 de abril de 2015\u00a0bajo el aval del Comit\u00e9 Regional de Nataci\u00f3n con Aletas de Guadeloupe y la Comisi\u00f3n Nacional [&#8230;]<\/p>\n","protected":false},"author":1,"featured_media":20392,"comment_status":"open","ping_status":"closed","sticky":false,"template":"","format":"standard","meta":{"_lmt_disableupdate":"","_lmt_disable":"","jetpack_post_was_ever_published":false,"_jetpack_newsletter_access":"","_jetpack_dont_email_post_to_subs":false,"_jetpack_newsletter_tier_id":0,"_jetpack_memberships_contains_paywalled_content":false,"_jetpack_memberships_contains_paid_content":false,"footnotes":"","jetpack_publicize_message":"Campeonato Regional de Nataci\u00f3n con Aletas en piscina. Guadalupe, Francia http:\/\/wp.me\/pf9lN-5iT","jetpack_publicize_feature_enabled":true,"jetpack_social_post_already_shared":true,"jetpack_social_options":{"image_generator_settings":{"template":"highway","default_image_id":0,"font":"","enabled":false},"version":2}},"categories":[347,152,12,120],"tags":[],"class_list":["post-20391","post","type-post","status-publish","format-standard","has-post-thumbnail","hentry","category-destacados","category-francia","category-natacion-con-aletas","category-resultados"],"modified_by":"Sportalsub.net","views":6105,"jetpack_publicize_connections":[],"jetpack_featured_media_url":"https:\/\/www.sportalsub.net\/blog\/wp-content\/uploads\/2015\/04\/regional-guadelupe.jpg","jetpack_sharing_enabled":true,"jetpack_shortlink":"https:\/\/wp.me\/pf9lN-5iT","jetpack_likes_enabled":false,"jetpack-related-posts":[{"id":22963,"url":"https:\/\/www.sportalsub.net\/blog\/11th-french-finswimming-club-chamipionship","url_meta":{"origin":20391,"position":0},"title":"\ud83c\uddeb\ud83c\uddf7 Resultados 11\u00b0 Campeonato de Francia de Clubes de Nataci\u00f3n con Aletas","author":"Sportalsub.net","date":"14 diciembre 2015","format":false,"excerpt":"(Sportalsub.net \/ FFESSM) - Read in English Campeonato de Francia por clubes de Nataci\u00f3n con Aletas Amn\u00e9ville-l\u00e8s-Thermes.\u00a012 y 13 de diciembre 2015 Le Championnat de France des Clubs se d\u00e9roulera en terres lorraines, \u00e0 la Piscine Olympique d'Amn\u00e9ville-l\u00e8s-Thermes, du 11 au 13 d\u00e9cembre 2015. Resultados Completos\u00a0\/ Videos Mas info: Nage\u2026","rel":"","context":"En \u00abFrancia\u00bb","block_context":{"text":"Francia","link":"https:\/\/www.sportalsub.net\/blog\/category\/paises\/europa\/francia\/"},"img":{"alt_text":"","src":"https:\/\/i0.wp.com\/www.sportalsub.net\/blog\/wp-content\/uploads\/2015\/12\/francia-aletas.jpg?resize=350%2C200&ssl=1","width":350,"height":200,"srcset":"https:\/\/i0.wp.com\/www.sportalsub.net\/blog\/wp-content\/uploads\/2015\/12\/francia-aletas.jpg?resize=350%2C200&ssl=1 1x, https:\/\/i0.wp.com\/www.sportalsub.net\/blog\/wp-content\/uploads\/2015\/12\/francia-aletas.jpg?resize=525%2C300&ssl=1 1.5x, https:\/\/i0.wp.com\/www.sportalsub.net\/blog\/wp-content\/uploads\/2015\/12\/francia-aletas.jpg?resize=700%2C400&ssl=1 2x"},"classes":[]},{"id":9893,"url":"https:\/\/www.sportalsub.net\/blog\/campeonato-europeo-juvenil-de-natacion-con-aletas-hungria-2011\/","url_meta":{"origin":20391,"position":1},"title":"\ud83c\udded\ud83c\uddfa Campeonato Europeo Juvenil de Nataci\u00f3n con Aletas Hungr\u00eda 2011","author":"Sportalsub.net","date":"12 julio 2011","format":false,"excerpt":"(Especial Sportalsub.net) Desde el mi\u00e9rcoles 13 y hasta el domingo 17 de julio se realizar\u00e1 en\u00a0Miskolc, Hungr\u00eda el 13er Campeonato Europeo Juvenil de Nataci\u00f3n con Aletas CMAS.\u00a0El evento se realizar\u00e1 en las pruebas de piscina y Larga Distancia, con la participaci\u00f3n de m\u00e1s de 150 deportistas de 17 pa\u00edses. Resultados\u2026","rel":"","context":"En \u00abAlemania\u00bb","block_context":{"text":"Alemania","link":"https:\/\/www.sportalsub.net\/blog\/category\/paises\/europa\/alemania\/"},"img":{"alt_text":"","src":"https:\/\/i0.wp.com\/www.sportalsub.net\/blog\/wp-content\/uploads\/2011\/07\/europeojuvenilaletas.jpg?resize=350%2C200&ssl=1","width":350,"height":200,"srcset":"https:\/\/i0.wp.com\/www.sportalsub.net\/blog\/wp-content\/uploads\/2011\/07\/europeojuvenilaletas.jpg?resize=350%2C200&ssl=1 1x, https:\/\/i0.wp.com\/www.sportalsub.net\/blog\/wp-content\/uploads\/2011\/07\/europeojuvenilaletas.jpg?resize=525%2C300&ssl=1 1.5x"},"classes":[]},{"id":25730,"url":"https:\/\/www.sportalsub.net\/blog\/i-chequeo-de-natacion-con-aletas-venezuela-2017\/","url_meta":{"origin":20391,"position":2},"title":"\ud83c\uddfb\ud83c\uddea Resultados I Chequeo Nacional de Nataci\u00f3n con Aletas Venezuela 2017","author":"Sportalsub.net","date":"10 febrero 2017","format":false,"excerpt":"(Sportalsub.net \/ Comisi\u00f3n Nataci\u00f3n con Aletas Venezuela \/ FVAS) Cumpli\u00e9ndose el calendario nacional 2017, \u00a0la Federaci\u00f3n Venezolana de Actividades Subacu\u00e1ticas (FVAS), a trav\u00e9s de su Comisi\u00f3n T\u00e9cnica de Aletas, realizaron los d\u00edas 3, 4 y 5 de Febrero 2017 el Chequeo Nacional de Nataci\u00f3n con Aletas en las piscinas \u00a0del\u2026","rel":"","context":"En \u00abNataci\u00f3n con Aletas\u00bb","block_context":{"text":"Nataci\u00f3n con Aletas","link":"https:\/\/www.sportalsub.net\/blog\/category\/modalidades\/natacion-con-aletas\/"},"img":{"alt_text":"","src":"https:\/\/i0.wp.com\/www.sportalsub.net\/blog\/wp-content\/uploads\/2017\/02\/chequeo-aletas.jpg?resize=350%2C200&ssl=1","width":350,"height":200,"srcset":"https:\/\/i0.wp.com\/www.sportalsub.net\/blog\/wp-content\/uploads\/2017\/02\/chequeo-aletas.jpg?resize=350%2C200&ssl=1 1x, https:\/\/i0.wp.com\/www.sportalsub.net\/blog\/wp-content\/uploads\/2017\/02\/chequeo-aletas.jpg?resize=525%2C300&ssl=1 1.5x, https:\/\/i0.wp.com\/www.sportalsub.net\/blog\/wp-content\/uploads\/2017\/02\/chequeo-aletas.jpg?resize=700%2C400&ssl=1 2x"},"classes":[]},{"id":24464,"url":"https:\/\/www.sportalsub.net\/blog\/1er-festival-acuatico-regional-2016-en-el-callao-peru","url_meta":{"origin":20391,"position":3},"title":"\ud83c\uddf5\ud83c\uddea 1er Festival Acu\u00e1tico Regional 2016 en El Callao, Per\u00fa tendr\u00e1 Apnea y Nataci\u00f3n con Aletas","author":"Sportalsub.net","date":"21 junio 2016","format":false,"excerpt":"(Sportalsub.net \/\u00a0Triatlon Region Callao) Del 23 al 25 de junio 2016 se llevar\u00e1 a cabo en la Villa Deportiva del Callao, Per\u00fa, el 1er Festival Regional Acu\u00e1tico, en el que se realizar\u00e1n competencias y pruebas de nataci\u00f3n, nataci\u00f3n con aletas en piscina, as\u00ed como apnea din\u00e1mica con aletas y apnea\u2026","rel":"","context":"En \u00abApnea\u00bb","block_context":{"text":"Apnea","link":"https:\/\/www.sportalsub.net\/blog\/category\/modalidades\/apnea\/"},"img":{"alt_text":"","src":"https:\/\/i0.wp.com\/www.sportalsub.net\/blog\/wp-content\/uploads\/2016\/06\/festivalacuaticoregionalperup.jpg?resize=350%2C200&ssl=1","width":350,"height":200,"srcset":"https:\/\/i0.wp.com\/www.sportalsub.net\/blog\/wp-content\/uploads\/2016\/06\/festivalacuaticoregionalperup.jpg?resize=350%2C200&ssl=1 1x, https:\/\/i0.wp.com\/www.sportalsub.net\/blog\/wp-content\/uploads\/2016\/06\/festivalacuaticoregionalperup.jpg?resize=525%2C300&ssl=1 1.5x, https:\/\/i0.wp.com\/www.sportalsub.net\/blog\/wp-content\/uploads\/2016\/06\/festivalacuaticoregionalperup.jpg?resize=700%2C400&ssl=1 2x, https:\/\/i0.wp.com\/www.sportalsub.net\/blog\/wp-content\/uploads\/2016\/06\/festivalacuaticoregionalperup.jpg?resize=1050%2C600&ssl=1 3x, https:\/\/i0.wp.com\/www.sportalsub.net\/blog\/wp-content\/uploads\/2016\/06\/festivalacuaticoregionalperup.jpg?resize=1400%2C800&ssl=1 4x"},"classes":[]},{"id":24499,"url":"https:\/\/www.sportalsub.net\/blog\/invitacion-a-la-copa-colombia-de-natacion-con-aletas-2016\/","url_meta":{"origin":20391,"position":4},"title":"\ud83c\udde8\ud83c\uddf4 Resultados Copa Colombia de Nataci\u00f3n con Aletas 2016","author":"Sportalsub.net","date":"2 agosto 2016","format":false,"excerpt":"(Sportalsub.net \/ Club Tiburones del Valle) El \u00f3rgano de Administraci\u00f3n del club Tiburones del Valle, debidamente autorizado por la Liga Vallecaucana de Actividades Subacu\u00e1ticas, organiz\u00f3\u00a0la \u00a0Primera Ronda de la \u201cCopa Colombia 2016\u201d de Nataci\u00f3n Con Aletas con invitaci\u00f3n regional, realizada\u00a0en la ciudad de Cali, en las piscinas Alberto Galindo Herrera,\u2026","rel":"","context":"En \u00abColombia\u00bb","block_context":{"text":"Colombia","link":"https:\/\/www.sportalsub.net\/blog\/category\/paises\/america\/colombia\/"},"img":{"alt_text":"","src":"https:\/\/i0.wp.com\/www.sportalsub.net\/blog\/wp-content\/uploads\/2016\/07\/copacolombia2016.jpg?resize=350%2C200&ssl=1","width":350,"height":200,"srcset":"https:\/\/i0.wp.com\/www.sportalsub.net\/blog\/wp-content\/uploads\/2016\/07\/copacolombia2016.jpg?resize=350%2C200&ssl=1 1x, https:\/\/i0.wp.com\/www.sportalsub.net\/blog\/wp-content\/uploads\/2016\/07\/copacolombia2016.jpg?resize=525%2C300&ssl=1 1.5x, https:\/\/i0.wp.com\/www.sportalsub.net\/blog\/wp-content\/uploads\/2016\/07\/copacolombia2016.jpg?resize=700%2C400&ssl=1 2x"},"classes":[]},{"id":18447,"url":"https:\/\/www.sportalsub.net\/blog\/campeonato-mediterraneo-natacion-con-aletas-tunez-2014","url_meta":{"origin":20391,"position":5},"title":"\ud83c\uddf9\ud83c\uddf3 Resultados 1er Campeonato Mediterr\u00e1neo de Nataci\u00f3n con Aletas UFMAS CMAS T\u00fanez 2014","author":"Sportalsub.net","date":"4 septiembre 2014","format":false,"excerpt":"(Especial Sportalsub.net \/ UFMAS \/ CMAS \/ Finswimmer) Del 30 de septiembre al 1ro de agosto se lleva a cabo en T\u00fanez, el\u00a01er Campeonato Mediterr\u00e1neo de Nataci\u00f3n con Aletas organizado por la por la Federaci\u00f3n Tunecina de Actividades Subacu\u00e1ticas y por la Uni\u00f3n Mediterr\u00e1nea de Federaciones de Actividades Subacu\u00e1ticas, adscrita\u2026","rel":"","context":"En \u00abDestacados 2014\u00bb","block_context":{"text":"Destacados 2014","link":"https:\/\/www.sportalsub.net\/blog\/category\/coberturas-especiales\/destacados-2014\/"},"img":{"alt_text":"","src":"https:\/\/i0.wp.com\/www.sportalsub.net\/blog\/wp-content\/uploads\/2014\/09\/finswimming-mediterranean.jpg?resize=350%2C200&ssl=1","width":350,"height":200,"srcset":"https:\/\/i0.wp.com\/www.sportalsub.net\/blog\/wp-content\/uploads\/2014\/09\/finswimming-mediterranean.jpg?resize=350%2C200&ssl=1 1x, https:\/\/i0.wp.com\/www.sportalsub.net\/blog\/wp-content\/uploads\/2014\/09\/finswimming-mediterranean.jpg?resize=525%2C300&ssl=1 1.5x"},"classes":[]}],"_links":{"self":[{"href":"https:\/\/www.sportalsub.net\/blog\/wp-json\/wp\/v2\/posts\/20391","targetHints":{"allow":["GET"]}}],"collection":[{"href":"https:\/\/www.sportalsub.net\/blog\/wp-json\/wp\/v2\/posts"}],"about":[{"href":"https:\/\/www.sportalsub.net\/blog\/wp-json\/wp\/v2\/types\/post"}],"author":[{"embeddable":true,"href":"https:\/\/www.sportalsub.net\/blog\/wp-json\/wp\/v2\/users\/1"}],"replies":[{"embeddable":true,"href":"https:\/\/www.sportalsub.net\/blog\/wp-json\/wp\/v2\/comments?post=20391"}],"version-history":[{"count":0,"href":"https:\/\/www.sportalsub.net\/blog\/wp-json\/wp\/v2\/posts\/20391\/revisions"}],"wp:featuredmedia":[{"embeddable":true,"href":"https:\/\/www.sportalsub.net\/blog\/wp-json\/wp\/v2\/media\/20392"}],"wp:attachment":[{"href":"https:\/\/www.sportalsub.net\/blog\/wp-json\/wp\/v2\/media?parent=20391"}],"wp:term":[{"taxonomy":"category","embeddable":true,"href":"https:\/\/www.sportalsub.net\/blog\/wp-json\/wp\/v2\/categories?post=20391"},{"taxonomy":"post_tag","embeddable":true,"href":"https:\/\/www.sportalsub.net\/blog\/wp-json\/wp\/v2\/tags?post=20391"}],"curies":[{"name":"wp","href":"https:\/\/api.w.org\/{rel}","templated":true}]}}