{"id":2042,"date":"2009-05-03T23:16:55","date_gmt":"2009-05-04T03:46:55","guid":{"rendered":"http:\/\/www.sportalsub.net\/blog\/?p=2042"},"modified":"2019-09-01T03:44:36","modified_gmt":"2019-09-01T07:44:36","slug":"resultados-finales-6ta-ronda-de-la-iv-copa-mundo-de-natacion-con-aletas-cmas-2009","status":"publish","type":"post","link":"https:\/\/www.sportalsub.net\/blog\/resultados-finales-6ta-ronda-de-la-iv-copa-mundo-de-natacion-con-aletas-cmas-2009\/","title":{"rendered":"\ud83c\udde8\ud83c\udded Resultados finales 6ta Ronda de la IV Copa Mundo de Nataci\u00f3n con Aletas CMAS 2009"},"content":{"rendered":"<p style=\"text-align: center;\"><a href=\"http:\/\/www.sportalsub.net\/blog\/2009\/05\/03\/resultados-finales-6ta-ronda-de-la-iv-copa-mundo-de-natacion-con-aletas-cmas-2009\/\"><img loading=\"lazy\" decoding=\"async\" class=\"alignnone\" style=\"border: 0px;\" src=\"http:\/\/www.tio.ch\/tio_common\/multimedia\/57\/657\/p_20090501_205322_Nuoto_2.jpg\" alt=\"\" width=\"333\" height=\"500\" \/><\/a><br \/>\nFoto: Mattia Gobbi @ Ticinonline<\/p>\n<p style=\"text-align: justify;\">Una brillante actuaci\u00f3n cumpli\u00f3 la delegaci\u00f3n colombiana de nataci\u00f3n con aletas que particip\u00f3 entre el viernes 1 y el s\u00e1bado 2 de mayo en la VI Parada de la Copa Mundo Cmas, que se desarroll\u00f3 en Tenero, Suiza. En la \u00faltima jornada los representantes nacionales consiguieron dos medallas de oro con la vallecaucana Grace Fern\u00e1ndez (Club Tiburones) en 50 metros superficie junior damas y con la bogotana Alix Victoria P\u00e9rez (Club Cafam) en 50 superficie mayores damas; as\u00ed como una de plata y una de bronce con los vallecaucanos Mauricio Fern\u00e1ndez (Tiburones) y Juan Jos\u00e9 Hern\u00e1ndez (Club Barracudas) en 50 superficie mayores varones, respectivamente.<\/p>\n<p style=\"text-align: justify;\"><!--more--><\/p>\n<p>Grace Fern\u00e1ndez y Juan Fernando Ocampo Lozada, ambos de Tiburones, fueron los m\u00e1s laureados del pa\u00eds en el certamen al colgarse cada uno tres medallas de oro en la categor\u00eda junior.<\/p>\n<p>En resumen, Colombia sum\u00f3 10 oros, 8 platas y 4 bronces, con lo que se confirm\u00f3 como uno de los pa\u00edses de mayor nivel en la disciplina. Mauricio Fern\u00e1ndez y Alix V. P\u00e9rez impusieron marcas nacionales en 100 inmersi\u00f3n y 50 superficie, respectivamente.<\/p>\n<p>La de Suiza era la segunda excursi\u00f3n del grupo nacional por Europa. Hace una semana termin\u00f3 con 20 medallas, 6 de ellas de oro, en Estambul, Turqu\u00eda.<\/p>\n<p>All\u00ed los oros fueron conseguidos por Grace Fern\u00e1ndez (2), Juan Fernando Ocampo (2) y Mary \u00c1ngela Mej\u00eda (2).<\/p>\n<p>Fabio Delgado, el entrenador de los nadadores vallecaucanos, agradeci\u00f3 a Ra\u00fal Fernando Montoya, gerente de Indervalle, y a Gerardo Lerma, presidente de Fedecas, su apoyo para el desplazamiento de los deportistas. La delegaci\u00f3n regresar\u00e1 ma\u00f1ana en la tarde.<\/p>\n<p>Los dorados<\/p>\n<p>Los vallecaucanos Juan Fernando Ocampo y Grace Fern\u00e1ndez fueron los deportistas que m\u00e1s oros ganaron en Suiza: tres en total.<\/p>\n<p>La bogotana Alix Victoria P\u00e9rez, con dos, y los vallecaucanos Mauricio Fern\u00e1ndez y Mary \u00c1ngela Mej\u00eda, con una, completaron los oros.<\/p>\n<p style=\"text-align: justify;\"><a href=\"http:\/\/www.finswimming.ch\/cmasworldcup\/html\/classifiche.html\" target=\"_blank\" rel=\"noopener noreferrer\" target=\"_blank\">Resultados Oficiales<span style=\"font-size: x-small; color: #666666; font-family: Arial;\">.<\/span><\/a><\/p>\n<p style=\"text-align: justify;\">Fuente: El Pais.<\/p>\n","protected":false},"excerpt":{"rendered":"<p>Foto: Mattia Gobbi @ Ticinonline Una brillante actuaci\u00f3n cumpli\u00f3 la delegaci\u00f3n colombiana de nataci\u00f3n con aletas que particip\u00f3 entre el viernes 1 y el s\u00e1bado 2 de mayo en la VI Parada de la Copa Mundo Cmas, que se desarroll\u00f3 en Tenero, Suiza. En la \u00faltima jornada los representantes nacionales consiguieron dos medallas de oro con la vallecaucana Grace Fern\u00e1ndez [&#8230;]<\/p>\n","protected":false},"author":1,"featured_media":16466,"comment_status":"open","ping_status":"closed","sticky":false,"template":"","format":"standard","meta":{"_lmt_disableupdate":"","_lmt_disable":"","jetpack_post_was_ever_published":false,"_jetpack_newsletter_access":"","_jetpack_dont_email_post_to_subs":false,"_jetpack_newsletter_tier_id":0,"_jetpack_memberships_contains_paywalled_content":false,"_jetpack_memberships_contains_paid_content":false,"footnotes":"","jetpack_publicize_message":"","jetpack_publicize_feature_enabled":true,"jetpack_social_post_already_shared":false,"jetpack_social_options":{"image_generator_settings":{"template":"highway","default_image_id":0,"font":"","enabled":false},"version":2}},"categories":[3,12,50,120,242],"tags":[],"class_list":["post-2042","post","type-post","status-publish","format-standard","has-post-thumbnail","hentry","category-colombia","category-natacion-con-aletas","category-records","category-resultados","category-suiza"],"modified_by":"Sportalsub.net","views":2499,"jetpack_publicize_connections":[],"jetpack_featured_media_url":"https:\/\/www.sportalsub.net\/blog\/wp-content\/uploads\/2013\/11\/p_20090501_205322_Nuoto_2.jpg","jetpack_sharing_enabled":true,"jetpack_shortlink":"https:\/\/wp.me\/pf9lN-wW","jetpack_likes_enabled":false,"jetpack-related-posts":[{"id":1980,"url":"https:\/\/www.sportalsub.net\/blog\/resultados-de-la-5ta-ronda-de-la-iv-copa-mundo-de-natacion-con-aletas-cmas-2009\/","url_meta":{"origin":2042,"position":0},"title":"\ud83c\udde8\ud83c\uddf4 Colombia destaca en la 5ta Ronda de la IV Copa Mundo de Nataci\u00f3n con Aletas CMAS 2009 + Resultados","author":"Sportalsub.net","date":"27 abril 2009","format":false,"excerpt":"Una destacada actuaci\u00f3n cumpli\u00f3 Colombia en la quinta parada de la IV Copa Mundo Cmas de Nataci\u00f3n con Aletas,\u00a0realizada este 25 y 26 de Abril en Estambul, Turqu\u00eda. Al t\u00e9rmino de la segunda jornada, los deportistas vallecaucanos, dirigidos por el entrenador Fabio Delgado,\u00a0han conseguido seis medallas de oro,\u00a0ocho de plata\u2026","rel":"","context":"En \u00abColombia\u00bb","block_context":{"text":"Colombia","link":"https:\/\/www.sportalsub.net\/blog\/category\/paises\/america\/colombia\/"},"img":{"alt_text":"","src":"https:\/\/i0.wp.com\/www.sportalsub.net\/blog\/wp-content\/uploads\/2009\/04\/3rajornadafedecas.jpg?resize=350%2C200&ssl=1","width":350,"height":200,"srcset":"https:\/\/i0.wp.com\/www.sportalsub.net\/blog\/wp-content\/uploads\/2009\/04\/3rajornadafedecas.jpg?resize=350%2C200&ssl=1 1x, https:\/\/i0.wp.com\/www.sportalsub.net\/blog\/wp-content\/uploads\/2009\/04\/3rajornadafedecas.jpg?resize=525%2C300&ssl=1 1.5x, https:\/\/i0.wp.com\/www.sportalsub.net\/blog\/wp-content\/uploads\/2009\/04\/3rajornadafedecas.jpg?resize=700%2C400&ssl=1 2x"},"classes":[]},{"id":2013,"url":"https:\/\/www.sportalsub.net\/blog\/6ta-ronda-de-la-iv-copa-mundo-de-natacion-con-aletas-cmas-2009\/","url_meta":{"origin":2042,"position":1},"title":"\ud83c\udde8\ud83c\udded 6ta Ronda de la IV Copa Mundo de Nataci\u00f3n con Aletas CMAS 2009","author":"Sportalsub.net","date":"1 mayo 2009","format":false,"excerpt":"Foto: TicinoOnline Este viernes 1 de mayo, inici\u00f3 en Tenero, Suiza, la 6ta Ronda de la IV Copa del Mundo de Nataci\u00f3n con Aletas CMAS, en la cual los deportistas colombianos cumplieron una destacada actuaci\u00f3n en las 2 primeras jornadas, sumando varias medallas para sus respectivos clubes. Gracias a la\u2026","rel":"","context":"En \u00abColombia\u00bb","block_context":{"text":"Colombia","link":"https:\/\/www.sportalsub.net\/blog\/category\/paises\/america\/colombia\/"},"img":{"alt_text":"","src":"https:\/\/i0.wp.com\/www.sportalsub.net\/blog\/wp-content\/uploads\/2009\/05\/copamundosuiza.jpg?resize=350%2C200&ssl=1","width":350,"height":200},"classes":[]},{"id":2384,"url":"https:\/\/www.sportalsub.net\/blog\/segunda-jornada-campeonato-nacional-interclubes-de-natacion-con-aletas-categoria-abierta-colombia-medellin-2009\/","url_meta":{"origin":2042,"position":2},"title":"\ud83c\udde8\ud83c\uddf4 Segunda Jornada Campeonato Nacional Interclubes de Nataci\u00f3n con Aletas Categor\u00eda Abierta Colombia Medell\u00edn 2009","author":"Sportalsub.net","date":"26 junio 2009","format":false,"excerpt":"Foto:\u00a0ColombiaFinswimming.com El Club Tiburones del Valle asumi\u00f3 el primer lugar en el cuadro general de medaller\u00eda al conquistar un total de 12\u00a0de las 18 medallas de oro que estaban en disputa en\u00a0la II jornada de finales del Campeonato Nacional Interclubes de Nataci\u00f3n con Aletas, categor\u00eda abierta, que se desarrolla en\u2026","rel":"","context":"En \u00abColombia\u00bb","block_context":{"text":"Colombia","link":"https:\/\/www.sportalsub.net\/blog\/category\/paises\/america\/colombia\/"},"img":{"alt_text":"","src":"https:\/\/i0.wp.com\/www.sportalsub.net\/blog\/wp-content\/uploads\/2013\/11\/IMG_37971-768x1024.jpg?resize=350%2C200&ssl=1","width":350,"height":200,"srcset":"https:\/\/i0.wp.com\/www.sportalsub.net\/blog\/wp-content\/uploads\/2013\/11\/IMG_37971-768x1024.jpg?resize=350%2C200&ssl=1 1x, https:\/\/i0.wp.com\/www.sportalsub.net\/blog\/wp-content\/uploads\/2013\/11\/IMG_37971-768x1024.jpg?resize=525%2C300&ssl=1 1.5x, https:\/\/i0.wp.com\/www.sportalsub.net\/blog\/wp-content\/uploads\/2013\/11\/IMG_37971-768x1024.jpg?resize=700%2C400&ssl=1 2x"},"classes":[]},{"id":2743,"url":"https:\/\/www.sportalsub.net\/blog\/colombia-logra-9-medallas-de-oro-en-la-golden-final-de-la-copa-del-mundo-de-natacion-con-aletas-cmas-2009\/","url_meta":{"origin":2042,"position":3},"title":"\ud83c\udde8\ud83c\uddf4 Colombia logra 9 medallas de oro en la Golden Final de la Copa del Mundo de Nataci\u00f3n con Aletas CMAS 2009","author":"Sportalsub.net","date":"15 septiembre 2009","format":false,"excerpt":"Victoria P\u00e9rez se consolid\u00f3 entre las mejores del mundo \u00a0Colombia tuvo un gran desempe\u00f1o en la\u00a0Golden Final de Nataci\u00f3n con Aletas realizada en Valencia, Espa\u00f1a, del 10 al 14 de septiembre,\u00a0al totalizar 9 medallas de oro, 3 de plata y 5 de bronce.\u00a0 Los deportistas m\u00e1s destacados por el pa\u00eds\u2026","rel":"","context":"En \u00abCMAS\u00bb","block_context":{"text":"CMAS","link":"https:\/\/www.sportalsub.net\/blog\/category\/mas\/organizaciones\/cmas-organizaciones\/"},"img":{"alt_text":"","src":"https:\/\/i0.wp.com\/www.sportalsub.net\/blog\/wp-content\/uploads\/2009\/09\/goldenfinal.jpg?resize=350%2C200&ssl=1","width":350,"height":200},"classes":[]},{"id":1964,"url":"https:\/\/www.sportalsub.net\/blog\/colombia-participara-en-la-5ta-y-6ta-ronda-de-la-copa-del-mundo-de-natacion-con-aletas-cmas\/","url_meta":{"origin":2042,"position":4},"title":"\ud83c\udde8\ud83c\uddf4 Colombia participar\u00e1 en la 5ta y 6ta Ronda de la Copa del Mundo de Nataci\u00f3n con Aletas CMAS","author":"Sportalsub.net","date":"22 abril 2009","format":false,"excerpt":"Foto: Miguel Cede\u00f1o @ Archivo Sportalsub.net La Federaci\u00f3n Colombiana de Actividades Subacu\u00e1ticas, que preside el licenciado Gerardo Lerma, anunci\u00f3 que diez deportistas de nataci\u00f3n con aletas, entre los que se encuentran ocho vallecaucanos, se desplazar\u00e1n hoy a Europa para cumplir con la quinta parada de la Copa Cmas, y una\u2026","rel":"","context":"En \u00abColombia\u00bb","block_context":{"text":"Colombia","link":"https:\/\/www.sportalsub.net\/blog\/category\/paises\/america\/colombia\/"},"img":{"alt_text":"","src":"https:\/\/i0.wp.com\/www.sportalsub.net\/blog\/wp-content\/uploads\/2009\/04\/colombiacopamundo.jpg?resize=350%2C200&ssl=1","width":350,"height":200,"srcset":"https:\/\/i0.wp.com\/www.sportalsub.net\/blog\/wp-content\/uploads\/2009\/04\/colombiacopamundo.jpg?resize=350%2C200&ssl=1 1x, https:\/\/i0.wp.com\/www.sportalsub.net\/blog\/wp-content\/uploads\/2009\/04\/colombiacopamundo.jpg?resize=525%2C300&ssl=1 1.5x"},"classes":[]},{"id":2708,"url":"https:\/\/www.sportalsub.net\/blog\/resultados-de-la-golden-final-de-la-copa-del-mundo-de-natacion-con-aletas-2009-valencia-espana\/","url_meta":{"origin":2042,"position":5},"title":"\ud83c\uddea\ud83c\uddf8 Resultados de la Golden Final de la Copa del Mundo de Nataci\u00f3n con Aletas 2009. Valencia, Espa\u00f1a","author":"Sportalsub.net","date":"10 septiembre 2009","format":false,"excerpt":"Este jueves 10 de septiembre iniciaron las competencias Especial Sportalsub.net Sigue la actuaci\u00f3n de los deportistas hispanoamericanos en la Golden Final de la IV Copa del Mundo de Nataci\u00f3n con Aletas interclubes que se realiza desde este jueves 10 de octubre hasta el s\u00e1bado 12 en Valencia, Espa\u00f1a. Los atletas\u2026","rel":"","context":"En \u00abCMAS\u00bb","block_context":{"text":"CMAS","link":"https:\/\/www.sportalsub.net\/blog\/category\/mas\/organizaciones\/cmas-organizaciones\/"},"img":{"alt_text":"","src":"https:\/\/i0.wp.com\/www.sportalsub.net\/blog\/wp-content\/uploads\/2013\/11\/0009.jpg?resize=350%2C200&ssl=1","width":350,"height":200,"srcset":"https:\/\/i0.wp.com\/www.sportalsub.net\/blog\/wp-content\/uploads\/2013\/11\/0009.jpg?resize=350%2C200&ssl=1 1x, https:\/\/i0.wp.com\/www.sportalsub.net\/blog\/wp-content\/uploads\/2013\/11\/0009.jpg?resize=525%2C300&ssl=1 1.5x"},"classes":[]}],"_links":{"self":[{"href":"https:\/\/www.sportalsub.net\/blog\/wp-json\/wp\/v2\/posts\/2042","targetHints":{"allow":["GET"]}}],"collection":[{"href":"https:\/\/www.sportalsub.net\/blog\/wp-json\/wp\/v2\/posts"}],"about":[{"href":"https:\/\/www.sportalsub.net\/blog\/wp-json\/wp\/v2\/types\/post"}],"author":[{"embeddable":true,"href":"https:\/\/www.sportalsub.net\/blog\/wp-json\/wp\/v2\/users\/1"}],"replies":[{"embeddable":true,"href":"https:\/\/www.sportalsub.net\/blog\/wp-json\/wp\/v2\/comments?post=2042"}],"version-history":[{"count":0,"href":"https:\/\/www.sportalsub.net\/blog\/wp-json\/wp\/v2\/posts\/2042\/revisions"}],"wp:featuredmedia":[{"embeddable":true,"href":"https:\/\/www.sportalsub.net\/blog\/wp-json\/wp\/v2\/media\/16466"}],"wp:attachment":[{"href":"https:\/\/www.sportalsub.net\/blog\/wp-json\/wp\/v2\/media?parent=2042"}],"wp:term":[{"taxonomy":"category","embeddable":true,"href":"https:\/\/www.sportalsub.net\/blog\/wp-json\/wp\/v2\/categories?post=2042"},{"taxonomy":"post_tag","embeddable":true,"href":"https:\/\/www.sportalsub.net\/blog\/wp-json\/wp\/v2\/tags?post=2042"}],"curies":[{"name":"wp","href":"https:\/\/api.w.org\/{rel}","templated":true}]}}