{"id":20660,"date":"2015-05-11T15:38:00","date_gmt":"2015-05-11T20:08:00","guid":{"rendered":"http:\/\/www.sportalsub.net\/blog\/?p=20660"},"modified":"2019-08-30T07:18:18","modified_gmt":"2019-08-30T11:18:18","slug":"buceadores-mexicanos-al-mundial-de-fotografia-subacuatica-en-holanda","status":"publish","type":"post","link":"https:\/\/www.sportalsub.net\/blog\/mexico-mundial-fotosub-holanda-2015","title":{"rendered":"\ud83c\uddf2\ud83c\uddfd Buceadores mexicanos al Mundial de Fotograf\u00eda Subacu\u00e1tica en Holanda"},"content":{"rendered":"<p><a href=\"http:\/\/www.sportalsub.net\/blog\/wp-content\/uploads\/2015\/05\/fmas-holanda.jpg\" target=\"_blank\"><img loading=\"lazy\" decoding=\"async\" class=\"alignnone size-full wp-image-20661\" src=\"http:\/\/www.sportalsub.net\/blog\/wp-content\/uploads\/2015\/05\/fmas-holanda.jpg\" alt=\"fmas-holanda\" width=\"800\" height=\"533\" srcset=\"https:\/\/www.sportalsub.net\/blog\/wp-content\/uploads\/2015\/05\/fmas-holanda.jpg 800w, https:\/\/www.sportalsub.net\/blog\/wp-content\/uploads\/2015\/05\/fmas-holanda-768x512.jpg 768w, https:\/\/www.sportalsub.net\/blog\/wp-content\/uploads\/2015\/05\/fmas-holanda-300x200.jpg 300w, https:\/\/www.sportalsub.net\/blog\/wp-content\/uploads\/2015\/05\/fmas-holanda-177x118.jpg 177w\" sizes=\"auto, (max-width: 800px) 100vw, 800px\" \/><\/a><\/p>\n<p>(Sportalsub.net \/ FMAS)<\/p>\n<p>Los buceadores mexicanos Valeria Mass G\u00f3mez, del Distrito Federal, y Juan Manuel Barnard \u00c1vila, representar\u00e1n a M\u00e9xico en el 15\u00ba. Campeonato Mundial de Fotograf\u00eda Subacu\u00e1tica CMAS a celebrarse del 23 al 26 de mayo en Zeeland, Holanda, en lo que ser\u00e1 la tercera ocasi\u00f3n que la Federaci\u00f3n Mexicana de Actividades Subacu\u00e1ticas (FMAS) env\u00ede una delegaci\u00f3n a dicho certamen internacional.<\/p>\n<p>En el marco del abanderamiento del equipo nacional, Rogelio Flores Aguilera, presidente de FMAS, asever\u00f3: \u201cAmbos deportistas, los mejores a nivel nacional, tienen experiencia y calidad, por tal raz\u00f3n creo que ser\u00e1n dignos representantes en Holanda\u201d.<\/p>\n<p>El titular de FMAS, mencion\u00f3 que los dos buceadores llevar\u00e1n de asistentes a Felipe Rodr\u00edguez y Jos\u00e9 Natividad V\u00e1zquez, quienes ayudar\u00e1n en la categor\u00eda de toma de gr\u00e1ficas en Ambiente con Modelo.<\/p>\n<p>Las otras categor\u00edas de la competencia son: Peces, en donde se trata de capturar im\u00e1genes de la belleza de esta fauna; Macro, un close up, enfocado a la fauna espec\u00edfica del ambiente; Macro Tema, fotografiar a una especie en particular, en este caso es langosta; y Ambiente.<\/p>\n<p>Rogelio Flores Aguilera dio a conocer que M\u00e9xico tiene la sede del Campeonato Mundial de Fotograf\u00eda Subacu\u00e1tica de 2017, solo faltar\u00e1n determinar entre los destinos de La Paz, Baja California; Puerto Vallarta, Jalisco; y Acapulco, Guerrero.<\/p>\n<p>Alejandro Salazar Gonz\u00e1lez, capit\u00e1n del equipo mexicano, platic\u00f3: \u201cLos campeonatos mundiales de esta especialidad se realizan cada dos a\u00f1os y la CMAS trata de ir movi\u00e9ndolo a diferentes tipos de mares\u201d.<\/p>\n<p>Hace dos a\u00f1os, record\u00f3, el mundial se llev\u00f3 a cabo en Cayo Largo del Sur en Cuba, en esta edici\u00f3n ser\u00e1 en Holanda, en aguas fr\u00edas, en donde la habilidades de los fot\u00f3grafos estar\u00e1n a prueba para enfrentar estas condiciones.<\/p>\n<p>\u201cSon aguas muy verdes de reducida visibilidad, de uno a cinco metros a diferencia de lo que estamos acostumbrados en M\u00e9xico con gran visibilidad, entre 30 y 40 metros como el Caribe\u201d, describi\u00f3 Salazar.<\/p>\n<p>Al frente del equipo, como delegado de FMAS, estar\u00e1 Juli\u00e1n Hern\u00e1ndez, quien coment\u00f3 en forma breve: \u201cEs un honor representar a M\u00e9xico en este pr\u00f3ximo mundial y haremos el mejor trabajo posible.<\/p>\n<p>Ahora bien, Juan Manuel Barnard, dijo en su intervenci\u00f3n: \u201cAgradezco a la federaci\u00f3n de la creaci\u00f3n de los campeonatos nacionales de esta especialidad pues a trav\u00e9s de ellos damos a conocer a Acapulco, la cuna del buceo mexicano, desde otro punto de vista reactivando en Guerrero la actividad del buceo\u201d.<\/p>\n<p>Por su parte, Valeria Mass subray\u00f3: \u201cEste equipo va muy fuerte (a Holanda) y creo que vamos m\u00e1s unidos con la idea de poner en alto el nombre de M\u00e9xico\u201d.<\/p>\n<p>M\u00e9xico ocup\u00f3 el segundo lugar por equipos, a trav\u00e9s de Edwin Corona, Jos\u00e9 Jaimes Rojas Tapia y Jos\u00e9 Luis Moreno, en el Mundial de 1995, en Suecia, cuando gan\u00f3 el equipo anfitri\u00f3n y el tercer puesto correspondi\u00f3 a Jap\u00f3n. Hace dos a\u00f1os, FMAS llev\u00f3 a otro seleccionado al Mundial que se llev\u00f3 a cabo en Cayo Largo, Cuba.<\/p>\n<p><strong>Fuente: <a href=\"http:\/\/fmas.com.mx\/\" target=\"_blank\" rel=\"noopener noreferrer\" target=\"_blank\">FMAS<\/a><\/strong><\/p>\n<p><strong>Con informaci\u00f3n de:<\/strong><\/p>\n<p><strong><img loading=\"lazy\" decoding=\"async\" class=\"alignnone\" title=\"Alfredo Ponce\" src=\"http:\/\/www.sportalsub.net\/blog\/wp-content\/uploads\/2012\/05\/alfredo-150x150.jpg\" alt=\"\" width=\"80\" height=\"80\" \/><\/strong><\/p>\n<p><strong>Alfredo Ponce Reyes (M\u00e9xico)\u00a0<strong><img loading=\"lazy\" decoding=\"async\" src=\"http:\/\/es.fifa.com\/imgml\/flags\/s\/mex.gif\" alt=\"chi Eventos\" width=\"19\" height=\"13\" \/><br \/>\n<\/strong><\/strong>Experiencia en la cobertura deportiva por m\u00e1s de 25 a\u00f1os, editor de\u00a0<a href=\"http:\/\/www.ikkosports.com.mx\/\" target=\"_blank\" rel=\"noopener noreferrer\" target=\"_blank\">Ikkosports<\/a>\u00a0es actualmente coordinador de medios de la\u00a0<a href=\"http:\/\/www.fmas.com.mx\/\" target=\"_blank\" rel=\"noopener noreferrer\" target=\"_blank\">Federaci\u00f3n Mexicana de Actividades Subacu\u00e1ticas<\/a>\u00a0encargado de la difusi\u00f3n de las actividades de este organismo en el \u00e1mbito nacional e internacional en prensa escrita, radio televisi\u00f3n y medios electr\u00f3nicos.<\/p>\n","protected":false},"excerpt":{"rendered":"<p>(Sportalsub.net \/ FMAS) Los buceadores mexicanos Valeria Mass G\u00f3mez, del Distrito Federal, y Juan Manuel Barnard \u00c1vila, representar\u00e1n a M\u00e9xico en el 15\u00ba. Campeonato Mundial de Fotograf\u00eda Subacu\u00e1tica CMAS a celebrarse del 23 al 26 de mayo en Zeeland, Holanda, en lo que ser\u00e1 la tercera ocasi\u00f3n que la Federaci\u00f3n Mexicana de Actividades Subacu\u00e1ticas (FMAS) env\u00ede una delegaci\u00f3n a dicho [&#8230;]<\/p>\n","protected":false},"author":1,"featured_media":20661,"comment_status":"open","ping_status":"closed","sticky":false,"template":"","format":"standard","meta":{"_lmt_disableupdate":"","_lmt_disable":"","jetpack_post_was_ever_published":false,"_jetpack_newsletter_access":"","_jetpack_dont_email_post_to_subs":false,"_jetpack_newsletter_tier_id":0,"_jetpack_memberships_contains_paywalled_content":false,"_jetpack_memberships_contains_paid_content":false,"footnotes":"","jetpack_publicize_message":"Buceadores mexicanos al Mundial de Fotograf\u00eda Subacu\u00e1tica en Holanda http:\/\/wp.me\/pf9lN-5ne","jetpack_publicize_feature_enabled":true,"jetpack_social_post_already_shared":true,"jetpack_social_options":{"image_generator_settings":{"template":"highway","default_image_id":0,"font":"","enabled":false},"version":2}},"categories":[19,98],"tags":[],"class_list":["post-20660","post","type-post","status-publish","format-standard","has-post-thumbnail","hentry","category-fotografia-submarina","category-mexico"],"modified_by":"Sportalsub.net","views":3386,"jetpack_publicize_connections":[],"jetpack_featured_media_url":"https:\/\/www.sportalsub.net\/blog\/wp-content\/uploads\/2015\/05\/fmas-holanda.jpg","jetpack_sharing_enabled":true,"jetpack_shortlink":"https:\/\/wp.me\/pf9lN-5ne","jetpack_likes_enabled":false,"jetpack-related-posts":[{"id":18798,"url":"https:\/\/www.sportalsub.net\/blog\/fotosub-fmas-mexico-2014","url_meta":{"origin":20660,"position":0},"title":"\ud83c\uddf2\ud83c\uddfd Resultados del 3er Campeonato Nacional de Fotograf\u00eda Subacu\u00e1tica en Formato Digital FOTOSUB FMAS 2014 M\u00e9xico","author":"Sportalsub.net","date":"3 diciembre 2014","format":false,"excerpt":"(Sportalsub.net \/ FMAS) Obtiene Valeria Mas Campeonato Nacional Fotograf\u00eda Subacu\u00e1tica Ciudad de M\u00e9xico. A 3 de diciembre de 2014. La buceadora Valeria Mas conquist\u00f3 el primer lugar general del Tercer Campeonato Nacional de Fotograf\u00eda Subacu\u00e1tica Foto Sub FMAS 2014, del 27 al 30 de noviembre de 2014 en Acapulco, Guerrero\u2026","rel":"","context":"En \u00abFotograf\u00eda Submarina\u00bb","block_context":{"text":"Fotograf\u00eda Submarina","link":"https:\/\/www.sportalsub.net\/blog\/category\/modalidades\/fotografia-submarina\/"},"img":{"alt_text":"","src":"https:\/\/i0.wp.com\/www.sportalsub.net\/blog\/wp-content\/uploads\/2014\/10\/fotosubfmas2014.jpg?resize=350%2C200&ssl=1","width":350,"height":200,"srcset":"https:\/\/i0.wp.com\/www.sportalsub.net\/blog\/wp-content\/uploads\/2014\/10\/fotosubfmas2014.jpg?resize=350%2C200&ssl=1 1x, https:\/\/i0.wp.com\/www.sportalsub.net\/blog\/wp-content\/uploads\/2014\/10\/fotosubfmas2014.jpg?resize=525%2C300&ssl=1 1.5x"},"classes":[]},{"id":22171,"url":"https:\/\/www.sportalsub.net\/blog\/4to-campeonato-nacional-de-fotografia-subacuatica-fmas-2015-mexico\/","url_meta":{"origin":20660,"position":1},"title":"\ud83c\uddf2\ud83c\uddfd 4to Campeonato Nacional de Fotograf\u00eda Subacu\u00e1tica FMAS 2015 M\u00e9xico","author":"Sportalsub.net","date":"24 noviembre 2015","format":false,"excerpt":"(Sportalsub.net \/ FMAS) La Federaci\u00f3n Mexicana de Actividades Subacu\u00e1ticas A.C. a trav\u00e9s de su Comit\u00e9 Deportivo en coordinaci\u00f3n con la Comisi\u00f3n de Foto y Video Subacu\u00e1tico convoca a las Asociaciones, Delegaciones, entidades afiliadas y buceadores independientes a participar en \u00e9l: 4\u00ba CAMPEONATO NACIONAL DE FOTOGRAF\u00cdA SUBACU\u00c1TICA EN FORMATO DIGITAL \u201cACAPULCO\u2026","rel":"","context":"En \u00abFotograf\u00eda Submarina\u00bb","block_context":{"text":"Fotograf\u00eda Submarina","link":"https:\/\/www.sportalsub.net\/blog\/category\/modalidades\/fotografia-submarina\/"},"img":{"alt_text":"","src":"https:\/\/i0.wp.com\/www.sportalsub.net\/blog\/wp-content\/uploads\/2015\/10\/4tofotosubmexico.jpg?resize=350%2C200&ssl=1","width":350,"height":200},"classes":[]},{"id":23260,"url":"https:\/\/www.sportalsub.net\/blog\/certificara-sectur-buzos-fmas-mexico","url_meta":{"origin":20660,"position":2},"title":"\ud83c\uddf2\ud83c\uddfd Certificar\u00e1 SECTUR a buzos a trav\u00e9s de Federaci\u00f3n Mexicana de Actividades Subacu\u00e1ticas","author":"Sportalsub.net","date":"25 enero 2016","format":false,"excerpt":"(Sportalsub.net \/ FMAS) La Secretar\u00eda de Turismo est\u00e1 por dar a conocer la certificaci\u00f3n de buzos, quienes son prestadores de servicios tur\u00edsticos en aguas abiertas y cuevas del pa\u00eds, en coordinaci\u00f3n con la Federaci\u00f3n Mexicana de Actividades Subacu\u00e1ticas (FMAS), as\u00ed trascendi\u00f3 en el marco de la Reuni\u00f3n Nacional de Instructores\u2026","rel":"","context":"En \u00abBuceo\u00bb","block_context":{"text":"Buceo","link":"https:\/\/www.sportalsub.net\/blog\/category\/modalidades\/buceo-2\/"},"img":{"alt_text":"","src":"https:\/\/i0.wp.com\/www.sportalsub.net\/blog\/wp-content\/uploads\/2016\/01\/fmas2016.jpg?resize=350%2C200&ssl=1","width":350,"height":200,"srcset":"https:\/\/i0.wp.com\/www.sportalsub.net\/blog\/wp-content\/uploads\/2016\/01\/fmas2016.jpg?resize=350%2C200&ssl=1 1x, https:\/\/i0.wp.com\/www.sportalsub.net\/blog\/wp-content\/uploads\/2016\/01\/fmas2016.jpg?resize=525%2C300&ssl=1 1.5x, https:\/\/i0.wp.com\/www.sportalsub.net\/blog\/wp-content\/uploads\/2016\/01\/fmas2016.jpg?resize=700%2C400&ssl=1 2x"},"classes":[]},{"id":16288,"url":"https:\/\/www.sportalsub.net\/blog\/2-campeonato-nacional-de-fotografia-subacuatica-fmas-acapulco-mexico\/","url_meta":{"origin":20660,"position":3},"title":"\ud83c\uddf2\ud83c\uddfd 2\u00b0 Campeonato Nacional de Fotograf\u00eda Subacu\u00e1tica FMAS. Acapulco, M\u00e9xico","author":"Sportalsub.net","date":"8 noviembre 2013","format":false,"excerpt":"(Especial Sportalsub.net \/ FMAS) La Federaci\u00f3n Mexicana de Actividades Subacu\u00e1ticas A.C. a trav\u00e9s de su Comit\u00e9 Deportivo en coordinaci\u00f3n con la Comisi\u00f3n de Foto y Video Subacu\u00e1tico convoca a las Asociaciones, Delegaciones, entidades afiliadas y buceadores independientes a participar en el\u00a02do. CAMPEONATO NACIONAL DE FOTOGRAF\u00cdA SUBACU\u00c1TICA EN FORMATO DIGITAL\u201cACAPULCO 2013\u201d\u2026","rel":"","context":"En \u00abFotograf\u00eda Submarina\u00bb","block_context":{"text":"Fotograf\u00eda Submarina","link":"https:\/\/www.sportalsub.net\/blog\/category\/modalidades\/fotografia-submarina\/"},"img":{"alt_text":"","src":"https:\/\/i0.wp.com\/www.sportalsub.net\/blog\/wp-content\/uploads\/2013\/11\/Fotografia-2013.jpg?resize=350%2C200&ssl=1","width":350,"height":200,"srcset":"https:\/\/i0.wp.com\/www.sportalsub.net\/blog\/wp-content\/uploads\/2013\/11\/Fotografia-2013.jpg?resize=350%2C200&ssl=1 1x, https:\/\/i0.wp.com\/www.sportalsub.net\/blog\/wp-content\/uploads\/2013\/11\/Fotografia-2013.jpg?resize=525%2C300&ssl=1 1.5x, https:\/\/i0.wp.com\/www.sportalsub.net\/blog\/wp-content\/uploads\/2013\/11\/Fotografia-2013.jpg?resize=700%2C400&ssl=1 2x"},"classes":[]},{"id":19408,"url":"https:\/\/www.sportalsub.net\/blog\/continua-desarrollo-fmas-mexico-2015","url_meta":{"origin":20660,"position":4},"title":"\ud83c\uddf2\ud83c\uddfd Continuidad en el desarrollo de actividades subacu\u00e1ticas de FMAS M\u00e9xico en 2015","author":"Sportalsub.net","date":"9 febrero 2015","format":false,"excerpt":"(Sportalsub.net \/ FMAS) Ciudad de M\u00e9xico. A 9 de febrero de 2015. Rogelio Flores Aguilera, presidente de la Federaci\u00f3n Mexicana de Actividades Subacu\u00e1ticas (FMAS), dio a conocer que habr\u00e1 continuidad, incluso m\u00e1s intensa, en las actividades de esta federaci\u00f3n en la temporada 2015 en donde se tienen compromisos importantes en\u2026","rel":"","context":"En \u00abApnea\u00bb","block_context":{"text":"Apnea","link":"https:\/\/www.sportalsub.net\/blog\/category\/modalidades\/apnea\/"},"img":{"alt_text":"","src":"https:\/\/i0.wp.com\/www.sportalsub.net\/blog\/wp-content\/uploads\/2015\/02\/fmas-asamblea-2015.jpg?resize=350%2C200&ssl=1","width":350,"height":200,"srcset":"https:\/\/i0.wp.com\/www.sportalsub.net\/blog\/wp-content\/uploads\/2015\/02\/fmas-asamblea-2015.jpg?resize=350%2C200&ssl=1 1x, https:\/\/i0.wp.com\/www.sportalsub.net\/blog\/wp-content\/uploads\/2015\/02\/fmas-asamblea-2015.jpg?resize=525%2C300&ssl=1 1.5x, https:\/\/i0.wp.com\/www.sportalsub.net\/blog\/wp-content\/uploads\/2015\/02\/fmas-asamblea-2015.jpg?resize=700%2C400&ssl=1 2x"},"classes":[]},{"id":19172,"url":"https:\/\/www.sportalsub.net\/blog\/se-reorganiza-fmas","url_meta":{"origin":20660,"position":5},"title":"\ud83c\uddf2\ud83c\uddfd Se reorganiza la Federaci\u00f3n Mexicana de Actividades Subacu\u00e1ticas","author":"Sportalsub.net","date":"11 diciembre 2014","format":false,"excerpt":"(Sportalsub.net \/ FMAS) Cozumel, Quintana Roo. A 10 de diciembre de 2014. La Federaci\u00f3n Mexicana de Actividades Subacu\u00e1ticas (FMAS) cerrar\u00e1 el 2014 con una reorganizaci\u00f3n interna con intenso trabajo en la temporada en la parte deportiva a trav\u00e9s de la organizaci\u00f3n del Campeonato Panamericano de Nado con Aletas y Apnea\u2026","rel":"","context":"En \u00abApnea\u00bb","block_context":{"text":"Apnea","link":"https:\/\/www.sportalsub.net\/blog\/category\/modalidades\/apnea\/"},"img":{"alt_text":"","src":"https:\/\/i0.wp.com\/www.sportalsub.net\/blog\/wp-content\/uploads\/2014\/12\/fmas2015.jpg?resize=350%2C200&ssl=1","width":350,"height":200,"srcset":"https:\/\/i0.wp.com\/www.sportalsub.net\/blog\/wp-content\/uploads\/2014\/12\/fmas2015.jpg?resize=350%2C200&ssl=1 1x, https:\/\/i0.wp.com\/www.sportalsub.net\/blog\/wp-content\/uploads\/2014\/12\/fmas2015.jpg?resize=525%2C300&ssl=1 1.5x, https:\/\/i0.wp.com\/www.sportalsub.net\/blog\/wp-content\/uploads\/2014\/12\/fmas2015.jpg?resize=700%2C400&ssl=1 2x"},"classes":[]}],"_links":{"self":[{"href":"https:\/\/www.sportalsub.net\/blog\/wp-json\/wp\/v2\/posts\/20660","targetHints":{"allow":["GET"]}}],"collection":[{"href":"https:\/\/www.sportalsub.net\/blog\/wp-json\/wp\/v2\/posts"}],"about":[{"href":"https:\/\/www.sportalsub.net\/blog\/wp-json\/wp\/v2\/types\/post"}],"author":[{"embeddable":true,"href":"https:\/\/www.sportalsub.net\/blog\/wp-json\/wp\/v2\/users\/1"}],"replies":[{"embeddable":true,"href":"https:\/\/www.sportalsub.net\/blog\/wp-json\/wp\/v2\/comments?post=20660"}],"version-history":[{"count":0,"href":"https:\/\/www.sportalsub.net\/blog\/wp-json\/wp\/v2\/posts\/20660\/revisions"}],"wp:featuredmedia":[{"embeddable":true,"href":"https:\/\/www.sportalsub.net\/blog\/wp-json\/wp\/v2\/media\/20661"}],"wp:attachment":[{"href":"https:\/\/www.sportalsub.net\/blog\/wp-json\/wp\/v2\/media?parent=20660"}],"wp:term":[{"taxonomy":"category","embeddable":true,"href":"https:\/\/www.sportalsub.net\/blog\/wp-json\/wp\/v2\/categories?post=20660"},{"taxonomy":"post_tag","embeddable":true,"href":"https:\/\/www.sportalsub.net\/blog\/wp-json\/wp\/v2\/tags?post=20660"}],"curies":[{"name":"wp","href":"https:\/\/api.w.org\/{rel}","templated":true}]}}