{"id":20776,"date":"2015-07-13T07:09:17","date_gmt":"2015-07-13T11:39:17","guid":{"rendered":"http:\/\/www.sportalsub.net\/blog\/?p=20776"},"modified":"2019-08-31T21:37:53","modified_gmt":"2019-09-01T01:37:53","slug":"iii-festival-internacional-infantil-de-natacion-con-aletas-cmas-zona-america-bogota-colombia-julio-2015","status":"publish","type":"post","link":"https:\/\/www.sportalsub.net\/blog\/festival-internacional-infantil-colombia-2015","title":{"rendered":"\ud83c\udde8\ud83c\uddf4 III Festival Internacional Infantil de Nataci\u00f3n con Aletas CMAS Zona Am\u00e9rica. Bogot\u00e1, Colombia. Julio 2015 &#8211; Resultados"},"content":{"rendered":"<p><a href=\"http:\/\/www.sportalsub.net\/blog\/wp-content\/uploads\/2015\/07\/infantilbogota2015l.jpg\" target=\"_blank\"><img loading=\"lazy\" decoding=\"async\" class=\"alignnone size-full wp-image-21116\" src=\"http:\/\/www.sportalsub.net\/blog\/wp-content\/uploads\/2015\/07\/infantilbogota2015l.jpg\" alt=\"infantilbogota2015l\" width=\"600\" height=\"268\" srcset=\"https:\/\/www.sportalsub.net\/blog\/wp-content\/uploads\/2015\/07\/infantilbogota2015l.jpg 600w, https:\/\/www.sportalsub.net\/blog\/wp-content\/uploads\/2015\/07\/infantilbogota2015l-300x134.jpg 300w, https:\/\/www.sportalsub.net\/blog\/wp-content\/uploads\/2015\/07\/infantilbogota2015l-364x164.jpg 364w\" sizes=\"auto, (max-width: 600px) 100vw, 600px\" \/><\/a><\/p>\n<p>(Sportalsub.net \/ CMAS Zona Am\u00e9rica \/ FEDECAS)<\/p>\n<p>La CMAS Am\u00e9rica y el Comit\u00e9 Deportivo a trav\u00e9s de la Federaci\u00f3n Colombiana\u00a0de Actividades Subacu\u00e1ticas,\u00a0llevaron a cabo el<strong>\u00a0III\u00a0Festival Nacional e Internacional Infantil de Nataci\u00f3n con Aletas CMAS\u00a0Am\u00e9rica<\/strong>, realizado\u00a0en la ciudad de <strong>Bogot\u00e1 D.C., Colombia del 10 al 12 de\u00a0Julio del 2015.<\/strong><\/p>\n<p><strong><a href=\"http:\/\/www.colombiaacuatica.com\/backtun\/torneos\/2015\/20150710\/pageindex00.php\" target=\"_blank\" rel=\"noopener noreferrer\" target=\"_blank\">El evento cont\u00f3 con Resultados en directo<\/a><\/strong>\u00a0por\u00a0<a href=\"http:\/\/www.colombiaacuatica.com\" target=\"_blank\">Colombiaacuatica.com<\/a>\u00a0y participaron\u00a0147 deportistas\u00a0de 20\u00a0clubes de 3 pa\u00edses: Colombia, M\u00e9xico y Venezuela.<\/p>\n<p><strong><a href=\"http:\/\/www.colombiaacuatica.com\/backtun\/torneos\/resultados\/pdf\/2015\/20150710resultados.pdf\" target=\"_blank\" rel=\"noopener noreferrer\" target=\"_blank\"><img decoding=\"async\" src=\"http:\/\/www.sportalsub.net\/blog\/wp-content\/uploads\/2009\/10\/pdf.gif\" alt=\"\" \/>\u00a0Resultados Oficiales Completos<\/a>\u00a0&#8211; viernes 10 de julio<\/strong><\/p>\n<p><img loading=\"lazy\" decoding=\"async\" class=\"alignnone size-full wp-image-975\" src=\"http:\/\/www.cmasamerica.org\/wp-content\/uploads\/2015\/07\/medallasinfantilcmasamerica.jpg\" alt=\"medallasinfantilcmasamerica\" width=\"600\" height=\"493\" \/><\/p>\n<p>&nbsp;<\/p>\n<p><strong>ORGANIZACION DEL CAMPEONATO:<\/strong><br \/>\nLa organizaci\u00f3n del Campeonato estar\u00e1 a cargo de la Federaci\u00f3n Colombiana de\u00a0Actividades Subacu\u00e1ticas, a trav\u00e9s de la Liga de Actividades Subacu\u00e1ticas de<br \/>\nBogot\u00e1 \u2013 LIDAS.<\/p>\n<p><strong>Direcci\u00f3n<\/strong>: Complejo Acu\u00e1tico Sim\u00f3n Bol\u00edvar, Calle 63 No. 42 -00<br \/>\n<strong>Ciudad<\/strong>: Bogot\u00e1 D.C. Colombia<br \/>\n<strong>E-mail<\/strong>: <a href=\"mailto:fedecas.colombia@gmail.com\">fedecas.colombia@gmail.com<\/a> y <a href=\"mailto:subacuaticas_bogota@yahoo.com\">subacuaticas_bogota@yahoo.com<\/a><br \/>\n<strong>Contacto<\/strong>: Libia Nelsy Joya Medina<br \/>\n<strong>Tel. Celular No<\/strong>. 310 868 5292<\/p>\n<p><strong><img decoding=\"async\" src=\"http:\/\/www.sportalsub.net\/blog\/wp-content\/uploads\/2009\/10\/pdf.gif\" alt=\"\" \/> <a href=\"http:\/\/www.cmasamerica.org\/wp-content\/uploads\/2015\/06\/Oficial-Convocatoria-III-Festival-Internacional-Infantil-de-Nataci%C3%B3n-con-Aletas-2015-Bogot%C3%A1-Colombia.pdf\" target=\"_blank\" rel=\"noopener noreferrer\" target=\"_blank\">Convocatoria Oficial<\/a> (actualizada al 12 de junio)<\/strong><\/p>\n<p><strong><img decoding=\"async\" src=\"http:\/\/www.sportalsub.net\/blog\/wp-content\/uploads\/2009\/10\/pdf.gif\" alt=\"\" \/> <a href=\"http:\/\/www.cmasamerica.org\/wp-content\/uploads\/2015\/06\/ACLARACION-CONVOCATORIA-CAMPEONATO-INFANTIL-BOGOTA.pdf\" target=\"_blank\" rel=\"noopener noreferrer\" target=\"_blank\">Aclaraci\u00f3n Inquietudes<\/a> (actualizada al 12 de junio)<\/strong><\/p>\n<p><strong><img decoding=\"async\" src=\"http:\/\/www.sportalsub.net\/blog\/wp-content\/uploads\/2009\/10\/pdf.gif\" alt=\"\" \/> <a href=\"http:\/\/www.cmasamerica.org\/wp-content\/uploads\/2015\/06\/Resolucion-1258-ReglamentoFestivalesNalesInfantiles2013.pdf\" target=\"_blank\" rel=\"noopener noreferrer\" target=\"_blank\">Reglamentaci\u00f3n y Programaci\u00f3n <\/a>(actualizada al 12 de junio)<\/strong><\/p>\n<p><strong><img decoding=\"async\" src=\"http:\/\/www.sportalsub.net\/blog\/wp-content\/uploads\/2009\/10\/pdf.gif\" alt=\"\" \/> <a href=\"http:\/\/www.cmasamerica.org\/wp-content\/uploads\/2015\/06\/BOLET%C3%8DN-COLOMBIA-2015-1.pdf\" target=\"_blank\" rel=\"noopener noreferrer\" target=\"_blank\">Bolet\u00edn Informativo<\/a><\/strong><\/p>\n<p><strong>M\u00e1s informaci\u00f3n: <a href=\"http:\/\/www.fedecas.net\" target=\"_blank\" rel=\"noopener noreferrer\" target=\"_blank\">www.fedecas.net<\/a> \/ <a href=\"http:\/\/www.cmasamerica.org\" target=\"_blank\" rel=\"noopener noreferrer\" target=\"_blank\">www.cmasamerica.org<\/a><\/strong><\/p>\n<p><img loading=\"lazy\" decoding=\"async\" class=\"alignnone size-full wp-image-20777\" src=\"http:\/\/www.sportalsub.net\/blog\/wp-content\/uploads\/2015\/06\/festivalinfantilcolombia2015.jpg\" alt=\"festivalinfantilcolombia2015\" width=\"815\" height=\"483\" srcset=\"https:\/\/www.sportalsub.net\/blog\/wp-content\/uploads\/2015\/06\/festivalinfantilcolombia2015.jpg 815w, https:\/\/www.sportalsub.net\/blog\/wp-content\/uploads\/2015\/06\/festivalinfantilcolombia2015-300x178.jpg 300w\" sizes=\"auto, (max-width: 815px) 100vw, 815px\" \/><\/p>\n<p><strong>Publicado por:<\/strong><\/p>\n<p><img loading=\"lazy\" decoding=\"async\" title=\"miguel\" src=\"http:\/\/www.sportalsub.net\/blog\/wp-content\/uploads\/2012\/05\/miguel-150x150.jpg\" alt=\"\" width=\"80\" height=\"80\" \/><\/p>\n<p><strong>Miguel Alberto Cede\u00f1o Ortiz (Venezuela)\u00a0<strong><img loading=\"lazy\" decoding=\"async\" src=\"http:\/\/es.fifa.com\/imgml\/flags\/s\/ven.gif\" alt=\"chi Eventos\" width=\"19\" height=\"13\" \/><br \/>\n<\/strong><\/strong>Nacido y residenciado en Caracas, Venezuela es el creador, director y editor de Sportalsub.net. Su experiencia como deportista, entrenador, juez y dirigente de las actividades subacu\u00e1ticas le han permitido establecer una red de contactos en todo el mundo para dar a conocer e informar todas las novedades sobre el deporte subacu\u00e1tico en habla hispana.<br \/>\n<strong><strong><a href=\"http:\/\/www.facebook.com\/miguelsportsub\" target=\"_blank\" rel=\"noopener noreferrer\" target=\"_blank\">Miguelsportsub\u00a0<img decoding=\"async\" src=\"http:\/\/www.sportalsub.net\/blog\/wp-content\/uploads\/2009\/12\/fb.png\" alt=\"Facebook\" \/><\/a>\u00a0\u00a0<\/strong><strong><a href=\"http:\/\/www.twitter.com\/miguelsportsub\" target=\"_blank\" rel=\"noopener noreferrer\" target=\"_blank\">@miguelsportsub\u00a0<img decoding=\"async\" src=\"http:\/\/www.sportalsub.net\/blog\/wp-content\/uploads\/2009\/12\/twitter.png\" alt=\"Twitter\" \/><\/a><br \/>\n<a href=\"maitlo:miguel@sportalsub.net\">miguel@sportalsub.net<\/a>\u00a0<\/strong><\/strong><\/p>\n","protected":false},"excerpt":{"rendered":"<p>(Sportalsub.net \/ CMAS Zona Am\u00e9rica \/ FEDECAS) La CMAS Am\u00e9rica y el Comit\u00e9 Deportivo a trav\u00e9s de la Federaci\u00f3n Colombiana\u00a0de Actividades Subacu\u00e1ticas,\u00a0llevaron a cabo el\u00a0III\u00a0Festival Nacional e Internacional Infantil de Nataci\u00f3n con Aletas CMAS\u00a0Am\u00e9rica, realizado\u00a0en la ciudad de Bogot\u00e1 D.C., Colombia del 10 al 12 de\u00a0Julio del 2015. El evento cont\u00f3 con Resultados en directo\u00a0por\u00a0Colombiaacuatica.com\u00a0y participaron\u00a0147 deportistas\u00a0de 20\u00a0clubes de 3 [&#8230;]<\/p>\n","protected":false},"author":1,"featured_media":21116,"comment_status":"open","ping_status":"closed","sticky":false,"template":"","format":"standard","meta":{"_lmt_disableupdate":"","_lmt_disable":"","jetpack_post_was_ever_published":false,"_jetpack_newsletter_access":"","_jetpack_dont_email_post_to_subs":false,"_jetpack_newsletter_tier_id":0,"_jetpack_memberships_contains_paywalled_content":false,"_jetpack_memberships_contains_paid_content":false,"footnotes":"","jetpack_publicize_message":"III Festival Internacional Infantil de Nataci\u00f3n con Aletas CMAS Zona Am\u00e9rica. Bogot\u00e1, Colombia. Julio 2015","jetpack_publicize_feature_enabled":true,"jetpack_social_post_already_shared":true,"jetpack_social_options":{"image_generator_settings":{"template":"highway","default_image_id":0,"font":"","enabled":false},"version":2}},"categories":[3,347,98,12,120,8],"tags":[],"class_list":["post-20776","post","type-post","status-publish","format-standard","has-post-thumbnail","hentry","category-colombia","category-destacados","category-mexico","category-natacion-con-aletas","category-resultados","category-venezuela"],"modified_by":"Sportalsub.net","views":9773,"jetpack_publicize_connections":[],"jetpack_featured_media_url":"https:\/\/www.sportalsub.net\/blog\/wp-content\/uploads\/2015\/07\/infantilbogota2015l.jpg","jetpack_sharing_enabled":true,"jetpack_shortlink":"https:\/\/wp.me\/pf9lN-5p6","jetpack_likes_enabled":false,"jetpack-related-posts":[{"id":19261,"url":"https:\/\/www.sportalsub.net\/blog\/calendario-cmas-zona-america-2015","url_meta":{"origin":20776,"position":0},"title":"\ud83c\udf0e Calendario de Actividades Subacu\u00e1ticas CMAS Zona Am\u00e9rica 2015","author":"Sportalsub.net","date":"23 diciembre 2014","format":false,"excerpt":"(Sportalsub.net \/ CMAS Zona Am\u00e9rica) En el sitio web oficial de CMAS Zona Am\u00e9rica encontrar\u00e1n toda la informaci\u00f3n de las Actividades Subacu\u00e1ticas en el Continente y el Calendario Internacional para 2015 en el que se incluyen los Campeonatos y eventos internacionales avalados por CMAS a realizarse en la regi\u00f3n, as\u00ed\u2026","rel":"","context":"En \u00abApnea\u00bb","block_context":{"text":"Apnea","link":"https:\/\/www.sportalsub.net\/blog\/category\/modalidades\/apnea\/"},"img":{"alt_text":"","src":"https:\/\/i0.wp.com\/www.sportalsub.net\/blog\/wp-content\/uploads\/2014\/12\/cmas-america.jpg?resize=350%2C200&ssl=1","width":350,"height":200,"srcset":"https:\/\/i0.wp.com\/www.sportalsub.net\/blog\/wp-content\/uploads\/2014\/12\/cmas-america.jpg?resize=350%2C200&ssl=1 1x, https:\/\/i0.wp.com\/www.sportalsub.net\/blog\/wp-content\/uploads\/2014\/12\/cmas-america.jpg?resize=525%2C300&ssl=1 1.5x, https:\/\/i0.wp.com\/www.sportalsub.net\/blog\/wp-content\/uploads\/2014\/12\/cmas-america.jpg?resize=700%2C400&ssl=1 2x"},"classes":[]},{"id":23066,"url":"https:\/\/www.sportalsub.net\/blog\/ranking-records-nadosub-venezuela-2015","url_meta":{"origin":20776,"position":1},"title":"\ud83c\uddfb\ud83c\uddea Ranking Nacional 2015 y R\u00e9cords Nacionales de Nataci\u00f3n con Aletas de Venezuela","author":"Sportalsub.net","date":"18 diciembre 2015","format":false,"excerpt":"(Sportalsub.net \/ Nataci\u00f3n con Aletas Venezuela) Como todos los a\u00f1os, Sportsub & Sportalsub.net presenta el\u00a0Ranking Nacional 2015, listado actualizado de R\u00e9cords Nacionales Absolutos y Juveniles y TOP 20 2000-2015 de Nataci\u00f3n con Aletas de Venezuela, avalado por la Comisi\u00f3n de Jueces y Comisi\u00f3n T\u00e9cnica Nacional de la Federaci\u00f3n Venezolana de\u2026","rel":"","context":"En \u00abNataci\u00f3n con Aletas\u00bb","block_context":{"text":"Nataci\u00f3n con Aletas","link":"https:\/\/www.sportalsub.net\/blog\/category\/modalidades\/natacion-con-aletas\/"},"img":{"alt_text":"","src":"https:\/\/i0.wp.com\/www.sportalsub.net\/blog\/wp-content\/uploads\/2015\/12\/ranking2015.jpg?resize=350%2C200&ssl=1","width":350,"height":200,"srcset":"https:\/\/i0.wp.com\/www.sportalsub.net\/blog\/wp-content\/uploads\/2015\/12\/ranking2015.jpg?resize=350%2C200&ssl=1 1x, https:\/\/i0.wp.com\/www.sportalsub.net\/blog\/wp-content\/uploads\/2015\/12\/ranking2015.jpg?resize=525%2C300&ssl=1 1.5x, https:\/\/i0.wp.com\/www.sportalsub.net\/blog\/wp-content\/uploads\/2015\/12\/ranking2015.jpg?resize=700%2C400&ssl=1 2x"},"classes":[]},{"id":21123,"url":"https:\/\/www.sportalsub.net\/blog\/venezuela-festival-infantil-nadosub-bogota","url_meta":{"origin":20776,"position":2},"title":"\ud83c\uddfb\ud83c\uddea 8 medallas para Venezuela en III Festival Internacional Infantil de Nataci\u00f3n con Aletas en Colombia","author":"Sportalsub.net","date":"15 julio 2015","format":false,"excerpt":"(Sportalsub.net \/ FVAS Venezuela) Venezuela tuvo una destacada\u00a0participaci\u00f3n en\u00a0el III Festival Nacional e Internacional Infantil de Nataci\u00f3n con Aletas CMAS Am\u00e9rica,\u00a0realizado en la ciudad de Bogot\u00e1 D.C., Colombia del 10 al 12 de Julio del 2015 en el cual participaron 5\u00a0atletas de nuestro pa\u00eds, pertenecientes a los Clubes Luis Tendero\u2026","rel":"","context":"En \u00abNataci\u00f3n con Aletas\u00bb","block_context":{"text":"Nataci\u00f3n con Aletas","link":"https:\/\/www.sportalsub.net\/blog\/category\/modalidades\/natacion-con-aletas\/"},"img":{"alt_text":"","src":"https:\/\/i0.wp.com\/www.sportalsub.net\/blog\/wp-content\/uploads\/2015\/07\/infantilbogotavenezuela2.jpg?resize=350%2C200&ssl=1","width":350,"height":200,"srcset":"https:\/\/i0.wp.com\/www.sportalsub.net\/blog\/wp-content\/uploads\/2015\/07\/infantilbogotavenezuela2.jpg?resize=350%2C200&ssl=1 1x, https:\/\/i0.wp.com\/www.sportalsub.net\/blog\/wp-content\/uploads\/2015\/07\/infantilbogotavenezuela2.jpg?resize=525%2C300&ssl=1 1.5x"},"classes":[]},{"id":15601,"url":"https:\/\/www.sportalsub.net\/blog\/1er-festival-internacional-infantil-de-natacion-con-aletas-se-llevara-a-cabo-en-cuba\/","url_meta":{"origin":20776,"position":3},"title":"\ud83c\udde8\ud83c\uddfa Resultados del 1er Festival Internacional Infantil de Nataci\u00f3n con Aletas CMAS Am\u00e9rica Cuba 2013","author":"Sportalsub.net","date":"18 julio 2013","format":false,"excerpt":"(Especial Sportalsub.net \/ FCAS \/ Aletas Nueva Esparta) Desde el pasado viernes 12 y hasta el mi\u00e9rcoles 17 de julio, se llev\u00f3 a a cabo en La Habana, Cuba, el 1er Festival Internacional Infantil de Nataci\u00f3n con Aletas organizado por la CMAS Am\u00e9rica y la Federaci\u00f3n Cubana de Actividades Subacu\u00e1ticas.\u2026","rel":"","context":"En \u00abColombia\u00bb","block_context":{"text":"Colombia","link":"https:\/\/www.sportalsub.net\/blog\/category\/paises\/america\/colombia\/"},"img":{"alt_text":"","src":"https:\/\/i0.wp.com\/www.sportalsub.net\/blog\/wp-content\/uploads\/2013\/07\/infantilcuba-resultados.jpg?resize=350%2C200&ssl=1","width":350,"height":200,"srcset":"https:\/\/i0.wp.com\/www.sportalsub.net\/blog\/wp-content\/uploads\/2013\/07\/infantilcuba-resultados.jpg?resize=350%2C200&ssl=1 1x, https:\/\/i0.wp.com\/www.sportalsub.net\/blog\/wp-content\/uploads\/2013\/07\/infantilcuba-resultados.jpg?resize=525%2C300&ssl=1 1.5x"},"classes":[]},{"id":18584,"url":"https:\/\/www.sportalsub.net\/blog\/resultados-oficiales-nado-aletas-mexico-2014","url_meta":{"origin":20776,"position":4},"title":"\ud83c\uddf2\ud83c\uddfd Resultados Oficiales V Campeonato Panamericano y II Festival Internacional Infantil de Nado con Aletas M\u00e9xico 2014","author":"Sportalsub.net","date":"19 septiembre 2014","format":false,"excerpt":"(Especial Sportalsub.net \/ CMAS Zona Am\u00e9rica) Resultados Oficiales del V Campeonato Panamericano de Nado con Aletas y Velocidad Subacu\u00e1tica que se llev\u00f3 a cabo del 31 de agosto al 6 de Septiembre de 2014 en las instalaciones del Comit\u00e9 Ol\u00edmpico Mexicano en la Ciudad de Mexico DF y de los\u2026","rel":"","context":"En \u00abColombia\u00bb","block_context":{"text":"Colombia","link":"https:\/\/www.sportalsub.net\/blog\/category\/paises\/america\/colombia\/"},"img":{"alt_text":"","src":"https:\/\/i0.wp.com\/www.sportalsub.net\/blog\/wp-content\/uploads\/2014\/09\/resultados-panamericano-aletas.jpg?resize=350%2C200&ssl=1","width":350,"height":200,"srcset":"https:\/\/i0.wp.com\/www.sportalsub.net\/blog\/wp-content\/uploads\/2014\/09\/resultados-panamericano-aletas.jpg?resize=350%2C200&ssl=1 1x, https:\/\/i0.wp.com\/www.sportalsub.net\/blog\/wp-content\/uploads\/2014\/09\/resultados-panamericano-aletas.jpg?resize=525%2C300&ssl=1 1.5x, https:\/\/i0.wp.com\/www.sportalsub.net\/blog\/wp-content\/uploads\/2014\/09\/resultados-panamericano-aletas.jpg?resize=700%2C400&ssl=1 2x"},"classes":[]},{"id":18735,"url":"https:\/\/www.sportalsub.net\/blog\/resultados-records-apnea-nadosub-cmas-america","url_meta":{"origin":20776,"position":5},"title":"\ud83c\udf0e Resultados y R\u00e9cords Campeonatos Panamericanos de Apnea y Nataci\u00f3n con Aletas CMAS Zona Am\u00e9rica","author":"Sportalsub.net","date":"7 octubre 2014","format":false,"excerpt":"(Sportalsub.net \/ CMAS Zona Am\u00e9rica) Sportalsub.net, colaborador\u00a0oficial de la Confederaci\u00f3n Mundial de Actividades Subacu\u00e1ticas Zona Am\u00e9rica (CMAS Am\u00e9rica) presenta los resultados y R\u00e9cords de las 5 primeras ediciones de la Copa Panamericana y Campeonato Panamericano CMAS Zona Am\u00e9rica de los eventos realizados: Cuba 2006, M\u00e9xico 2008, Cuba 2010, Colombia 2012\u2026","rel":"","context":"En \u00abApnea\u00bb","block_context":{"text":"Apnea","link":"https:\/\/www.sportalsub.net\/blog\/category\/modalidades\/apnea\/"},"img":{"alt_text":"","src":"https:\/\/i0.wp.com\/www.sportalsub.net\/blog\/wp-content\/uploads\/2014\/10\/records-cmas-america.jpg?resize=350%2C200&ssl=1","width":350,"height":200,"srcset":"https:\/\/i0.wp.com\/www.sportalsub.net\/blog\/wp-content\/uploads\/2014\/10\/records-cmas-america.jpg?resize=350%2C200&ssl=1 1x, https:\/\/i0.wp.com\/www.sportalsub.net\/blog\/wp-content\/uploads\/2014\/10\/records-cmas-america.jpg?resize=525%2C300&ssl=1 1.5x"},"classes":[]}],"_links":{"self":[{"href":"https:\/\/www.sportalsub.net\/blog\/wp-json\/wp\/v2\/posts\/20776","targetHints":{"allow":["GET"]}}],"collection":[{"href":"https:\/\/www.sportalsub.net\/blog\/wp-json\/wp\/v2\/posts"}],"about":[{"href":"https:\/\/www.sportalsub.net\/blog\/wp-json\/wp\/v2\/types\/post"}],"author":[{"embeddable":true,"href":"https:\/\/www.sportalsub.net\/blog\/wp-json\/wp\/v2\/users\/1"}],"replies":[{"embeddable":true,"href":"https:\/\/www.sportalsub.net\/blog\/wp-json\/wp\/v2\/comments?post=20776"}],"version-history":[{"count":0,"href":"https:\/\/www.sportalsub.net\/blog\/wp-json\/wp\/v2\/posts\/20776\/revisions"}],"wp:featuredmedia":[{"embeddable":true,"href":"https:\/\/www.sportalsub.net\/blog\/wp-json\/wp\/v2\/media\/21116"}],"wp:attachment":[{"href":"https:\/\/www.sportalsub.net\/blog\/wp-json\/wp\/v2\/media?parent=20776"}],"wp:term":[{"taxonomy":"category","embeddable":true,"href":"https:\/\/www.sportalsub.net\/blog\/wp-json\/wp\/v2\/categories?post=20776"},{"taxonomy":"post_tag","embeddable":true,"href":"https:\/\/www.sportalsub.net\/blog\/wp-json\/wp\/v2\/tags?post=20776"}],"curies":[{"name":"wp","href":"https:\/\/api.w.org\/{rel}","templated":true}]}}