{"id":21010,"date":"2015-07-01T23:10:52","date_gmt":"2015-07-02T03:40:52","guid":{"rendered":"http:\/\/www.sportalsub.net\/blog\/?p=21010"},"modified":"2019-09-01T10:08:34","modified_gmt":"2019-09-01T14:08:34","slug":"espanol-aleix-segura-nuevo-campeon-del-mundo-aida-de-apnea-estatica","status":"publish","type":"post","link":"https:\/\/www.sportalsub.net\/blog\/aleix-segura-campeon-mundial-2015","title":{"rendered":"\ud83c\uddea\ud83c\uddf8 Espa\u00f1ol Aleix Segura, nuevo Campe\u00f3n del Mundo AIDA de Apnea Est\u00e1tica"},"content":{"rendered":"<p><a href=\"http:\/\/www.sportalsub.net\/blog\/wp-content\/uploads\/2015\/07\/aleix1.jpg\" target=\"_blank\"><img loading=\"lazy\" decoding=\"async\" class=\"alignnone size-full wp-image-21013\" src=\"http:\/\/www.sportalsub.net\/blog\/wp-content\/uploads\/2015\/07\/aleix1.jpg\" alt=\"aleix1\" width=\"845\" height=\"523\" srcset=\"https:\/\/www.sportalsub.net\/blog\/wp-content\/uploads\/2015\/07\/aleix1.jpg 845w, https:\/\/www.sportalsub.net\/blog\/wp-content\/uploads\/2015\/07\/aleix1-768x475.jpg 768w, https:\/\/www.sportalsub.net\/blog\/wp-content\/uploads\/2015\/07\/aleix1-300x186.jpg 300w\" sizes=\"auto, (max-width: 845px) 100vw, 845px\" \/><\/a><\/p>\n<p>(Sportalsub.net \/ AEA AIDA Espa\u00f1a)<\/p>\n<p>El apneista barcelon\u00e9s <a href=\"https:\/\/www.facebook.com\/aleixseg?ref=ts&amp;fref=ts\" target=\"_blank\" rel=\"noopener noreferrer\" target=\"_blank\">Aleix Segura Vendrell<\/a> se ha proclamado Campe\u00f3n del Mundo de apnea est\u00e1tica el s\u00e1bado 27 de junio en el <a href=\"http:\/\/www.sportalsub.net\/blog\/mundial-apnea-aida-piscina-belgrado-2015\" target=\"_blank\" rel=\"noopener noreferrer\">Campeonato Mundial Individual de Apnea 2015 AIDA disputado en Belgrado<\/a>, en las instalaciones deportivas Milan Gale Muskatirovic de la capital serbia.<\/p>\n<p>El atleta de 29 a\u00f1os ha conseguido la medalla de oro despu\u00e9s de aguantar la respiraci\u00f3n bajo el agua durante 10 min. y 7 seg. en la ronda eliminatoria y 9 min. y 32 seg. en la final, ganando en ambos casos y proclam\u00e1ndose por tanto nuevo Campe\u00f3n del Mundo con las mejores marcas de la historia de los campeonato mundiales AIDA, que son el evento de mayor relevancia y nivel de este deporte que este a\u00f1o ha reunido los ciento veintitr\u00e9s mejores apne\u00edstas del mundo.<\/p>\n<p>Este t\u00edtulo mundial conseguido por Aleix es el primero alcanzado por un apne\u00edsta espa\u00f1ol y refleja el crecimiento que est\u00e1 exeprimentando el deporte de la apnea tanto aqu\u00ed como en todo el planeta y tanto a nivel competitivo como recreativo en todas sus disciplinas de tiempo, distancia y profundidad. Despu\u00e9s de haber conseguido varios podios a nivel mundial durante las \u00faltimas cuatro temporadas, la progresi\u00f3n de las marcas de este deportista le ha llevado finalmente a conseguir este t\u00edtulo sobrepasando ya los 10 minutos de apnea y qui\u00e9n sabe hasta d\u00f3nde llegar\u00e1 en un deporte que demuestra no tener l\u00edmites.<\/p>\n<p>En el mismo Campeonato Mundial, tambi\u00e9n particip\u00f3 \u00a0<a href=\"https:\/\/www.facebook.com\/mara.pascuet?ref=ts&amp;fref=ts\" target=\"_blank\" rel=\"noopener noreferrer\" target=\"_blank\">Mara Torrealba Pascuet<\/a> la que ha establecido una nueva plusmarca femenina espa\u00f1ola de apnea din\u00e1mica nadando con monoaleta\u00a0176 m\u00a0bajo el agua que le ha valido para clasificarse para las finales femeninas de la disciplina donde ha sido finalmente 14\u00aa del mundo.<\/p>\n<p>Mara actualmente ostenta 5 records nacionales de apnea en varias disciplines y des del 2010 es miembro de la selecci\u00f3n espa\u00f1ola de apnea.<\/p>\n<p>Destacar que los dos deportistas son los actuales campeones de Espa\u00f1a absolutos de apnea y entre el 10 y 12 de julio participaran en el Campeonato de Espa\u00f1a que se celebrar\u00e1 en Valladolid e intentaran revalidar su titulo.<\/p>\n<p>Enviado por:\u00a0<a href=\"https:\/\/www.facebook.com\/aeapnea?fref=ts\" target=\"_blank\" rel=\"noopener noreferrer\" target=\"_blank\">AEA AIDA Espa\u00f1a<\/a>\u00a0\/\u00a0<span class=\"go\"><a href=\"mailto:asociaciondeapnea@gmail.com\">asociaciondeapnea@gmail.com<\/a><\/span><\/p>\n\n\t\t<style type=\"text\/css\">\n\t\t\t#gallery-1 {\n\t\t\t\tmargin: auto;\n\t\t\t}\n\t\t\t#gallery-1 .gallery-item {\n\t\t\t\tfloat: left;\n\t\t\t\tmargin-top: 10px;\n\t\t\t\ttext-align: center;\n\t\t\t\twidth: 33%;\n\t\t\t}\n\t\t\t#gallery-1 img {\n\t\t\t\tborder: 2px solid #cfcfcf;\n\t\t\t}\n\t\t\t#gallery-1 .gallery-caption {\n\t\t\t\tmargin-left: 0;\n\t\t\t}\n\t\t\t\/* see gallery_shortcode() in wp-includes\/media.php *\/\n\t\t<\/style>\n\t\t<div id='gallery-1' class='gallery galleryid-21010 gallery-columns-3 gallery-size-thumbnail'><dl class='gallery-item'>\n\t\t\t<dt class='gallery-icon landscape'>\n\t\t\t\t<a href='https:\/\/www.sportalsub.net\/blog\/wp-content\/uploads\/2015\/07\/aleixcampeon.jpg'><img loading=\"lazy\" decoding=\"async\" width=\"150\" height=\"150\" src=\"https:\/\/www.sportalsub.net\/blog\/wp-content\/uploads\/2015\/07\/aleixcampeon-150x150.jpg\" class=\"attachment-thumbnail size-thumbnail\" alt=\"\" srcset=\"https:\/\/www.sportalsub.net\/blog\/wp-content\/uploads\/2015\/07\/aleixcampeon-150x150.jpg 150w, https:\/\/www.sportalsub.net\/blog\/wp-content\/uploads\/2015\/07\/aleixcampeon-65x65.jpg 65w\" sizes=\"auto, (max-width: 150px) 100vw, 150px\" \/><\/a>\n\t\t\t<\/dt><\/dl><dl class='gallery-item'>\n\t\t\t<dt class='gallery-icon landscape'>\n\t\t\t\t<a href='https:\/\/www.sportalsub.net\/blog\/wp-content\/uploads\/2015\/07\/aleix1.jpg'><img loading=\"lazy\" decoding=\"async\" width=\"150\" height=\"150\" src=\"https:\/\/www.sportalsub.net\/blog\/wp-content\/uploads\/2015\/07\/aleix1-150x150.jpg\" class=\"attachment-thumbnail size-thumbnail\" alt=\"\" srcset=\"https:\/\/www.sportalsub.net\/blog\/wp-content\/uploads\/2015\/07\/aleix1-150x150.jpg 150w, https:\/\/www.sportalsub.net\/blog\/wp-content\/uploads\/2015\/07\/aleix1-65x65.jpg 65w\" sizes=\"auto, (max-width: 150px) 100vw, 150px\" \/><\/a>\n\t\t\t<\/dt><\/dl><dl class='gallery-item'>\n\t\t\t<dt class='gallery-icon landscape'>\n\t\t\t\t<a href='https:\/\/www.sportalsub.net\/blog\/wp-content\/uploads\/2015\/07\/aleixestatica.jpg'><img loading=\"lazy\" decoding=\"async\" width=\"150\" height=\"150\" src=\"https:\/\/www.sportalsub.net\/blog\/wp-content\/uploads\/2015\/07\/aleixestatica-150x150.jpg\" class=\"attachment-thumbnail size-thumbnail\" alt=\"\" srcset=\"https:\/\/www.sportalsub.net\/blog\/wp-content\/uploads\/2015\/07\/aleixestatica-150x150.jpg 150w, https:\/\/www.sportalsub.net\/blog\/wp-content\/uploads\/2015\/07\/aleixestatica-65x65.jpg 65w\" sizes=\"auto, (max-width: 150px) 100vw, 150px\" \/><\/a>\n\t\t\t<\/dt><\/dl><br style=\"clear: both\" \/><dl class='gallery-item'>\n\t\t\t<dt class='gallery-icon portrait'>\n\t\t\t\t<a href='https:\/\/www.sportalsub.net\/blog\/wp-content\/uploads\/2015\/07\/mara1.jpg'><img loading=\"lazy\" decoding=\"async\" width=\"150\" height=\"150\" src=\"https:\/\/www.sportalsub.net\/blog\/wp-content\/uploads\/2015\/07\/mara1-150x150.jpg\" class=\"attachment-thumbnail size-thumbnail\" alt=\"\" srcset=\"https:\/\/www.sportalsub.net\/blog\/wp-content\/uploads\/2015\/07\/mara1-150x150.jpg 150w, https:\/\/www.sportalsub.net\/blog\/wp-content\/uploads\/2015\/07\/mara1-65x65.jpg 65w\" sizes=\"auto, (max-width: 150px) 100vw, 150px\" \/><\/a>\n\t\t\t<\/dt><\/dl><dl class='gallery-item'>\n\t\t\t<dt class='gallery-icon landscape'>\n\t\t\t\t<a href='https:\/\/www.sportalsub.net\/blog\/wp-content\/uploads\/2015\/07\/mara2.jpg'><img loading=\"lazy\" decoding=\"async\" width=\"150\" height=\"150\" src=\"https:\/\/www.sportalsub.net\/blog\/wp-content\/uploads\/2015\/07\/mara2-150x150.jpg\" class=\"attachment-thumbnail size-thumbnail\" alt=\"\" srcset=\"https:\/\/www.sportalsub.net\/blog\/wp-content\/uploads\/2015\/07\/mara2-150x150.jpg 150w, https:\/\/www.sportalsub.net\/blog\/wp-content\/uploads\/2015\/07\/mara2-65x65.jpg 65w\" sizes=\"auto, (max-width: 150px) 100vw, 150px\" \/><\/a>\n\t\t\t<\/dt><\/dl><dl class='gallery-item'>\n\t\t\t<dt class='gallery-icon landscape'>\n\t\t\t\t<a href='https:\/\/www.sportalsub.net\/blog\/wp-content\/uploads\/2015\/07\/mara3.jpg'><img loading=\"lazy\" decoding=\"async\" width=\"150\" height=\"150\" src=\"https:\/\/www.sportalsub.net\/blog\/wp-content\/uploads\/2015\/07\/mara3-150x150.jpg\" class=\"attachment-thumbnail size-thumbnail\" alt=\"\" srcset=\"https:\/\/www.sportalsub.net\/blog\/wp-content\/uploads\/2015\/07\/mara3-150x150.jpg 150w, https:\/\/www.sportalsub.net\/blog\/wp-content\/uploads\/2015\/07\/mara3-65x65.jpg 65w\" sizes=\"auto, (max-width: 150px) 100vw, 150px\" \/><\/a>\n\t\t\t<\/dt><\/dl><br style=\"clear: both\" \/>\n\t\t<\/div>\n\n","protected":false},"excerpt":{"rendered":"<p>(Sportalsub.net \/ AEA AIDA Espa\u00f1a) El apneista barcelon\u00e9s Aleix Segura Vendrell se ha proclamado Campe\u00f3n del Mundo de apnea est\u00e1tica el s\u00e1bado 27 de junio en el Campeonato Mundial Individual de Apnea 2015 AIDA disputado en Belgrado, en las instalaciones deportivas Milan Gale Muskatirovic de la capital serbia. El atleta de 29 a\u00f1os ha conseguido la medalla de oro despu\u00e9s [&#8230;]<\/p>\n","protected":false},"author":1,"featured_media":21013,"comment_status":"open","ping_status":"closed","sticky":false,"template":"","format":"standard","meta":{"_lmt_disableupdate":"","_lmt_disable":"","jetpack_post_was_ever_published":false,"_jetpack_newsletter_access":"","_jetpack_dont_email_post_to_subs":false,"_jetpack_newsletter_tier_id":0,"_jetpack_memberships_contains_paywalled_content":false,"_jetpack_memberships_contains_paid_content":false,"footnotes":"","jetpack_publicize_message":"Espa\u00f1ol Aleix Segura, nuevo Campe\u00f3n del Mundo AIDA de Apnea Est\u00e1tica http:\/\/wp.me\/pf9lN-5sS","jetpack_publicize_feature_enabled":true,"jetpack_social_post_already_shared":true,"jetpack_social_options":{"image_generator_settings":{"template":"highway","default_image_id":0,"font":"","enabled":false},"version":2}},"categories":[9,10,50],"tags":[],"class_list":["post-21010","post","type-post","status-publish","format-standard","has-post-thumbnail","hentry","category-apnea","category-espana","category-records"],"modified_by":"Sportalsub.net","views":16205,"jetpack_publicize_connections":[],"jetpack_featured_media_url":"https:\/\/www.sportalsub.net\/blog\/wp-content\/uploads\/2015\/07\/aleix1.jpg","jetpack_sharing_enabled":true,"jetpack_shortlink":"https:\/\/wp.me\/pf9lN-5sS","jetpack_likes_enabled":false,"jetpack-related-posts":[{"id":17771,"url":"https:\/\/www.sportalsub.net\/blog\/open-apnea-barcelona-2014","url_meta":{"origin":21010,"position":0},"title":"\ud83c\uddea\ud83c\uddf8 3 nuevos r\u00e9cords nacionales en Open Apnea Barcelona en Espa\u00f1a","author":"Sportalsub.net","date":"20 mayo 2014","format":false,"excerpt":"(Especial Sportalsub.net \/ Apnea Catalunya) El pasado 10 de mayo tuvo lugar en el complejo deportivo de la Verneda, Barcelona, el Open Apnea Barcelona. Segunda prueba oficial AIDA organizada por Apnea Catalunya i que cont\u00f3 con apneistas de la talla de Aleix Segura, Mara Torrealba, Sergi Bernat y un buen\u2026","rel":"","context":"En \u00abApnea\u00bb","block_context":{"text":"Apnea","link":"https:\/\/www.sportalsub.net\/blog\/category\/modalidades\/apnea\/"},"img":{"alt_text":"","src":"https:\/\/i0.wp.com\/www.sportalsub.net\/blog\/wp-content\/uploads\/2014\/05\/mara-torrealba.jpg?resize=350%2C200&ssl=1","width":350,"height":200,"srcset":"https:\/\/i0.wp.com\/www.sportalsub.net\/blog\/wp-content\/uploads\/2014\/05\/mara-torrealba.jpg?resize=350%2C200&ssl=1 1x, https:\/\/i0.wp.com\/www.sportalsub.net\/blog\/wp-content\/uploads\/2014\/05\/mara-torrealba.jpg?resize=525%2C300&ssl=1 1.5x, https:\/\/i0.wp.com\/www.sportalsub.net\/blog\/wp-content\/uploads\/2014\/05\/mara-torrealba.jpg?resize=700%2C400&ssl=1 2x"},"classes":[]},{"id":40,"url":"https:\/\/www.sportalsub.net\/blog\/nuevo-record-mundial-de-apnea-estatica-9-min-15-seg\/","url_meta":{"origin":21010,"position":1},"title":"\ud83c\udde9\ud83c\uddea Nuevo R\u00e9cord Mundial de Apnea Est\u00e1tica: 9 min 15 seg","author":"Sportalsub.net","date":"14 mayo 2008","format":false,"excerpt":"El pasado lunes 12 de mayo, el apneista alem\u00e1n Tom Sietas realiz\u00f3 un nuevo r\u00e9cord mundial en la modalidad de apnea est\u00e1tica, con un registro de 9 minutos y 15 segundos. El alem\u00e1n realiz\u00f3 el nuevo r\u00e9cord durante un programa de televisi\u00f3n en vivo. Fuente: AIDA Internacional","rel":"","context":"En \u00abAIDA\u00bb","block_context":{"text":"AIDA","link":"https:\/\/www.sportalsub.net\/blog\/category\/mas\/organizaciones\/aida\/"},"img":{"alt_text":"","src":"https:\/\/i0.wp.com\/www.sportalsub.net\/blog\/wp-content\/uploads\/2008\/05\/sietas.jpg?resize=350%2C200&ssl=1","width":350,"height":200,"srcset":"https:\/\/i0.wp.com\/www.sportalsub.net\/blog\/wp-content\/uploads\/2008\/05\/sietas.jpg?resize=350%2C200&ssl=1 1x, https:\/\/i0.wp.com\/www.sportalsub.net\/blog\/wp-content\/uploads\/2008\/05\/sietas.jpg?resize=525%2C300&ssl=1 1.5x"},"classes":[]},{"id":19097,"url":"https:\/\/www.sportalsub.net\/blog\/v-open-apnea-catalunya","url_meta":{"origin":21010,"position":2},"title":"\ud83c\uddea\ud83c\uddf8 Resultados del V Open Apnea Catalunya Apnea Din\u00e1mica con Aletas y sin Aletas y Trofeo Oscar Lopez de Apnea Est\u00e1tica &#8211; Espa\u00f1a","author":"Sportalsub.net","date":"17 diciembre 2014","format":false,"excerpt":"(Sportalsub.net \/ Apnea Catalunya) La asociaci\u00f3n Apnea Catalunya, celebr\u00f3 el domingo 14 de Diciembre en la localidad de Palafrugell (Girona), la V edici\u00f3n del Open Apnea Catalunya en las modalidades de apnea din\u00e1mica con aletas y sin aletas, juntamente con la prueba de apnea est\u00e1tica Trofeo Oscar L\u00f3pez. En el\u2026","rel":"","context":"En \u00abAlemania\u00bb","block_context":{"text":"Alemania","link":"https:\/\/www.sportalsub.net\/blog\/category\/paises\/europa\/alemania\/"},"img":{"alt_text":"","src":"https:\/\/i0.wp.com\/www.sportalsub.net\/blog\/wp-content\/uploads\/2014\/12\/cartel_v_open_logos.jpg?resize=350%2C200&ssl=1","width":350,"height":200,"srcset":"https:\/\/i0.wp.com\/www.sportalsub.net\/blog\/wp-content\/uploads\/2014\/12\/cartel_v_open_logos.jpg?resize=350%2C200&ssl=1 1x, https:\/\/i0.wp.com\/www.sportalsub.net\/blog\/wp-content\/uploads\/2014\/12\/cartel_v_open_logos.jpg?resize=525%2C300&ssl=1 1.5x"},"classes":[]},{"id":19339,"url":"https:\/\/www.sportalsub.net\/blog\/mundial-apnea-aida-piscina-belgrado-2015","url_meta":{"origin":21010,"position":3},"title":"\ud83c\uddf7\ud83c\uddf8 Resultados Finales Campeonato Mundial de Apnea en piscina AIDA 2015. Belgrado, Serbia","author":"Sportalsub.net","date":"28 junio 2015","format":false,"excerpt":"(Sportalsub.net \/ AIDA Serbia \/ AIDA Internacional) - Read in English El Campeonato Mundial de Apnea en piscina AIDA 2015 se lleva a cabo del 19 al 28 de junio en Belgrado, Serbia. El evento es\u00a0organizado por la Asociaci\u00f3n de Apnea de Serbia con la cooperaci\u00f3n de AIDA Serbia. RESULTADOS\u2026","rel":"","context":"En \u00abApnea\u00bb","block_context":{"text":"Apnea","link":"https:\/\/www.sportalsub.net\/blog\/category\/modalidades\/apnea\/"},"img":{"alt_text":"","src":"https:\/\/i0.wp.com\/www.sportalsub.net\/blog\/wp-content\/uploads\/2015\/01\/belgrado2015.jpg?resize=350%2C200&ssl=1","width":350,"height":200,"srcset":"https:\/\/i0.wp.com\/www.sportalsub.net\/blog\/wp-content\/uploads\/2015\/01\/belgrado2015.jpg?resize=350%2C200&ssl=1 1x, https:\/\/i0.wp.com\/www.sportalsub.net\/blog\/wp-content\/uploads\/2015\/01\/belgrado2015.jpg?resize=525%2C300&ssl=1 1.5x"},"classes":[]},{"id":12695,"url":"https:\/\/www.sportalsub.net\/blog\/carlos-coste-y-ambar-peralta-campeones-nacionales-de-apnea-de-piscina-2012-en-venezuela\/","url_meta":{"origin":21010,"position":4},"title":"\ud83c\uddfb\ud83c\uddea Carlos Coste y Ambar Peralta Campeones Nacionales de Apnea de piscina 2012 en Venezuela","author":"Sportalsub.net","date":"13 junio 2012","format":false,"excerpt":"(Especial Sportalsub.net \/ Asociaci\u00f3n Apnea Venezuela) 9-10 Junio. Isla de Margarita. El pasado fin de semana en la Isla de Margarita se realiz\u00f3 el Campeonato Nacional Individual de Apnea de Piscina, organizado por Gaby Contreras, presidenta de la Asociaci\u00f3n Apnea Venezuela. Los registros de esta competencia ir\u00e1n al ranking internacional\u2026","rel":"","context":"En \u00abApnea\u00bb","block_context":{"text":"Apnea","link":"https:\/\/www.sportalsub.net\/blog\/category\/modalidades\/apnea\/"},"img":{"alt_text":"","src":"https:\/\/i0.wp.com\/www.sportalsub.net\/blog\/wp-content\/uploads\/2012\/06\/campeonato-apnea-piscina1.jpg?resize=350%2C200&ssl=1","width":350,"height":200,"srcset":"https:\/\/i0.wp.com\/www.sportalsub.net\/blog\/wp-content\/uploads\/2012\/06\/campeonato-apnea-piscina1.jpg?resize=350%2C200&ssl=1 1x, https:\/\/i0.wp.com\/www.sportalsub.net\/blog\/wp-content\/uploads\/2012\/06\/campeonato-apnea-piscina1.jpg?resize=525%2C300&ssl=1 1.5x"},"classes":[]},{"id":8170,"url":"https:\/\/www.sportalsub.net\/blog\/entrevista-a-karla-mendez-subcampeona-mundial-de-apnea\/","url_meta":{"origin":21010,"position":5},"title":"\ud83c\uddfb\ud83c\uddea Entrevista a Karla Mendez, Subcampeona Mundial de Apnea","author":"Sportalsub.net","date":"11 marzo 2007","format":false,"excerpt":"Karla Mendez, joven apneista venezolana, ha logrado posicionarse entre las mejores mujeres del mundo de esta modalidad de las actividades subacu\u00e1ticas. En 2006 logr\u00f3 medalla de plata en Apnea Din\u00e1mica y medalla de bronce en Jump Blue en el 3er Campeonato Mundial de Apnea CMAS, realizado en Tenerife, Espa\u00f1a. Sportalsub\u2026","rel":"","context":"En \u00abAIDA\u00bb","block_context":{"text":"AIDA","link":"https:\/\/www.sportalsub.net\/blog\/category\/mas\/organizaciones\/aida\/"},"img":{"alt_text":"","src":"https:\/\/i0.wp.com\/www.sportalsub.net\/blog\/wp-content\/uploads\/2011\/02\/tenerf0018.jpg?resize=350%2C200&ssl=1","width":350,"height":200},"classes":[]}],"_links":{"self":[{"href":"https:\/\/www.sportalsub.net\/blog\/wp-json\/wp\/v2\/posts\/21010","targetHints":{"allow":["GET"]}}],"collection":[{"href":"https:\/\/www.sportalsub.net\/blog\/wp-json\/wp\/v2\/posts"}],"about":[{"href":"https:\/\/www.sportalsub.net\/blog\/wp-json\/wp\/v2\/types\/post"}],"author":[{"embeddable":true,"href":"https:\/\/www.sportalsub.net\/blog\/wp-json\/wp\/v2\/users\/1"}],"replies":[{"embeddable":true,"href":"https:\/\/www.sportalsub.net\/blog\/wp-json\/wp\/v2\/comments?post=21010"}],"version-history":[{"count":0,"href":"https:\/\/www.sportalsub.net\/blog\/wp-json\/wp\/v2\/posts\/21010\/revisions"}],"wp:featuredmedia":[{"embeddable":true,"href":"https:\/\/www.sportalsub.net\/blog\/wp-json\/wp\/v2\/media\/21013"}],"wp:attachment":[{"href":"https:\/\/www.sportalsub.net\/blog\/wp-json\/wp\/v2\/media?parent=21010"}],"wp:term":[{"taxonomy":"category","embeddable":true,"href":"https:\/\/www.sportalsub.net\/blog\/wp-json\/wp\/v2\/categories?post=21010"},{"taxonomy":"post_tag","embeddable":true,"href":"https:\/\/www.sportalsub.net\/blog\/wp-json\/wp\/v2\/tags?post=21010"}],"curies":[{"name":"wp","href":"https:\/\/api.w.org\/{rel}","templated":true}]}}