{"id":21029,"date":"2015-07-02T16:39:32","date_gmt":"2015-07-02T21:09:32","guid":{"rendered":"http:\/\/www.sportalsub.net\/blog\/?p=21029"},"modified":"2019-09-01T10:08:29","modified_gmt":"2019-09-01T14:08:29","slug":"cd-de-meditacion-para-apnea-gratis-con-javier-prior","status":"publish","type":"post","link":"https:\/\/www.sportalsub.net\/blog\/cd-de-meditacion-para-apnea-gratis-con-javier-prior\/","title":{"rendered":"\ud83c\uddea\ud83c\uddf8 CD de Meditaci\u00f3n para Apnea gratis con Javier Prior"},"content":{"rendered":"<p><a href=\"http:\/\/www.sportalsub.net\/blog\/wp-content\/uploads\/2015\/07\/static_apnea_lotus2.jpg\" target=\"_blank\"><img loading=\"lazy\" decoding=\"async\" class=\"alignnone size-full wp-image-21030\" src=\"http:\/\/www.sportalsub.net\/blog\/wp-content\/uploads\/2015\/07\/static_apnea_lotus2.jpg\" alt=\"static_apnea_lotus2\" width=\"506\" height=\"663\" srcset=\"https:\/\/www.sportalsub.net\/blog\/wp-content\/uploads\/2015\/07\/static_apnea_lotus2.jpg 506w, https:\/\/www.sportalsub.net\/blog\/wp-content\/uploads\/2015\/07\/static_apnea_lotus2-229x300.jpg 229w\" sizes=\"auto, (max-width: 506px) 100vw, 506px\" \/><\/a><\/p>\n<p>(Sportalsub.net \/ Entrenamientoapnea.com)<\/p>\n<p>Javier Prior,\u00a0Autor\u00a0del m\u00e9todo\u00a0<a href=\"http:\/\/www.entrenamientoapnea.com\/\"title=\"S\u00faper Training de Apnea\u00ae\"  target=\"_blank\" rel=\"noopener noreferrer\" target=\"_blank\">S\u00faper Training de Apnea\u00ae<\/a>. con el que m\u00e1s de 4.500 pescadores y apneistas que han probado su m\u00e9todo con \u00e9xito y han batido r\u00e9cords nacionales.\u00a0Zero S\u00edncopes.\u00a0Escritor del libro: \u201cSTA \u2013\u00a0<em>La f\u00f3rmula de entrenamiento que est\u00e1 batiendo R\u00e9cords<\/em>\u201c.\u00a0Entrenador de profesionales de Pescasub y Apneistas.\u00a0Ha entrevistado y se\u00a0ha formado con todos los actuales campeones del mundo de Apnea (Alexey Molchanov, Goran\u00a0\u010colak, Pelizzari, Trubridge)\u00a0<a href=\"http:\/\/lapescasubmarina.com\/article-1494.html\" target=\"_blank\" rel=\"noopener noreferrer\" target=\"_blank\">R\u00e9cord de Espa\u00f1a Apnea STA 2009.<\/a>\u00a0 estar\u00e1 obsequiando 1.000 CD\u00b4s de meditaci\u00f3n para la Apnea.<\/p>\n<div><a href=\"http:\/\/supertrainingapnea.com\/audio-meditacion-apnea-gratis\" target=\"_blank\" rel=\"noopener noreferrer\" target=\"_blank\">http:\/\/supertrainingapnea.com\/<wbr \/>audio-meditacion-apnea-gratis<\/a><\/div>\n<div><\/div>\n<div><\/div>\n<div>\u00a0<a href=\"http:\/\/supertrainingapnea.com\/audio-meditacion-apnea-gratis\" target=\"_blank\" rel=\"noopener noreferrer\" target=\"_blank\"><img loading=\"lazy\" decoding=\"async\" class=\"alignnone size-full wp-image-21033\" src=\"http:\/\/www.sportalsub.net\/blog\/wp-content\/uploads\/2015\/07\/javierprior.gif\" alt=\"javierprior\" width=\"600\" height=\"336\" \/><\/a><\/div>\n<div><\/div>\n<div>Audio gratis para todo el mundo hasta fin de existencias.<\/div>\n<div>Ya solamente quedan 700 y pico.<\/div>\n<blockquote><p>Amigo m\u00edo, freediver\u2026<\/p>\n<p>Tengo ya en mi poder los 1.000 CD\u2019s de meditaci\u00f3n para la Apnea.<\/p>\n<p>El primer Audio de meditaci\u00f3n que existe para la Apnea.<\/p>\n<p>Al margen de si es el 1\u00ba o el \u00faltimo\u2026<\/p>\n<p>Lo importante es el contenido, para mi son los mejores pensamientos que puedes tener.<\/p>\n<p>Aqu\u00ed tienes el adelanto\u2026 Sale en seguida!!!<br \/>\n<iframe loading=\"lazy\" src=\"https:\/\/www.youtube.com\/embed\/n0QwDGCkWQg\" width=\"560\" height=\"315\" frameborder=\"0\" allowfullscreen=\"allowfullscreen\"><\/iframe><\/p><\/blockquote>\n<p>Atento al email\u00a0el d\u00eda 2 Julio.<\/p>\n<p>M\u00e1s informaci\u00f3n, en su sitio web:<br \/>\n<a href=\"http:\/\/www.entrenamientoapnea.com\/adelanto-cd-meditacion-gratis\/\" target=\"_blank\" rel=\"noopener noreferrer\" target=\"_blank\">http:\/\/www.entrenamientoapnea.com\/adelanto-cd-meditacion-gratis\/<\/a><\/p>\n","protected":false},"excerpt":{"rendered":"<p>(Sportalsub.net \/ Entrenamientoapnea.com) Javier Prior,\u00a0Autor\u00a0del m\u00e9todo\u00a0S\u00faper Training de Apnea\u00ae. con el que m\u00e1s de 4.500 pescadores y apneistas que han probado su m\u00e9todo con \u00e9xito y han batido r\u00e9cords nacionales.\u00a0Zero S\u00edncopes.\u00a0Escritor del libro: \u201cSTA \u2013\u00a0La f\u00f3rmula de entrenamiento que est\u00e1 batiendo R\u00e9cords\u201c.\u00a0Entrenador de profesionales de Pescasub y Apneistas.\u00a0Ha entrevistado y se\u00a0ha formado con todos los actuales campeones del mundo de [&#8230;]<\/p>\n","protected":false},"author":1,"featured_media":21030,"comment_status":"open","ping_status":"closed","sticky":false,"template":"","format":"standard","meta":{"_lmt_disableupdate":"","_lmt_disable":"","jetpack_post_was_ever_published":false,"_jetpack_newsletter_access":"","_jetpack_dont_email_post_to_subs":false,"_jetpack_newsletter_tier_id":0,"_jetpack_memberships_contains_paywalled_content":false,"_jetpack_memberships_contains_paid_content":false,"footnotes":"","jetpack_publicize_message":"CD de Meditaci\u00f3n para Apnea gratis con Javier Prior","jetpack_publicize_feature_enabled":true,"jetpack_social_post_already_shared":true,"jetpack_social_options":{"image_generator_settings":{"template":"highway","default_image_id":0,"font":"","enabled":false},"version":2}},"categories":[9,10],"tags":[],"class_list":["post-21029","post","type-post","status-publish","format-standard","has-post-thumbnail","hentry","category-apnea","category-espana"],"modified_by":"Sportalsub.net","views":8971,"jetpack_publicize_connections":[],"jetpack_featured_media_url":"https:\/\/www.sportalsub.net\/blog\/wp-content\/uploads\/2015\/07\/static_apnea_lotus2.jpg","jetpack_sharing_enabled":true,"jetpack_shortlink":"https:\/\/wp.me\/pf9lN-5tb","jetpack_likes_enabled":false,"jetpack-related-posts":[{"id":19097,"url":"https:\/\/www.sportalsub.net\/blog\/v-open-apnea-catalunya","url_meta":{"origin":21029,"position":0},"title":"\ud83c\uddea\ud83c\uddf8 Resultados del V Open Apnea Catalunya Apnea Din\u00e1mica con Aletas y sin Aletas y Trofeo Oscar Lopez de Apnea Est\u00e1tica &#8211; Espa\u00f1a","author":"Sportalsub.net","date":"17 diciembre 2014","format":false,"excerpt":"(Sportalsub.net \/ Apnea Catalunya) La asociaci\u00f3n Apnea Catalunya, celebr\u00f3 el domingo 14 de Diciembre en la localidad de Palafrugell (Girona), la V edici\u00f3n del Open Apnea Catalunya en las modalidades de apnea din\u00e1mica con aletas y sin aletas, juntamente con la prueba de apnea est\u00e1tica Trofeo Oscar L\u00f3pez. En el\u2026","rel":"","context":"En \u00abAlemania\u00bb","block_context":{"text":"Alemania","link":"https:\/\/www.sportalsub.net\/blog\/category\/paises\/europa\/alemania\/"},"img":{"alt_text":"","src":"https:\/\/i0.wp.com\/www.sportalsub.net\/blog\/wp-content\/uploads\/2014\/12\/cartel_v_open_logos.jpg?resize=350%2C200&ssl=1","width":350,"height":200,"srcset":"https:\/\/i0.wp.com\/www.sportalsub.net\/blog\/wp-content\/uploads\/2014\/12\/cartel_v_open_logos.jpg?resize=350%2C200&ssl=1 1x, https:\/\/i0.wp.com\/www.sportalsub.net\/blog\/wp-content\/uploads\/2014\/12\/cartel_v_open_logos.jpg?resize=525%2C300&ssl=1 1.5x"},"classes":[]},{"id":3608,"url":"https:\/\/www.sportalsub.net\/blog\/record-de-apnea-de-umberto-pelizzari\/","url_meta":{"origin":21029,"position":1},"title":"\ud83c\uddee\ud83c\uddf9 R\u00e9cord de Apnea de Umberto Pelizzari","author":"Sportalsub.net","date":"15 noviembre 2001","format":false,"excerpt":"Una vez m\u00e1s, Umberto Pelizzari sorprende al mundo de la Apnea, al romper en la localidad Italiana de Capri, el R\u00e9cord Mundial de Apnea en la modalidad de Peso Variable. (Italia \/ Noviembre 2001) A menos de un mes de haber conquistado junto a sus compa\u00f1eros de la selecci\u00f3n Italiana\u2026","rel":"","context":"En \u00abApnea\u00bb","block_context":{"text":"Apnea","link":"https:\/\/www.sportalsub.net\/blog\/category\/modalidades\/apnea\/"},"img":{"alt_text":"","src":"https:\/\/i0.wp.com\/www.apneamagazine.com\/apnea\/pelo2\/umberto_pelizzari_2.jpg?resize=350%2C200","width":350,"height":200},"classes":[]},{"id":28907,"url":"https:\/\/www.sportalsub.net\/blog\/clinica-apnea-ludmila-villa-angostura-argentina-2018","url_meta":{"origin":21029,"position":2},"title":"\ud83c\udde6\ud83c\uddf7 Culmina con \u00e9xito la primera Cl\u00ednica deportiva de Apnea Indoor dictada por Ludmila Brzozowski, en Villa La Angostura, Argentina","author":"Sportalsub.net","date":"15 septiembre 2018","format":false,"excerpt":"(Sportalsub.net \/ Ludmila Brzozowski) En el marco de los eventos que realiza la Federaci\u00f3n Argentina de Actividades Subacu\u00e1ticas para promover el deporte subacu\u00e1tico, la apneista y recordista panamericana Ludmila Brzozowski dict\u00f3 la primera Cl\u00ednica deportiva de Apnea Indoor en la ciudad neuquina de Villa La Angostura, junto a su entrenadora\u2026","rel":"","context":"En \u00abApnea\u00bb","block_context":{"text":"Apnea","link":"https:\/\/www.sportalsub.net\/blog\/category\/modalidades\/apnea\/"},"img":{"alt_text":"","src":"https:\/\/i0.wp.com\/www.sportalsub.net\/blog\/wp-content\/uploads\/2018\/09\/01.-Foto-principal.jpg?resize=350%2C200&ssl=1","width":350,"height":200,"srcset":"https:\/\/i0.wp.com\/www.sportalsub.net\/blog\/wp-content\/uploads\/2018\/09\/01.-Foto-principal.jpg?resize=350%2C200&ssl=1 1x, https:\/\/i0.wp.com\/www.sportalsub.net\/blog\/wp-content\/uploads\/2018\/09\/01.-Foto-principal.jpg?resize=525%2C300&ssl=1 1.5x, https:\/\/i0.wp.com\/www.sportalsub.net\/blog\/wp-content\/uploads\/2018\/09\/01.-Foto-principal.jpg?resize=700%2C400&ssl=1 2x"},"classes":[]},{"id":1125,"url":"https:\/\/www.sportalsub.net\/blog\/apneista-frances-stephane-mifsud-anuncia-intento-de-record-mundial-de-apnea-estatica\/","url_meta":{"origin":21029,"position":3},"title":"\ud83c\uddeb\ud83c\uddf7 Apneista Franc\u00e9s Stephane Mifsud anuncia intento de r\u00e9cord mundial de apnea est\u00e1tica","author":"Sportalsub.net","date":"16 febrero 2009","format":false,"excerpt":"El apneista Franc\u00e9s Stephane Mifsud ha anunciado un intento de r\u00e9cord mundial en la modalidad de apnea est\u00e1tica para el d\u00eda mundial del oc\u00e9ano (8 de Junio de 2009), durante el cual intentar\u00e1 batir el r\u00e9cord mundial actual, en poder del apneista alem\u00e1n Tom Sietas, el cual se encuentra en\u2026","rel":"","context":"En \u00abApnea\u00bb","block_context":{"text":"Apnea","link":"https:\/\/www.sportalsub.net\/blog\/category\/modalidades\/apnea\/"},"img":{"alt_text":"","src":"https:\/\/i0.wp.com\/www.wikidive.com\/Photo\/Images\/Mifsud.jpg?resize=350%2C200","width":350,"height":200},"classes":[]},{"id":15669,"url":"https:\/\/www.sportalsub.net\/blog\/apneistas-mexicanos-estaran-en-los-juegos-cmas-2013\/","url_meta":{"origin":21029,"position":4},"title":"\ud83c\uddf2\ud83c\uddfd Apneistas mexicanos estar\u00e1n en los Juegos CMAS 2013","author":"Sportalsub.net","date":"23 julio 2013","format":false,"excerpt":"(Especial Sportalsub.net \/ FMAS) Ciudad de M\u00e9xico. A 23 de julio de 2013.- Los apne\u00edstas mexicanos Violeta Amapola Nava Galindo y Alejandro Lemus Nava son las cartas fuertes de la Federaci\u00f3n Mexicana de Actividades Subacu\u00e1ticas (FMAS) que representar\u00e1n a M\u00e9xico en los Juegos Mundiales CMAS que se llevar\u00e1n a cabo\u2026","rel":"","context":"En \u00abApnea\u00bb","block_context":{"text":"Apnea","link":"https:\/\/www.sportalsub.net\/blog\/category\/modalidades\/apnea\/"},"img":{"alt_text":"","src":"https:\/\/i0.wp.com\/www.sportalsub.net\/blog\/wp-content\/uploads\/2013\/07\/Rogelio-Violeta-Alejandro.jpg?resize=350%2C200&ssl=1","width":350,"height":200,"srcset":"https:\/\/i0.wp.com\/www.sportalsub.net\/blog\/wp-content\/uploads\/2013\/07\/Rogelio-Violeta-Alejandro.jpg?resize=350%2C200&ssl=1 1x, https:\/\/i0.wp.com\/www.sportalsub.net\/blog\/wp-content\/uploads\/2013\/07\/Rogelio-Violeta-Alejandro.jpg?resize=525%2C300&ssl=1 1.5x"},"classes":[]},{"id":25052,"url":"https:\/\/www.sportalsub.net\/blog\/1er-campeonato-internacional-de-buceo-apnea-marina-de-guerra-del-peru\/","url_meta":{"origin":21029,"position":5},"title":"\ud83c\uddf5\ud83c\uddea Resultados 1er Campeonato Internacional de Buceo Apnea Marina de Guerra del Per\u00fa Diciembre 2016","author":"Sportalsub.net","date":"6 diciembre 2016","format":false,"excerpt":"(Sportalsub.net \/ AIDA Per\u00fa) El 1er Campeonato Internacional de Buceo en Apnea Marina de Guerra del Per\u00fa, se realiz\u00f3\u00a0en la ciudad de Lima \/ Callao \/ Per\u00fa los d\u00edas 2, 3 y 4 de diciembre, con la finalidad de Promover y Difundir el Buceo Libre o a Pulmon (Freediving) Localmente\u2026","rel":"","context":"En \u00abApnea\u00bb","block_context":{"text":"Apnea","link":"https:\/\/www.sportalsub.net\/blog\/category\/modalidades\/apnea\/"},"img":{"alt_text":"","src":"https:\/\/i0.wp.com\/www.sportalsub.net\/blog\/wp-content\/uploads\/2016\/11\/marinaguerraperu.jpg?resize=350%2C200&ssl=1","width":350,"height":200,"srcset":"https:\/\/i0.wp.com\/www.sportalsub.net\/blog\/wp-content\/uploads\/2016\/11\/marinaguerraperu.jpg?resize=350%2C200&ssl=1 1x, https:\/\/i0.wp.com\/www.sportalsub.net\/blog\/wp-content\/uploads\/2016\/11\/marinaguerraperu.jpg?resize=525%2C300&ssl=1 1.5x, https:\/\/i0.wp.com\/www.sportalsub.net\/blog\/wp-content\/uploads\/2016\/11\/marinaguerraperu.jpg?resize=700%2C400&ssl=1 2x, https:\/\/i0.wp.com\/www.sportalsub.net\/blog\/wp-content\/uploads\/2016\/11\/marinaguerraperu.jpg?resize=1050%2C600&ssl=1 3x"},"classes":[]}],"_links":{"self":[{"href":"https:\/\/www.sportalsub.net\/blog\/wp-json\/wp\/v2\/posts\/21029","targetHints":{"allow":["GET"]}}],"collection":[{"href":"https:\/\/www.sportalsub.net\/blog\/wp-json\/wp\/v2\/posts"}],"about":[{"href":"https:\/\/www.sportalsub.net\/blog\/wp-json\/wp\/v2\/types\/post"}],"author":[{"embeddable":true,"href":"https:\/\/www.sportalsub.net\/blog\/wp-json\/wp\/v2\/users\/1"}],"replies":[{"embeddable":true,"href":"https:\/\/www.sportalsub.net\/blog\/wp-json\/wp\/v2\/comments?post=21029"}],"version-history":[{"count":0,"href":"https:\/\/www.sportalsub.net\/blog\/wp-json\/wp\/v2\/posts\/21029\/revisions"}],"wp:featuredmedia":[{"embeddable":true,"href":"https:\/\/www.sportalsub.net\/blog\/wp-json\/wp\/v2\/media\/21030"}],"wp:attachment":[{"href":"https:\/\/www.sportalsub.net\/blog\/wp-json\/wp\/v2\/media?parent=21029"}],"wp:term":[{"taxonomy":"category","embeddable":true,"href":"https:\/\/www.sportalsub.net\/blog\/wp-json\/wp\/v2\/categories?post=21029"},{"taxonomy":"post_tag","embeddable":true,"href":"https:\/\/www.sportalsub.net\/blog\/wp-json\/wp\/v2\/tags?post=21029"}],"curies":[{"name":"wp","href":"https:\/\/api.w.org\/{rel}","templated":true}]}}