{"id":21172,"date":"2015-07-11T17:32:43","date_gmt":"2015-07-11T22:02:43","guid":{"rendered":"http:\/\/www.sportalsub.net\/blog\/?p=21172"},"modified":"2019-08-30T07:09:11","modified_gmt":"2019-08-30T11:09:11","slug":"federacion-mexicana-de-actividades-subacuaticas-incrementa-actividades-internacionales","status":"publish","type":"post","link":"https:\/\/www.sportalsub.net\/blog\/fmas-internacionales-2015","title":{"rendered":"\ud83c\uddf2\ud83c\uddfd Federaci\u00f3n Mexicana de Actividades Subacu\u00e1ticas incrementa actividades internacionales"},"content":{"rendered":"<p><a href=\"http:\/\/www.sportalsub.net\/blog\/wp-content\/uploads\/2015\/07\/salvador-badillo.jpg\" target=\"_blank\"><img loading=\"lazy\" decoding=\"async\" class=\"alignnone size-full wp-image-21174\" src=\"http:\/\/www.sportalsub.net\/blog\/wp-content\/uploads\/2015\/07\/salvador-badillo.jpg\" alt=\"salvador-badillo\" width=\"983\" height=\"655\" srcset=\"https:\/\/www.sportalsub.net\/blog\/wp-content\/uploads\/2015\/07\/salvador-badillo.jpg 983w, https:\/\/www.sportalsub.net\/blog\/wp-content\/uploads\/2015\/07\/salvador-badillo-768x512.jpg 768w, https:\/\/www.sportalsub.net\/blog\/wp-content\/uploads\/2015\/07\/salvador-badillo-300x200.jpg 300w, https:\/\/www.sportalsub.net\/blog\/wp-content\/uploads\/2015\/07\/salvador-badillo-177x118.jpg 177w\" sizes=\"auto, (max-width: 983px) 100vw, 983px\" \/><\/a><\/p>\n<p>(Sportalsub.net \/ FMAS)<\/p>\n<p>Salvador Badillo competir\u00e1 en Mundial de Nado con Aletas en China; confirmados cinco pa\u00edses al Panamericano de Pesca Submarina<\/p>\n<p>Ciudad de M\u00e9xico. A 11 de julio de 2015.- Rogelio Flores Aguilera, presidente de la Federaci\u00f3n Mexicana de Actividades Subacu\u00e1ticas, inform\u00f3 de la presencia de atletas de este organismo en eventos internacionales de la Confederaci\u00f3n Mundial de Actividades Subacu\u00e1ticas as\u00ed como el cumplimiento de organizar el <a href=\"http:\/\/www.sportalsub.net\/blog\/panamericano-pescasub-mexico-2015\">5\u00ba. Campeonato Panamericano de Pesca Submarina<\/a>, entre otros eventos en donde enviar\u00e1n representantes en especialidades como apnea.<\/p>\n<p>Por principio de cuentas, Flores Aguilera mencion\u00f3 que Salvador Badillo Enr\u00edquez, ganador de dos medallas de plata en la Copa Mundial de Nado con Aletas en abril pasado en Polonia, viajar\u00e1 a Yantai, China a competir en el <a href=\"http:\/\/www.sportalsub.net\/blog\/mundial-nadosub-china-2015\" target=\"_blank\" rel=\"noopener noreferrer\">18 Campeonato Mundial de Nataci\u00f3n con Aletas<\/a> fechado del 15 al 22 de julio.<\/p>\n<p>En este mismo regl\u00f3n, el representante de FMAS, dijo que las atletas Violeta Amapola Nava y Alejandra L\u00f3pez estar\u00e1n en el <a href=\"http:\/\/www.sportalsub.net\/blog\/cmas-apnea-piscina-francia-2015\" target=\"_blank\" rel=\"noopener noreferrer\">Campeonato Mundial Bajo Techo de Apnea CMAS en Mulhouse, Francia<\/a> del 24 al 31 de julio bajo la direcci\u00f3n del director del Comit\u00e9 Deportivo, Jos\u00e9 Manuel Gonz\u00e1lez Ram\u00edrez.<\/p>\n<p>Respecto al 5\u00ba. Campeonato Panamericano de Pesca Submarina, programado del 20 al 31 de agosto de 2015, en Acapulco, Guerrero ya confirmaron su asistencia seleccionados de Estados Unidos, Brasil, Argentina, Chile, Colombia y por supuesto M\u00e9xico, a la espera de que env\u00eden sus equipos Per\u00fa, Venezuela y Ecuador.<\/p>\n<p>Este evento Continental de Pesca ser\u00e1 bajo la supervisi\u00f3n de CMAS Zona Am\u00e9rica de la cual es presidente Rogelio Flores Aguilera y en forma paralela se llevar\u00e1 a cabo la Asamblea Ordinaria de la Uni\u00f3n Iberoamericana de Federaciones de Actividades Subacu\u00e1ticas (UIFAS) que tiene como presidente al espa\u00f1ol Xavier Dur\u00e1n Soler.<\/p>\n<p><strong>Enviado por:<\/strong><\/p>\n<p><strong><img loading=\"lazy\" decoding=\"async\" class=\"alignnone\" title=\"Alfredo Ponce\" src=\"http:\/\/www.sportalsub.net\/blog\/wp-content\/uploads\/2012\/05\/alfredo-150x150.jpg\" alt=\"\" width=\"80\" height=\"80\" \/><\/strong><\/p>\n<p><strong>Alfredo Ponce Reyes (M\u00e9xico)\u00a0<strong><img loading=\"lazy\" decoding=\"async\" src=\"http:\/\/es.fifa.com\/imgml\/flags\/s\/mex.gif\" alt=\"chi Eventos\" width=\"19\" height=\"13\" \/><br \/>\n<\/strong><\/strong>Experiencia en la cobertura deportiva por m\u00e1s de 25 a\u00f1os, editor de\u00a0<a href=\"http:\/\/www.ikkosports.com.mx\/\" target=\"_blank\" rel=\"noopener noreferrer\" target=\"_blank\">Ikkosports<\/a>\u00a0es actualmente coordinador de medios de la\u00a0<a href=\"http:\/\/www.fmas.com.mx\/\" target=\"_blank\" rel=\"noopener noreferrer\" target=\"_blank\">Federaci\u00f3n Mexicana de Actividades Subacu\u00e1ticas<\/a>\u00a0encargado de la difusi\u00f3n de las actividades de este organismo en el \u00e1mbito nacional e internacional en prensa escrita, radio televisi\u00f3n y medios electr\u00f3nicos.<\/p>\n","protected":false},"excerpt":{"rendered":"<p>(Sportalsub.net \/ FMAS) Salvador Badillo competir\u00e1 en Mundial de Nado con Aletas en China; confirmados cinco pa\u00edses al Panamericano de Pesca Submarina Ciudad de M\u00e9xico. A 11 de julio de 2015.- Rogelio Flores Aguilera, presidente de la Federaci\u00f3n Mexicana de Actividades Subacu\u00e1ticas, inform\u00f3 de la presencia de atletas de este organismo en eventos internacionales de la Confederaci\u00f3n Mundial de Actividades [&#8230;]<\/p>\n","protected":false},"author":1,"featured_media":21174,"comment_status":"open","ping_status":"closed","sticky":false,"template":"","format":"standard","meta":{"_lmt_disableupdate":"","_lmt_disable":"","jetpack_post_was_ever_published":false,"_jetpack_newsletter_access":"","_jetpack_dont_email_post_to_subs":false,"_jetpack_newsletter_tier_id":0,"_jetpack_memberships_contains_paywalled_content":false,"_jetpack_memberships_contains_paid_content":false,"footnotes":"","jetpack_publicize_message":"Federaci\u00f3n Mexicana de Actividades Subacu\u00e1ticas incrementa actividades internacionales","jetpack_publicize_feature_enabled":true,"jetpack_social_post_already_shared":true,"jetpack_social_options":{"image_generator_settings":{"template":"highway","default_image_id":0,"font":"","enabled":false},"version":2}},"categories":[9,98,12,18],"tags":[379,378],"class_list":["post-21172","post","type-post","status-publish","format-standard","has-post-thumbnail","hentry","category-apnea","category-mexico","category-natacion-con-aletas","category-pesca-submarina","tag-mulhouse-2015","tag-yantai-2015"],"modified_by":"Sportalsub.net","views":5492,"jetpack_publicize_connections":[],"jetpack_featured_media_url":"https:\/\/www.sportalsub.net\/blog\/wp-content\/uploads\/2015\/07\/salvador-badillo.jpg","jetpack_sharing_enabled":true,"jetpack_shortlink":"https:\/\/wp.me\/pf9lN-5vu","jetpack_likes_enabled":false,"jetpack-related-posts":[{"id":19172,"url":"https:\/\/www.sportalsub.net\/blog\/se-reorganiza-fmas","url_meta":{"origin":21172,"position":0},"title":"\ud83c\uddf2\ud83c\uddfd Se reorganiza la Federaci\u00f3n Mexicana de Actividades Subacu\u00e1ticas","author":"Sportalsub.net","date":"11 diciembre 2014","format":false,"excerpt":"(Sportalsub.net \/ FMAS) Cozumel, Quintana Roo. A 10 de diciembre de 2014. La Federaci\u00f3n Mexicana de Actividades Subacu\u00e1ticas (FMAS) cerrar\u00e1 el 2014 con una reorganizaci\u00f3n interna con intenso trabajo en la temporada en la parte deportiva a trav\u00e9s de la organizaci\u00f3n del Campeonato Panamericano de Nado con Aletas y Apnea\u2026","rel":"","context":"En \u00abApnea\u00bb","block_context":{"text":"Apnea","link":"https:\/\/www.sportalsub.net\/blog\/category\/modalidades\/apnea\/"},"img":{"alt_text":"","src":"https:\/\/i0.wp.com\/www.sportalsub.net\/blog\/wp-content\/uploads\/2014\/12\/fmas2015.jpg?resize=350%2C200&ssl=1","width":350,"height":200,"srcset":"https:\/\/i0.wp.com\/www.sportalsub.net\/blog\/wp-content\/uploads\/2014\/12\/fmas2015.jpg?resize=350%2C200&ssl=1 1x, https:\/\/i0.wp.com\/www.sportalsub.net\/blog\/wp-content\/uploads\/2014\/12\/fmas2015.jpg?resize=525%2C300&ssl=1 1.5x, https:\/\/i0.wp.com\/www.sportalsub.net\/blog\/wp-content\/uploads\/2014\/12\/fmas2015.jpg?resize=700%2C400&ssl=1 2x"},"classes":[]},{"id":19586,"url":"https:\/\/www.sportalsub.net\/blog\/1er-campeonato-nacional-de-pesca-submarina-fmas-2015-mexico\/","url_meta":{"origin":21172,"position":1},"title":"\ud83c\uddf2\ud83c\uddfd Realizado 1er Campeonato Nacional de Pesca Submarina \u201cFMAS 2015\u201d en M\u00e9xico","author":"Sportalsub.net","date":"28 abril 2015","format":false,"excerpt":"(Sportalsub.net \/ FMAS) Ciudad de M\u00e9xico. A 28 de abril de 2015.- A buen t\u00e9rmino concluy\u00f3 el 1er. Campeonato Nacional de Peca Submarina que se llev\u00f3 a cabo en el Malec\u00f3n de Progreso en Yucat\u00e1n, el fin de semana pasado del 24 al 26 de abril, en donde Rommel Ar\u00e9valo\u2026","rel":"","context":"En \u00abM\u00e9xico\u00bb","block_context":{"text":"M\u00e9xico","link":"https:\/\/www.sportalsub.net\/blog\/category\/paises\/america\/mexico\/"},"img":{"alt_text":"rommel-arevalo-erosa","src":"https:\/\/i0.wp.com\/www.sportalsub.net\/blog\/wp-content\/uploads\/2015\/04\/rommel-arevalo-erosa.png?resize=350%2C200","width":350,"height":200},"classes":[]},{"id":18382,"url":"https:\/\/www.sportalsub.net\/blog\/presentado-panamericano-mexico-2014","url_meta":{"origin":21172,"position":2},"title":"\ud83c\uddf2\ud83c\uddfd Presentado en el Comit\u00e9 Ol\u00edmpico Mexicano el 5to Campeonato Panamericano de Nado con Aletas y Apnea y el 2do Festival Infantil de Nado con Aletas + Video","author":"Sportalsub.net","date":"21 agosto 2014","format":false,"excerpt":"(Especial Sportalsub.net \/ FMAS) En las instalaciones del Comit\u00e9 Ol\u00edmpico Mexicano se llevar\u00e1 a cabo el 5\u00ba. Campeonato Panamericano de Nado con Aletas y Apnea y el 2\u00ba. Festival Infantil de Nado con Aletas del 1 al 4 de septiembre de 2014 con la presencia de selecciones de 8 pa\u00edses\u2026","rel":"","context":"En \u00abApnea\u00bb","block_context":{"text":"Apnea","link":"https:\/\/www.sportalsub.net\/blog\/category\/modalidades\/apnea\/"},"img":{"alt_text":"","src":"https:\/\/i0.wp.com\/www.sportalsub.net\/blog\/wp-content\/uploads\/2014\/08\/rueda-de-prensa-mexico.jpg?resize=350%2C200&ssl=1","width":350,"height":200,"srcset":"https:\/\/i0.wp.com\/www.sportalsub.net\/blog\/wp-content\/uploads\/2014\/08\/rueda-de-prensa-mexico.jpg?resize=350%2C200&ssl=1 1x, https:\/\/i0.wp.com\/www.sportalsub.net\/blog\/wp-content\/uploads\/2014\/08\/rueda-de-prensa-mexico.jpg?resize=525%2C300&ssl=1 1.5x, https:\/\/i0.wp.com\/www.sportalsub.net\/blog\/wp-content\/uploads\/2014\/08\/rueda-de-prensa-mexico.jpg?resize=700%2C400&ssl=1 2x"},"classes":[]},{"id":18461,"url":"https:\/\/www.sportalsub.net\/blog\/inaugurado-panamericano-nado-con-aletas-mexico-2014","url_meta":{"origin":21172,"position":3},"title":"\ud83c\uddf2\ud83c\uddfd Inaugurado el V Campeonato Panamericano de Nado con Aletas CMAS Zona Am\u00e9rica en M\u00e9xico","author":"Sportalsub.net","date":"1 septiembre 2014","format":false,"excerpt":"(Especial Sportalsub.net \/ CMAS Zona Am\u00e9rica \/ FMAS) Ciudad de M\u00e9xico. A 01 de septiembre de 2014.- Xavier Dur\u00e1n Soler, vicepresidente de la Confederaci\u00f3n Mundial de Actividades Subacu\u00e1ticas (CMAS) presidi\u00f3 la ceremonia de apertura del V Campeonato Panamericano de Nado con Aletas y II Festival Infantil en la piscina del\u2026","rel":"","context":"En \u00abBrasil\u00bb","block_context":{"text":"Brasil","link":"https:\/\/www.sportalsub.net\/blog\/category\/paises\/america\/brasil\/"},"img":{"alt_text":"","src":"https:\/\/i0.wp.com\/www.sportalsub.net\/blog\/wp-content\/uploads\/2014\/09\/Fmas-inaugura-2.jpg?resize=350%2C200&ssl=1","width":350,"height":200,"srcset":"https:\/\/i0.wp.com\/www.sportalsub.net\/blog\/wp-content\/uploads\/2014\/09\/Fmas-inaugura-2.jpg?resize=350%2C200&ssl=1 1x, https:\/\/i0.wp.com\/www.sportalsub.net\/blog\/wp-content\/uploads\/2014\/09\/Fmas-inaugura-2.jpg?resize=525%2C300&ssl=1 1.5x, https:\/\/i0.wp.com\/www.sportalsub.net\/blog\/wp-content\/uploads\/2014\/09\/Fmas-inaugura-2.jpg?resize=700%2C400&ssl=1 2x, https:\/\/i0.wp.com\/www.sportalsub.net\/blog\/wp-content\/uploads\/2014\/09\/Fmas-inaugura-2.jpg?resize=1050%2C600&ssl=1 3x"},"classes":[]},{"id":21940,"url":"https:\/\/www.sportalsub.net\/blog\/inicia-panamericano-pescasub-mexico","url_meta":{"origin":21172,"position":4},"title":"\ud83c\uddf2\ud83c\uddfd Inaugurado el V Campeonato Panamericano de Pesca Submarina CMAS Zona Am\u00e9rica en M\u00e9xico","author":"Sportalsub.net","date":"29 agosto 2015","format":false,"excerpt":"(Sportalsub.net \/ CMAS Zona Am\u00e9rica \/ FMAS).\u00a0Acapulco, Guerrero. Rogelio Flores Aguilera, presidente de CMAS Am\u00e9rica, presidi\u00f3 el inicio de las actividades de lo que ser\u00e1 el 5\u00ba. Campeonato Panamericano de Pesca Submarina que se llevar\u00e1 a cabo este fin de semana en la Zona Litoral del bello Puerto de Acapulco.\u2026","rel":"","context":"En \u00abArgentina\u00bb","block_context":{"text":"Argentina","link":"https:\/\/www.sportalsub.net\/blog\/category\/paises\/america\/argentina\/"},"img":{"alt_text":"","src":"https:\/\/i0.wp.com\/www.sportalsub.net\/blog\/wp-content\/uploads\/2015\/08\/FB_IMG_1440848946982.jpg?resize=350%2C200&ssl=1","width":350,"height":200,"srcset":"https:\/\/i0.wp.com\/www.sportalsub.net\/blog\/wp-content\/uploads\/2015\/08\/FB_IMG_1440848946982.jpg?resize=350%2C200&ssl=1 1x, https:\/\/i0.wp.com\/www.sportalsub.net\/blog\/wp-content\/uploads\/2015\/08\/FB_IMG_1440848946982.jpg?resize=525%2C300&ssl=1 1.5x, https:\/\/i0.wp.com\/www.sportalsub.net\/blog\/wp-content\/uploads\/2015\/08\/FB_IMG_1440848946982.jpg?resize=700%2C400&ssl=1 2x"},"classes":[]},{"id":12020,"url":"https:\/\/www.sportalsub.net\/blog\/mexico-tambien-dice-presente-en-el-panamericano-de-apnea-y-natacion-con-aletas-cali-2012\/","url_meta":{"origin":21172,"position":5},"title":"\ud83c\uddf2\ud83c\uddfd M\u00e9xico tambi\u00e9n dice presente en el Panamericano de Apnea y Nataci\u00f3n con Aletas Cali 2012","author":"Sportalsub.net","date":"28 marzo 2012","format":false,"excerpt":"(Especial Sportalsub.net \/ FMAS) La Selecci\u00f3n mexicana de Actividades Subacu\u00e1ticas en las modalidades de apnea y nataci\u00f3n con aletas en piscina tambi\u00e9n se har\u00e1 presente en el IV Campeonato Panamericano a realizarse del 30 de marzo al 2 de abril en la ciudad de Cali, Colombia. M\u00e9xico presenta un equipo\u2026","rel":"","context":"En \u00abApnea\u00bb","block_context":{"text":"Apnea","link":"https:\/\/www.sportalsub.net\/blog\/category\/modalidades\/apnea\/"},"img":{"alt_text":"","src":"https:\/\/i0.wp.com\/www.sportalsub.net\/blog\/wp-content\/uploads\/2012\/03\/mexico-sub.jpg?resize=350%2C200&ssl=1","width":350,"height":200,"srcset":"https:\/\/i0.wp.com\/www.sportalsub.net\/blog\/wp-content\/uploads\/2012\/03\/mexico-sub.jpg?resize=350%2C200&ssl=1 1x, https:\/\/i0.wp.com\/www.sportalsub.net\/blog\/wp-content\/uploads\/2012\/03\/mexico-sub.jpg?resize=525%2C300&ssl=1 1.5x"},"classes":[]}],"_links":{"self":[{"href":"https:\/\/www.sportalsub.net\/blog\/wp-json\/wp\/v2\/posts\/21172","targetHints":{"allow":["GET"]}}],"collection":[{"href":"https:\/\/www.sportalsub.net\/blog\/wp-json\/wp\/v2\/posts"}],"about":[{"href":"https:\/\/www.sportalsub.net\/blog\/wp-json\/wp\/v2\/types\/post"}],"author":[{"embeddable":true,"href":"https:\/\/www.sportalsub.net\/blog\/wp-json\/wp\/v2\/users\/1"}],"replies":[{"embeddable":true,"href":"https:\/\/www.sportalsub.net\/blog\/wp-json\/wp\/v2\/comments?post=21172"}],"version-history":[{"count":0,"href":"https:\/\/www.sportalsub.net\/blog\/wp-json\/wp\/v2\/posts\/21172\/revisions"}],"wp:featuredmedia":[{"embeddable":true,"href":"https:\/\/www.sportalsub.net\/blog\/wp-json\/wp\/v2\/media\/21174"}],"wp:attachment":[{"href":"https:\/\/www.sportalsub.net\/blog\/wp-json\/wp\/v2\/media?parent=21172"}],"wp:term":[{"taxonomy":"category","embeddable":true,"href":"https:\/\/www.sportalsub.net\/blog\/wp-json\/wp\/v2\/categories?post=21172"},{"taxonomy":"post_tag","embeddable":true,"href":"https:\/\/www.sportalsub.net\/blog\/wp-json\/wp\/v2\/tags?post=21172"}],"curies":[{"name":"wp","href":"https:\/\/api.w.org\/{rel}","templated":true}]}}