{"id":21772,"date":"2015-08-07T05:05:08","date_gmt":"2015-08-07T09:35:08","guid":{"rendered":"http:\/\/www.sportalsub.net\/blog\/?p=21772"},"modified":"2019-09-01T02:47:08","modified_gmt":"2019-09-01T06:47:08","slug":"la-vision-latinoamericana-del-mundial-de-natacion-con-aletas-en-china-por-salvador-badillo-de-mexico","status":"publish","type":"post","link":"https:\/\/www.sportalsub.net\/blog\/latinoamerica-mundial-yantai-2015","title":{"rendered":"\ud83c\uddf2\ud83c\uddfd La visi\u00f3n latinoamericana del Mundial de Nataci\u00f3n con Aletas en China, por Salvador Badillo de M\u00e9xico"},"content":{"rendered":"<p><a href=\"http:\/\/www.sportalsub.net\/blog\/wp-content\/uploads\/2015\/08\/latinoamericayantai.jpg\" target=\"_blank\"><img loading=\"lazy\" decoding=\"async\" class=\"alignnone size-full wp-image-21774\" src=\"http:\/\/www.sportalsub.net\/blog\/wp-content\/uploads\/2015\/08\/latinoamericayantai.jpg\" alt=\"latinoamericayantai\" width=\"600\" height=\"268\" srcset=\"https:\/\/www.sportalsub.net\/blog\/wp-content\/uploads\/2015\/08\/latinoamericayantai.jpg 600w, https:\/\/www.sportalsub.net\/blog\/wp-content\/uploads\/2015\/08\/latinoamericayantai-300x134.jpg 300w, https:\/\/www.sportalsub.net\/blog\/wp-content\/uploads\/2015\/08\/latinoamericayantai-364x164.jpg 364w\" sizes=\"auto, (max-width: 600px) 100vw, 600px\" \/><\/a><\/p>\n<p>(Sportalsub.net \/ Texto: <a href=\"https:\/\/www.facebook.com\/BadYeye\" target=\"_blank\" rel=\"noopener noreferrer\" target=\"_blank\">Salvador Badillo<\/a> \/ Fotos: <a href=\"https:\/\/www.facebook.com\/fabitos7?fref=ts\" target=\"_blank\" rel=\"noopener noreferrer\" target=\"_blank\">Fabio Delgado<\/a>)<\/p>\n<p style=\"text-align: left;\"><div class=\"responsive-tabs\">\n<p class=\"tabtitle\">D\u00eda 1<\/p>\n<div class=\"tabcontent\">\n<\/p>\n<p><a href=\"http:\/\/www.sportalsub.net\/blog\/wp-content\/uploads\/2015\/08\/FINSWIMMING.jpg\" target=\"_blank\"><img loading=\"lazy\" decoding=\"async\" class=\"alignnone size-full wp-image-21776\" src=\"http:\/\/www.sportalsub.net\/blog\/wp-content\/uploads\/2015\/08\/FINSWIMMING.jpg\" alt=\"FINSWIMMING\" width=\"720\" height=\"540\" srcset=\"https:\/\/www.sportalsub.net\/blog\/wp-content\/uploads\/2015\/08\/FINSWIMMING.jpg 720w, https:\/\/www.sportalsub.net\/blog\/wp-content\/uploads\/2015\/08\/FINSWIMMING-300x225.jpg 300w, https:\/\/www.sportalsub.net\/blog\/wp-content\/uploads\/2015\/08\/FINSWIMMING-320x240.jpg 320w\" sizes=\"auto, (max-width: 720px) 100vw, 720px\" \/><\/a><\/p>\n<p>Despu\u00e9s de 11 a\u00f1os, China volvi\u00f3 a ser la sede del Campeonato Mundial de Nado con aletas. La \u00faltima vez que lo tuvo fue en el a\u00f1o 2004 siendo la ciudad sede Shangai, en esta ocasi\u00f3n la ciudad China que alberg\u00f3 la guerra de tritones fue Yantai.<\/p>\n<p>El campeonato fue inaugurado el d\u00eda 17 de julio del presente tanto por autoridades de Yantai como los directivos de la CMAS. Despu\u00e9s del desfile de banderas y de los discursos, el Campeonato comenz\u00f3 de verdad. Colombia, Venezuela y M\u00e9xico\u00a0 nos agrupamos como si se tratara de una misma naci\u00f3n.<\/p>\n<p>Los latinos en el primer d\u00eda tuvieron actividad en casi todas las pruebas, la \u00fanica en la que no hubo uno de nosotros fue en los 100 metros bialetas varonil<\/p>\n<p>Las primeras en dar parte fueron Grace Fern\u00e1ndez y Paula Aguirre en los 100 metros superficie, quienes pasaron \u00a0empatadas en tercer lugar para nadar la final.<\/p>\n<p>El segundo combo de latinos fueron Juan Camilo Rodr\u00edguez y Juan Duque en los 100 metros superficie, Duque ocup\u00f3 el noveno lugar quedando fuera de la final por tan solo 0.06 de segundo con tiempo de 36.43, y Camilo en el lugar decimosegundo con 36.60.<\/p>\n<p>La tercera artiller\u00eda cont\u00f3 con dos naciones en los 100 m bialetas, por parte de Venezuela Marianny Antonielli ubic\u00e1ndose en el lugar 18\u00b0 con 51.88 y r\u00e9cord Nacional, Y por parte de Colombia dieron la cara Alexandra Tellez quedando en el lugar decimosexto con un tiempo de 51.06 y Paola Moreno obteniendo el puesto vig\u00e9simo con un tiempo de 53.00.<\/p>\n<p>La siguiente en lanzarse a la alberca fue la colombiana Vanessa Mu\u00f1oz en los 400 metros superficie, consiguiendo el lugar vig\u00e9simo primero con un tiempo de 3:36.55.<\/p>\n<p>La \u00faltima pareja en lanzarse en esta primera sesi\u00f3n fueron Leonidas Romero por Colombia coloc\u00e1ndose en el lugar 16\u00b0 con un tiempo de 3:12.18, mientras que Salvador Yered Badiillo en representaci\u00f3n de M\u00e9xico se ubic\u00f3 en el sitio 18\u00b0 con un tiempo de 3:13.77.<\/p>\n<p>Al llegar la \u00a0jornada de las finales, el cuadro latino desgarraba la garganta para motivar a Grace y a Paula. \u00a0Grace ocup\u00f3 el quinto puesto con un tiempo de 39.80\u00a0 mientras que Paula se ubic\u00f3 en el s\u00e9ptimo lugar con 40.94.<\/p>\n<p>Sorprendentemente al finalizar el primer d\u00eda de competencia, Rusia no se encontraba en el primer lugar del medallero, se trataba de Korea la naci\u00f3n que iba adelante. En este d\u00eda, el italiano Stefano Figini demostr\u00f3 una vez m\u00e1s de lo que est\u00e1 hecho, despu\u00e9s de que en el Campeonato Mundial pasado, Kazan 2013, no consiguiera ni una sola medalla en pruebas individuales, en este mundial obtuvo el oro en los 400 metros superficies. Nadie pod\u00eda creerlo. Las gradas retumbaban, todos le daban su voto de confianza al Aleman Max Lauschus, pero el italiano desde inicio a fin se mantuvo en el primer puesto. Fue justo esta distancia en la que fue \u00e9l precisamente el primer hombre en el mundo en bajar la marca de los 3 minutos en esta distancia en julio del 2007 en el Campeonato Mundial en Bari, Italia.<\/p>\n<p style=\"text-align: left;\">\n<\/div><p class=\"tabtitle\">D\u00eda 2<\/p>\n<div class=\"tabcontent\">\n<\/p>\n<p><a href=\"http:\/\/www.sportalsub.net\/blog\/wp-content\/uploads\/2015\/08\/JUANFERNANDO.jpg\" target=\"_blank\"><img loading=\"lazy\" decoding=\"async\" class=\"alignnone size-full wp-image-21777\" src=\"http:\/\/www.sportalsub.net\/blog\/wp-content\/uploads\/2015\/08\/JUANFERNANDO.jpg\" alt=\"JUANFERNANDO\" width=\"720\" height=\"540\" srcset=\"https:\/\/www.sportalsub.net\/blog\/wp-content\/uploads\/2015\/08\/JUANFERNANDO.jpg 720w, https:\/\/www.sportalsub.net\/blog\/wp-content\/uploads\/2015\/08\/JUANFERNANDO-300x225.jpg 300w, https:\/\/www.sportalsub.net\/blog\/wp-content\/uploads\/2015\/08\/JUANFERNANDO-320x240.jpg 320w\" sizes=\"auto, (max-width: 720px) 100vw, 720px\" \/><\/a><\/p>\n<p>En el segundo d\u00edas de este Campeonato Mundial de Nado con aleta, los pa\u00edses latinos tuvieron mucha actividad tambi\u00e9n. Esta fue la primer jornada donde Colombia vio llegar la primera medalla.<\/p>\n<p>En la tercera jornada, la velocista Colombiana Alix Victoria P\u00e9rez fue la primera en lanzarse a defender a su naci\u00f3n, con su primera participaci\u00f3n en la justa, lo hizo con los 100 metros inmersi\u00f3n, coloc\u00e1ndose en el tercer sitio durante la eliminatoria con un tiempo de 36.89, siendo este tiempo Nuevo Record Nacional y Record Panamericano y ganado su lugar en la final.<\/p>\n<p>En los 100 metros inmersi\u00f3n de la rama varonil, el mounstruo colombiano Mauricio Fern\u00e1ndez hizo su aparici\u00f3n. Ocupando el tercer sitio durante las eliminatorias, pasando as\u00ed a la final.<\/p>\n<p>La Colombiana Johanna Alegr\u00eda hace su aparici\u00f3n en los 1500 m metros cronometrando un tiempo de 14:35.75 coloc\u00e1ndose en la posici\u00f3n decimoquinta, donde la otra fondista colombiana Vanessa Mu\u00f1oz consigui\u00f3 el puesto once con un tiempo de 14:20.84, siendo esta su segunda distancia durante el campeonato.<\/p>\n<p>En los 1500 metros de la rama varonil, Salvador Badillo se coloc\u00f3 en el puesto decimocuarto con un tiempo de 13:30.57, siendo este el Nuevo Record Absoluto Mexicano, a pesar de que el Trit\u00f3n Azteca extern\u00f3 que durante la distancia no se sinti\u00f3 con ritmo.<\/p>\n<p>Las \u201cBialetistas\u201d del sur, Marianny Antonielli de Venezuela y Alexandra Tellez de Colombia hicieron su segunda aparici\u00f3n con la distancia de 200 metros bialetas, donde Marianny se coloc\u00f3 en el puesto 13\u00b0 con un tiempo de 1:53.70, rompiendo el Record Venezolano y mejorando su marca personal por 7 segundos. Por su parte, Alexandra se ubic\u00f3 en el decimoprimero con un tiempo de 1:52.74.<\/p>\n<p>Las siguientes latinas en saltar a la piscina \u00a0fueron Grace Fern\u00e1ndez y, por vez primera en este campeonato, Kelly P\u00e9rez, esto en los 200 m superficie. Grace consigui\u00f3 colarse a la final en s\u00e9ptimo sitio con un tiempo de 1:34.71, mientras Kelly se ubic\u00f3 en el noveno puesto con un tiempo de 1:34.71, sin embargo, la h\u00fangara Laura Kardos, que ocupaba el octavo puesto, desisti\u00f3 de nadar la final dej\u00e1ndole a Kelly el lugar para presentarse a la final.<\/p>\n<p>En los 200 metros superficie varonil, el colombiano Juan Fernando Ocampo hizo su aparici\u00f3n. Pasando a la final en primer puesto con un tiempo de 1:21.47, siendo este uno de los mejores tiempos registrados durante esta temporada.<\/p>\n<p>Antes de que las finales comenzaran, las gradas se mostraban impacientes por ver iniciar la jornada m\u00e1s espectacular de todo el Campeonato Mundial. Los 100 metros inmersi\u00f3n femenil fueron los encargados de romper la tensi\u00f3n que se iba acumulando con el paso de los segundo. Con esta distancia, Alix Victoria P\u00e9rez hizo presencia. Durante los primeros metros, la Colombia se encontraba en el pen\u00faltimo lugar, remontando en la parte final hasta el quinto puesto, durante el desarrollo de la segunda parte de la prueba, Victoria parec\u00eda acercarse a las medallas pero la distancia no le alcanz\u00f3.<\/p>\n<p>Lleg\u00f3 el momento de la final de los 100 metros inmersi\u00f3n, donde el Koreano\u00a0 Kwanho Lee era el favorito, pues fue \u00e9l quien un d\u00eda antes gan\u00f3 los 100 metros superficie, pero un altercado al estar en los segundos de preparaci\u00f3n, su aleta se rompi\u00f3, 30 segundos antes de que terminara el tiempo, el koreano sali\u00f3 corriendo en busca de una aleta que pudiera usar, la consigui\u00f3, sin embargo los segundos restantes se le not\u00f3 tenso, nervioso y apurado por estar listo para nadar la prueba. Son\u00f3 el bip de salida y desde el inicio este hombre se qued\u00f3 muy atr\u00e1s. Por su parte, el mounstruo colombiano, Mauricio Fern\u00e1ndez,\u00a0 ubicado en el carril 3, vir\u00f3 en segundo puesto en los primeros 50 metros siendo alcanzado por el chino Zhen Bo Tong y manteni\u00e9ndose en primera posici\u00f3n el koreano Taekyun Kim. El resultado, primer lugar para Korea, segundo para China y tercero para Mauricio Fern\u00e1ndez con un tiempo de 32.32 segundos, siendo esta la primera medalla que Colombia consegu\u00eda. Kabanov Pavel, el ex campe\u00f3n mundial de esta prueba se qued\u00f3 rezagado quedando en el quinto puesto. Los atletas, los entrenadores, los directivos, los jueces, es decir, nadie en la alberca pod\u00eda dar credito a lo que estaba pasando, Rusia no s\u00f3lo perd\u00eda la prueba sino que tampoco alcanz\u00f3 un puesto en las medallas. La cara de Pavel resum\u00eda el sentimiento ruso sobre esta derrota.<\/p>\n<p>En el heat \u201cr\u00e1pido\u201d de los 1500 metros superficie, Alexander Jim\u00e9nez y Camilo Hern\u00e1ndez se enfrentaron a los mejores tiempos del globo en esta distancia y uqedaron colocados en los puestos sexto y noveno respectivamente. Ambos externaron que perdieron el ritmo a mitad de la prueba.<\/p>\n<p>En los 200 metros superficie, donde Grace y Kelly se lanzaban al agua, consiguieron el s\u00e9ptimo y octavo puesto respectivamente con los tiempos 1:35.97 y 1:38.02. Por su parte, Rusia lanz\u00f3 su mejor carta, Valeria Baravnoskaya, quien metro tras metro se alejaba de sus rivales. Cada vuelta de campana sacaba m\u00e1s y m\u00e1s ventaja. Liera consigui\u00f3 para el cron\u00f3metro con un tiempo de 1:25.90, con esto impuso Nuevo Record del Mundo. La rusa dej\u00f3 con la boca abierta a todos los presentes, las gradas se ca\u00edan de la emoci\u00f3n. Nadie pod\u00eda creer lo que acababa de ver, Valeria bien podr\u00eda participar en una final varonil.<\/p>\n<p>Lleg\u00f3 el momento de los 200 metros superficie varonil, y con ellos el tiempo de que una de las cartas m\u00e1s fuertes de Colombia nadara una final, JuanFer Ocampo. Son\u00f3 el bip de salida, y desde el inicio se posicion\u00f3 en primer siti\u00f3, atrevi\u00e9ndose a abrir en los primeros 50 metros con 17.98 y cerrando la distancia con 1:19.54, siendo este NUEVO RECORD MUNDIAL. Es decir, Juan Fernando Ocampo se hizo justicia de propio mano batiendo el r\u00e9cord mundial de los 200 m sf, el a\u00f1o pasado Ocampo se convirti\u00f3 en el primer hombre en bajar el 200 del minuto con veinte segundos y la CMAS no quiso reconocerlo. En esta jornada, el colombiano lo volvi\u00f3 a hacer parando el reloj con 1:19.54.<\/p>\n<p>Sin duda alguna fue la jornada con m\u00e1s emociones en todo el XVIII Campeonato Mundial de Nado con Aleta, #Yantai2015.<\/p>\n<p style=\"text-align: left;\">\n<\/div><p class=\"tabtitle\">D\u00eda 3<\/p>\n<div class=\"tabcontent\">\n<\/p>\n<p><a href=\"http:\/\/www.sportalsub.net\/blog\/wp-content\/uploads\/2015\/08\/MAURICIO2.jpg\" target=\"_blank\"><img loading=\"lazy\" decoding=\"async\" class=\"alignnone size-full wp-image-21779\" src=\"http:\/\/www.sportalsub.net\/blog\/wp-content\/uploads\/2015\/08\/MAURICIO2.jpg\" alt=\"MAURICIO2\" width=\"720\" height=\"540\" srcset=\"https:\/\/www.sportalsub.net\/blog\/wp-content\/uploads\/2015\/08\/MAURICIO2.jpg 720w, https:\/\/www.sportalsub.net\/blog\/wp-content\/uploads\/2015\/08\/MAURICIO2-300x225.jpg 300w, https:\/\/www.sportalsub.net\/blog\/wp-content\/uploads\/2015\/08\/MAURICIO2-320x240.jpg 320w\" sizes=\"auto, (max-width: 720px) 100vw, 720px\" \/><\/a><\/p>\n<p>Durante la jornada matutina del 19 de julio la actividad latina corri\u00f3 a cargo de Colombia y Venezuela, fue esta sesi\u00f3n en la que las fuerzas nacionales comenzaron a medirse a nivel equipo, los relevos 4&#215;200 metros superficie<\/p>\n<p>Para dar apertura, Alix Victoria P\u00e9rez y Paula Aguirre sacudieron el agua durante 50 metros sobre la superficie. Vicky consigui\u00f3 entrar a la final coloc\u00e1ndose en el quinto sitio con un tiempo de 18.17, Paula qued\u00f3 en el noveno puesto quedando fuera de la final por tan s\u00f3lo 0.05 de segundo, par\u00f3 el reloj con 18.57 segundos.<\/p>\n<p>Los colombianos Juan Duque y Mauricio Fernand\u00e9z recorrieron a velocidad pura 50 metros sobre la superficie para ingresar a la final en los puestos sexto y primero respectivamente.<\/p>\n<p>En los 50 metros bialetas femenil, la colombiana Paola Moreno se coloc\u00f3 en el lugar diez al cronometrar 23.06, su compatriota Alexandra Tellez se ubic\u00f3 en el puesto decimocuerto con un tiempo de 23.56. Por su parte, la venezolana Marianny Antonielli se coloc\u00f3 en el lugar 19 tras parar el reloj con un tiempo de 24.14, con el que rompi\u00f3 el Record Venezolano. Con esta prueba, Marianny de Venezuela y Alexandra Tellez de Colombia concluyeron su participaci\u00f3n en este Campeonato Mundial.<\/p>\n<p>Al llegar el momento de los relevos 4X200 metros superficie, las colombianas Grace Fern\u00e1ndez, \u00a0Vanessa Mu\u00f1oz, Johanna Alegr\u00eda y Kelly P\u00e9rez se colocaron el puesto n\u00famero siete para ingresar a la final. Las colombianas nadaron en el segundo heat. Momentos antes de que apareciera el sumario, el equipo completo de Colombia se mostraba nervioso, al final el cuarteto femenil colombiano se encontraba apuntado en la final.<\/p>\n<p>Lleg\u00f3 el turno del combo varonil colombiano para los 4&#215;200 metros superficie, Camilo Hern\u00e1ndez, Alexander Jim\u00e9nez, Le\u00f3nidas Romero, Juan Fernando Ocampo. Los sudamericanos, tras cinco minutos con cuarenta y un segundos de tensi\u00f3n pura en enfrentamiento directo contra Ucrania, Alemania e Italia y de forma indirecta contra Rusia y Korea de un heat anterior. Los colombianos consiguieron pasar a la final coloc\u00e1ndose en el segundo puesto.<\/p>\n<p>Las finales de este d\u00eda comenzaron con las mujeres m\u00e1s r\u00e1pitas sobre la superficie, Victoria P\u00e9rez, colocada entre ellas, se lanz\u00f3 con tanta fuerza que su brazo derecho qued\u00f3 lesionado al tocar la placa en la llegada. Alix un d\u00eda antes se hab\u00edas locado en el puesto n\u00famero 5, en esta ocasi\u00f3n ray\u00f3 en alcanzar la medalla ocupando el cuarto puesto con un tiempo de 18.00 segundos.<\/p>\n<p>La tensi\u00f3n subi\u00f3 cuando los 50 m sf fueron anunciados como la siguiente final. En los bancos de salida se encontraban los colombianos Mauricio Fern\u00e1ndez y Juan Duque. Son\u00f3 el bip de salida, las gradas se ca\u00edan, Kabanov Pavel dominaba la distancia y en los \u00faltimos diez metros Mauricio comenz\u00f3 a recuperar terreno hasta ser el primero en tocar el muro parando el reloj con 15.42 quedando empatados los rusos Kabanov y Kazanstev con 15.44, por su parte Duque ocup\u00f3 el quinto sitio con 15.64.<\/p>\n<p>Los revelos femeninos de 4&#215;200 metros superficie abrieron las finales de los enfrentamientos por equipos. La escuadra colombiana conformada por Kelly, Vanessa, Paula y Grace enfrent\u00f3 a Rusia, equipo que ten\u00eda entre sus integrantes a Valeria Baravnoskaya, Ucrania, China, Italia, Francia, Alemania y Republica Checa. No hubo lugar dudas para la victoria de las rusas, de inicio a fin dominaron la prueba. Por su parte las colombianas se encontraron en pleno enfrentamiento con China, Ucrania, Alemania y Francia. Terminaron coloc\u00e1ndose en el quinto puesto con un tiempo de 6:26.00 siendo este el Nuevo Record Colombiano y Panamericano.<\/p>\n<p>Toc\u00f3 el turno de los relevos varoniles de 4&#215;200 m sf. Los cuartetos de Colombia y Rusia eran los favoritos para la medalla. El relevo en entregar en primer sitio la estafeta fue el equipo de Italia con la apertura de Stefano Figini, a quien sigui\u00f3 Cesare Fumarola mantiendo el relevo en la primera posici\u00f3n, seguido de Alemania. El combo colombiano se hab\u00eda quedado muy atr\u00e1s desde el inicio. En el tercer relevo, Alemania, Rusia y Korea dejan atr\u00e1s al equipo italiano. Para el cierre, Juan Fernando Ocampo de Colombia comenz\u00f3 a recuperar terreno, sin embargo, no fue suficiente para alcanzar la medalla, Colombia se coloc\u00f3 en el quinto sitio con 5:34.11. Quedando en las medallas: Alemania en primero, Korea en segundo y sorprendentemente Rusia en tercero, el equipo ruso se quedaba rezagado en la tercera posici\u00f3n e hist\u00f3ricamente Alemania se llev\u00f3 el oro.<\/p>\n<p style=\"text-align: left;\">\n<\/div><p class=\"tabtitle\">D\u00eda 4<\/p>\n<div class=\"tabcontent\">\n<\/p>\n<p><a href=\"http:\/\/www.sportalsub.net\/blog\/wp-content\/uploads\/2015\/08\/VICKY.jpg\" target=\"_blank\"><img loading=\"lazy\" decoding=\"async\" class=\"alignnone size-full wp-image-21783\" src=\"http:\/\/www.sportalsub.net\/blog\/wp-content\/uploads\/2015\/08\/VICKY.jpg\" alt=\"VICKY\" width=\"720\" height=\"540\" srcset=\"https:\/\/www.sportalsub.net\/blog\/wp-content\/uploads\/2015\/08\/VICKY.jpg 720w, https:\/\/www.sportalsub.net\/blog\/wp-content\/uploads\/2015\/08\/VICKY-300x225.jpg 300w, https:\/\/www.sportalsub.net\/blog\/wp-content\/uploads\/2015\/08\/VICKY-320x240.jpg 320w\" sizes=\"auto, (max-width: 720px) 100vw, 720px\" \/><\/a><\/p>\n<p>El \u00faltimo d\u00eda de competencias en alberca del XVIII Campeonato Mundial de Nado con Aletas, lleg\u00f3. Este d\u00eda abrieron la participaci\u00f3n latina las colombianas Alix Victoria P\u00e9rez y Paola Moreno con la prueba reina de la velocidad en el agua, los 50 metros apnea. Paola se ubic\u00f3 en el lugar n\u00famero 12 con un tiempode 17.44, Victoria se coloc\u00f3 en el segundo puesto con un tiempo de 16.31, con esto la bogotana gan\u00f3 su pase a la final.<\/p>\n<p>En los 50 metros apnea varonil, la representaci\u00f3n de todo el continente corri\u00f3 a cargo de Mauricio Fern\u00e1ndez de Colombia. El valluno se coloc\u00f3 en la cuarta posici\u00f3n para pasar a la final con un tiempo de 14.43. Sorpresivamente, en esta prueba hubo un empate en el octavo puesto entre el indon\u00e9s Petrol Apostel y el japon\u00e9s Yuta Hasegawa con 14.92, al terminar la parte de los relevos, estos nadadores se disputaron un mano para definir quien participar\u00eda en las finales. La partida la gan\u00f3 el japon\u00e9s con 14.68 dejando en noveno puesto a Apostel con 14.74. En este desempate, ambos nadadores fueron m\u00e1s r\u00e1pidos que el franc\u00e9s Alexander Noir que se ubicaba en el sptimo puesto con 14.76, de haber realizado estas marcas en las eliminatorias, el que hubiese quedado fuera hubiera sido Noir. Esta es la segunda ocasi\u00f3n en la historia del nado con aleta que esto sucede, la primera ocurri\u00f3 este mismo a\u00f1o en el Europeo Juvenil entre el Eslovaco Cibula Martin y el griego Iakovidis en la prueba de 50 metros bialetas.<\/p>\n<p>Los 800 metros superficie varonil contaron con la participaci\u00f3n de Salvador Badillo de M\u00e9xico durante esta pen\u00faltima jornada. En esta prueba el Trit\u00f3n Azteca consigui\u00f3 colocarse en la posici\u00f3n 14 con un tiempo de 6:52.87, quedando muy cerca del record mexicano que es 6:52.36.<\/p>\n<p>En las \u00faltimas pruebas de las eliminatorias, los dos equipos colombianos ingresaron a las finales, las mujeres lo hicieron en el lugar n\u00famero 3, mientras que los varones lo consiguieron con el segundo puesto.<\/p>\n<p>En las finales, la colombiana Alix Victoria P\u00e9rez consigui\u00f3 colgarse la medalla de bronce en los cincuenta metros apnea con un tiempo de 16.30, siendo esta la primera medalla que Vicky ganara en un campeonato mundial. El duo koreano, Jang Ye sol y Ki Gain, se llevaron las medallas de oro y plata respectivamente. Durante la ceremonia protocolaria de premiaci\u00f3n, Victoria no pudo contener las l\u00e1grimas de la emoci\u00f3n.<\/p>\n<p>En los 50 metros apnea varonil, tras una larga tensi\u00f3n de lo que ocurrir\u00eda, el colombiano Mauricio Fern\u00e1ndez se coloc\u00f3 en el quinto puesto con 14.32. Fue en esta prueba en la que Kabanov Pavel consigui\u00f3 ser campe\u00f3n mundial por \u00fanica vez en esta justa deportiva con 13.97, seguido por los koreanos Kim Taekyun y Kwanho Lee.<\/p>\n<p>Tocaba el turno para la \u00faltima prueba individual en la que el colombiano Camilo Hern\u00e1ndez nad\u00f3 800 metros y se coloc\u00f3 en el 10\u00b0 sitio con un tiempo de 6:39.92.<\/p>\n<p>El momento m\u00e1s esperado por los presentes lleg\u00f3, los relevos de 4&#215;100. El cuarteto femenil colombiano se ubic\u00f3 en el cuarto sitio. Tras una re\u00f1ida batalla, Rusia consigui\u00f3 colocarse como el mejor equipodel mundo con 2:37.04, seguidas por las chinas con 2:37.56, ambos equipos bajo el record mundial, y en trecera posici\u00f3n el equipo koreano con2:39.02.<\/p>\n<p>La \u00faltima prueba del mundial estaba a nada de llevarse a cabo. Las gradas retumbaban, gritos por todos lados, las naciones que no ten\u00edan a su equipo metido en esta competencia hab\u00edan elegido a su favorito. Comenzaron a correr los 90 segundos de preparaci\u00f3n, las gradas no pod\u00edan quedarse quietas. Terminaron los 90 segundos en la pantalla, los primeros relevos se encontraba sobre el banco de salida, de un golpe se hizo silencio\u2026 take your marks\u2026 bip, gritos, golpes, ruido, los presentes hac\u00edan ruido con cualquiera cosa que tuvieran enfrente. Grecia tom\u00f3 la delantera con Karetzopoulos, seguido del ruso Kabanov, Colombia se encontraba en quinto puesto detr\u00e1s de Korea. Salieron los segundos relevos, Kazanstev gan\u00f3 terreno y ubic\u00f3 a Rusia en el primer puesto, al alem\u00e1n-morroqu\u00ed Jan Malkowski entreg\u00f3 a su compatriota alem\u00e1n Florian Kritzler en segundo, Mauricio Fern\u00e1ndez remont\u00f3 colocando a Colombia en tercer puesto. El tercer relevo ruso, Granchev, mantuvo el primer lugar, Camilo Rodriguez por un momento consigui\u00f3 colocarse en segundo puesto pero termin\u00f3 entreg\u00e1ndolo en tercero, el alem\u00e1n Kritzler recuper\u00f3 el segundo puesto en la segunda parte de sus 100 metros. Lleg\u00f3 el momento final, el Malte Striegler se acerc\u00f3 peligrosamente al ruso Kokorev en los primero 50 m, consiguiendo pasarlo a la altura de los 75 metros, el colombiano Juan Duque comenzaba a ser alcanzado por el italiano Cesare Fumarola al salir de la vuelta. Al final, el reloj fue detenido primero por Kritzler con 2:19.59. El equipo alem\u00e1n no lo pod\u00eda creer, el entrenador Riemann brincaba, gritaba y abrazaba a todos los alemanes en las gradas, Rusia lleg\u00f3 en segunda posici\u00f3n con 2:19.87 y en los \u00faltimos cinco metro Cesare fumarola dej\u00f3 fuera de las medallas al equipo colombiano parando el reloj con 2:20.80. El combo colombiano par\u00f3 el reloj con 2:20.93<\/p>\n<p>En definitiva, los resultados de este campeonato mundial fueron incre\u00edbles. El cuadro de medallas cambi\u00f3 de manera dram\u00e1tica, muchos de los anteriores campeones del mundo no obtuvieron medallas y en algunos casos no pasaron a la final.\u00a0 El pr\u00f3ximo a\u00f1o volveremos a ver un Campeonato Mundial de primera fuerza, el cambio de calendario por parte de la CMAS nos permitir\u00e1 ver en 11 meses en la ciudad de Alexandroupolis en Grecia, una justa de esta magnitud, y muy probablemente una transmisi\u00f3n del campeonato.<\/p>\n<p style=\"text-align: left;\">\n<\/div><p class=\"tabtitle\">Fotos<\/p>\n<div class=\"tabcontent\">\n<\/p>\n<p><strong>Fotos<\/strong><\/p>\n\n\t\t<style type=\"text\/css\">\n\t\t\t#gallery-1 {\n\t\t\t\tmargin: auto;\n\t\t\t}\n\t\t\t#gallery-1 .gallery-item {\n\t\t\t\tfloat: left;\n\t\t\t\tmargin-top: 10px;\n\t\t\t\ttext-align: center;\n\t\t\t\twidth: 33%;\n\t\t\t}\n\t\t\t#gallery-1 img {\n\t\t\t\tborder: 2px solid #cfcfcf;\n\t\t\t}\n\t\t\t#gallery-1 .gallery-caption {\n\t\t\t\tmargin-left: 0;\n\t\t\t}\n\t\t\t\/* see gallery_shortcode() in wp-includes\/media.php *\/\n\t\t<\/style>\n\t\t<div id='gallery-1' class='gallery galleryid-21772 gallery-columns-3 gallery-size-thumbnail'><dl class='gallery-item'>\n\t\t\t<dt class='gallery-icon landscape'>\n\t\t\t\t<a href='https:\/\/www.sportalsub.net\/blog\/wp-content\/uploads\/2015\/08\/COLOMBIA1.jpg'><img loading=\"lazy\" decoding=\"async\" width=\"150\" height=\"150\" src=\"https:\/\/www.sportalsub.net\/blog\/wp-content\/uploads\/2015\/08\/COLOMBIA1-150x150.jpg\" class=\"attachment-thumbnail size-thumbnail\" alt=\"\" srcset=\"https:\/\/www.sportalsub.net\/blog\/wp-content\/uploads\/2015\/08\/COLOMBIA1-150x150.jpg 150w, https:\/\/www.sportalsub.net\/blog\/wp-content\/uploads\/2015\/08\/COLOMBIA1-65x65.jpg 65w\" sizes=\"auto, (max-width: 150px) 100vw, 150px\" \/><\/a>\n\t\t\t<\/dt><\/dl><dl class='gallery-item'>\n\t\t\t<dt class='gallery-icon landscape'>\n\t\t\t\t<a href='https:\/\/www.sportalsub.net\/blog\/wp-content\/uploads\/2015\/08\/MEXICO.jpg'><img loading=\"lazy\" decoding=\"async\" width=\"150\" height=\"150\" src=\"https:\/\/www.sportalsub.net\/blog\/wp-content\/uploads\/2015\/08\/MEXICO-150x150.jpg\" class=\"attachment-thumbnail size-thumbnail\" alt=\"\" srcset=\"https:\/\/www.sportalsub.net\/blog\/wp-content\/uploads\/2015\/08\/MEXICO-150x150.jpg 150w, https:\/\/www.sportalsub.net\/blog\/wp-content\/uploads\/2015\/08\/MEXICO-65x65.jpg 65w\" sizes=\"auto, (max-width: 150px) 100vw, 150px\" \/><\/a>\n\t\t\t<\/dt><\/dl><dl class='gallery-item'>\n\t\t\t<dt class='gallery-icon landscape'>\n\t\t\t\t<a href='https:\/\/www.sportalsub.net\/blog\/wp-content\/uploads\/2015\/08\/VENEZUELA.jpg'><img loading=\"lazy\" decoding=\"async\" width=\"150\" height=\"150\" src=\"https:\/\/www.sportalsub.net\/blog\/wp-content\/uploads\/2015\/08\/VENEZUELA-150x150.jpg\" class=\"attachment-thumbnail size-thumbnail\" alt=\"\" srcset=\"https:\/\/www.sportalsub.net\/blog\/wp-content\/uploads\/2015\/08\/VENEZUELA-150x150.jpg 150w, https:\/\/www.sportalsub.net\/blog\/wp-content\/uploads\/2015\/08\/VENEZUELA-65x65.jpg 65w\" sizes=\"auto, (max-width: 150px) 100vw, 150px\" \/><\/a>\n\t\t\t<\/dt><\/dl><br style=\"clear: both\" \/><dl class='gallery-item'>\n\t\t\t<dt class='gallery-icon landscape'>\n\t\t\t\t<a href='https:\/\/www.sportalsub.net\/blog\/wp-content\/uploads\/2015\/08\/FINSWIMMING.jpg'><img loading=\"lazy\" decoding=\"async\" width=\"150\" height=\"150\" src=\"https:\/\/www.sportalsub.net\/blog\/wp-content\/uploads\/2015\/08\/FINSWIMMING-150x150.jpg\" class=\"attachment-thumbnail size-thumbnail\" alt=\"\" srcset=\"https:\/\/www.sportalsub.net\/blog\/wp-content\/uploads\/2015\/08\/FINSWIMMING-150x150.jpg 150w, https:\/\/www.sportalsub.net\/blog\/wp-content\/uploads\/2015\/08\/FINSWIMMING-65x65.jpg 65w\" sizes=\"auto, (max-width: 150px) 100vw, 150px\" \/><\/a>\n\t\t\t<\/dt><\/dl><dl class='gallery-item'>\n\t\t\t<dt class='gallery-icon landscape'>\n\t\t\t\t<a href='https:\/\/www.sportalsub.net\/blog\/wp-content\/uploads\/2015\/08\/JUANFERNANDO.jpg'><img loading=\"lazy\" decoding=\"async\" width=\"150\" height=\"150\" src=\"https:\/\/www.sportalsub.net\/blog\/wp-content\/uploads\/2015\/08\/JUANFERNANDO-150x150.jpg\" class=\"attachment-thumbnail size-thumbnail\" alt=\"\" srcset=\"https:\/\/www.sportalsub.net\/blog\/wp-content\/uploads\/2015\/08\/JUANFERNANDO-150x150.jpg 150w, https:\/\/www.sportalsub.net\/blog\/wp-content\/uploads\/2015\/08\/JUANFERNANDO-65x65.jpg 65w\" sizes=\"auto, (max-width: 150px) 100vw, 150px\" \/><\/a>\n\t\t\t<\/dt><\/dl><dl class='gallery-item'>\n\t\t\t<dt class='gallery-icon landscape'>\n\t\t\t\t<a href='https:\/\/www.sportalsub.net\/blog\/wp-content\/uploads\/2015\/08\/MAURICIO2.jpg'><img loading=\"lazy\" decoding=\"async\" width=\"150\" height=\"150\" src=\"https:\/\/www.sportalsub.net\/blog\/wp-content\/uploads\/2015\/08\/MAURICIO2-150x150.jpg\" class=\"attachment-thumbnail size-thumbnail\" alt=\"\" srcset=\"https:\/\/www.sportalsub.net\/blog\/wp-content\/uploads\/2015\/08\/MAURICIO2-150x150.jpg 150w, https:\/\/www.sportalsub.net\/blog\/wp-content\/uploads\/2015\/08\/MAURICIO2-65x65.jpg 65w\" sizes=\"auto, (max-width: 150px) 100vw, 150px\" \/><\/a>\n\t\t\t<\/dt><\/dl><br style=\"clear: both\" \/><dl class='gallery-item'>\n\t\t\t<dt class='gallery-icon landscape'>\n\t\t\t\t<a href='https:\/\/www.sportalsub.net\/blog\/wp-content\/uploads\/2015\/08\/MAURICIOYFABIO.jpg'><img loading=\"lazy\" decoding=\"async\" width=\"150\" height=\"150\" src=\"https:\/\/www.sportalsub.net\/blog\/wp-content\/uploads\/2015\/08\/MAURICIOYFABIO-150x150.jpg\" class=\"attachment-thumbnail size-thumbnail\" alt=\"\" srcset=\"https:\/\/www.sportalsub.net\/blog\/wp-content\/uploads\/2015\/08\/MAURICIOYFABIO-150x150.jpg 150w, https:\/\/www.sportalsub.net\/blog\/wp-content\/uploads\/2015\/08\/MAURICIOYFABIO-65x65.jpg 65w\" sizes=\"auto, (max-width: 150px) 100vw, 150px\" \/><\/a>\n\t\t\t<\/dt><\/dl><dl class='gallery-item'>\n\t\t\t<dt class='gallery-icon landscape'>\n\t\t\t\t<a href='https:\/\/www.sportalsub.net\/blog\/wp-content\/uploads\/2015\/08\/VICKY.jpg'><img loading=\"lazy\" decoding=\"async\" width=\"150\" height=\"150\" src=\"https:\/\/www.sportalsub.net\/blog\/wp-content\/uploads\/2015\/08\/VICKY-150x150.jpg\" class=\"attachment-thumbnail size-thumbnail\" alt=\"\" srcset=\"https:\/\/www.sportalsub.net\/blog\/wp-content\/uploads\/2015\/08\/VICKY-150x150.jpg 150w, https:\/\/www.sportalsub.net\/blog\/wp-content\/uploads\/2015\/08\/VICKY-65x65.jpg 65w\" sizes=\"auto, (max-width: 150px) 100vw, 150px\" \/><\/a>\n\t\t\t<\/dt><\/dl>\n\t\t\t<br style='clear: both' \/>\n\t\t<\/div>\n\n<\/div><\/div>\n<p>Por: Salvador Badillo \/\u00a0<a href=\"mailto:divinanoche@gmail.com\" target=\"_blank\" rel=\"noopener noreferrer\">divinanoche@gmail.com<\/a><\/p>\n<p><a href=\"http:\/\/divinanoche.wix.com\/monoaletas\" target=\"_blank\" rel=\"noopener noreferrer\" target=\"_blank\"><img loading=\"lazy\" decoding=\"async\" class=\"alignnone size-full wp-image-21785\" src=\"http:\/\/www.sportalsub.net\/blog\/wp-content\/uploads\/2015\/08\/monoaletasmexico.jpg\" alt=\"monoaletasmexico\" width=\"974\" height=\"622\" srcset=\"https:\/\/www.sportalsub.net\/blog\/wp-content\/uploads\/2015\/08\/monoaletasmexico.jpg 974w, https:\/\/www.sportalsub.net\/blog\/wp-content\/uploads\/2015\/08\/monoaletasmexico-300x192.jpg 300w\" sizes=\"auto, (max-width: 974px) 100vw, 974px\" \/><\/a><\/p>\n<p>&nbsp;<\/p>\n","protected":false},"excerpt":{"rendered":"<p>(Sportalsub.net \/ Texto: Salvador Badillo \/ Fotos: Fabio Delgado) Despu\u00e9s de 11 a\u00f1os, China volvi\u00f3 a ser la sede del Campeonato Mundial de Nado con aletas. La \u00faltima vez que lo tuvo fue en el a\u00f1o 2004 siendo la ciudad sede Shangai, en esta ocasi\u00f3n la ciudad China que alberg\u00f3 la guerra de tritones fue Yantai. El campeonato fue inaugurado [&#8230;]<\/p>\n","protected":false},"author":1,"featured_media":21774,"comment_status":"open","ping_status":"closed","sticky":false,"template":"","format":"standard","meta":{"_lmt_disableupdate":"","_lmt_disable":"","jetpack_post_was_ever_published":false,"_jetpack_newsletter_access":"","_jetpack_dont_email_post_to_subs":false,"_jetpack_newsletter_tier_id":0,"_jetpack_memberships_contains_paywalled_content":false,"_jetpack_memberships_contains_paid_content":false,"footnotes":"","jetpack_publicize_message":"","jetpack_publicize_feature_enabled":true,"jetpack_social_post_already_shared":true,"jetpack_social_options":{"image_generator_settings":{"template":"highway","default_image_id":0,"font":"","enabled":false},"version":2}},"categories":[3,98,12,8],"tags":[378],"class_list":["post-21772","post","type-post","status-publish","format-standard","has-post-thumbnail","hentry","category-colombia","category-mexico","category-natacion-con-aletas","category-venezuela","tag-yantai-2015"],"modified_by":"Sportalsub.net","views":5450,"jetpack_publicize_connections":[],"jetpack_featured_media_url":"https:\/\/www.sportalsub.net\/blog\/wp-content\/uploads\/2015\/08\/latinoamericayantai.jpg","jetpack_sharing_enabled":true,"jetpack_shortlink":"https:\/\/wp.me\/pf9lN-5Fa","jetpack_likes_enabled":false,"jetpack-related-posts":[{"id":21172,"url":"https:\/\/www.sportalsub.net\/blog\/fmas-internacionales-2015","url_meta":{"origin":21772,"position":0},"title":"\ud83c\uddf2\ud83c\uddfd Federaci\u00f3n Mexicana de Actividades Subacu\u00e1ticas incrementa actividades internacionales","author":"Sportalsub.net","date":"11 julio 2015","format":false,"excerpt":"(Sportalsub.net \/ FMAS) Salvador Badillo competir\u00e1 en Mundial de Nado con Aletas en China; confirmados cinco pa\u00edses al Panamericano de Pesca Submarina Ciudad de M\u00e9xico. A 11 de julio de 2015.- Rogelio Flores Aguilera, presidente de la Federaci\u00f3n Mexicana de Actividades Subacu\u00e1ticas, inform\u00f3 de la presencia de atletas de este\u2026","rel":"","context":"En \u00abApnea\u00bb","block_context":{"text":"Apnea","link":"https:\/\/www.sportalsub.net\/blog\/category\/modalidades\/apnea\/"},"img":{"alt_text":"","src":"https:\/\/i0.wp.com\/www.sportalsub.net\/blog\/wp-content\/uploads\/2015\/07\/salvador-badillo.jpg?resize=350%2C200&ssl=1","width":350,"height":200,"srcset":"https:\/\/i0.wp.com\/www.sportalsub.net\/blog\/wp-content\/uploads\/2015\/07\/salvador-badillo.jpg?resize=350%2C200&ssl=1 1x, https:\/\/i0.wp.com\/www.sportalsub.net\/blog\/wp-content\/uploads\/2015\/07\/salvador-badillo.jpg?resize=525%2C300&ssl=1 1.5x, https:\/\/i0.wp.com\/www.sportalsub.net\/blog\/wp-content\/uploads\/2015\/07\/salvador-badillo.jpg?resize=700%2C400&ssl=1 2x"},"classes":[]},{"id":9902,"url":"https:\/\/www.sportalsub.net\/blog\/deportista-mexicano-salvador-badillo-estara-presente-en-la-natacion-con-aletas-del-ii-festival-nautico-en-venezuela\/","url_meta":{"origin":21772,"position":1},"title":"\ud83c\uddf2\ud83c\uddfd Deportista Mexicano Salvador Badillo estar\u00e1 presente en la Nataci\u00f3n con Aletas del II Festival N\u00e1utico en Venezuela","author":"Sportalsub.net","date":"13 julio 2011","format":false,"excerpt":"(Especial Sportalsub.net) El destacado deportista de nataci\u00f3n con aletas mexicano Salvador Badillo estar\u00e1 presente en la competencia de Nataci\u00f3n con Aletas 3Kms del II Festival N\u00e1utico 2011 que se llevar\u00e1 a cabo el s\u00e1bado 23 de julio en aguas de playa Doral, Puerto la Cruz, Estado Anzo\u00e1tegui, Venezuela. Gracias a\u2026","rel":"","context":"En \u00abFestival Nautico 2011\u00bb","block_context":{"text":"Festival Nautico 2011","link":"https:\/\/www.sportalsub.net\/blog\/category\/coberturas-especiales\/festival-nautico-2011\/"},"img":{"alt_text":"","src":"https:\/\/i0.wp.com\/www.sportalsub.net\/blog\/wp-content\/uploads\/2011\/07\/salvador-mexico.jpg?resize=350%2C200&ssl=1","width":350,"height":200,"srcset":"https:\/\/i0.wp.com\/www.sportalsub.net\/blog\/wp-content\/uploads\/2011\/07\/salvador-mexico.jpg?resize=350%2C200&ssl=1 1x, https:\/\/i0.wp.com\/www.sportalsub.net\/blog\/wp-content\/uploads\/2011\/07\/salvador-mexico.jpg?resize=525%2C300&ssl=1 1.5x"},"classes":[]},{"id":20378,"url":"https:\/\/www.sportalsub.net\/blog\/mexico-copa-mundo-nado-aletas-polonia-2015","url_meta":{"origin":21772,"position":2},"title":"\ud83c\uddf2\ud83c\uddfd Medallas y R\u00e9cords Nacionales para M\u00e9xico en Copa Mundo y Campeonato Internacional Universitario de Nataci\u00f3n con Aletas en Polonia","author":"Sportalsub.net","date":"18 abril 2015","format":false,"excerpt":"(Sportalsub.net \/ FMAS) Olsztyn, Polonia. Salvador Badillo Enr\u00edquez y Miranda Portocarrero Meza, representantes del equipo de la Universidad Nacional Aut\u00f3noma de M\u00e9xico de la Federaci\u00f3n Mexicana de Actividades Subacu\u00e1ticas (UNAM-FMAS) consiguieron dos\u00a0medallas de plata y dos r\u00e9cords nacionales mexicanos, en la 4ta Ronda de la X Copa del Mundo de\u2026","rel":"","context":"En \u00abM\u00e9xico\u00bb","block_context":{"text":"M\u00e9xico","link":"https:\/\/www.sportalsub.net\/blog\/category\/paises\/america\/mexico\/"},"img":{"alt_text":"","src":"https:\/\/i0.wp.com\/www.sportalsub.net\/blog\/wp-content\/uploads\/2015\/04\/miranda-salvador1.jpg?resize=350%2C200&ssl=1","width":350,"height":200,"srcset":"https:\/\/i0.wp.com\/www.sportalsub.net\/blog\/wp-content\/uploads\/2015\/04\/miranda-salvador1.jpg?resize=350%2C200&ssl=1 1x, https:\/\/i0.wp.com\/www.sportalsub.net\/blog\/wp-content\/uploads\/2015\/04\/miranda-salvador1.jpg?resize=525%2C300&ssl=1 1.5x, https:\/\/i0.wp.com\/www.sportalsub.net\/blog\/wp-content\/uploads\/2015\/04\/miranda-salvador1.jpg?resize=700%2C400&ssl=1 2x"},"classes":[]},{"id":589,"url":"https:\/\/www.sportalsub.net\/blog\/tercera-jornada-natacion-con-aletas-en-2da-copa-cmas-zona-america-mexico-2008\/","url_meta":{"origin":21772,"position":3},"title":"\ud83c\uddf2\ud83c\uddfd Tercera Jornada Nataci\u00f3n con Aletas en 2da Copa CMAS Zona Am\u00e9rica M\u00e9xico 2008","author":"Sportalsub.net","date":"5 noviembre 2008","format":false,"excerpt":"El mexicano Salvador Badillo sum\u00f3 seis medallas de oro constituy\u00e9ndose como el mejor competidor de la 2\u00aa. Copa de la Confederaci\u00f3n Mundial de Actividades Subacu\u00e1ticas (CMAS) en la Zona Am\u00e9rica al conseguir hoy la presea dorada en el relevo de 400 metros varonil en el cierre de las competencias de\u2026","rel":"","context":"En \u00abCopa Panamericana 2008\u00bb","block_context":{"text":"Copa Panamericana 2008","link":"https:\/\/www.sportalsub.net\/blog\/category\/coberturas-especiales\/2da-copa-panamericana-actividades-subacuaticas-mexico-2008\/"},"img":{"alt_text":"","src":"https:\/\/i0.wp.com\/www.sportalsub.net\/blog\/wp-content\/uploads\/2008\/11\/badillo.jpg?resize=350%2C200&ssl=1","width":350,"height":200},"classes":[]},{"id":613,"url":"https:\/\/www.sportalsub.net\/blog\/mexico-triunfa-en-natacion-con-aletas-gran-fondo-en-2da-copa-cmas-zona-america\/","url_meta":{"origin":21772,"position":4},"title":"\ud83c\uddf2\ud83c\uddfd M\u00e9xico triunfa en Nataci\u00f3n con Aletas Gran Fondo en 2da Copa CMAS Zona Am\u00e9rica","author":"Sportalsub.net","date":"10 noviembre 2008","format":false,"excerpt":"El atleta mexicano Salvador Badillo alcanz\u00f3 la victoria en la prueba de gran fondo en aguas abiertas cubriendo la distancia de 6 kil\u00f3metros en un tiempo de 1:15.06 horas al concluir la 2\u00aa. Copa de la Confederaci\u00f3n Mundial de Actividades Subacu\u00e1ticas (CMAS) Zona Am\u00e9rica. Mientras el nadador nacional, Badillo, se\u2026","rel":"","context":"En \u00abCopa Panamericana 2008\u00bb","block_context":{"text":"Copa Panamericana 2008","link":"https:\/\/www.sportalsub.net\/blog\/category\/coberturas-especiales\/2da-copa-panamericana-actividades-subacuaticas-mexico-2008\/"},"img":{"alt_text":"","src":"https:\/\/i0.wp.com\/www.sportalsub.net\/blog\/wp-content\/uploads\/2008\/11\/8991.jpg?resize=350%2C200&ssl=1","width":350,"height":200,"srcset":"https:\/\/i0.wp.com\/www.sportalsub.net\/blog\/wp-content\/uploads\/2008\/11\/8991.jpg?resize=350%2C200&ssl=1 1x, https:\/\/i0.wp.com\/www.sportalsub.net\/blog\/wp-content\/uploads\/2008\/11\/8991.jpg?resize=525%2C300&ssl=1 1.5x, https:\/\/i0.wp.com\/www.sportalsub.net\/blog\/wp-content\/uploads\/2008\/11\/8991.jpg?resize=700%2C400&ssl=1 2x"},"classes":[]},{"id":12020,"url":"https:\/\/www.sportalsub.net\/blog\/mexico-tambien-dice-presente-en-el-panamericano-de-apnea-y-natacion-con-aletas-cali-2012\/","url_meta":{"origin":21772,"position":5},"title":"\ud83c\uddf2\ud83c\uddfd M\u00e9xico tambi\u00e9n dice presente en el Panamericano de Apnea y Nataci\u00f3n con Aletas Cali 2012","author":"Sportalsub.net","date":"28 marzo 2012","format":false,"excerpt":"(Especial Sportalsub.net \/ FMAS) La Selecci\u00f3n mexicana de Actividades Subacu\u00e1ticas en las modalidades de apnea y nataci\u00f3n con aletas en piscina tambi\u00e9n se har\u00e1 presente en el IV Campeonato Panamericano a realizarse del 30 de marzo al 2 de abril en la ciudad de Cali, Colombia. M\u00e9xico presenta un equipo\u2026","rel":"","context":"En \u00abApnea\u00bb","block_context":{"text":"Apnea","link":"https:\/\/www.sportalsub.net\/blog\/category\/modalidades\/apnea\/"},"img":{"alt_text":"","src":"https:\/\/i0.wp.com\/www.sportalsub.net\/blog\/wp-content\/uploads\/2012\/03\/mexico-sub.jpg?resize=350%2C200&ssl=1","width":350,"height":200,"srcset":"https:\/\/i0.wp.com\/www.sportalsub.net\/blog\/wp-content\/uploads\/2012\/03\/mexico-sub.jpg?resize=350%2C200&ssl=1 1x, https:\/\/i0.wp.com\/www.sportalsub.net\/blog\/wp-content\/uploads\/2012\/03\/mexico-sub.jpg?resize=525%2C300&ssl=1 1.5x"},"classes":[]}],"_links":{"self":[{"href":"https:\/\/www.sportalsub.net\/blog\/wp-json\/wp\/v2\/posts\/21772","targetHints":{"allow":["GET"]}}],"collection":[{"href":"https:\/\/www.sportalsub.net\/blog\/wp-json\/wp\/v2\/posts"}],"about":[{"href":"https:\/\/www.sportalsub.net\/blog\/wp-json\/wp\/v2\/types\/post"}],"author":[{"embeddable":true,"href":"https:\/\/www.sportalsub.net\/blog\/wp-json\/wp\/v2\/users\/1"}],"replies":[{"embeddable":true,"href":"https:\/\/www.sportalsub.net\/blog\/wp-json\/wp\/v2\/comments?post=21772"}],"version-history":[{"count":0,"href":"https:\/\/www.sportalsub.net\/blog\/wp-json\/wp\/v2\/posts\/21772\/revisions"}],"wp:featuredmedia":[{"embeddable":true,"href":"https:\/\/www.sportalsub.net\/blog\/wp-json\/wp\/v2\/media\/21774"}],"wp:attachment":[{"href":"https:\/\/www.sportalsub.net\/blog\/wp-json\/wp\/v2\/media?parent=21772"}],"wp:term":[{"taxonomy":"category","embeddable":true,"href":"https:\/\/www.sportalsub.net\/blog\/wp-json\/wp\/v2\/categories?post=21772"},{"taxonomy":"post_tag","embeddable":true,"href":"https:\/\/www.sportalsub.net\/blog\/wp-json\/wp\/v2\/tags?post=21772"}],"curies":[{"name":"wp","href":"https:\/\/api.w.org\/{rel}","templated":true}]}}