{"id":22107,"date":"2015-10-30T16:10:12","date_gmt":"2015-10-30T20:40:12","guid":{"rendered":"http:\/\/www.sportalsub.net\/blog\/?p=22107"},"modified":"2019-08-30T20:28:41","modified_gmt":"2019-08-31T00:28:41","slug":"1ra-copa-internacional-abierta-de-apnea-2015-en-margarita-venezuela","status":"publish","type":"post","link":"https:\/\/www.sportalsub.net\/blog\/1ra-copa-internacional-apnea-margarita-venezuela","title":{"rendered":"\ud83c\uddfb\ud83c\uddea Suspendida 1ra Copa Internacional Abierta de Apnea 2015 en Margarita, Venezuela"},"content":{"rendered":"<p><a href=\"http:\/\/www.sportalsub.net\/blog\/wp-content\/uploads\/2015\/09\/AFICHE-APNEA-MARGARITA-2015.jpg\" target=\"_blank\"><img loading=\"lazy\" decoding=\"async\" class=\"alignnone size-large wp-image-22108\" src=\"http:\/\/www.sportalsub.net\/blog\/wp-content\/uploads\/2015\/09\/AFICHE-APNEA-MARGARITA-2015-1024x629.jpg\" alt=\"AFICHE APNEA MARGARITA 2015\" width=\"1024\" height=\"629\" srcset=\"https:\/\/www.sportalsub.net\/blog\/wp-content\/uploads\/2015\/09\/AFICHE-APNEA-MARGARITA-2015.jpg 1024w, https:\/\/www.sportalsub.net\/blog\/wp-content\/uploads\/2015\/09\/AFICHE-APNEA-MARGARITA-2015-768x472.jpg 768w, https:\/\/www.sportalsub.net\/blog\/wp-content\/uploads\/2015\/09\/AFICHE-APNEA-MARGARITA-2015-300x184.jpg 300w\" sizes=\"auto, (max-width: 1024px) 100vw, 1024px\" \/><\/a><\/p>\n<p>(FVAS \/ CMAS Zona Am\u00e9rica \/ Pescaloapulmon)<\/p>\n<p>La Federaci\u00f3n Venezolana de Actividades Subacu\u00e1ticas y la Confederaci\u00f3n Mundial de Actividades Subacu\u00e1ticas CMAS Zona Am\u00e9rica anuncian la suspensi\u00f3n\u00a0de la\u00a01ra Copa Internacional Abierta de Apnea Margarita 2015 en las modalidades de\u00a0Est\u00e1tica, Din\u00e1mica con y sin equipo, Jump Blue a llevarse a cabo en el Complejo de piscinas Guatamare, Isla de Margarita, Edo. Nueva Esparta, Venezuela del\u00a010 al 15 de noviembre. El evento incluir\u00eda tambi\u00e9n una exhibici\u00f3n de nataci\u00f3n con aletas infantil y ser\u00eda organizado por Pescaloapulmon.com<\/p>\n<p>A continuaci\u00f3n la informaci\u00f3n publicada por el organizador del evento respecto a la suspensi\u00f3n:<\/p>\n<blockquote><p>Por razones ajenas a nuestra voluntad la Organizaci\u00f3n Pescaloapulmon debe suspender hasta nuevo aviso el evento pautado del 10 al 15 de Noviembre 2015 en la Isla de Margarita.<\/p>\n<p><strong>1er. Campeonato Nacional Abierto Internacional de Apnea en Piscina y Jump Blue Margarita 2015<\/strong><\/p>\n<p>Comprometidos con la excelencia y la buena organizaci\u00f3n, nos vemos en la necesidad de suspender el evento, por no tener las herramientas y poder\u00a0dar un Evento de calidad y de alto nivel competitivo, como nuestros atletas se lo merecen.<\/p>\n<p>Pedimos disculpa por las molestias causadas.<\/p>\n<p>Nota: Para la fecha (22\/10\/15), no se hab\u00eda recibido ninguna inscripci\u00f3n formal a nuestros correos.<\/p>\n<p>Invitamos a estar pendiente de la pr\u00f3xima fecha, donde aseguraremos una excelente organizacion, participacion\u00a0de atletas y sobre todo la logistica acorde al evento.<\/p>\n<p>Oscar Ruiz Cubillan<br \/>\nDirector de Organizaci\u00f3n.<\/p><\/blockquote>\n<p><strong>INFORMACI\u00d3N PARA ATLETAS INTERNACIONALES<\/strong><\/p>\n<p><strong><img decoding=\"async\" src=\"http:\/\/www.sportalsub.net\/blog\/wp-content\/uploads\/2009\/10\/pdf.gif\" alt=\"\" \/> <a href=\"http:\/\/www.cmasamerica.org\/wp-content\/uploads\/2015\/09\/INVITACION-INTERNACIONAL-MARGARITA-2015.pdf\" target=\"_blank\" rel=\"noopener noreferrer\" target=\"_blank\">Invitaci\u00f3n y Convocatoria Internacional<\/a><\/strong><br \/>\n<strong><img decoding=\"async\" src=\"http:\/\/www.sportalsub.net\/blog\/wp-content\/uploads\/2009\/10\/pdf.gif\" alt=\"\" \/> <a href=\"http:\/\/www.cmasamerica.org\/wp-content\/uploads\/2015\/09\/PLANILLA-DE-INSCRIPCCION-INTERNACIONAL-MARGARITA-2015-1.pdf\" target=\"_blank\" rel=\"noopener noreferrer\" target=\"_blank\">Planilla de Inscripci\u00f3n Internacional<\/a><\/strong><br \/>\n<strong><img decoding=\"async\" src=\"http:\/\/www.sportalsub.net\/blog\/wp-content\/uploads\/2009\/10\/pdf.gif\" alt=\"\" \/> <a href=\"http:\/\/www.fvas.com.ve\/wp-content\/uploads\/2015\/09\/LIBERACION-DE-RESPONSABILIDAD-MARGARITA-2015.pdf\" target=\"_blank\" rel=\"noopener noreferrer\" target=\"_blank\">Liberaci\u00f3n de Responsabilidades<\/a><\/strong><\/p>\n<p><strong>INFORMACI\u00d3N PARA ATLETAS DE VENEZUELA<\/strong><\/p>\n<p><strong><img decoding=\"async\" src=\"http:\/\/www.sportalsub.net\/blog\/wp-content\/uploads\/2009\/10\/pdf.gif\" alt=\"\" \/>\u00a0<a href=\"http:\/\/www.fvas.com.ve\/wp-content\/uploads\/2015\/09\/INVITACION-NACIONAL-APNEA-MARGARITA-2015.pdf\" target=\"_blank\" rel=\"noopener noreferrer\" target=\"_blank\">Invitaci\u00f3n y Convocatoria Nacional<\/a><\/strong><br \/>\n<strong><img decoding=\"async\" src=\"http:\/\/www.sportalsub.net\/blog\/wp-content\/uploads\/2009\/10\/pdf.gif\" alt=\"\" \/>\u00a0<a href=\"http:\/\/www.fvas.com.ve\/wp-content\/uploads\/2015\/09\/PLANILLA-DE-INSCRIPCCION-NACIONAL-MARGARITA-2015-1.pdf\" target=\"_blank\" rel=\"noopener noreferrer\" target=\"_blank\">Planilla de Inscripci\u00f3n<\/a><\/strong><br \/>\n<strong><img decoding=\"async\" src=\"http:\/\/www.sportalsub.net\/blog\/wp-content\/uploads\/2009\/10\/pdf.gif\" alt=\"\" \/>\u00a0<a href=\"http:\/\/www.fvas.com.ve\/wp-content\/uploads\/2015\/09\/LIBERACION-DE-RESPONSABILIDAD-MARGARITA-2015.pdf\" target=\"_blank\" rel=\"noopener noreferrer\" target=\"_blank\">Liberaci\u00f3n de Responsabilidades<\/a><\/strong><\/p>\n<p>M\u00e1s Informaci\u00f3n: <a href=\"http:\/\/www.fvas.com.ve\/\" target=\"_blank\">FVAS<\/a> \/ <a href=\"http:\/\/www.cmasamerica.org\/\" target=\"_blank\">CMAS Zona Am\u00e9rica<\/a><\/p>\n","protected":false},"excerpt":{"rendered":"<p>(FVAS \/ CMAS Zona Am\u00e9rica \/ Pescaloapulmon) La Federaci\u00f3n Venezolana de Actividades Subacu\u00e1ticas y la Confederaci\u00f3n Mundial de Actividades Subacu\u00e1ticas CMAS Zona Am\u00e9rica anuncian la suspensi\u00f3n\u00a0de la\u00a01ra Copa Internacional Abierta de Apnea Margarita 2015 en las modalidades de\u00a0Est\u00e1tica, Din\u00e1mica con y sin equipo, Jump Blue a llevarse a cabo en el Complejo de piscinas Guatamare, Isla de Margarita, Edo. Nueva [&#8230;]<\/p>\n","protected":false},"author":1,"featured_media":22108,"comment_status":"open","ping_status":"closed","sticky":false,"template":"","format":"standard","meta":{"_lmt_disableupdate":"","_lmt_disable":"","jetpack_post_was_ever_published":false,"_jetpack_newsletter_access":"","_jetpack_dont_email_post_to_subs":false,"_jetpack_newsletter_tier_id":0,"_jetpack_memberships_contains_paywalled_content":false,"_jetpack_memberships_contains_paid_content":false,"footnotes":"","jetpack_publicize_message":"","jetpack_publicize_feature_enabled":true,"jetpack_social_post_already_shared":true,"jetpack_social_options":{"image_generator_settings":{"template":"highway","default_image_id":0,"font":"","enabled":false},"version":2}},"categories":[9,8],"tags":[],"class_list":["post-22107","post","type-post","status-publish","format-standard","has-post-thumbnail","hentry","category-apnea","category-venezuela"],"modified_by":"Sportalsub.net","views":3056,"jetpack_publicize_connections":[],"jetpack_featured_media_url":"https:\/\/www.sportalsub.net\/blog\/wp-content\/uploads\/2015\/09\/AFICHE-APNEA-MARGARITA-2015.jpg","jetpack_sharing_enabled":true,"jetpack_shortlink":"https:\/\/wp.me\/pf9lN-5Kz","jetpack_likes_enabled":false,"jetpack-related-posts":[{"id":478,"url":"https:\/\/www.sportalsub.net\/blog\/venezuela-asiste-a-la-2da-copa-panamericana-de-actividades-subacuaticas-en-mexico\/","url_meta":{"origin":22107,"position":0},"title":"\ud83c\uddfb\ud83c\uddea Venezuela asiste a la 2da Copa Panamericana de  Actividades Subacu\u00e1ticas en M\u00e9xico","author":"Sportalsub.net","date":"30 octubre 2008","format":false,"excerpt":"Del 1 al 11 de Noviembre se realizar\u00e1 en M\u00e9xico la 2da Copa Panamericana de Actividades Subacu\u00e1ticas, avalada por la Confederaci\u00f3n Mundial de Actividades Subacu\u00e1ticas Zona Am\u00e9rica, y Venezuela participar\u00e1 en las modalidades de Apnea y\u00a0 Nataci\u00f3n con Aletas. La Selecci\u00f3n Nacional buscar\u00e1 en esta oportunidad mantener o mejorar la\u2026","rel":"","context":"En \u00abApnea\u00bb","block_context":{"text":"Apnea","link":"https:\/\/www.sportalsub.net\/blog\/category\/modalidades\/apnea\/"},"img":{"alt_text":"","src":"https:\/\/i0.wp.com\/www.sportalsub.net\/blog\/wp-content\/uploads\/2008\/10\/bari_nadosub0001.jpg?resize=350%2C200&ssl=1","width":350,"height":200,"srcset":"https:\/\/i0.wp.com\/www.sportalsub.net\/blog\/wp-content\/uploads\/2008\/10\/bari_nadosub0001.jpg?resize=350%2C200&ssl=1 1x, https:\/\/i0.wp.com\/www.sportalsub.net\/blog\/wp-content\/uploads\/2008\/10\/bari_nadosub0001.jpg?resize=525%2C300&ssl=1 1.5x, https:\/\/i0.wp.com\/www.sportalsub.net\/blog\/wp-content\/uploads\/2008\/10\/bari_nadosub0001.jpg?resize=700%2C400&ssl=1 2x"},"classes":[]},{"id":19261,"url":"https:\/\/www.sportalsub.net\/blog\/calendario-cmas-zona-america-2015","url_meta":{"origin":22107,"position":1},"title":"\ud83c\udf0e Calendario de Actividades Subacu\u00e1ticas CMAS Zona Am\u00e9rica 2015","author":"Sportalsub.net","date":"23 diciembre 2014","format":false,"excerpt":"(Sportalsub.net \/ CMAS Zona Am\u00e9rica) En el sitio web oficial de CMAS Zona Am\u00e9rica encontrar\u00e1n toda la informaci\u00f3n de las Actividades Subacu\u00e1ticas en el Continente y el Calendario Internacional para 2015 en el que se incluyen los Campeonatos y eventos internacionales avalados por CMAS a realizarse en la regi\u00f3n, as\u00ed\u2026","rel":"","context":"En \u00abApnea\u00bb","block_context":{"text":"Apnea","link":"https:\/\/www.sportalsub.net\/blog\/category\/modalidades\/apnea\/"},"img":{"alt_text":"","src":"https:\/\/i0.wp.com\/www.sportalsub.net\/blog\/wp-content\/uploads\/2014\/12\/cmas-america.jpg?resize=350%2C200&ssl=1","width":350,"height":200,"srcset":"https:\/\/i0.wp.com\/www.sportalsub.net\/blog\/wp-content\/uploads\/2014\/12\/cmas-america.jpg?resize=350%2C200&ssl=1 1x, https:\/\/i0.wp.com\/www.sportalsub.net\/blog\/wp-content\/uploads\/2014\/12\/cmas-america.jpg?resize=525%2C300&ssl=1 1.5x, https:\/\/i0.wp.com\/www.sportalsub.net\/blog\/wp-content\/uploads\/2014\/12\/cmas-america.jpg?resize=700%2C400&ssl=1 2x"},"classes":[]},{"id":28006,"url":"https:\/\/www.sportalsub.net\/blog\/mundial-clubes-rugby-subacuatico-cmas-colombia","url_meta":{"origin":22107,"position":2},"title":"\ud83c\udde8\ud83c\uddf4 CMAS confirma que Colombia ser\u00e1 sede de la 1ra Copa Am\u00e9rica de Clubes de Rugby Subacu\u00e1tico","author":"Sportalsub.net","date":"30 julio 2018","format":false,"excerpt":"(Sportalsub.net \/ Comisi\u00f3n de Rugby Subacu\u00e1tico CMAS) - Read in English El pasado 4 de mayo de 2018,\u00a0Levent Cavas, Director de la\u00a0Comisi\u00f3n de Rugby Subacu\u00e1tico de la Confederaci\u00f3n Mundial de Actividades Subacu\u00e1ticas (CMAS), hab\u00eda anunciado en la p\u00e1gina Facebook de dicha comisi\u00f3n, que se estar\u00eda preparando una Copa Mundial de\u2026","rel":"","context":"En \u00abColombia\u00bb","block_context":{"text":"Colombia","link":"https:\/\/www.sportalsub.net\/blog\/category\/paises\/america\/colombia\/"},"img":{"alt_text":"","src":"https:\/\/i0.wp.com\/www.sportalsub.net\/blog\/wp-content\/uploads\/2014\/02\/rugbysub-cali-2015.jpg?resize=350%2C200&ssl=1","width":350,"height":200,"srcset":"https:\/\/i0.wp.com\/www.sportalsub.net\/blog\/wp-content\/uploads\/2014\/02\/rugbysub-cali-2015.jpg?resize=350%2C200&ssl=1 1x, https:\/\/i0.wp.com\/www.sportalsub.net\/blog\/wp-content\/uploads\/2014\/02\/rugbysub-cali-2015.jpg?resize=525%2C300&ssl=1 1.5x, https:\/\/i0.wp.com\/www.sportalsub.net\/blog\/wp-content\/uploads\/2014\/02\/rugbysub-cali-2015.jpg?resize=700%2C400&ssl=1 2x"},"classes":[]},{"id":24408,"url":"https:\/\/www.sportalsub.net\/blog\/1er-taller-de-iniciacion-a-las-actividades-subacuaticas-2016-en-caracas-venezuela\/","url_meta":{"origin":22107,"position":3},"title":"\ud83c\uddfb\ud83c\uddea Realizado con \u00e9xito 1er Taller de Iniciaci\u00f3n a las Actividades Subacu\u00e1ticas 2016 en Caracas, Venezuela","author":"Sportalsub.net","date":"20 junio 2016","format":false,"excerpt":"(Sportalsub.net \/ Pescaloapulmon) Con el fin de \u00a0seguir apoyando al fortalecimiento y reimpulso de la Federaci\u00f3n Venezolana de Actividades Subacu\u00e1ticas, se di\u00f3\u00a0inicio \u00a0a los talleres \u00a0de iniciaci\u00f3n las actividades subacu\u00e1ticas a nivel nacional en Venezuela. Este 1er Taller de 2016, actividad organizada por Pescaloapulmon y el Club de Actividades Subacu\u00e1ticas\u2026","rel":"","context":"En \u00abApnea\u00bb","block_context":{"text":"Apnea","link":"https:\/\/www.sportalsub.net\/blog\/category\/modalidades\/apnea\/"},"img":{"alt_text":"","src":"https:\/\/i0.wp.com\/www.sportalsub.net\/blog\/wp-content\/uploads\/2016\/06\/taller2.jpg?resize=350%2C200&ssl=1","width":350,"height":200,"srcset":"https:\/\/i0.wp.com\/www.sportalsub.net\/blog\/wp-content\/uploads\/2016\/06\/taller2.jpg?resize=350%2C200&ssl=1 1x, https:\/\/i0.wp.com\/www.sportalsub.net\/blog\/wp-content\/uploads\/2016\/06\/taller2.jpg?resize=525%2C300&ssl=1 1.5x, https:\/\/i0.wp.com\/www.sportalsub.net\/blog\/wp-content\/uploads\/2016\/06\/taller2.jpg?resize=700%2C400&ssl=1 2x"},"classes":[]},{"id":4226,"url":"https:\/\/www.sportalsub.net\/blog\/1ra-copa-cmas-america-de-apnea-y-natacion-con-aletas-cuba-2006\/","url_meta":{"origin":22107,"position":4},"title":"\ud83c\udde8\ud83c\uddfa 1ra Copa CMAS Am\u00e9rica de Apnea y Nataci\u00f3n con Aletas &#8211; Cuba 2006","author":"Sportalsub.net","date":"3 agosto 2006","format":false,"excerpt":"Foto: Ronald Laurens @ Sportalsub.net Jueves 3\u00a0de Agosto\u00a02006\/ Especial Sportalsub Con la participaci\u00f3n de 4 pa\u00edses y la asistencia del presidente de la Confederaci\u00f3n Mundial de Actividades Subacuaticas, se realiz\u00f3 con todo exito\u00a0la 1 Copa Panamericana CMAS Zona Am\u00e9rica de Apnea y Nataci\u00f3n con Aletas, en el Complejo de piscinas\u2026","rel":"","context":"En \u00abApnea\u00bb","block_context":{"text":"Apnea","link":"https:\/\/www.sportalsub.net\/blog\/category\/modalidades\/apnea\/"},"img":{"alt_text":"","src":"https:\/\/i0.wp.com\/www.sportalsub.net\/blog\/wp-content\/uploads\/2013\/11\/26957_407024792064_72773737064_4698303_5111683_n.jpg?resize=350%2C200&ssl=1","width":350,"height":200,"srcset":"https:\/\/i0.wp.com\/www.sportalsub.net\/blog\/wp-content\/uploads\/2013\/11\/26957_407024792064_72773737064_4698303_5111683_n.jpg?resize=350%2C200&ssl=1 1x, https:\/\/i0.wp.com\/www.sportalsub.net\/blog\/wp-content\/uploads\/2013\/11\/26957_407024792064_72773737064_4698303_5111683_n.jpg?resize=525%2C300&ssl=1 1.5x"},"classes":[]},{"id":18735,"url":"https:\/\/www.sportalsub.net\/blog\/resultados-records-apnea-nadosub-cmas-america","url_meta":{"origin":22107,"position":5},"title":"\ud83c\udf0e Resultados y R\u00e9cords Campeonatos Panamericanos de Apnea y Nataci\u00f3n con Aletas CMAS Zona Am\u00e9rica","author":"Sportalsub.net","date":"7 octubre 2014","format":false,"excerpt":"(Sportalsub.net \/ CMAS Zona Am\u00e9rica) Sportalsub.net, colaborador\u00a0oficial de la Confederaci\u00f3n Mundial de Actividades Subacu\u00e1ticas Zona Am\u00e9rica (CMAS Am\u00e9rica) presenta los resultados y R\u00e9cords de las 5 primeras ediciones de la Copa Panamericana y Campeonato Panamericano CMAS Zona Am\u00e9rica de los eventos realizados: Cuba 2006, M\u00e9xico 2008, Cuba 2010, Colombia 2012\u2026","rel":"","context":"En \u00abApnea\u00bb","block_context":{"text":"Apnea","link":"https:\/\/www.sportalsub.net\/blog\/category\/modalidades\/apnea\/"},"img":{"alt_text":"","src":"https:\/\/i0.wp.com\/www.sportalsub.net\/blog\/wp-content\/uploads\/2014\/10\/records-cmas-america.jpg?resize=350%2C200&ssl=1","width":350,"height":200,"srcset":"https:\/\/i0.wp.com\/www.sportalsub.net\/blog\/wp-content\/uploads\/2014\/10\/records-cmas-america.jpg?resize=350%2C200&ssl=1 1x, https:\/\/i0.wp.com\/www.sportalsub.net\/blog\/wp-content\/uploads\/2014\/10\/records-cmas-america.jpg?resize=525%2C300&ssl=1 1.5x"},"classes":[]}],"_links":{"self":[{"href":"https:\/\/www.sportalsub.net\/blog\/wp-json\/wp\/v2\/posts\/22107","targetHints":{"allow":["GET"]}}],"collection":[{"href":"https:\/\/www.sportalsub.net\/blog\/wp-json\/wp\/v2\/posts"}],"about":[{"href":"https:\/\/www.sportalsub.net\/blog\/wp-json\/wp\/v2\/types\/post"}],"author":[{"embeddable":true,"href":"https:\/\/www.sportalsub.net\/blog\/wp-json\/wp\/v2\/users\/1"}],"replies":[{"embeddable":true,"href":"https:\/\/www.sportalsub.net\/blog\/wp-json\/wp\/v2\/comments?post=22107"}],"version-history":[{"count":0,"href":"https:\/\/www.sportalsub.net\/blog\/wp-json\/wp\/v2\/posts\/22107\/revisions"}],"wp:featuredmedia":[{"embeddable":true,"href":"https:\/\/www.sportalsub.net\/blog\/wp-json\/wp\/v2\/media\/22108"}],"wp:attachment":[{"href":"https:\/\/www.sportalsub.net\/blog\/wp-json\/wp\/v2\/media?parent=22107"}],"wp:term":[{"taxonomy":"category","embeddable":true,"href":"https:\/\/www.sportalsub.net\/blog\/wp-json\/wp\/v2\/categories?post=22107"},{"taxonomy":"post_tag","embeddable":true,"href":"https:\/\/www.sportalsub.net\/blog\/wp-json\/wp\/v2\/tags?post=22107"}],"curies":[{"name":"wp","href":"https:\/\/api.w.org\/{rel}","templated":true}]}}