{"id":22530,"date":"2015-12-21T09:45:55","date_gmt":"2015-12-21T14:15:55","guid":{"rendered":"http:\/\/www.sportalsub.net\/blog\/?p=22530"},"modified":"2019-09-01T02:04:37","modified_gmt":"2019-09-01T06:04:37","slug":"vi-open-apnea-catalunya-edicion-2015-espana","status":"publish","type":"post","link":"https:\/\/www.sportalsub.net\/blog\/open-apnea-catalunya-2015","title":{"rendered":"\ud83c\uddea\ud83c\uddf8 Resultados VI Open Apnea Catalunya 2015 Espa\u00f1a"},"content":{"rendered":"<p><a href=\"http:\/\/www.sportalsub.net\/blog\/wp-content\/uploads\/2015\/12\/apnea-catalunya.jpg\" rel=\"attachment wp-att-23094\" target=\"_blank\"><img loading=\"lazy\" decoding=\"async\" class=\"alignnone wp-image-23094 size-full\" src=\"http:\/\/www.sportalsub.net\/blog\/wp-content\/uploads\/2015\/12\/apnea-catalunya.jpg\" alt=\"\" width=\"1024\" height=\"630\" srcset=\"https:\/\/www.sportalsub.net\/blog\/wp-content\/uploads\/2015\/12\/apnea-catalunya.jpg 1024w, https:\/\/www.sportalsub.net\/blog\/wp-content\/uploads\/2015\/12\/apnea-catalunya-300x185.jpg 300w, https:\/\/www.sportalsub.net\/blog\/wp-content\/uploads\/2015\/12\/apnea-catalunya-768x473.jpg 768w\" sizes=\"auto, (max-width: 1024px) 100vw, 1024px\" \/><\/a><\/p>\n<p>(Sportalsub.net \/ Apnea Catalunya) &#8211; <a href=\"http:\/\/www.sportalsub.net\/en\/open-apnea-catalunya-2015\">Read in English<\/a><\/p>\n<p>Apnea Catalunya organiz\u00f3\u00a0el VI Open Apnea Catalunya &#8211; Trofeo Oscar Lopez, realizado el\u00a020 de diciembre 2015 en el \u00a0l&#8217;Institut Municipal de l&#8217;esport de Palafrugell. Prueba oficial Oficial AIDA International en las modalidades de Est\u00e1tica, Din\u00e1mica y Din\u00e1mica sin Aletas con Premios en Met\u00e1lico y Sorteo de Material.<\/p>\n<p><img loading=\"lazy\" decoding=\"async\" class=\"alignnone size-full wp-image-23088\" src=\"http:\/\/www.sportalsub.net\/blog\/wp-content\/uploads\/2015\/12\/ganadores-apnea-catalunya.jpg\" alt=\"ganadores-apnea-catalunya\" width=\"960\" height=\"588\" srcset=\"https:\/\/www.sportalsub.net\/blog\/wp-content\/uploads\/2015\/12\/ganadores-apnea-catalunya.jpg 960w, https:\/\/www.sportalsub.net\/blog\/wp-content\/uploads\/2015\/12\/ganadores-apnea-catalunya-300x184.jpg 300w, https:\/\/www.sportalsub.net\/blog\/wp-content\/uploads\/2015\/12\/ganadores-apnea-catalunya-768x470.jpg 768w\" sizes=\"auto, (max-width: 960px) 100vw, 960px\" \/><\/p>\n<p><strong>Resultados\u00a0Absolutos<\/strong><\/p>\n<p><strong>Femenino<\/strong><\/p>\n<ol>\n<li>Gisela Sola &#8211; Espa\u00f1a<\/li>\n<li>Katie Kleinwatcher &#8211; USA<\/li>\n<li>Sara Rivera &#8211; Espa\u00f1a<\/li>\n<\/ol>\n<p><strong>Masculino<\/strong><\/p>\n<ol>\n<li>Aleix Segura \u00a0&#8211; Espa\u00f1a<\/li>\n<li>Mathieu Pebeyre \u00a0&#8211; Francia<\/li>\n<li>David Garrigue &#8211; Francia<\/li>\n<\/ol>\n<p><a href=\"http:\/\/www.sportalsub.net\/blog\/wp-content\/uploads\/2015\/12\/resultados-absolutos.jpg\" rel=\"attachment wp-att-23089\" target=\"_blank\"><img loading=\"lazy\" decoding=\"async\" class=\"alignnone size-full wp-image-23089\" src=\"http:\/\/www.sportalsub.net\/blog\/wp-content\/uploads\/2015\/12\/resultados-absolutos.jpg\" alt=\"resultados-absolutos\" width=\"688\" height=\"960\" srcset=\"https:\/\/www.sportalsub.net\/blog\/wp-content\/uploads\/2015\/12\/resultados-absolutos.jpg 688w, https:\/\/www.sportalsub.net\/blog\/wp-content\/uploads\/2015\/12\/resultados-absolutos-215x300.jpg 215w\" sizes=\"auto, (max-width: 688px) 100vw, 688px\" \/><\/a><\/p>\n<p><strong>Resultados Est\u00e1tica<\/strong><\/p>\n<p><a href=\"http:\/\/www.sportalsub.net\/blog\/wp-content\/uploads\/2015\/12\/resultados-sta.jpg\" rel=\"attachment wp-att-23090\" target=\"_blank\"><img loading=\"lazy\" decoding=\"async\" class=\"alignnone size-full wp-image-23090\" src=\"http:\/\/www.sportalsub.net\/blog\/wp-content\/uploads\/2015\/12\/resultados-sta.jpg\" alt=\"resultados-sta\" width=\"677\" height=\"960\" srcset=\"https:\/\/www.sportalsub.net\/blog\/wp-content\/uploads\/2015\/12\/resultados-sta.jpg 677w, https:\/\/www.sportalsub.net\/blog\/wp-content\/uploads\/2015\/12\/resultados-sta-212x300.jpg 212w\" sizes=\"auto, (max-width: 677px) 100vw, 677px\" \/><\/a><\/p>\n<p><strong>Resultados Din\u00e1mica sin Aletas<\/strong><\/p>\n<p><a href=\"http:\/\/www.sportalsub.net\/blog\/wp-content\/uploads\/2015\/12\/resultados-dnf.jpg\" rel=\"attachment wp-att-23091\" target=\"_blank\"><img loading=\"lazy\" decoding=\"async\" class=\"alignnone size-full wp-image-23091\" src=\"http:\/\/www.sportalsub.net\/blog\/wp-content\/uploads\/2015\/12\/resultados-dnf.jpg\" alt=\"resultados-dnf\" width=\"573\" height=\"960\" srcset=\"https:\/\/www.sportalsub.net\/blog\/wp-content\/uploads\/2015\/12\/resultados-dnf.jpg 573w, https:\/\/www.sportalsub.net\/blog\/wp-content\/uploads\/2015\/12\/resultados-dnf-179x300.jpg 179w\" sizes=\"auto, (max-width: 573px) 100vw, 573px\" \/><\/a><\/p>\n<p><strong>Resultados Din\u00e1mica con Aletas<\/strong><\/p>\n<p><a href=\"http:\/\/www.sportalsub.net\/blog\/wp-content\/uploads\/2015\/12\/resultados-dyn.jpg\" rel=\"attachment wp-att-23092\" target=\"_blank\"><img loading=\"lazy\" decoding=\"async\" class=\"alignnone size-full wp-image-23092\" src=\"http:\/\/www.sportalsub.net\/blog\/wp-content\/uploads\/2015\/12\/resultados-dyn.jpg\" alt=\"resultados-dyn\" width=\"603\" height=\"960\" srcset=\"https:\/\/www.sportalsub.net\/blog\/wp-content\/uploads\/2015\/12\/resultados-dyn.jpg 603w, https:\/\/www.sportalsub.net\/blog\/wp-content\/uploads\/2015\/12\/resultados-dyn-188x300.jpg 188w\" sizes=\"auto, (max-width: 603px) 100vw, 603px\" \/><\/a><\/p>\n<p>&nbsp;<\/p>\n<ul>\n<li><strong>Horario general<\/strong><\/li>\n<\/ul>\n<table width=\"520\">\n<tbody>\n<tr>\n<td><strong>8:30 \u2013 9:00<\/strong><\/td>\n<td><\/td>\n<td>Registro de los participantes<\/td>\n<\/tr>\n<tr>\n<td><strong>9:15<\/strong><\/td>\n<td><\/td>\n<td>Inicio calentamiento Apnea est\u00e1tica (STA)<\/td>\n<\/tr>\n<tr>\n<td><strong>10:00<\/strong><\/td>\n<td><\/td>\n<td>Inicio prueba de Apnea est\u00e1tica (STA)<\/td>\n<\/tr>\n<tr>\n<td><strong>11:36<\/strong><\/td>\n<td><\/td>\n<td>Inicio prueba Din\u00e1mica con aletas (DYN)<\/td>\n<\/tr>\n<tr>\n<td><strong>13:42<\/strong><\/td>\n<td><\/td>\n<td>Inicio prueba Din\u00e1mica sin aletas (DNF)<\/td>\n<\/tr>\n<tr>\n<td><strong>16:00<\/strong><\/td>\n<td><\/td>\n<td>Entrega de premios, Sorteo de material y Aperitivo.<\/td>\n<\/tr>\n<\/tbody>\n<\/table>\n<p>&nbsp;<\/p>\n<p><iframe loading=\"lazy\" src=\"https:\/\/www.youtube.com\/embed\/RlltF6wQti8\" width=\"560\" height=\"315\" frameborder=\"0\" allowfullscreen=\"allowfullscreen\"><\/iframe><\/p>\n<p><iframe loading=\"lazy\" src=\"https:\/\/www.youtube.com\/embed\/WwZulJDNqd4\" width=\"560\" height=\"315\" frameborder=\"0\" allowfullscreen=\"allowfullscreen\"><\/iframe><\/p>\n<p>M\u00e1s info:<br \/>\n<a class=\"yt-uix-redirect-link\" dir=\"ltr\" title=\"http:\/\/www.apneacatalunya.com\" href=\"http:\/\/www.apneacatalunya.com\/\" target=\"_blank\" rel=\"nofollow noopener noreferrer\">http:\/\/www.apneacatalunya.com<br \/>\n<\/a><a href=\"mailto:info@apneacatalunya.com\">info@apneacatalunya.com<\/a><br \/>\n<a href=\"https:\/\/www.facebook.com\/apneacatalunya\/?fref=ts\" target=\"_blank\" rel=\"noopener noreferrer\" target=\"_blank\">https:\/\/www.facebook.com\/apneacatalunya\/<\/a><\/p>\n<p><img loading=\"lazy\" decoding=\"async\" class=\"alignnone wp-image-22950 size-full\" src=\"http:\/\/www.sportalsub.net\/blog\/wp-content\/uploads\/2015\/11\/cartell-open-ac-2015-PATROCINADORS.jpg\" alt=\"cartell-open-ac-2015-PATROCINADORS\" width=\"1024\" height=\"623\" srcset=\"https:\/\/www.sportalsub.net\/blog\/wp-content\/uploads\/2015\/11\/cartell-open-ac-2015-PATROCINADORS.jpg 1024w, https:\/\/www.sportalsub.net\/blog\/wp-content\/uploads\/2015\/11\/cartell-open-ac-2015-PATROCINADORS-300x183.jpg 300w, https:\/\/www.sportalsub.net\/blog\/wp-content\/uploads\/2015\/11\/cartell-open-ac-2015-PATROCINADORS-768x467.jpg 768w\" sizes=\"auto, (max-width: 1024px) 100vw, 1024px\" \/><\/p>\n","protected":false},"excerpt":{"rendered":"<p>(Sportalsub.net \/ Apnea Catalunya) &#8211; Read in English Apnea Catalunya organiz\u00f3\u00a0el VI Open Apnea Catalunya &#8211; Trofeo Oscar Lopez, realizado el\u00a020 de diciembre 2015 en el \u00a0l&#8217;Institut Municipal de l&#8217;esport de Palafrugell. Prueba oficial Oficial AIDA International en las modalidades de Est\u00e1tica, Din\u00e1mica y Din\u00e1mica sin Aletas con Premios en Met\u00e1lico y Sorteo de Material. Resultados\u00a0Absolutos Femenino Gisela Sola &#8211; [&#8230;]<\/p>\n","protected":false},"author":1,"featured_media":23094,"comment_status":"open","ping_status":"closed","sticky":false,"template":"","format":"standard","meta":{"_lmt_disableupdate":"","_lmt_disable":"","jetpack_post_was_ever_published":false,"_jetpack_newsletter_access":"","_jetpack_dont_email_post_to_subs":false,"_jetpack_newsletter_tier_id":0,"_jetpack_memberships_contains_paywalled_content":false,"_jetpack_memberships_contains_paid_content":false,"footnotes":"","jetpack_publicize_message":"","jetpack_publicize_feature_enabled":true,"jetpack_social_post_already_shared":true,"jetpack_social_options":{"image_generator_settings":{"template":"highway","default_image_id":0,"font":"","enabled":false},"version":2}},"categories":[9,347,10,176,152,120],"tags":[],"class_list":["post-22530","post","type-post","status-publish","format-standard","has-post-thumbnail","hentry","category-apnea","category-destacados","category-espana","category-estados-unidos","category-francia","category-resultados"],"modified_by":"Sportalsub.net","views":4470,"jetpack_publicize_connections":[],"jetpack_featured_media_url":"https:\/\/www.sportalsub.net\/blog\/wp-content\/uploads\/2015\/12\/apnea-catalunya.jpg","jetpack_sharing_enabled":true,"jetpack_shortlink":"https:\/\/wp.me\/pf9lN-5Ro","jetpack_likes_enabled":false,"jetpack-related-posts":[{"id":14348,"url":"https:\/\/www.sportalsub.net\/blog\/iii-open-apnea-catalunya-16-de-diciembre-espana\/","url_meta":{"origin":22530,"position":0},"title":"\ud83c\uddea\ud83c\uddf8 Resultados del III Open Apnea Catalunya. 16 de Diciembre, Espa\u00f1a","author":"Sportalsub.net","date":"20 diciembre 2012","format":false,"excerpt":"(Especial Sportalsub.net \/ Apnea Catalunya) El pasado domingo 16 de diciembre se realiz\u00f3 en la\u00a0localidad catalana de Palafrugell(Girona), el III Open Apnea Catalunya,con las pruebas de din\u00e1mica con aletas y sin aletas. La competencia fue ganada por el espa\u00f1ol Aleix Segura Vendrell en la categor\u00eda masculina, mientras que en femenino\u2026","rel":"","context":"En \u00abApnea\u00bb","block_context":{"text":"Apnea","link":"https:\/\/www.sportalsub.net\/blog\/category\/modalidades\/apnea\/"},"img":{"alt_text":"open-apnea-catalunya","src":"https:\/\/i0.wp.com\/www.sportalsub.net\/blog\/wp-content\/uploads\/2012\/12\/open-apnea-catalunya.jpg?resize=350%2C200","width":350,"height":200},"classes":[]},{"id":19097,"url":"https:\/\/www.sportalsub.net\/blog\/v-open-apnea-catalunya","url_meta":{"origin":22530,"position":1},"title":"\ud83c\uddea\ud83c\uddf8 Resultados del V Open Apnea Catalunya Apnea Din\u00e1mica con Aletas y sin Aletas y Trofeo Oscar Lopez de Apnea Est\u00e1tica &#8211; Espa\u00f1a","author":"Sportalsub.net","date":"17 diciembre 2014","format":false,"excerpt":"(Sportalsub.net \/ Apnea Catalunya) La asociaci\u00f3n Apnea Catalunya, celebr\u00f3 el domingo 14 de Diciembre en la localidad de Palafrugell (Girona), la V edici\u00f3n del Open Apnea Catalunya en las modalidades de apnea din\u00e1mica con aletas y sin aletas, juntamente con la prueba de apnea est\u00e1tica Trofeo Oscar L\u00f3pez. En el\u2026","rel":"","context":"En \u00abAlemania\u00bb","block_context":{"text":"Alemania","link":"https:\/\/www.sportalsub.net\/blog\/category\/paises\/europa\/alemania\/"},"img":{"alt_text":"","src":"https:\/\/i0.wp.com\/www.sportalsub.net\/blog\/wp-content\/uploads\/2014\/12\/cartel_v_open_logos.jpg?resize=350%2C200&ssl=1","width":350,"height":200,"srcset":"https:\/\/i0.wp.com\/www.sportalsub.net\/blog\/wp-content\/uploads\/2014\/12\/cartel_v_open_logos.jpg?resize=350%2C200&ssl=1 1x, https:\/\/i0.wp.com\/www.sportalsub.net\/blog\/wp-content\/uploads\/2014\/12\/cartel_v_open_logos.jpg?resize=525%2C300&ssl=1 1.5x"},"classes":[]},{"id":17042,"url":"https:\/\/www.sportalsub.net\/blog\/iv-open-apnea-catalunya-y-i-trofeo-de-estatica-oscar-lopez-en-girona-espana\/","url_meta":{"origin":22530,"position":2},"title":"\ud83c\uddea\ud83c\uddf8 Resultados IV Open Apnea Catalunya y I Trofeo de est\u00e1tica Oscar L\u00f3pez en Girona, Espa\u00f1a","author":"Sportalsub.net","date":"18 diciembre 2013","format":false,"excerpt":"(Especial Sportalsub.net \/ Apnea Catalunya) El pasado 15 de diciembre se realiz\u00f3 el\u00a0IV Open Apnea Catalunya y I Trofeo de est\u00e1tica Oscar L\u00f3pez en Girona, Espa\u00f1a. RESULTADOS: DIN\u00c1MICA CON ALETAS DIN\u00c1MICA SIN ALETAS EST\u00c1TICA COMBINADO DIN\u00c1MICA CON ALETAS + DIN\u00c1MICA SIN ALETAS Fuente: Facebook Apnea Catalunya Para este 15 de\u2026","rel":"","context":"En \u00abApnea\u00bb","block_context":{"text":"Apnea","link":"https:\/\/www.sportalsub.net\/blog\/category\/modalidades\/apnea\/"},"img":{"alt_text":"","src":"https:\/\/i0.wp.com\/www.sportalsub.net\/blog\/wp-content\/uploads\/2015\/03\/Cartell-IV-Open-logos2.jpg?resize=350%2C200&ssl=1","width":350,"height":200},"classes":[]},{"id":21998,"url":"https:\/\/www.sportalsub.net\/blog\/iii-open-costa-brava-v-skandalopetra-apnea-catalunya","url_meta":{"origin":22530,"position":3},"title":"\ud83c\uddea\ud83c\uddf8 Resultados del III Open Costa Brava de profundidad y V skandalopetra Apnea Catalunya, Espa\u00f1a","author":"Sportalsub.net","date":"15 septiembre 2015","format":false,"excerpt":"(Sportalsub.net \/ Apnea Catalunya) El pasado 13 de septiembre de 2015 tuvo lugar el III Open Costa Brava y V Skandalopetra, reuniendo un a\u00f1o m\u00e1s a un buen n\u00famero de apne\u00edstas dispuestos a superar una vez m\u00e1s sus l\u00edmites. Siendo este a\u00f1o puntuable para la nueva Liga Catalana de Apnea\u2026","rel":"","context":"En \u00abApnea\u00bb","block_context":{"text":"Apnea","link":"https:\/\/www.sportalsub.net\/blog\/category\/modalidades\/apnea\/"},"img":{"alt_text":"","src":"https:\/\/i0.wp.com\/www.sportalsub.net\/blog\/wp-content\/uploads\/2015\/09\/opencatalunyasub.jpg?resize=350%2C200&ssl=1","width":350,"height":200,"srcset":"https:\/\/i0.wp.com\/www.sportalsub.net\/blog\/wp-content\/uploads\/2015\/09\/opencatalunyasub.jpg?resize=350%2C200&ssl=1 1x, https:\/\/i0.wp.com\/www.sportalsub.net\/blog\/wp-content\/uploads\/2015\/09\/opencatalunyasub.jpg?resize=525%2C300&ssl=1 1.5x, https:\/\/i0.wp.com\/www.sportalsub.net\/blog\/wp-content\/uploads\/2015\/09\/opencatalunyasub.jpg?resize=700%2C400&ssl=1 2x"},"classes":[]},{"id":11351,"url":"https:\/\/www.sportalsub.net\/blog\/ii-open-apnea-catalunya-espana\/","url_meta":{"origin":22530,"position":4},"title":"\ud83c\uddea\ud83c\uddf8 II Open Apnea Catalunya &#8211; Espa\u00f1a","author":"Sportalsub.net","date":"23 noviembre 2011","format":false,"excerpt":"(Especial Sportalsub.net \/ Apnea Catalunya) El pr\u00f3ximo 17 de diciembre en El Prat de Llobregat (Catalunya) se realizar\u00e1 el II Open Apnea Catalunya donde se podran pr\u00e1cticar las disciplinas de apnea din\u00e1mica con aletas y sin aletas. Para este evento se cuenta con la colaboraci\u00f3n de muchas empresas motivadas en\u2026","rel":"","context":"En \u00abApnea\u00bb","block_context":{"text":"Apnea","link":"https:\/\/www.sportalsub.net\/blog\/category\/modalidades\/apnea\/"},"img":{"alt_text":"","src":"https:\/\/i0.wp.com\/www.sportalsub.net\/blog\/wp-content\/uploads\/2011\/11\/Cartell-II-Openweb.jpg?resize=350%2C200&ssl=1","width":350,"height":200,"srcset":"https:\/\/i0.wp.com\/www.sportalsub.net\/blog\/wp-content\/uploads\/2011\/11\/Cartell-II-Openweb.jpg?resize=350%2C200&ssl=1 1x, https:\/\/i0.wp.com\/www.sportalsub.net\/blog\/wp-content\/uploads\/2011\/11\/Cartell-II-Openweb.jpg?resize=525%2C300&ssl=1 1.5x, https:\/\/i0.wp.com\/www.sportalsub.net\/blog\/wp-content\/uploads\/2011\/11\/Cartell-II-Openweb.jpg?resize=700%2C400&ssl=1 2x"},"classes":[]},{"id":11611,"url":"https:\/\/www.sportalsub.net\/blog\/mara-torrealba-gana-el-ii-open-de-apnea-catalunya-espana\/","url_meta":{"origin":22530,"position":5},"title":"\ud83c\uddea\ud83c\uddf8 Mara Torrealba gana el II Open de Apnea Catalunya, Espa\u00f1a","author":"Sportalsub.net","date":"23 diciembre 2011","format":false,"excerpt":"(Especial Sportalsub.net \/ Apnea Catalunya) El 17 de diciembre en la piscina municipal del Prat de Llobregat, la asociaci\u00f3n Apnea Catalunya celebro el II Open Apnea Catalunya. En este evento se practicaron dos modalidades de piscina, la apnea din\u00e1mica con aletas y sin aletas, ambas consisten en realizar la m\u00e1xima\u2026","rel":"","context":"En \u00abApnea\u00bb","block_context":{"text":"Apnea","link":"https:\/\/www.sportalsub.net\/blog\/category\/modalidades\/apnea\/"},"img":{"alt_text":"","src":"https:\/\/i0.wp.com\/www.sportalsub.net\/blog\/wp-content\/uploads\/2011\/12\/mara-torrealba.jpg?resize=350%2C200&ssl=1","width":350,"height":200,"srcset":"https:\/\/i0.wp.com\/www.sportalsub.net\/blog\/wp-content\/uploads\/2011\/12\/mara-torrealba.jpg?resize=350%2C200&ssl=1 1x, https:\/\/i0.wp.com\/www.sportalsub.net\/blog\/wp-content\/uploads\/2011\/12\/mara-torrealba.jpg?resize=525%2C300&ssl=1 1.5x"},"classes":[]}],"_links":{"self":[{"href":"https:\/\/www.sportalsub.net\/blog\/wp-json\/wp\/v2\/posts\/22530","targetHints":{"allow":["GET"]}}],"collection":[{"href":"https:\/\/www.sportalsub.net\/blog\/wp-json\/wp\/v2\/posts"}],"about":[{"href":"https:\/\/www.sportalsub.net\/blog\/wp-json\/wp\/v2\/types\/post"}],"author":[{"embeddable":true,"href":"https:\/\/www.sportalsub.net\/blog\/wp-json\/wp\/v2\/users\/1"}],"replies":[{"embeddable":true,"href":"https:\/\/www.sportalsub.net\/blog\/wp-json\/wp\/v2\/comments?post=22530"}],"version-history":[{"count":0,"href":"https:\/\/www.sportalsub.net\/blog\/wp-json\/wp\/v2\/posts\/22530\/revisions"}],"wp:featuredmedia":[{"embeddable":true,"href":"https:\/\/www.sportalsub.net\/blog\/wp-json\/wp\/v2\/media\/23094"}],"wp:attachment":[{"href":"https:\/\/www.sportalsub.net\/blog\/wp-json\/wp\/v2\/media?parent=22530"}],"wp:term":[{"taxonomy":"category","embeddable":true,"href":"https:\/\/www.sportalsub.net\/blog\/wp-json\/wp\/v2\/categories?post=22530"},{"taxonomy":"post_tag","embeddable":true,"href":"https:\/\/www.sportalsub.net\/blog\/wp-json\/wp\/v2\/tags?post=22530"}],"curies":[{"name":"wp","href":"https:\/\/api.w.org\/{rel}","templated":true}]}}