{"id":22550,"date":"2015-11-16T10:25:55","date_gmt":"2015-11-16T14:55:55","guid":{"rendered":"http:\/\/www.sportalsub.net\/blog\/?p=22550"},"modified":"2019-08-30T07:03:02","modified_gmt":"2019-08-30T11:03:02","slug":"nuevo-record-mexicano-de-apnea-dinamica-sin-aletas-en-copa-maya-2015","status":"publish","type":"post","link":"https:\/\/www.sportalsub.net\/blog\/copa-maya-2015","title":{"rendered":"\ud83c\uddf2\ud83c\uddfd Nuevo R\u00e9cord Mexicano de Apnea Din\u00e1mica sin Aletas en Copa Maya 2015"},"content":{"rendered":"<p><img loading=\"lazy\" decoding=\"async\" class=\"alignnone size-full wp-image-22551\" src=\"http:\/\/www.sportalsub.net\/blog\/wp-content\/uploads\/2015\/11\/copamaya1.jpg\" alt=\"copamaya1\" width=\"720\" height=\"540\" srcset=\"https:\/\/www.sportalsub.net\/blog\/wp-content\/uploads\/2015\/11\/copamaya1.jpg 720w, https:\/\/www.sportalsub.net\/blog\/wp-content\/uploads\/2015\/11\/copamaya1-300x225.jpg 300w, https:\/\/www.sportalsub.net\/blog\/wp-content\/uploads\/2015\/11\/copamaya1-320x240.jpg 320w\" sizes=\"auto, (max-width: 720px) 100vw, 720px\" \/><\/p>\n<p>(Sportalsub.net \/ Alejandro Lemus)<\/p>\n<p>El pasado 14 y 15 de noviembre se realiz\u00f3 en Canc\u00fan, M\u00e9xico la Copa Maya de Apnea 2015 en las modalidades de Est\u00e1tica, Din\u00e1mica, Din\u00e1mica sin aletas en piscina, en donde destac\u00f3 el apneista mexicano m\u00faltiple r\u00e9cord nacional Alejandro Lemus, quien logr\u00f3 en el evento superar su propio r\u00e9cord nacional al realizar 153 metros en din\u00e1mica sin aletas.<\/p>\n<p><strong>Video del R\u00e9cord<\/strong><\/p>\n<p><iframe loading=\"lazy\" src=\"https:\/\/www.youtube.com\/embed\/jO9mR-g6h_I\" width=\"560\" height=\"315\" frameborder=\"0\" allowfullscreen=\"allowfullscreen\"><\/iframe><\/p>\n<p>M\u00e1s informaci\u00f3n: <a href=\"https:\/\/www.facebook.com\/alejandrolemusmx\/?ref=ts&amp;fref=ts\" target=\"_blank\">Alejandro Lemus<\/a><\/p>\n<p><a href=\"http:\/\/www.sportalsub.net\/blog\/wp-content\/uploads\/2015\/11\/copamaya2.jpg\" target=\"_blank\"><img loading=\"lazy\" decoding=\"async\" class=\"alignnone size-large wp-image-22552\" src=\"http:\/\/www.sportalsub.net\/blog\/wp-content\/uploads\/2015\/11\/copamaya2.jpg\" alt=\"copamaya2\" width=\"720\" height=\"540\" srcset=\"https:\/\/www.sportalsub.net\/blog\/wp-content\/uploads\/2015\/11\/copamaya2.jpg 720w, https:\/\/www.sportalsub.net\/blog\/wp-content\/uploads\/2015\/11\/copamaya2-300x225.jpg 300w, https:\/\/www.sportalsub.net\/blog\/wp-content\/uploads\/2015\/11\/copamaya2-320x240.jpg 320w\" sizes=\"auto, (max-width: 720px) 100vw, 720px\" \/><\/a> <a href=\"http:\/\/www.sportalsub.net\/blog\/wp-content\/uploads\/2015\/11\/copamaya-afiche.jpg\" target=\"_blank\"><img loading=\"lazy\" decoding=\"async\" class=\"alignnone size-large wp-image-22553\" src=\"http:\/\/www.sportalsub.net\/blog\/wp-content\/uploads\/2015\/11\/copamaya-afiche.jpg\" alt=\"copamaya-afiche\" width=\"960\" height=\"720\" srcset=\"https:\/\/www.sportalsub.net\/blog\/wp-content\/uploads\/2015\/11\/copamaya-afiche.jpg 960w, https:\/\/www.sportalsub.net\/blog\/wp-content\/uploads\/2015\/11\/copamaya-afiche-300x225.jpg 300w, https:\/\/www.sportalsub.net\/blog\/wp-content\/uploads\/2015\/11\/copamaya-afiche-320x240.jpg 320w\" sizes=\"auto, (max-width: 960px) 100vw, 960px\" \/><\/a><\/p>\n<p>&nbsp;<\/p>\n","protected":false},"excerpt":{"rendered":"<p>(Sportalsub.net \/ Alejandro Lemus) El pasado 14 y 15 de noviembre se realiz\u00f3 en Canc\u00fan, M\u00e9xico la Copa Maya de Apnea 2015 en las modalidades de Est\u00e1tica, Din\u00e1mica, Din\u00e1mica sin aletas en piscina, en donde destac\u00f3 el apneista mexicano m\u00faltiple r\u00e9cord nacional Alejandro Lemus, quien logr\u00f3 en el evento superar su propio r\u00e9cord nacional al realizar 153 metros en din\u00e1mica [&#8230;]<\/p>\n","protected":false},"author":1,"featured_media":22551,"comment_status":"open","ping_status":"closed","sticky":false,"template":"","format":"standard","meta":{"_lmt_disableupdate":"","_lmt_disable":"","jetpack_post_was_ever_published":false,"_jetpack_newsletter_access":"","_jetpack_dont_email_post_to_subs":false,"_jetpack_newsletter_tier_id":0,"_jetpack_memberships_contains_paywalled_content":false,"_jetpack_memberships_contains_paid_content":false,"footnotes":"","jetpack_publicize_message":"","jetpack_publicize_feature_enabled":true,"jetpack_social_post_already_shared":true,"jetpack_social_options":{"image_generator_settings":{"template":"highway","default_image_id":0,"font":"","enabled":false},"version":2}},"categories":[9,98,50,120],"tags":[],"class_list":["post-22550","post","type-post","status-publish","format-standard","has-post-thumbnail","hentry","category-apnea","category-mexico","category-records","category-resultados"],"modified_by":"Sportalsub.net","views":4681,"jetpack_publicize_connections":[],"jetpack_featured_media_url":"https:\/\/www.sportalsub.net\/blog\/wp-content\/uploads\/2015\/11\/copamaya1.jpg","jetpack_sharing_enabled":true,"jetpack_shortlink":"https:\/\/wp.me\/pf9lN-5RI","jetpack_likes_enabled":false,"jetpack-related-posts":[{"id":22816,"url":"https:\/\/www.sportalsub.net\/blog\/copa-submarine-2015-apnea-mexico","url_meta":{"origin":22550,"position":0},"title":"\ud83c\uddf2\ud83c\uddfd Copa Submarine 2015 de Apnea en M\u00e9xico","author":"Sportalsub.net","date":"29 noviembre 2015","format":false,"excerpt":"(Sportalsub.net \/ Alejandro Lemus \/ AIDA M\u00e9xico) Este fin de semana 28 y 29 de noviembre se realiza en ciudad de M\u00e9xico la Copa Submarine 2015 de apnea en piscina, en las modalidades de est\u00e1tica, din\u00e1mica sin aletas y din\u00e1mica con aletas, evento v\u00e1lida para el ranking de\u00a0la Asociaci\u00f3n Internacional\u2026","rel":"","context":"En \u00abApnea\u00bb","block_context":{"text":"Apnea","link":"https:\/\/www.sportalsub.net\/blog\/category\/modalidades\/apnea\/"},"img":{"alt_text":"","src":"https:\/\/i0.wp.com\/www.sportalsub.net\/blog\/wp-content\/uploads\/2015\/11\/copasubmarinemx.jpg?resize=350%2C200&ssl=1","width":350,"height":200,"srcset":"https:\/\/i0.wp.com\/www.sportalsub.net\/blog\/wp-content\/uploads\/2015\/11\/copasubmarinemx.jpg?resize=350%2C200&ssl=1 1x, https:\/\/i0.wp.com\/www.sportalsub.net\/blog\/wp-content\/uploads\/2015\/11\/copasubmarinemx.jpg?resize=525%2C300&ssl=1 1.5x, https:\/\/i0.wp.com\/www.sportalsub.net\/blog\/wp-content\/uploads\/2015\/11\/copasubmarinemx.jpg?resize=700%2C400&ssl=1 2x"},"classes":[]},{"id":15194,"url":"https:\/\/www.sportalsub.net\/blog\/antonio-del-duca-de-venezuela-implanta-nuevo-record-panamericano-en-apnea-dinamica-en-mexico\/","url_meta":{"origin":22550,"position":1},"title":"\ud83c\uddfb\ud83c\uddea Antonio del Duca de Venezuela implanta nuevo R\u00e9cord Panamericano en Apnea Din\u00e1mica en M\u00e9xico","author":"Sportalsub.net","date":"22 abril 2013","format":false,"excerpt":"(Especial Sportalsub.net \/ Antonio del Duca \/ XEU) En el segundo d\u00eda de competencia del Campeonato de Apnea en piscina Olmeca Open realizado en Veracruz, M\u00e9xico este fin de semana 20 y 21 de abril, el apneista Venezolano\u00a0Antonio del Duca\u00a0logr\u00f3 el primer lugar en la prueba de apnea din\u00e1mica con\u2026","rel":"","context":"En \u00abApnea\u00bb","block_context":{"text":"Apnea","link":"https:\/\/www.sportalsub.net\/blog\/category\/modalidades\/apnea\/"},"img":{"alt_text":"","src":"https:\/\/i0.wp.com\/www.sportalsub.net\/blog\/wp-content\/uploads\/2013\/04\/delduca-olmeca-open-2.jpg?resize=350%2C200&ssl=1","width":350,"height":200,"srcset":"https:\/\/i0.wp.com\/www.sportalsub.net\/blog\/wp-content\/uploads\/2013\/04\/delduca-olmeca-open-2.jpg?resize=350%2C200&ssl=1 1x, https:\/\/i0.wp.com\/www.sportalsub.net\/blog\/wp-content\/uploads\/2013\/04\/delduca-olmeca-open-2.jpg?resize=525%2C300&ssl=1 1.5x"},"classes":[]},{"id":9590,"url":"https:\/\/www.sportalsub.net\/blog\/realizado-el-nacional-de-nado-con-aletas-y-apnea-de-fmas-mexico\/","url_meta":{"origin":22550,"position":2},"title":"\ud83c\uddf2\ud83c\uddfd Resultados del Campeonato Nacional de Nado con Aletas y Apnea de FMAS &#8211; M\u00e9xico","author":"Sportalsub.net","date":"21 junio 2011","format":false,"excerpt":"(Especial Sportalsub.net \/ FMAS) M\u00e9xico, D.F. A 21 de junio de 2011.- Los competidores Mariana Aoyama Medina y Alejandro Lemus Nava, de la UNAM y el Estado de M\u00e9xico, respectivamente, resultaron los m\u00e1s destacados competidores en el Campeonato Nacional Selectivo de Categor\u00edas de Apnea, Nado con Aletas y Velocidad Subacu\u00e1tica\u2026","rel":"","context":"En \u00abApnea\u00bb","block_context":{"text":"Apnea","link":"https:\/\/www.sportalsub.net\/blog\/category\/modalidades\/apnea\/"},"img":{"alt_text":"","src":"https:\/\/i0.wp.com\/www.sportalsub.net\/blog\/wp-content\/uploads\/2011\/06\/Mariana-Aoyama.jpg?resize=350%2C200&ssl=1","width":350,"height":200,"srcset":"https:\/\/i0.wp.com\/www.sportalsub.net\/blog\/wp-content\/uploads\/2011\/06\/Mariana-Aoyama.jpg?resize=350%2C200&ssl=1 1x, https:\/\/i0.wp.com\/www.sportalsub.net\/blog\/wp-content\/uploads\/2011\/06\/Mariana-Aoyama.jpg?resize=525%2C300&ssl=1 1.5x"},"classes":[]},{"id":15188,"url":"https:\/\/www.sportalsub.net\/blog\/venezolano-antonio-del-duca-implanta-nuevo-record-en-apnea-dinamica-sin-aletas-en-mexico\/","url_meta":{"origin":22550,"position":3},"title":"\ud83c\uddfb\ud83c\uddea Venezolano Antonio del Duca implanta nuevo R\u00e9cord en Apnea Din\u00e1mica sin Aletas en M\u00e9xico","author":"Sportalsub.net","date":"21 abril 2013","format":false,"excerpt":"(Especial Sportalsub.net \/ Antonio del Duca \/ XEU) El apneista Venezolano Antonio del Duca logr\u00f3 el primer lugar en la prueba de en apnea din\u00e1mica sin aletas con marca de 156 mts superando el re\u0107ord nacional y el r\u00e9cord sudamericano de la Asociaci\u00f3n Internacional para el Desarrollo de la Apnea\u2026","rel":"","context":"En \u00abApnea\u00bb","block_context":{"text":"Apnea","link":"https:\/\/www.sportalsub.net\/blog\/category\/modalidades\/apnea\/"},"img":{"alt_text":"","src":"https:\/\/i0.wp.com\/www.sportalsub.net\/blog\/wp-content\/uploads\/2013\/04\/delduca-olmeca-open.jpg?resize=350%2C200&ssl=1","width":350,"height":200,"srcset":"https:\/\/i0.wp.com\/www.sportalsub.net\/blog\/wp-content\/uploads\/2013\/04\/delduca-olmeca-open.jpg?resize=350%2C200&ssl=1 1x, https:\/\/i0.wp.com\/www.sportalsub.net\/blog\/wp-content\/uploads\/2013\/04\/delduca-olmeca-open.jpg?resize=525%2C300&ssl=1 1.5x"},"classes":[]},{"id":17700,"url":"https:\/\/www.sportalsub.net\/blog\/2do.+Olmeca+Open+Apnea+Veracruz+2014%2C+M%C3%A9xico","url_meta":{"origin":22550,"position":4},"title":"\ud83c\uddf2\ud83c\uddfd Resultados del 2do. Olmeca Open Apnea Veracruz 2014, M\u00e9xico","author":"Sportalsub.net","date":"17 junio 2014","format":false,"excerpt":"(Especial Sportalsub.net \/ AIDA M\u00e9xico) Los d\u00edas 7 y 8 de junio se realiz\u00f3\u00a0en\u00a0la Alberca Ol\u00edmpica de la Universidad del Valle de M\u00e9xico en el Puerto de Veracruz, el 2do Olmeca Open \u00a0Apnea Veracruz 2014, competencia nacional e internacional de apnea en piscina en las modalidades de est\u00e1tica, din\u00e1mica con\u2026","rel":"","context":"En \u00abApnea\u00bb","block_context":{"text":"Apnea","link":"https:\/\/www.sportalsub.net\/blog\/category\/modalidades\/apnea\/"},"img":{"alt_text":"","src":"https:\/\/i0.wp.com\/www.sportalsub.net\/blog\/wp-content\/uploads\/2014\/06\/olmeca-open-2014.jpg?resize=350%2C200&ssl=1","width":350,"height":200,"srcset":"https:\/\/i0.wp.com\/www.sportalsub.net\/blog\/wp-content\/uploads\/2014\/06\/olmeca-open-2014.jpg?resize=350%2C200&ssl=1 1x, https:\/\/i0.wp.com\/www.sportalsub.net\/blog\/wp-content\/uploads\/2014\/06\/olmeca-open-2014.jpg?resize=525%2C300&ssl=1 1.5x"},"classes":[]},{"id":20825,"url":"https:\/\/www.sportalsub.net\/blog\/olmeca-open-2015","url_meta":{"origin":22550,"position":5},"title":"\ud83c\uddf2\ud83c\uddfd Resultados Olmeca Open. Campeonato de Apnea AIDA en piscina Veracruz, M\u00e9xico","author":"Sportalsub.net","date":"8 junio 2015","format":false,"excerpt":"(Sportalsub.net \/ Olmeca Open) Del 5 al 7 de junio se llev\u00f3 a cabo en Veracruz, M\u00e9xico el 3er Campeonato AIDA de apnea en piscina, en las modalidades de din\u00e1mica, din\u00e1mica sin aletas y est\u00e1tica, en el cual se implantaron 3 nuevos r\u00e9cords nacionales AIDA M\u00e9xico. \u00a0Alejandro Lemus 139 metros\u2026","rel":"","context":"En \u00abApnea\u00bb","block_context":{"text":"Apnea","link":"https:\/\/www.sportalsub.net\/blog\/category\/modalidades\/apnea\/"},"img":{"alt_text":"","src":"https:\/\/i0.wp.com\/www.sportalsub.net\/blog\/wp-content\/uploads\/2015\/06\/olmecaopen2015.jpg?resize=350%2C200&ssl=1","width":350,"height":200,"srcset":"https:\/\/i0.wp.com\/www.sportalsub.net\/blog\/wp-content\/uploads\/2015\/06\/olmecaopen2015.jpg?resize=350%2C200&ssl=1 1x, https:\/\/i0.wp.com\/www.sportalsub.net\/blog\/wp-content\/uploads\/2015\/06\/olmecaopen2015.jpg?resize=525%2C300&ssl=1 1.5x"},"classes":[]}],"_links":{"self":[{"href":"https:\/\/www.sportalsub.net\/blog\/wp-json\/wp\/v2\/posts\/22550","targetHints":{"allow":["GET"]}}],"collection":[{"href":"https:\/\/www.sportalsub.net\/blog\/wp-json\/wp\/v2\/posts"}],"about":[{"href":"https:\/\/www.sportalsub.net\/blog\/wp-json\/wp\/v2\/types\/post"}],"author":[{"embeddable":true,"href":"https:\/\/www.sportalsub.net\/blog\/wp-json\/wp\/v2\/users\/1"}],"replies":[{"embeddable":true,"href":"https:\/\/www.sportalsub.net\/blog\/wp-json\/wp\/v2\/comments?post=22550"}],"version-history":[{"count":0,"href":"https:\/\/www.sportalsub.net\/blog\/wp-json\/wp\/v2\/posts\/22550\/revisions"}],"wp:featuredmedia":[{"embeddable":true,"href":"https:\/\/www.sportalsub.net\/blog\/wp-json\/wp\/v2\/media\/22551"}],"wp:attachment":[{"href":"https:\/\/www.sportalsub.net\/blog\/wp-json\/wp\/v2\/media?parent=22550"}],"wp:term":[{"taxonomy":"category","embeddable":true,"href":"https:\/\/www.sportalsub.net\/blog\/wp-json\/wp\/v2\/categories?post=22550"},{"taxonomy":"post_tag","embeddable":true,"href":"https:\/\/www.sportalsub.net\/blog\/wp-json\/wp\/v2\/tags?post=22550"}],"curies":[{"name":"wp","href":"https:\/\/api.w.org\/{rel}","templated":true}]}}