{"id":2267,"date":"2009-06-02T06:51:13","date_gmt":"2009-06-02T11:21:13","guid":{"rendered":"http:\/\/www.sportalsub.net\/blog\/?p=2267"},"modified":"2019-09-01T10:06:54","modified_gmt":"2019-09-01T14:06:54","slug":"convocan-a-1300-buceadores-de-todo-el-mundo-para-batir-un-record-guinness-en-cabo-de-palos-espana","status":"publish","type":"post","link":"https:\/\/www.sportalsub.net\/blog\/convocan-a-1300-buceadores-de-todo-el-mundo-para-batir-un-record-guinness-en-cabo-de-palos-espana\/","title":{"rendered":"\ud83c\uddea\ud83c\uddf8 Convocan a 1.300 buceadores de todo el mundo para batir un r\u00e9cord Guinness en Cabo de Palos, Espa\u00f1a"},"content":{"rendered":"<p style=\"text-align: center;\"><a href=\"http:\/\/www.sportalsub.net\/blog\/2009\/06\/02\/convocan-a-1300-buceadores-de-todo-el-mundo-para-batir-un-record-guinness-en-cabo-de-palos-espana\/\"><img loading=\"lazy\" decoding=\"async\" class=\"alignnone size-full wp-image-2268\" style=\"border: 0px;\" title=\"record_buceo\" src=\"http:\/\/www.sportalsub.net\/blog\/wp-content\/uploads\/2009\/06\/record_buceo.jpg\" alt=\"\" width=\"461\" height=\"346\" srcset=\"https:\/\/www.sportalsub.net\/blog\/wp-content\/uploads\/2009\/06\/record_buceo.jpg 461w, https:\/\/www.sportalsub.net\/blog\/wp-content\/uploads\/2009\/06\/record_buceo-300x225.jpg 300w, https:\/\/www.sportalsub.net\/blog\/wp-content\/uploads\/2009\/06\/record_buceo-320x240.jpg 320w\" sizes=\"auto, (max-width: 461px) 100vw, 461px\" \/><\/a><\/p>\n<p style=\"text-align: justify;\">Cala Fr\u00eda, en Cabo de Palos, Espa\u00f1a, acoger\u00e1 del 9 al 12 de octubre la mayor concentraci\u00f3n de buceadores en torno a un objetivo com\u00fan: lograr el r\u00e9cord Guinness de buceadores sumergidos simult\u00e1neamente en una misma zona. La iniciativa, promovida por la Estaci\u00f3n N\u00e1utica Mar Menor, pretende superar el actual r\u00e9cord, situado en 958 participantes en las islas Maldivas, hasta alcanzar los 1.300 personas.<\/p>\n<p style=\"text-align: justify;\"><!--more--><\/p>\n<p style=\"text-align: justify;\">\u00abAdem\u00e1s de original, esta iniciativa tiene una gran dimensi\u00f3n tur\u00edstica\u00bb, asegur\u00f3 el consejero Pedro Alberto Cruz. A su juicio, \u00abse espera congregar a 5.000 personas en el de octubre, que est\u00e1 fuera de la \u00e9poca tur\u00edstica, para redefinir la imagen del Mar Menor y La Manga\u00bb.<\/p>\n<p>En la presentaci\u00f3n de esta iniciativa, Cruz estuvo acompa\u00f1ado en el Palacio Consistorial por la alcaldesa, Pilar Barreiro, y el presidente de la Estaci\u00f3n N\u00e1utica, Luis Cabello. \u00c9ste adelant\u00f3 as\u00ed parte de la programaci\u00f3n para el puente del Pilar: \u00abActividades infantiles, un caldero, actuaciones musicales, visitas culturales a Cartagena y una muestra de buceo\u00bb.<\/p>\n<p style=\"text-align: justify;\">La intenci\u00f3n, seg\u00fan Cabello, es que Cabo de Palos y sus fondos marinos se conviertan en punto de referencia para buceadores de todo el mundo.<\/p>\n<p style=\"text-align: justify;\">Fuente: Laverdad.es<\/p>\n","protected":false},"excerpt":{"rendered":"<p>Cala Fr\u00eda, en Cabo de Palos, Espa\u00f1a, acoger\u00e1 del 9 al 12 de octubre la mayor concentraci\u00f3n de buceadores en torno a un objetivo com\u00fan: lograr el r\u00e9cord Guinness de buceadores sumergidos simult\u00e1neamente en una misma zona. La iniciativa, promovida por la Estaci\u00f3n N\u00e1utica Mar Menor, pretende superar el actual r\u00e9cord, situado en 958 participantes en las islas Maldivas, hasta [&#8230;]<\/p>\n","protected":false},"author":1,"featured_media":2268,"comment_status":"open","ping_status":"closed","sticky":false,"template":"","format":"standard","meta":{"_lmt_disableupdate":"","_lmt_disable":"","jetpack_post_was_ever_published":false,"_jetpack_newsletter_access":"","_jetpack_dont_email_post_to_subs":false,"_jetpack_newsletter_tier_id":0,"_jetpack_memberships_contains_paywalled_content":false,"_jetpack_memberships_contains_paid_content":false,"footnotes":"","jetpack_publicize_message":"","jetpack_publicize_feature_enabled":true,"jetpack_social_post_already_shared":false,"jetpack_social_options":{"image_generator_settings":{"template":"highway","default_image_id":0,"font":"","enabled":false},"version":2}},"categories":[22,10,50],"tags":[],"class_list":["post-2267","post","type-post","status-publish","format-standard","has-post-thumbnail","hentry","category-buceo-recreativo","category-espana","category-records"],"modified_by":"Sportalsub.net","views":10699,"jetpack_publicize_connections":[],"jetpack_featured_media_url":"https:\/\/www.sportalsub.net\/blog\/wp-content\/uploads\/2009\/06\/record_buceo.jpg","jetpack_sharing_enabled":true,"jetpack_shortlink":"https:\/\/wp.me\/pf9lN-Az","jetpack_likes_enabled":false,"jetpack-related-posts":[{"id":20515,"url":"https:\/\/www.sportalsub.net\/blog\/limpieza-subacuatica-record-buceo","url_meta":{"origin":2267,"position":0},"title":"\ud83c\uddea\ud83c\uddec M\u00e1s de 600 Buzos en R\u00e9cord Guinness. La limpieza subacu\u00e1tica m\u00e1s grande por Ahmed Gabr en Egipto","author":"Sportalsub.net","date":"6 junio 2015","format":false,"excerpt":"(Sportalsub.net \/ Ahmed Gabr) - Read in English El Buzo egipcio Ahmed Gabr,\u00a0poseedor del r\u00e9cord mundial Guinness por inmersi\u00f3n m\u00e1s profunda quien intentaba \u00a0reunir a\u00a0400 buceadores para realizar\u00a0la mayor limpieza submarina y obtener su certificado de Guinness World Records, logr\u00f3 la haza\u00f1a al reunir a 614 buzos, durante el viernes\u2026","rel":"","context":"En \u00abBuceo\u00bb","block_context":{"text":"Buceo","link":"https:\/\/www.sportalsub.net\/blog\/category\/modalidades\/buceo-2\/"},"img":{"alt_text":"","src":"https:\/\/i0.wp.com\/www.sportalsub.net\/blog\/wp-content\/uploads\/2015\/06\/recordguinnesahmed2.jpg?resize=350%2C200&ssl=1","width":350,"height":200,"srcset":"https:\/\/i0.wp.com\/www.sportalsub.net\/blog\/wp-content\/uploads\/2015\/06\/recordguinnesahmed2.jpg?resize=350%2C200&ssl=1 1x, https:\/\/i0.wp.com\/www.sportalsub.net\/blog\/wp-content\/uploads\/2015\/06\/recordguinnesahmed2.jpg?resize=525%2C300&ssl=1 1.5x, https:\/\/i0.wp.com\/www.sportalsub.net\/blog\/wp-content\/uploads\/2015\/06\/recordguinnesahmed2.jpg?resize=700%2C400&ssl=1 2x"},"classes":[]},{"id":43714,"url":"https:\/\/www.sportalsub.net\/blog\/stig-severinsen-record-guinness-2020","url_meta":{"origin":2267,"position":1},"title":"\ud83c\udde9\ud83c\uddf0 Dan\u00e9s Stig Severinsen implanta Nuevo R\u00e9cord Mundial Guinness de Apnea Din\u00e1mica en mar en M\u00e9xico","author":"Sportalsub.net","date":"24 diciembre 2020","format":false,"excerpt":"(Sportalsub.net \/ Stig Severinsen & Team Breatheology) - Read in English El Super Humano Dan\u00e9s sale de su retiro para romper el r\u00e9cord mundial en nombre de la Madre Naturaleza. El apneista dan\u00e9s Stig Severinsen ha batido muchos r\u00e9cords. Aunque han pasado casi 25 a\u00f1os desde el primero, por su\u2026","rel":"","context":"En \u00abApnea\u00bb","block_context":{"text":"Apnea","link":"https:\/\/www.sportalsub.net\/blog\/category\/modalidades\/apnea\/"},"img":{"alt_text":"","src":"https:\/\/i0.wp.com\/www.sportalsub.net\/blog\/wp-content\/uploads\/2020\/12\/sitg-202.jpg?resize=350%2C200&ssl=1","width":350,"height":200,"srcset":"https:\/\/i0.wp.com\/www.sportalsub.net\/blog\/wp-content\/uploads\/2020\/12\/sitg-202.jpg?resize=350%2C200&ssl=1 1x, https:\/\/i0.wp.com\/www.sportalsub.net\/blog\/wp-content\/uploads\/2020\/12\/sitg-202.jpg?resize=525%2C300&ssl=1 1.5x, https:\/\/i0.wp.com\/www.sportalsub.net\/blog\/wp-content\/uploads\/2020\/12\/sitg-202.jpg?resize=700%2C400&ssl=1 2x"},"classes":[]},{"id":2863,"url":"https:\/\/www.sportalsub.net\/blog\/ii-semana-de-fotografia-submarina-de-formentera-espana\/","url_meta":{"origin":2267,"position":2},"title":"\ud83c\uddea\ud83c\uddf8 II Semana de Fotograf\u00eda Submarina de Formentera &#8211; Espa\u00f1a","author":"Sportalsub.net","date":"1 octubre 2009","format":false,"excerpt":"Formentera acoge este lunes la II Semana de Fotograf\u00eda de Formentera, el evento de fotograf\u00eda submarina que m\u00e1s participantes convoca de Espa\u00f1a. Ya hay 101 inscritos. Los competidores tienen una semana entera para fotografiar las profundidades de la isla. El concurso en s\u00ed comenzar\u00e1 el fin de semana. De lunes\u2026","rel":"","context":"En \u00abEspa\u00f1a\u00bb","block_context":{"text":"Espa\u00f1a","link":"https:\/\/www.sportalsub.net\/blog\/category\/paises\/europa\/espana\/"},"img":{"alt_text":"","src":"https:\/\/i0.wp.com\/www.sportalsub.net\/blog\/wp-content\/uploads\/2013\/11\/1254418230_0.jpg?resize=350%2C200&ssl=1","width":350,"height":200},"classes":[]},{"id":22945,"url":"https:\/\/www.sportalsub.net\/blog\/buceo-hielo-fedas-espana-2016","url_meta":{"origin":2267,"position":3},"title":"\ud83c\uddea\ud83c\uddf8 Jornadas de Buceo Bajo Hielo FEDAS Espa\u00f1a 2016","author":"Sportalsub.net","date":"31 enero 2016","format":false,"excerpt":"(Sportalsub.net \/ FEDAS) Los pr\u00f3ximos d\u00edas 6 y 7 de febrero de 2016 se celebran en Panticosa, Huesca, la\u00a0XII edici\u00f3n de las Jornadas de Buceo bajo Hielo 2016 organizadas por el Comit\u00e9 T\u00e9cnico de la Federaci\u00f3n Espa\u00f1ola de Actividades Subacu\u00e1ticas FEDAS en colaboraci\u00f3n con la Federaci\u00f3n Aragonesa de Actividades Subacu\u00e1ticas.\u2026","rel":"","context":"En \u00abBuceo T\u00e9cnico\u00bb","block_context":{"text":"Buceo T\u00e9cnico","link":"https:\/\/www.sportalsub.net\/blog\/category\/modalidades\/buceo-2\/buceo-tecnico\/"},"img":{"alt_text":"","src":"https:\/\/i0.wp.com\/www.sportalsub.net\/blog\/wp-content\/uploads\/2015\/12\/buceo-hielo-fedas.jpg?resize=350%2C200&ssl=1","width":350,"height":200,"srcset":"https:\/\/i0.wp.com\/www.sportalsub.net\/blog\/wp-content\/uploads\/2015\/12\/buceo-hielo-fedas.jpg?resize=350%2C200&ssl=1 1x, https:\/\/i0.wp.com\/www.sportalsub.net\/blog\/wp-content\/uploads\/2015\/12\/buceo-hielo-fedas.jpg?resize=525%2C300&ssl=1 1.5x, https:\/\/i0.wp.com\/www.sportalsub.net\/blog\/wp-content\/uploads\/2015\/12\/buceo-hielo-fedas.jpg?resize=700%2C400&ssl=1 2x"},"classes":[]},{"id":16875,"url":"https:\/\/www.sportalsub.net\/blog\/buceadores-de-la-armada-espanola-neutralizan-un-proyectil-en-aguas-de-ibiza\/","url_meta":{"origin":2267,"position":4},"title":"\ud83c\uddea\ud83c\uddf8 Buceadores de la Armada Espa\u00f1ola neutralizan un proyectil en aguas de Ibiza","author":"Sportalsub.net","date":"18 noviembre 2013","format":false,"excerpt":"(Especial Sportalsub.net \/ Armada Espa\u00f1ola) Una unidad de buceadores de Medidas Contraminas de la Armada desplazada desde Cartagena (Murcia), con personal especialista en desactivaci\u00f3n de explosivos (EOD), neutraliz\u00f3 durante la ma\u00f1ana de este domingo un proyectil sumergido a 10 metros de profundidad enfrente de Cala Conta, en San Antonio de\u2026","rel":"","context":"En \u00abBuceo Militar\u00bb","block_context":{"text":"Buceo Militar","link":"https:\/\/www.sportalsub.net\/blog\/category\/modalidades\/buceo-2\/buceo-militar\/"},"img":{"alt_text":"","src":"https:\/\/i0.wp.com\/www.sportalsub.net\/blog\/wp-content\/uploads\/2013\/11\/buceo-militar-esp.jpg?resize=350%2C200&ssl=1","width":350,"height":200,"srcset":"https:\/\/i0.wp.com\/www.sportalsub.net\/blog\/wp-content\/uploads\/2013\/11\/buceo-militar-esp.jpg?resize=350%2C200&ssl=1 1x, https:\/\/i0.wp.com\/www.sportalsub.net\/blog\/wp-content\/uploads\/2013\/11\/buceo-militar-esp.jpg?resize=525%2C300&ssl=1 1.5x, https:\/\/i0.wp.com\/www.sportalsub.net\/blog\/wp-content\/uploads\/2013\/11\/buceo-militar-esp.jpg?resize=700%2C400&ssl=1 2x"},"classes":[]},{"id":83738,"url":"https:\/\/www.sportalsub.net\/blog\/secretos-de-los-buceadores-profesionales-que-nadie-te-contara\/","url_meta":{"origin":2267,"position":5},"title":"Secretos de los buceadores profesionales que nadie te contar\u00e1","author":"Sportalsub.net","date":"22 septiembre 2025","format":false,"excerpt":"El buceo profesional es un mundo incre\u00edble, lleno de secretos que casi nadie conoce. \u00bfQu\u00e9 tiene de curioso? Mucho, desde el mismo momento en que metes la cabeza bajo el agua hasta que vuelves a la superficie, cada decisi\u00f3n importa.\u00a0 Pero m\u00e1s all\u00e1 de las t\u00e9cnicas y los equipos, lo\u2026","rel":"","context":"En \u00abBuceo\u00bb","block_context":{"text":"Buceo","link":"https:\/\/www.sportalsub.net\/blog\/category\/modalidades\/buceo-2\/"},"img":{"alt_text":"","src":"https:\/\/i0.wp.com\/www.sportalsub.net\/blog\/wp-content\/uploads\/2025\/09\/secretos-buceadores.jpg?resize=350%2C200&ssl=1","width":350,"height":200,"srcset":"https:\/\/i0.wp.com\/www.sportalsub.net\/blog\/wp-content\/uploads\/2025\/09\/secretos-buceadores.jpg?resize=350%2C200&ssl=1 1x, https:\/\/i0.wp.com\/www.sportalsub.net\/blog\/wp-content\/uploads\/2025\/09\/secretos-buceadores.jpg?resize=525%2C300&ssl=1 1.5x, https:\/\/i0.wp.com\/www.sportalsub.net\/blog\/wp-content\/uploads\/2025\/09\/secretos-buceadores.jpg?resize=700%2C400&ssl=1 2x"},"classes":[]}],"_links":{"self":[{"href":"https:\/\/www.sportalsub.net\/blog\/wp-json\/wp\/v2\/posts\/2267","targetHints":{"allow":["GET"]}}],"collection":[{"href":"https:\/\/www.sportalsub.net\/blog\/wp-json\/wp\/v2\/posts"}],"about":[{"href":"https:\/\/www.sportalsub.net\/blog\/wp-json\/wp\/v2\/types\/post"}],"author":[{"embeddable":true,"href":"https:\/\/www.sportalsub.net\/blog\/wp-json\/wp\/v2\/users\/1"}],"replies":[{"embeddable":true,"href":"https:\/\/www.sportalsub.net\/blog\/wp-json\/wp\/v2\/comments?post=2267"}],"version-history":[{"count":0,"href":"https:\/\/www.sportalsub.net\/blog\/wp-json\/wp\/v2\/posts\/2267\/revisions"}],"wp:featuredmedia":[{"embeddable":true,"href":"https:\/\/www.sportalsub.net\/blog\/wp-json\/wp\/v2\/media\/2268"}],"wp:attachment":[{"href":"https:\/\/www.sportalsub.net\/blog\/wp-json\/wp\/v2\/media?parent=2267"}],"wp:term":[{"taxonomy":"category","embeddable":true,"href":"https:\/\/www.sportalsub.net\/blog\/wp-json\/wp\/v2\/categories?post=2267"},{"taxonomy":"post_tag","embeddable":true,"href":"https:\/\/www.sportalsub.net\/blog\/wp-json\/wp\/v2\/tags?post=2267"}],"curies":[{"name":"wp","href":"https:\/\/api.w.org\/{rel}","templated":true}]}}