{"id":2281,"date":"2009-06-06T22:40:26","date_gmt":"2009-06-07T03:10:26","guid":{"rendered":"http:\/\/www.sportalsub.net\/blog\/?p=2281"},"modified":"2019-09-01T10:03:01","modified_gmt":"2019-09-01T14:03:01","slug":"proyecto-home","status":"publish","type":"post","link":"https:\/\/www.sportalsub.net\/blog\/proyecto-home\/","title":{"rendered":"\ud83c\udf0e Proyecto HOME"},"content":{"rendered":"<p style=\"text-align: center;\"><a href=\"http:\/\/www.sportalsub.net\/blog\/2009\/06\/06\/proyecto-home\/\"><img loading=\"lazy\" decoding=\"async\" class=\"alignnone size-full wp-image-2282\" style=\"border: 0px;\" title=\"proyectohome\" src=\"http:\/\/www.sportalsub.net\/blog\/wp-content\/uploads\/2009\/06\/proyectohome.jpg\" alt=\"proyectohome\" width=\"500\" height=\"441\" srcset=\"https:\/\/www.sportalsub.net\/blog\/wp-content\/uploads\/2009\/06\/proyectohome.jpg 500w, https:\/\/www.sportalsub.net\/blog\/wp-content\/uploads\/2009\/06\/proyectohome-300x265.jpg 300w\" sizes=\"auto, (max-width: 500px) 100vw, 500px\" \/><\/a><\/p>\n<p style=\"text-align: justify;\">Sportalsub.net, como medio informativo enfocado a las actividades subacu\u00e1ticas, quiere aprovechar la oportunidad para recomendar a todos los usuarios y visitantes de nuestro sitio web, una pel\u00edcula documental que nos habla sobre la forma en la que podemos contribuir con la conservaci\u00f3n del medio ambiente. HOME es una pel\u00edcula que habla sobre nuestro planeta tierra y env\u00eda un mensaje que llama a la reflexi\u00f3n de todos los habitantes de nuestro planeta. Est\u00e1 disponible para verla de manera gratuita a trav\u00e9s de Youtube hasta el 14 de Junio de 2009.<\/p>\n<p style=\"text-align: justify;\"><!--more--><\/p>\n<p style=\"text-align: justify;\">Estamos viviendo un periodo crucial. Los cient\u00edficos afirman que solo tenemos 10 a\u00f1os para cambiar nuestro modo de vida, evitar que los recursos naturales se agoten e impedir una evoluci\u00f3n catastr\u00f3fica del clima de la Tierra.<\/p>\n<p style=\"text-align: justify;\">Nos jugamos nuestro futuro y el de las siguientes generaciones por lo que cada uno de nosotros debe participar en este esfuerzo colectivo. HOME ha sido creada para hacer llegar este mensaje de movilizaci\u00f3n a todos los habitantes de nuestro planeta.<\/p>\n<p style=\"text-align: justify;\">Es por esta raz\u00f3n que la pel\u00edcula HOME es gratuita, gracias al mecenazgo del grupo PPR y la distribuidora Europacorp, que ofrecieron su apoyo de forma desinteresada.<\/p>\n<p style=\"text-align: justify;\">HOME se ha creado para ti. Corre la voz y colabora con el planeta.<\/p>\n<p style=\"text-align: justify;\">Yann Arthus-Bertrand<\/p>\n<p style=\"text-align: justify;\">La pel\u00edcula est\u00e1 disponible de manera gratuita en Youtube hasta el pr\u00f3ximo 14 de Junio a trav\u00e9s del siguiente enlace:<br \/>\n<a href=\"http:\/\/www.youtube.com\/homeprojectES\" target=\"_blank\" rel=\"noopener noreferrer\" target=\"_blank\">http:\/\/www.youtube.com\/homeprojectES<\/a><\/p>\n<p style=\"text-align: justify;\">\n","protected":false},"excerpt":{"rendered":"<p>Sportalsub.net, como medio informativo enfocado a las actividades subacu\u00e1ticas, quiere aprovechar la oportunidad para recomendar a todos los usuarios y visitantes de nuestro sitio web, una pel\u00edcula documental que nos habla sobre la forma en la que podemos contribuir con la conservaci\u00f3n del medio ambiente. HOME es una pel\u00edcula que habla sobre nuestro planeta tierra y env\u00eda un mensaje que [&#8230;]<\/p>\n","protected":false},"author":1,"featured_media":2282,"comment_status":"open","ping_status":"closed","sticky":false,"template":"","format":"standard","meta":{"_lmt_disableupdate":"","_lmt_disable":"","jetpack_post_was_ever_published":false,"_jetpack_newsletter_access":"","_jetpack_dont_email_post_to_subs":false,"_jetpack_newsletter_tier_id":0,"_jetpack_memberships_contains_paywalled_content":false,"_jetpack_memberships_contains_paid_content":false,"footnotes":"","jetpack_publicize_message":"","jetpack_publicize_feature_enabled":true,"jetpack_social_post_already_shared":false,"jetpack_social_options":{"image_generator_settings":{"template":"highway","default_image_id":0,"font":"","enabled":false},"version":2}},"categories":[113],"tags":[],"class_list":["post-2281","post","type-post","status-publish","format-standard","has-post-thumbnail","hentry","category-medio-ambiente"],"modified_by":"Sportalsub.net","views":7040,"jetpack_publicize_connections":[],"jetpack_featured_media_url":"https:\/\/www.sportalsub.net\/blog\/wp-content\/uploads\/2009\/06\/proyectohome.jpg","jetpack_sharing_enabled":true,"jetpack_shortlink":"https:\/\/wp.me\/pf9lN-AN","jetpack_likes_enabled":false,"jetpack-related-posts":[{"id":21216,"url":"https:\/\/www.sportalsub.net\/blog\/buceo-tiburones-mordidas-usa","url_meta":{"origin":2281,"position":0},"title":"\ud83c\uddfa\ud83c\uddf8 Buceo y Medio Ambiente. \u00bfAumentan las mordidas de tiburones en USA?","author":"Sportalsub.net","date":"14 julio 2015","format":false,"excerpt":"(Sportalsub.net \/ Aquaviews) - Read in English Durante\u00a0el verano la \"Semana del Tibur\u00f3n\" es\u00a0el tema candente de conversaci\u00f3n. Siete personas han sido mordidas en las costas de Carolina del Norte, USA en las \u00faltimas semanas. Una octava mordida se ha informado el fin de semana de vacaciones, pero a\u00fan sin\u2026","rel":"","context":"En \u00abBuceo\u00bb","block_context":{"text":"Buceo","link":"https:\/\/www.sportalsub.net\/blog\/category\/modalidades\/buceo-2\/"},"img":{"alt_text":"","src":"https:\/\/i0.wp.com\/www.sportalsub.net\/blog\/wp-content\/uploads\/2015\/07\/sharks.jpg?resize=350%2C200&ssl=1","width":350,"height":200,"srcset":"https:\/\/i0.wp.com\/www.sportalsub.net\/blog\/wp-content\/uploads\/2015\/07\/sharks.jpg?resize=350%2C200&ssl=1 1x, https:\/\/i0.wp.com\/www.sportalsub.net\/blog\/wp-content\/uploads\/2015\/07\/sharks.jpg?resize=525%2C300&ssl=1 1.5x"},"classes":[]},{"id":20855,"url":"https:\/\/www.sportalsub.net\/blog\/dia-mundial-oceanos","url_meta":{"origin":2281,"position":1},"title":"\ud83c\udf0e 8 de Junio: D\u00eda Mundial de los Oc\u00e9anos","author":"Sportalsub.net","date":"8 junio 2015","format":false,"excerpt":"(Sportalsub.net \/ D\u00eda Mundial de los Oc\u00e9anos) - Read in English El 5 de diciembre de 2008 la Asamblea General de las Naciones Unidas en la Resoluci\u00f3n 63\/111 resuelve que, a partir de\u00a02009, las Naciones Unidas designen el 8 de junio D\u00eda Mundial de los Oc\u00e9anos Tema 2015: \u00abUnos oc\u00e9anos\u2026","rel":"","context":"En \u00abMedio Ambiente\u00bb","block_context":{"text":"Medio Ambiente","link":"https:\/\/www.sportalsub.net\/blog\/category\/mas\/medio-ambiente\/"},"img":{"alt_text":"","src":"https:\/\/i0.wp.com\/www.sportalsub.net\/blog\/wp-content\/uploads\/2015\/06\/worldoceansday.jpg?resize=350%2C200&ssl=1","width":350,"height":200,"srcset":"https:\/\/i0.wp.com\/www.sportalsub.net\/blog\/wp-content\/uploads\/2015\/06\/worldoceansday.jpg?resize=350%2C200&ssl=1 1x, https:\/\/i0.wp.com\/www.sportalsub.net\/blog\/wp-content\/uploads\/2015\/06\/worldoceansday.jpg?resize=525%2C300&ssl=1 1.5x"},"classes":[]},{"id":28241,"url":"https:\/\/www.sportalsub.net\/blog\/apnea-cmas-olympic-dream","url_meta":{"origin":2281,"position":2},"title":"\ud83c\uddee\ud83c\uddf9 Apnea CMAS: de \u00abLe Grand Bleu\u00bb al Sue\u00f1o Ol\u00edmpico","author":"Sportalsub.net","date":"21 junio 2018","format":false,"excerpt":"(Sportalsub.net \/ CMAS) - Read in English 30 a\u00f1os despu\u00e9s del lanzamiento de la pel\u00edcula \"Le Grand Bleu\" o \"Azul Profundo\", CMAS, FIPSAS y FFESM compartieron un evento en la sede del Comit\u00e9 Ol\u00edmpico de Italia. En 1988, Le Grand Bleu abri\u00f3 el Festival de Cine de Cannes e inspir\u00f3\u2026","rel":"","context":"En \u00abApnea\u00bb","block_context":{"text":"Apnea","link":"https:\/\/www.sportalsub.net\/blog\/category\/modalidades\/apnea\/"},"img":{"alt_text":"","src":"https:\/\/i0.wp.com\/www.sportalsub.net\/blog\/wp-content\/uploads\/2018\/06\/apnea1988-2018.jpg?resize=350%2C200&ssl=1","width":350,"height":200,"srcset":"https:\/\/i0.wp.com\/www.sportalsub.net\/blog\/wp-content\/uploads\/2018\/06\/apnea1988-2018.jpg?resize=350%2C200&ssl=1 1x, https:\/\/i0.wp.com\/www.sportalsub.net\/blog\/wp-content\/uploads\/2018\/06\/apnea1988-2018.jpg?resize=525%2C300&ssl=1 1.5x, https:\/\/i0.wp.com\/www.sportalsub.net\/blog\/wp-content\/uploads\/2018\/06\/apnea1988-2018.jpg?resize=700%2C400&ssl=1 2x"},"classes":[]},{"id":18549,"url":"https:\/\/www.sportalsub.net\/blog\/espana-europeo-fotosub-portugal-2014","url_meta":{"origin":2281,"position":3},"title":"\ud83c\uddea\ud83c\uddf8 Espa\u00f1a conquista 2 medallas de oro en el 1er Campeonato Europeo CMAS de Fotograf\u00eda Submarina en Portugal","author":"Sportalsub.net","date":"10 septiembre 2014","format":false,"excerpt":"(Especial Sportalsub.net \/ CMAS \/ FEDAS \/ FPAS) El equipo formado por los canarios Jes\u00fas Yeray Delgado-Abigail Mart\u00edn, los catalanes Marc Gim\u00e9nez-Silvia Sebasti\u00e1n y capitaneado por Guillermo F\u00e9lix han obtenido 2 medallas de oro y 2 de bronce en el Campeonato de Europa celebrado en La Graciosa-Azores (Portugal) durante los\u2026","rel":"","context":"En \u00abEspa\u00f1a\u00bb","block_context":{"text":"Espa\u00f1a","link":"https:\/\/www.sportalsub.net\/blog\/category\/paises\/europa\/espana\/"},"img":{"alt_text":"","src":"https:\/\/i0.wp.com\/www.sportalsub.net\/blog\/wp-content\/uploads\/2014\/09\/europeo-fotosub2.jpg?resize=350%2C200&ssl=1","width":350,"height":200,"srcset":"https:\/\/i0.wp.com\/www.sportalsub.net\/blog\/wp-content\/uploads\/2014\/09\/europeo-fotosub2.jpg?resize=350%2C200&ssl=1 1x, https:\/\/i0.wp.com\/www.sportalsub.net\/blog\/wp-content\/uploads\/2014\/09\/europeo-fotosub2.jpg?resize=525%2C300&ssl=1 1.5x, https:\/\/i0.wp.com\/www.sportalsub.net\/blog\/wp-content\/uploads\/2014\/09\/europeo-fotosub2.jpg?resize=700%2C400&ssl=1 2x"},"classes":[]},{"id":6973,"url":"https:\/\/www.sportalsub.net\/blog\/greenpeace-realiza-protesta-subacuatica-en-mexico-video\/","url_meta":{"origin":2281,"position":4},"title":"\ud83c\uddf2\ud83c\uddfd Greenpeace realiza protesta subacu\u00e1tica en M\u00e9xico \u2013 Video","author":"Sportalsub.net","date":"7 diciembre 2010","format":false,"excerpt":"Foto: Greenpeace (Especial Sportalsub.net - Greenpeace) Para lanzar un llamado urgente a los pol\u00edticos y ministros reunidos en Canc\u00fan en la \u00faltima semana de trabajos de la COP16, activistas de TckTckTck, Greenpeace y 350.org protagonizaron una escena de gente bajo el agua, ya que cada vez m\u00e1s ciudades y pa\u00edses\u2026","rel":"","context":"En \u00abM\u00e9xico\u00bb","block_context":{"text":"M\u00e9xico","link":"https:\/\/www.sportalsub.net\/blog\/category\/paises\/america\/mexico\/"},"img":{"alt_text":"","src":"https:\/\/i0.wp.com\/www.sportalsub.net\/blog\/wp-content\/uploads\/2010\/12\/protestamexico.jpg?resize=350%2C200&ssl=1","width":350,"height":200,"srcset":"https:\/\/i0.wp.com\/www.sportalsub.net\/blog\/wp-content\/uploads\/2010\/12\/protestamexico.jpg?resize=350%2C200&ssl=1 1x, https:\/\/i0.wp.com\/www.sportalsub.net\/blog\/wp-content\/uploads\/2010\/12\/protestamexico.jpg?resize=525%2C300&ssl=1 1.5x"},"classes":[]},{"id":16291,"url":"https:\/\/www.sportalsub.net\/blog\/2-nuevos-records-mundiales-de-apnea-peso-constante-cmas-de-homar-leuci-y-alessia-zecchini-en-italia-videos\/","url_meta":{"origin":2281,"position":5},"title":"\ud83c\uddee\ud83c\uddf9 2 Nuevos R\u00e9cords Mundiales de Apnea Peso Constante CMAS de Homar Leuci y Alessia Zecchini en Italia + VIDEOS","author":"Sportalsub.net","date":"8 noviembre 2013","format":false,"excerpt":"(Especial Sportalsub.net \/ FIPSAS) Los apneistas italianos Homar Leuci y Alessia Zecchini implantaron 2 nuevos r\u00e9cords mundiales de apnea peso constante de la Confederaci\u00f3n Mundial de Actividades Subacu\u00e1ticas (CMAS) en el Campeonato Nacional de Apnea de profundidad de la Federaci\u00f3n Italiana de Actividades Subacu\u00e1ticas (FIPSAS), realizado el pasado 4 de\u2026","rel":"","context":"En \u00abApnea\u00bb","block_context":{"text":"Apnea","link":"https:\/\/www.sportalsub.net\/blog\/category\/modalidades\/apnea\/"},"img":{"alt_text":"","src":"https:\/\/i0.wp.com\/www.sportalsub.net\/blog\/wp-content\/uploads\/2013\/11\/alessia-homar.jpg?resize=350%2C200&ssl=1","width":350,"height":200,"srcset":"https:\/\/i0.wp.com\/www.sportalsub.net\/blog\/wp-content\/uploads\/2013\/11\/alessia-homar.jpg?resize=350%2C200&ssl=1 1x, https:\/\/i0.wp.com\/www.sportalsub.net\/blog\/wp-content\/uploads\/2013\/11\/alessia-homar.jpg?resize=525%2C300&ssl=1 1.5x"},"classes":[]}],"_links":{"self":[{"href":"https:\/\/www.sportalsub.net\/blog\/wp-json\/wp\/v2\/posts\/2281","targetHints":{"allow":["GET"]}}],"collection":[{"href":"https:\/\/www.sportalsub.net\/blog\/wp-json\/wp\/v2\/posts"}],"about":[{"href":"https:\/\/www.sportalsub.net\/blog\/wp-json\/wp\/v2\/types\/post"}],"author":[{"embeddable":true,"href":"https:\/\/www.sportalsub.net\/blog\/wp-json\/wp\/v2\/users\/1"}],"replies":[{"embeddable":true,"href":"https:\/\/www.sportalsub.net\/blog\/wp-json\/wp\/v2\/comments?post=2281"}],"version-history":[{"count":0,"href":"https:\/\/www.sportalsub.net\/blog\/wp-json\/wp\/v2\/posts\/2281\/revisions"}],"wp:featuredmedia":[{"embeddable":true,"href":"https:\/\/www.sportalsub.net\/blog\/wp-json\/wp\/v2\/media\/2282"}],"wp:attachment":[{"href":"https:\/\/www.sportalsub.net\/blog\/wp-json\/wp\/v2\/media?parent=2281"}],"wp:term":[{"taxonomy":"category","embeddable":true,"href":"https:\/\/www.sportalsub.net\/blog\/wp-json\/wp\/v2\/categories?post=2281"},{"taxonomy":"post_tag","embeddable":true,"href":"https:\/\/www.sportalsub.net\/blog\/wp-json\/wp\/v2\/tags?post=2281"}],"curies":[{"name":"wp","href":"https:\/\/api.w.org\/{rel}","templated":true}]}}