{"id":22963,"date":"2015-12-14T12:54:44","date_gmt":"2015-12-14T17:24:44","guid":{"rendered":"http:\/\/www.sportalsub.net\/blog\/?p=22963"},"modified":"2019-08-29T20:53:29","modified_gmt":"2019-08-30T00:53:29","slug":"11-campeonato-de-francia-de-clubes-de-natacion-con-aletas","status":"publish","type":"post","link":"https:\/\/www.sportalsub.net\/blog\/11th-french-finswimming-club-chamipionship","title":{"rendered":"\ud83c\uddeb\ud83c\uddf7 Resultados 11\u00b0 Campeonato de Francia de Clubes de Nataci\u00f3n con Aletas"},"content":{"rendered":"<p><a href=\"http:\/\/www.sportalsub.net\/blog\/wp-content\/uploads\/2015\/12\/francia-aletas.jpg\" rel=\"attachment wp-att-22971\" target=\"_blank\"><img loading=\"lazy\" decoding=\"async\" class=\"alignnone wp-image-22971 size-full\" src=\"http:\/\/www.sportalsub.net\/blog\/wp-content\/uploads\/2015\/12\/francia-aletas.jpg\" alt=\"francia-aletas\" width=\"1024\" height=\"682\" srcset=\"https:\/\/www.sportalsub.net\/blog\/wp-content\/uploads\/2015\/12\/francia-aletas.jpg 1024w, https:\/\/www.sportalsub.net\/blog\/wp-content\/uploads\/2015\/12\/francia-aletas-300x200.jpg 300w, https:\/\/www.sportalsub.net\/blog\/wp-content\/uploads\/2015\/12\/francia-aletas-768x512.jpg 768w, https:\/\/www.sportalsub.net\/blog\/wp-content\/uploads\/2015\/12\/francia-aletas-177x118.jpg 177w\" sizes=\"auto, (max-width: 1024px) 100vw, 1024px\" \/><\/a><\/p>\n<p>(Sportalsub.net \/ FFESSM) &#8211; <a href=\"http:\/\/www.sportalsub.net\/en\/11th-french-finswimming-club-chamipionship\/\">Read in English<\/a><\/p>\n<p>Campeonato de Francia por clubes de Nataci\u00f3n con Aletas<br \/>\nAmn\u00e9ville-l\u00e8s-Thermes.\u00a012 y 13 de diciembre 2015<\/p>\n<p>Le Championnat de France des Clubs se d\u00e9roulera en terres lorraines, \u00e0 la Piscine Olympique d&#8217;Amn\u00e9ville-l\u00e8s-Thermes, du 11 au 13 d\u00e9cembre 2015.<\/p>\n<p><a href=\"http:\/\/nageavecpalmes-ffessm.com\/fr\/compet\/france\/2016\/championnat_france_clubs_amneville\/resultats\/2015_CHPT_FRANCE_CLUBS_ProtocoleComplet_20151213_17352414.pdf\" target=\"_blank\" rel=\"noopener noreferrer\" target=\"_blank\">Resultados Completos<\/a>\u00a0\/ <a href=\"http:\/\/www.cfc-amneville-2016.com\/?page_id=40\" target=\"_blank\">Videos<\/a><\/p>\n<p>Mas info:<br \/>\n<a href=\"http:\/\/nageavecpalmes-ffessm.com\/fr\/compet\/france\/2016\/championnat_france_clubs_amneville\/presentation.php\" target=\"_blank\">Nage Avec Palmes FFESSM<\/a>\u00a0\/\u00a0<a href=\"http:\/\/www.cfc-amneville-2016.com\/wp-content\/uploads\/2015\/10\/Dossier-Clubs-Web.pdf\" target=\"_blank\">Dossier<\/a><\/p>\n<p>Website:\u00a0<a href=\"http:\/\/www.cfc-amneville-2016.com\/\" target=\"_blank\" rel=\"noopener noreferrer\" target=\"_blank\">www.cfc-amneville-2016.com<\/a><br \/>\nFacebook:\u00a0<a href=\"https:\/\/www.facebook.com\/cfcamneville\/\" target=\"_blank\">https:\/\/www.facebook.com\/cfcamneville\/<\/a><\/p>\n<p><img decoding=\"async\" src=\"https:\/\/scontent-mia1-1.xx.fbcdn.net\/hphotos-xap1\/v\/t1.0-9\/1901130_1928955837328802_5309305290260604872_n.jpg?oh=3cc213b6d81e4703f73c567e01c11c94&amp;oe=57176166\" alt=\"\" \/><\/p>\n<p><img loading=\"lazy\" decoding=\"async\" class=\"alignnone size-full wp-image-22965\" src=\"http:\/\/www.sportalsub.net\/blog\/wp-content\/uploads\/2015\/12\/french-champs.jpg\" alt=\"french-champs\" width=\"710\" height=\"728\" srcset=\"https:\/\/www.sportalsub.net\/blog\/wp-content\/uploads\/2015\/12\/french-champs.jpg 710w, https:\/\/www.sportalsub.net\/blog\/wp-content\/uploads\/2015\/12\/french-champs-293x300.jpg 293w\" sizes=\"auto, (max-width: 710px) 100vw, 710px\" \/><\/p>\n","protected":false},"excerpt":{"rendered":"<p>(Sportalsub.net \/ FFESSM) &#8211; Read in English Campeonato de Francia por clubes de Nataci\u00f3n con Aletas Amn\u00e9ville-l\u00e8s-Thermes.\u00a012 y 13 de diciembre 2015 Le Championnat de France des Clubs se d\u00e9roulera en terres lorraines, \u00e0 la Piscine Olympique d&#8217;Amn\u00e9ville-l\u00e8s-Thermes, du 11 au 13 d\u00e9cembre 2015. Resultados Completos\u00a0\/ Videos Mas info: Nage Avec Palmes FFESSM\u00a0\/\u00a0Dossier Website:\u00a0www.cfc-amneville-2016.com Facebook:\u00a0https:\/\/www.facebook.com\/cfcamneville\/<\/p>\n","protected":false},"author":1,"featured_media":22971,"comment_status":"open","ping_status":"closed","sticky":false,"template":"","format":"standard","meta":{"_lmt_disableupdate":"","_lmt_disable":"","jetpack_post_was_ever_published":false,"_jetpack_newsletter_access":"","_jetpack_dont_email_post_to_subs":false,"_jetpack_newsletter_tier_id":0,"_jetpack_memberships_contains_paywalled_content":false,"_jetpack_memberships_contains_paid_content":false,"footnotes":"","jetpack_publicize_message":"","jetpack_publicize_feature_enabled":true,"jetpack_social_post_already_shared":true,"jetpack_social_options":{"image_generator_settings":{"template":"highway","default_image_id":0,"font":"","enabled":false},"version":2}},"categories":[152,12,120],"tags":[],"class_list":["post-22963","post","type-post","status-publish","format-standard","has-post-thumbnail","hentry","category-francia","category-natacion-con-aletas","category-resultados"],"modified_by":"Sportalsub.net","views":3542,"jetpack_publicize_connections":[],"jetpack_featured_media_url":"https:\/\/www.sportalsub.net\/blog\/wp-content\/uploads\/2015\/12\/francia-aletas.jpg","jetpack_sharing_enabled":true,"jetpack_shortlink":"https:\/\/wp.me\/pf9lN-5Yn","jetpack_likes_enabled":false,"jetpack-related-posts":[{"id":21091,"url":"https:\/\/www.sportalsub.net\/blog\/junior-senior-aletas-fedas-2015","url_meta":{"origin":22963,"position":0},"title":"\ud83c\uddea\ud83c\uddf8 Resultados XLV Campeonato de Espa\u00f1a Junior y Senior de Nataci\u00f3n con Aletas","author":"Sportalsub.net","date":"13 julio 2015","format":false,"excerpt":"(Sportalsub.net \/ Nataci\u00f3n con Aletas\u00a0FEDAS \/ FECDAS) XLV Campeonato de Espa\u00f1a Junior y Senior de Nataci\u00f3n con Aletas y Velocidad en Inmersi\u00f3n por Clubes. Barcelona, 11 y 12 de julio El Club CADAS de la Federaci\u00f3n Aragonesa obtiene el primer puesto en el Campeonato de Espa\u00f1a Junior-Senior de Nataci\u00f3n con\u2026","rel":"","context":"En \u00abEspa\u00f1a\u00bb","block_context":{"text":"Espa\u00f1a","link":"https:\/\/www.sportalsub.net\/blog\/category\/paises\/europa\/espana\/"},"img":{"alt_text":"","src":"https:\/\/i0.wp.com\/www.sportalsub.net\/blog\/wp-content\/uploads\/2015\/07\/clubcadas.jpg?resize=350%2C200&ssl=1","width":350,"height":200,"srcset":"https:\/\/i0.wp.com\/www.sportalsub.net\/blog\/wp-content\/uploads\/2015\/07\/clubcadas.jpg?resize=350%2C200&ssl=1 1x, https:\/\/i0.wp.com\/www.sportalsub.net\/blog\/wp-content\/uploads\/2015\/07\/clubcadas.jpg?resize=525%2C300&ssl=1 1.5x, https:\/\/i0.wp.com\/www.sportalsub.net\/blog\/wp-content\/uploads\/2015\/07\/clubcadas.jpg?resize=700%2C400&ssl=1 2x"},"classes":[]},{"id":19590,"url":"https:\/\/www.sportalsub.net\/blog\/apnea-categorias-2015-fmas-mexico","url_meta":{"origin":22963,"position":1},"title":"\ud83c\uddf2\ud83c\uddfd Resultados Campeonato Nacional por Categor\u00edas de Apnea y Nataci\u00f3n con Aletas Veracruz 2015 &#8211; FMAS M\u00e9xico","author":"Sportalsub.net","date":"18 mayo 2015","format":false,"excerpt":"(Sportalsub.net \/ FMAS) La Federaci\u00f3n Mexicana de Actividades Subacu\u00e1ticas A.C. a trav\u00e9s de su Comit\u00e9 Deportivo, organiz\u00f3 el\u00a0CAMPEONATO NACIONAL POR CATEGOR\u00cdAS DE APNEA VERACUZ 2015 PRESELECTIVO PARA EL CAMPEONATO MUNDIAL DE APNEA EN FRANCIA y CAMPEONATO NACIONAL POR CATEGORIAS DE NADO CON ALETAS Y VELOCIDAD SUBACUATICA VERACRUZ 2015 Se llev\u00f3\u2026","rel":"","context":"En \u00abApnea\u00bb","block_context":{"text":"Apnea","link":"https:\/\/www.sportalsub.net\/blog\/category\/modalidades\/apnea\/"},"img":{"alt_text":"","src":"https:\/\/i0.wp.com\/www.sportalsub.net\/blog\/wp-content\/uploads\/2015\/03\/apneamexico2015.jpg?resize=350%2C200&ssl=1","width":350,"height":200,"srcset":"https:\/\/i0.wp.com\/www.sportalsub.net\/blog\/wp-content\/uploads\/2015\/03\/apneamexico2015.jpg?resize=350%2C200&ssl=1 1x, https:\/\/i0.wp.com\/www.sportalsub.net\/blog\/wp-content\/uploads\/2015\/03\/apneamexico2015.jpg?resize=525%2C300&ssl=1 1.5x"},"classes":[]},{"id":15096,"url":"https:\/\/www.sportalsub.net\/blog\/viii-copa-mundo-natacion-con-aletas-cmas-4ta-ronda-2013-francia\/","url_meta":{"origin":22963,"position":2},"title":"\ud83c\uddeb\ud83c\uddf7 Resultados VIII Copa Mundo Nataci\u00f3n con Aletas CMAS \u2013 4ta Ronda 2013 \u2013 Francia","author":"Sportalsub.net","date":"13 abril 2013","format":false,"excerpt":"(Especial Sportalsub.net \/ FFESSM \/ CMAS\/ Finswimmer) Este fin de semana, s\u00e1bado 13 y domingo 14 de abril se realiz\u00f3 en Aix en Provence, Francia;\u00a0la 4ta Ronda de la VIII Copa del Mundo de Nataci\u00f3n con Aletas CMAS con la participaci\u00f3n de m\u00e1s de 250 atletas, de 56 clubes de\u2026","rel":"","context":"En \u00abColombia\u00bb","block_context":{"text":"Colombia","link":"https:\/\/www.sportalsub.net\/blog\/category\/paises\/america\/colombia\/"},"img":{"alt_text":"","src":"https:\/\/i0.wp.com\/www.sportalsub.net\/blog\/wp-content\/uploads\/2013\/04\/ronda-francia.jpg?resize=350%2C200&ssl=1","width":350,"height":200,"srcset":"https:\/\/i0.wp.com\/www.sportalsub.net\/blog\/wp-content\/uploads\/2013\/04\/ronda-francia.jpg?resize=350%2C200&ssl=1 1x, https:\/\/i0.wp.com\/www.sportalsub.net\/blog\/wp-content\/uploads\/2013\/04\/ronda-francia.jpg?resize=525%2C300&ssl=1 1.5x"},"classes":[]},{"id":21068,"url":"https:\/\/www.sportalsub.net\/blog\/infantil-nadosub-espana-2015","url_meta":{"origin":22963,"position":3},"title":"\ud83c\uddea\ud83c\uddf8 Resultados Campeonato de Espa\u00f1a Infantil y Cadete de Nataci\u00f3n con Aletas por clubes FEDAS 2015","author":"Sportalsub.net","date":"22 junio 2015","format":false,"excerpt":"(Sportalsub.net \/ Nataci\u00f3n con Aletas FEDAS \/ FASCV) Resultados del XXIX Campeonato de Espa\u00f1a Infantil y Cadete de Nataci\u00f3n con Aletas y Velocidad en Inmersi\u00f3n por clubes FEDAS realizado en Alicante, los d\u00edas 20 y 21 de junio de 2015 Resultados Fuente: FEDAS","rel":"","context":"En \u00abEspa\u00f1a\u00bb","block_context":{"text":"Espa\u00f1a","link":"https:\/\/www.sportalsub.net\/blog\/category\/paises\/europa\/espana\/"},"img":{"alt_text":"","src":"https:\/\/i0.wp.com\/www.sportalsub.net\/blog\/wp-content\/uploads\/2015\/07\/infantilespana2015.jpg?resize=350%2C200&ssl=1","width":350,"height":200,"srcset":"https:\/\/i0.wp.com\/www.sportalsub.net\/blog\/wp-content\/uploads\/2015\/07\/infantilespana2015.jpg?resize=350%2C200&ssl=1 1x, https:\/\/i0.wp.com\/www.sportalsub.net\/blog\/wp-content\/uploads\/2015\/07\/infantilespana2015.jpg?resize=525%2C300&ssl=1 1.5x"},"classes":[]},{"id":23066,"url":"https:\/\/www.sportalsub.net\/blog\/ranking-records-nadosub-venezuela-2015","url_meta":{"origin":22963,"position":4},"title":"\ud83c\uddfb\ud83c\uddea Ranking Nacional 2015 y R\u00e9cords Nacionales de Nataci\u00f3n con Aletas de Venezuela","author":"Sportalsub.net","date":"18 diciembre 2015","format":false,"excerpt":"(Sportalsub.net \/ Nataci\u00f3n con Aletas Venezuela) Como todos los a\u00f1os, Sportsub & Sportalsub.net presenta el\u00a0Ranking Nacional 2015, listado actualizado de R\u00e9cords Nacionales Absolutos y Juveniles y TOP 20 2000-2015 de Nataci\u00f3n con Aletas de Venezuela, avalado por la Comisi\u00f3n de Jueces y Comisi\u00f3n T\u00e9cnica Nacional de la Federaci\u00f3n Venezolana de\u2026","rel":"","context":"En \u00abNataci\u00f3n con Aletas\u00bb","block_context":{"text":"Nataci\u00f3n con Aletas","link":"https:\/\/www.sportalsub.net\/blog\/category\/modalidades\/natacion-con-aletas\/"},"img":{"alt_text":"","src":"https:\/\/i0.wp.com\/www.sportalsub.net\/blog\/wp-content\/uploads\/2015\/12\/ranking2015.jpg?resize=350%2C200&ssl=1","width":350,"height":200,"srcset":"https:\/\/i0.wp.com\/www.sportalsub.net\/blog\/wp-content\/uploads\/2015\/12\/ranking2015.jpg?resize=350%2C200&ssl=1 1x, https:\/\/i0.wp.com\/www.sportalsub.net\/blog\/wp-content\/uploads\/2015\/12\/ranking2015.jpg?resize=525%2C300&ssl=1 1.5x, https:\/\/i0.wp.com\/www.sportalsub.net\/blog\/wp-content\/uploads\/2015\/12\/ranking2015.jpg?resize=700%2C400&ssl=1 2x"},"classes":[]},{"id":9893,"url":"https:\/\/www.sportalsub.net\/blog\/campeonato-europeo-juvenil-de-natacion-con-aletas-hungria-2011\/","url_meta":{"origin":22963,"position":5},"title":"\ud83c\udded\ud83c\uddfa Campeonato Europeo Juvenil de Nataci\u00f3n con Aletas Hungr\u00eda 2011","author":"Sportalsub.net","date":"12 julio 2011","format":false,"excerpt":"(Especial Sportalsub.net) Desde el mi\u00e9rcoles 13 y hasta el domingo 17 de julio se realizar\u00e1 en\u00a0Miskolc, Hungr\u00eda el 13er Campeonato Europeo Juvenil de Nataci\u00f3n con Aletas CMAS.\u00a0El evento se realizar\u00e1 en las pruebas de piscina y Larga Distancia, con la participaci\u00f3n de m\u00e1s de 150 deportistas de 17 pa\u00edses. Resultados\u2026","rel":"","context":"En \u00abAlemania\u00bb","block_context":{"text":"Alemania","link":"https:\/\/www.sportalsub.net\/blog\/category\/paises\/europa\/alemania\/"},"img":{"alt_text":"","src":"https:\/\/i0.wp.com\/www.sportalsub.net\/blog\/wp-content\/uploads\/2011\/07\/europeojuvenilaletas.jpg?resize=350%2C200&ssl=1","width":350,"height":200,"srcset":"https:\/\/i0.wp.com\/www.sportalsub.net\/blog\/wp-content\/uploads\/2011\/07\/europeojuvenilaletas.jpg?resize=350%2C200&ssl=1 1x, https:\/\/i0.wp.com\/www.sportalsub.net\/blog\/wp-content\/uploads\/2011\/07\/europeojuvenilaletas.jpg?resize=525%2C300&ssl=1 1.5x"},"classes":[]}],"_links":{"self":[{"href":"https:\/\/www.sportalsub.net\/blog\/wp-json\/wp\/v2\/posts\/22963","targetHints":{"allow":["GET"]}}],"collection":[{"href":"https:\/\/www.sportalsub.net\/blog\/wp-json\/wp\/v2\/posts"}],"about":[{"href":"https:\/\/www.sportalsub.net\/blog\/wp-json\/wp\/v2\/types\/post"}],"author":[{"embeddable":true,"href":"https:\/\/www.sportalsub.net\/blog\/wp-json\/wp\/v2\/users\/1"}],"replies":[{"embeddable":true,"href":"https:\/\/www.sportalsub.net\/blog\/wp-json\/wp\/v2\/comments?post=22963"}],"version-history":[{"count":0,"href":"https:\/\/www.sportalsub.net\/blog\/wp-json\/wp\/v2\/posts\/22963\/revisions"}],"wp:featuredmedia":[{"embeddable":true,"href":"https:\/\/www.sportalsub.net\/blog\/wp-json\/wp\/v2\/media\/22971"}],"wp:attachment":[{"href":"https:\/\/www.sportalsub.net\/blog\/wp-json\/wp\/v2\/media?parent=22963"}],"wp:term":[{"taxonomy":"category","embeddable":true,"href":"https:\/\/www.sportalsub.net\/blog\/wp-json\/wp\/v2\/categories?post=22963"},{"taxonomy":"post_tag","embeddable":true,"href":"https:\/\/www.sportalsub.net\/blog\/wp-json\/wp\/v2\/tags?post=22963"}],"curies":[{"name":"wp","href":"https:\/\/api.w.org\/{rel}","templated":true}]}}