{"id":23162,"date":"2016-07-13T13:52:51","date_gmt":"2016-07-13T18:22:51","guid":{"rendered":"http:\/\/www.sportalsub.net\/blog\/?p=23162"},"modified":"2019-08-29T20:53:52","modified_gmt":"2019-08-30T00:53:52","slug":"14to-campeonato-mundial-juvenil-de-natacion-con-aletas-cmas-annemasse-francia-2016","status":"publish","type":"post","link":"https:\/\/www.sportalsub.net\/blog\/wcj-finswimming2016-france","title":{"rendered":"\ud83c\uddeb\ud83c\uddf7 Resultados 14to Campeonato Mundial Juvenil de Nataci\u00f3n con Aletas CMAS. Annemasse, Francia 2016"},"content":{"rendered":"<p><a href=\"http:\/\/www.sportalsub.net\/blog\/wp-content\/uploads\/2015\/12\/wcj-finswimming2016.jpg\" rel=\"attachment wp-att-23163\" target=\"_blank\"><img loading=\"lazy\" decoding=\"async\" class=\"alignnone size-full wp-image-23163\" src=\"http:\/\/www.sportalsub.net\/blog\/wp-content\/uploads\/2015\/12\/wcj-finswimming2016.jpg\" alt=\"wcj-finswimming2016\" width=\"1080\" height=\"1080\" srcset=\"https:\/\/www.sportalsub.net\/blog\/wp-content\/uploads\/2015\/12\/wcj-finswimming2016.jpg 1080w, https:\/\/www.sportalsub.net\/blog\/wp-content\/uploads\/2015\/12\/wcj-finswimming2016-150x150.jpg 150w, https:\/\/www.sportalsub.net\/blog\/wp-content\/uploads\/2015\/12\/wcj-finswimming2016-300x300.jpg 300w, https:\/\/www.sportalsub.net\/blog\/wp-content\/uploads\/2015\/12\/wcj-finswimming2016-768x768.jpg 768w, https:\/\/www.sportalsub.net\/blog\/wp-content\/uploads\/2015\/12\/wcj-finswimming2016-1024x1024.jpg 1024w, https:\/\/www.sportalsub.net\/blog\/wp-content\/uploads\/2015\/12\/wcj-finswimming2016-65x65.jpg 65w\" sizes=\"auto, (max-width: 1080px) 100vw, 1080px\" \/><\/a><\/p>\n<p>(Sportalsub.net \/ FFESSM \/ CMAS) &#8211; <a href=\"http:\/\/www.sportalsub.net\/en\/wcj-finswimming2016-france\/\">Read in english<\/a><\/p>\n<p>Desde el 4 al 11 de julio de 2016 se realiz\u00f3 el\u00a0<strong>14to Campeonato Mundial Juvenil de Nataci\u00f3n con Aletas CMAS<\/strong> en piscina y larga distancia, llevado a cabo en Annemasse, Francia. El evento fue\u00a0organizado por la Federaci\u00f3n Francesa de Estudios y Deportes Submarinos (FFESSM) con el aval de la Confederaci\u00f3n Mundial de Actividades Subacu\u00e1ticas (CMAS) y cont\u00f3 con <a href=\"http:\/\/www.tkservice.it\/annemasse16\/results\/\" target=\"_blank\" rel=\"nofollow noopener noreferrer\" target=\"_blank\">Resultados en Vivo<\/a>\u00a0as\u00ed como video en directo via\u00a0<a href=\"http:\/\/wcj-finswimming2016.com\/live-video\/\" target=\"_blank\" rel=\"nofollow noopener noreferrer\" target=\"_blank\">Streaming<\/a><\/p>\n<p><strong><a href=\"http:\/\/www.dailymotion.com\/FFESSM-Video#uploads\" target=\"_blank\">Todos los Videos<\/a>\u00a0(Dailymotion)<\/strong><\/p>\n<h4 class=\"event-header\">Resultados Oficiales (CMAS)<\/h4>\n<div class=\"document_tree\">\n<div class=\"file\">\n<div class=\"file_inner\"><a href=\"http:\/\/www.cmas.org\/document?sessionId=&amp;fileId=4066&amp;language=1\"class=\"extension pdf even\"  target=\"_new\" rel=\"noopener noreferrer\" target=\"_blank\">Tabla de Medallas piscina y aguas abiertas<\/a><\/div>\n<div class=\"file_inner\"><a href=\"http:\/\/www.cmas.org\/document?sessionId=&amp;fileId=4065&amp;language=1\"class=\"extension pdf odd\"  target=\"_new\" rel=\"noopener noreferrer\" target=\"_blank\">Tabla de Medallas piscina<\/a><\/div>\n<div class=\"file_inner\"><a href=\"http:\/\/www.cmas.org\/document?sessionId=&amp;fileId=4063&amp;language=1\"class=\"extension pdf even\"  target=\"_new\" rel=\"noopener noreferrer\" target=\"_blank\">Resultados Aguas Abiertas<\/a><\/div>\n<div class=\"file_inner\"><a href=\"http:\/\/www.cmas.org\/document?sessionId=&amp;fileId=4064&amp;language=1\"class=\"extension pdf odd\"  target=\"_new\" rel=\"noopener noreferrer\" target=\"_blank\">Resultados piscina D\u00eda 4<\/a><\/div>\n<div class=\"file_inner\"><a href=\"http:\/\/www.cmas.org\/document?sessionId=&amp;fileId=4062&amp;language=1\"class=\"extension pdf even\"  target=\"_new\" rel=\"noopener noreferrer\" target=\"_blank\">Resultados piscina D\u00eda 3<\/a><\/div>\n<div class=\"file_inner\"><a href=\"http:\/\/www.cmas.org\/document?sessionId=&amp;fileId=4056&amp;language=1\"class=\"extension pdf odd\"  target=\"_new\" rel=\"noopener noreferrer\" target=\"_blank\">Resultados piscina D\u00eda 2<\/a><\/div>\n<div class=\"file_inner\"><a href=\"http:\/\/www.cmas.org\/document?sessionId=&amp;fileId=4055&amp;language=1\"class=\"extension pdf even\"  target=\"_new\" rel=\"noopener noreferrer\" target=\"_blank\">Resultados piscina D\u00eda 1<\/a><\/div>\n<\/div>\n<\/div>\n<div class=\"file_inner\"><\/div>\n<div class=\"file_inner\"><a href=\"http:\/\/www.sportalsub.net\/blog\/wp-content\/uploads\/2016\/07\/annemasse-esp.jpg\" target=\"_blank\"><img loading=\"lazy\" decoding=\"async\" class=\"alignnone size-full wp-image-24713\" src=\"http:\/\/www.sportalsub.net\/blog\/wp-content\/uploads\/2016\/07\/annemasse-esp.jpg\" alt=\"annemasse-esp\" width=\"2048\" height=\"1365\" srcset=\"https:\/\/www.sportalsub.net\/blog\/wp-content\/uploads\/2016\/07\/annemasse-esp.jpg 2048w, https:\/\/www.sportalsub.net\/blog\/wp-content\/uploads\/2016\/07\/annemasse-esp-300x200.jpg 300w, https:\/\/www.sportalsub.net\/blog\/wp-content\/uploads\/2016\/07\/annemasse-esp-768x512.jpg 768w, https:\/\/www.sportalsub.net\/blog\/wp-content\/uploads\/2016\/07\/annemasse-esp-1024x683.jpg 1024w, https:\/\/www.sportalsub.net\/blog\/wp-content\/uploads\/2016\/07\/annemasse-esp-177x118.jpg 177w\" sizes=\"auto, (max-width: 2048px) 100vw, 2048px\" \/><\/a><\/div>\n<p><strong>Programa General<\/strong><\/p>\n<div class=\"entry-content\">\n<ul>\n<li>J1 \u2013 lun 04\/07\/16 : \u00a0Llegada de\u00a0delegaciones<\/li>\n<li>J2 \u2013 mar 05\/07\/16 : Entrenamiento\/reuni\u00f3n jefes de equipo \/ceremonia de inauguraci\u00f3n<\/li>\n<li>J3 \u2013 mie 06\/07\/16 : Competici\u00f3n piscina\u00a0\/\u00a0cena jefes de delegaci\u00f3n<\/li>\n<li>J4 \u2013 jue 07\/07\/16 : Competici\u00f3n piscina<\/li>\n<li>J5 \u2013 vie 08\/07\/16 : Competici\u00f3n piscina \/ Llegada de\u00a0delegaciones larga distancia<\/li>\n<li>J6 \u2013 sab 09\/07\/16 : Competici\u00f3n piscina \/ Entrenamiento larga distancia\u00a0 \/ reuni\u00f3n jefes de equipo LD<\/li>\n<li>J7 \u2013 dom 10\/07\/16 : Competici\u00f3n larga distancia\u00a0\/ ceremonia de clausura<\/li>\n<li>J8 \u2013 lun 11\/07\/16 : Salida de delegaciones<\/li>\n<\/ul>\n<\/div>\n<p>El Comit\u00e9 Organizador del Evento ha dado a conocer el sitio web con informaci\u00f3n preliminar y las redes sociales del Campeonato<\/p>\n<p><strong><a href=\"http:\/\/wcj-finswimming2016.com\/\" target=\"_blank\">Web Oficial<\/a> &#8211; <a href=\"https:\/\/twitter.com\/14thWJC2016\" target=\"_blank\">Twitter<\/a> &#8211;\u00a0<a href=\"https:\/\/www.instagram.com\/comm.wjc2016\/\" target=\"_blank\">Instagram<\/a>\u00a0&#8211; <a href=\"https:\/\/www.facebook.com\/wcfj2016\/\" target=\"_blank\">Facebook<\/a><\/strong><\/p>\n<p><strong>M\u00e1s info: <a href=\"http:\/\/nageavecpalmes-ffessm.com\/fr\/compet\/inter\/2016\/championnat_monde_juniors_annemasse\/presentation.php\" target=\"_blank\">FFESSM<\/a> \/ <a href=\"http:\/\/www.cmas.org\/events\/finswimming-world-junior-championship-pool-and-ld\" target=\"_blank\">CMAS<\/a><\/strong><\/p>\n<p><b>Pa\u00edses<\/b><strong>\u00a0Participantes<\/strong><\/p>\n<p><a href=\"http:\/\/www.sportalsub.net\/blog\/wp-content\/uploads\/2016\/07\/WCJ-33-COUNTRIES-FLAGS.jpg\" target=\"_blank\"><img loading=\"lazy\" decoding=\"async\" class=\"alignnone size-full wp-image-24678\" src=\"http:\/\/www.sportalsub.net\/blog\/wp-content\/uploads\/2016\/07\/WCJ-33-COUNTRIES-FLAGS.jpg\" alt=\"WCJ-33-COUNTRIES-FLAGS\" width=\"697\" height=\"1200\" srcset=\"https:\/\/www.sportalsub.net\/blog\/wp-content\/uploads\/2016\/07\/WCJ-33-COUNTRIES-FLAGS.jpg 697w, https:\/\/www.sportalsub.net\/blog\/wp-content\/uploads\/2016\/07\/WCJ-33-COUNTRIES-FLAGS-174x300.jpg 174w, https:\/\/www.sportalsub.net\/blog\/wp-content\/uploads\/2016\/07\/WCJ-33-COUNTRIES-FLAGS-595x1024.jpg 595w\" sizes=\"auto, (max-width: 697px) 100vw, 697px\" \/><\/a><\/p>\n<p><a href=\"http:\/\/www.sportalsub.net\/blog\/wp-content\/uploads\/2015\/11\/wcj-finswimming-poster.jpg\" rel=\"attachment wp-att-23168\" target=\"_blank\"><img loading=\"lazy\" decoding=\"async\" class=\"alignnone size-full wp-image-23168\" src=\"http:\/\/www.sportalsub.net\/blog\/wp-content\/uploads\/2015\/11\/wcj-finswimming-poster.jpg\" alt=\"wcj-finswimming-poster\" width=\"655\" height=\"960\" srcset=\"https:\/\/www.sportalsub.net\/blog\/wp-content\/uploads\/2015\/11\/wcj-finswimming-poster.jpg 655w, https:\/\/www.sportalsub.net\/blog\/wp-content\/uploads\/2015\/11\/wcj-finswimming-poster-205x300.jpg 205w\" sizes=\"auto, (max-width: 655px) 100vw, 655px\" \/><\/a><\/p>\n","protected":false},"excerpt":{"rendered":"<p>(Sportalsub.net \/ FFESSM \/ CMAS) &#8211; Read in english Desde el 4 al 11 de julio de 2016 se realiz\u00f3 el\u00a014to Campeonato Mundial Juvenil de Nataci\u00f3n con Aletas CMAS en piscina y larga distancia, llevado a cabo en Annemasse, Francia. El evento fue\u00a0organizado por la Federaci\u00f3n Francesa de Estudios y Deportes Submarinos (FFESSM) con el aval de la Confederaci\u00f3n Mundial [&#8230;]<\/p>\n","protected":false},"author":1,"featured_media":24713,"comment_status":"open","ping_status":"closed","sticky":false,"template":"","format":"standard","meta":{"_lmt_disableupdate":"","_lmt_disable":"","jetpack_post_was_ever_published":false,"_jetpack_newsletter_access":"","_jetpack_dont_email_post_to_subs":false,"_jetpack_newsletter_tier_id":0,"_jetpack_memberships_contains_paywalled_content":false,"_jetpack_memberships_contains_paid_content":false,"footnotes":"","jetpack_publicize_message":"","jetpack_publicize_feature_enabled":true,"jetpack_social_post_already_shared":true,"jetpack_social_options":{"image_generator_settings":{"template":"highway","default_image_id":0,"font":"","enabled":false},"version":2}},"categories":[3,347,10,152,12,119,120],"tags":[],"class_list":["post-23162","post","type-post","status-publish","format-standard","has-post-thumbnail","hentry","category-colombia","category-destacados","category-espana","category-francia","category-natacion-con-aletas","category-peru","category-resultados"],"modified_by":"Sportalsub.net","views":8033,"jetpack_publicize_connections":[],"jetpack_featured_media_url":"https:\/\/www.sportalsub.net\/blog\/wp-content\/uploads\/2016\/07\/annemasse-esp.jpg","jetpack_sharing_enabled":true,"jetpack_shortlink":"https:\/\/wp.me\/pf9lN-61A","jetpack_likes_enabled":false,"jetpack-related-posts":[{"id":74299,"url":"https:\/\/www.sportalsub.net\/blog\/cmas-finswimming-open-water-france-2024","url_meta":{"origin":23162,"position":0},"title":"\ud83c\uddeb\ud83c\uddf7 Resultados &#8211; Campeonato Mundial CMAS de Nataci\u00f3n con Aletas Aguas Abiertas Junior y Senior 2024 &#8211; Francia","author":"Sportalsub.net","date":"27 septiembre 2024","format":false,"excerpt":"Foto: Instagram @cmasorg (Sportalsub.net \/ CMAS \/ FFESSM) Read in English 22do Campeonato Mundial CMAS de Nataci\u00f3n con Aletas Aguas Abiertas Senior y 19no Campeonato Mundial CMAS de Nataci\u00f3n con Aletas Aguas Abiertas Junior en Carry Le Rouet, Francia. 23 al 28 de septiembre 2024. VIDEO CMAS TV RESULTADOS (PDF)\u2026","rel":"","context":"En \u00abFrancia\u00bb","block_context":{"text":"Francia","link":"https:\/\/www.sportalsub.net\/blog\/category\/paises\/europa\/francia\/"},"img":{"alt_text":"","src":"https:\/\/i0.wp.com\/www.sportalsub.net\/blog\/wp-content\/uploads\/2024\/09\/results-finswimming-open-water.jpg?resize=350%2C200&ssl=1","width":350,"height":200,"srcset":"https:\/\/i0.wp.com\/www.sportalsub.net\/blog\/wp-content\/uploads\/2024\/09\/results-finswimming-open-water.jpg?resize=350%2C200&ssl=1 1x, https:\/\/i0.wp.com\/www.sportalsub.net\/blog\/wp-content\/uploads\/2024\/09\/results-finswimming-open-water.jpg?resize=525%2C300&ssl=1 1.5x, https:\/\/i0.wp.com\/www.sportalsub.net\/blog\/wp-content\/uploads\/2024\/09\/results-finswimming-open-water.jpg?resize=700%2C400&ssl=1 2x"},"classes":[]},{"id":74811,"url":"https:\/\/www.sportalsub.net\/blog\/cmas-finswimming-open-water-masters-france-2024","url_meta":{"origin":23162,"position":1},"title":"\ud83c\uddeb\ud83c\uddf7 Resultados &#8211; 5to Campeonato Mundial CMAS de Nataci\u00f3n con Aletas Aguas Abiertas Master 2024 \u2013 Francia","author":"Sportalsub.net","date":"24 septiembre 2024","format":false,"excerpt":"Photo: Video France info (Sportalsub.net \/ CMAS \/ FFESSM) Read in English 5to Campeonato Mundial CMAS de Nataci\u00f3n con Aletas Aguas Abiertas Master en Carry Le Rouet, Francia. 21 al 24 de septiembre 2024. RESULTADOS OFICIALES (PDF) Starting List\u00a0 RESULTADOS EN VIVO +info: CMAS Website - Sportdata","rel":"","context":"En \u00abFrancia\u00bb","block_context":{"text":"Francia","link":"https:\/\/www.sportalsub.net\/blog\/category\/paises\/europa\/francia\/"},"img":{"alt_text":"","src":"https:\/\/i0.wp.com\/www.sportalsub.net\/blog\/wp-content\/uploads\/2024\/09\/mastersfrance2024.jpg?resize=350%2C200&ssl=1","width":350,"height":200,"srcset":"https:\/\/i0.wp.com\/www.sportalsub.net\/blog\/wp-content\/uploads\/2024\/09\/mastersfrance2024.jpg?resize=350%2C200&ssl=1 1x, https:\/\/i0.wp.com\/www.sportalsub.net\/blog\/wp-content\/uploads\/2024\/09\/mastersfrance2024.jpg?resize=525%2C300&ssl=1 1.5x, https:\/\/i0.wp.com\/www.sportalsub.net\/blog\/wp-content\/uploads\/2024\/09\/mastersfrance2024.jpg?resize=700%2C400&ssl=1 2x"},"classes":[]},{"id":45660,"url":"https:\/\/www.sportalsub.net\/blog\/kiss-nandor-de-hungria-record-mundial-juvenil-natacion-con-aletas-400-superficie-video\/","url_meta":{"origin":23162,"position":2},"title":"\ud83c\udded\ud83c\uddfa Kiss Nandor de Hungr\u00eda Record Mundial Juvenil Nataci\u00f3n con Aletas 400 Superficie + VIDEO","author":"Sportalsub.net","date":"16 junio 2021","format":false,"excerpt":"(Sportalsub.net) - Read in English Kiss Nandor de Hungr\u00eda establece un Nuevo R\u00e9cord Mundial Juvenil de Nataci\u00f3n con Aletas en la prueba de 400 metros superficie con tiempo de 2:58.70 durante el primer d\u00eda de competencias del 17\u00b0 Campeonato Mundial Junior de Nataci\u00f3n con Aletas CMAS \u2013 Italia 2021 Video\u2026","rel":"","context":"En \u00abHungr\u00eda\u00bb","block_context":{"text":"Hungr\u00eda","link":"https:\/\/www.sportalsub.net\/blog\/category\/paises\/europa\/hungria\/"},"img":{"alt_text":"","src":"https:\/\/i0.wp.com\/www.sportalsub.net\/blog\/wp-content\/uploads\/2021\/06\/kissnandorworldrecord.jpg?resize=350%2C200&ssl=1","width":350,"height":200,"srcset":"https:\/\/i0.wp.com\/www.sportalsub.net\/blog\/wp-content\/uploads\/2021\/06\/kissnandorworldrecord.jpg?resize=350%2C200&ssl=1 1x, https:\/\/i0.wp.com\/www.sportalsub.net\/blog\/wp-content\/uploads\/2021\/06\/kissnandorworldrecord.jpg?resize=525%2C300&ssl=1 1.5x, https:\/\/i0.wp.com\/www.sportalsub.net\/blog\/wp-content\/uploads\/2021\/06\/kissnandorworldrecord.jpg?resize=700%2C400&ssl=1 2x"},"classes":[]},{"id":24246,"url":"https:\/\/www.sportalsub.net\/blog\/seleccion-espana-aletas-fedas-campeonatos-2016","url_meta":{"origin":23162,"position":3},"title":"\ud83c\uddea\ud83c\uddf8 Selecci\u00f3n Espa\u00f1ola de Nataci\u00f3n con Aletas se prepara para los Campeonatos del Mundo 2016","author":"Sportalsub.net","date":"25 mayo 2016","format":false,"excerpt":"Sportalsub.net \/ Nataci\u00f3n con Aletas FEDAS El pasado 14 y 15 de Mayo , el Departamento Nacional de Nataci\u00f3n con Aletas de la Federaci\u00f3n Espa\u00f1ola de Actividades Subacu\u00e1ticas (FEDAS) organiz\u00f3 en las instalaciones del Centro de Alto Rendimiento de Sant Cugat, Barcelona, una concentraci\u00f3n de la Selecci\u00f3n Espa\u00f1ola 2016, tanto\u2026","rel":"","context":"En \u00abEspa\u00f1a\u00bb","block_context":{"text":"Espa\u00f1a","link":"https:\/\/www.sportalsub.net\/blog\/category\/paises\/europa\/espana\/"},"img":{"alt_text":"","src":"https:\/\/i0.wp.com\/www.sportalsub.net\/blog\/wp-content\/uploads\/2016\/05\/seleccion-esp-aletas.jpg?resize=350%2C200&ssl=1","width":350,"height":200,"srcset":"https:\/\/i0.wp.com\/www.sportalsub.net\/blog\/wp-content\/uploads\/2016\/05\/seleccion-esp-aletas.jpg?resize=350%2C200&ssl=1 1x, https:\/\/i0.wp.com\/www.sportalsub.net\/blog\/wp-content\/uploads\/2016\/05\/seleccion-esp-aletas.jpg?resize=525%2C300&ssl=1 1.5x, https:\/\/i0.wp.com\/www.sportalsub.net\/blog\/wp-content\/uploads\/2016\/05\/seleccion-esp-aletas.jpg?resize=700%2C400&ssl=1 2x"},"classes":[]},{"id":77460,"url":"https:\/\/www.sportalsub.net\/blog\/finswimming-aix-en-provence-2025","url_meta":{"origin":23162,"position":4},"title":"\ud83c\uddeb\ud83c\uddf7 Resultados &#8211; XIX Copa Mundo CMAS de Nataci\u00f3n con Aletas 2025 \u2013 Aix en Provence, Francia","author":"Sportalsub.net","date":"9 febrero 2025","format":false,"excerpt":"(Sportalsub.net \/ CMAS \/ FFESSM \/ Pays d\u2019Aix Natation) Read in English Pays d\u2019Aix Natation organiz\u00f3 la primera ronda de la XIX Copa Mundo CMAS de Nataci\u00f3n con Aletas 2025 en Aix-en-Provence, Francia del 7 al 9 de Febrero 2025. RESULTADOS COMPLETOS (PDF) Video en Vivo en RESULTADOS EN VIVO\u2026","rel":"","context":"En \u00abFrancia\u00bb","block_context":{"text":"Francia","link":"https:\/\/www.sportalsub.net\/blog\/category\/paises\/europa\/francia\/"},"img":{"alt_text":"","src":"https:\/\/i0.wp.com\/www.sportalsub.net\/blog\/wp-content\/uploads\/2025\/01\/aixposter2025.jpg?resize=350%2C200&ssl=1","width":350,"height":200,"srcset":"https:\/\/i0.wp.com\/www.sportalsub.net\/blog\/wp-content\/uploads\/2025\/01\/aixposter2025.jpg?resize=350%2C200&ssl=1 1x, https:\/\/i0.wp.com\/www.sportalsub.net\/blog\/wp-content\/uploads\/2025\/01\/aixposter2025.jpg?resize=525%2C300&ssl=1 1.5x, https:\/\/i0.wp.com\/www.sportalsub.net\/blog\/wp-content\/uploads\/2025\/01\/aixposter2025.jpg?resize=700%2C400&ssl=1 2x"},"classes":[]},{"id":66327,"url":"https:\/\/www.sportalsub.net\/blog\/finswimming-aix-en-provence-2024","url_meta":{"origin":23162,"position":5},"title":"\ud83c\uddeb\ud83c\uddf7 Resultados &#8211; XVIII Copa Mundo CMAS de Nataci\u00f3n con Aletas 2024 &#8211; Aix en Provence, Francia","author":"Sportalsub.net","date":"26 febrero 2024","format":false,"excerpt":"(Sportalsub.net \/ CMAS \/ FFESSM \/ Pays d'Aix Natation) Read in English Pays d'Aix Natation organiz\u00f3 la primera ronda de la XVIII Copa Mundo CMAS de Nataci\u00f3n con Aletas 2024 en Aix-en-Provence, Francia del 23 al 25 de Febrero 2024. 523 nadadores con aletas de 93 clubes y 19 pa\u00edses\u2026","rel":"","context":"En \u00abFrancia\u00bb","block_context":{"text":"Francia","link":"https:\/\/www.sportalsub.net\/blog\/category\/paises\/europa\/francia\/"},"img":{"alt_text":"","src":"https:\/\/i0.wp.com\/www.sportalsub.net\/blog\/wp-content\/uploads\/2023\/11\/aixenprovence2024.jpg?resize=350%2C200&ssl=1","width":350,"height":200,"srcset":"https:\/\/i0.wp.com\/www.sportalsub.net\/blog\/wp-content\/uploads\/2023\/11\/aixenprovence2024.jpg?resize=350%2C200&ssl=1 1x, https:\/\/i0.wp.com\/www.sportalsub.net\/blog\/wp-content\/uploads\/2023\/11\/aixenprovence2024.jpg?resize=525%2C300&ssl=1 1.5x, https:\/\/i0.wp.com\/www.sportalsub.net\/blog\/wp-content\/uploads\/2023\/11\/aixenprovence2024.jpg?resize=700%2C400&ssl=1 2x"},"classes":[]}],"_links":{"self":[{"href":"https:\/\/www.sportalsub.net\/blog\/wp-json\/wp\/v2\/posts\/23162","targetHints":{"allow":["GET"]}}],"collection":[{"href":"https:\/\/www.sportalsub.net\/blog\/wp-json\/wp\/v2\/posts"}],"about":[{"href":"https:\/\/www.sportalsub.net\/blog\/wp-json\/wp\/v2\/types\/post"}],"author":[{"embeddable":true,"href":"https:\/\/www.sportalsub.net\/blog\/wp-json\/wp\/v2\/users\/1"}],"replies":[{"embeddable":true,"href":"https:\/\/www.sportalsub.net\/blog\/wp-json\/wp\/v2\/comments?post=23162"}],"version-history":[{"count":0,"href":"https:\/\/www.sportalsub.net\/blog\/wp-json\/wp\/v2\/posts\/23162\/revisions"}],"wp:featuredmedia":[{"embeddable":true,"href":"https:\/\/www.sportalsub.net\/blog\/wp-json\/wp\/v2\/media\/24713"}],"wp:attachment":[{"href":"https:\/\/www.sportalsub.net\/blog\/wp-json\/wp\/v2\/media?parent=23162"}],"wp:term":[{"taxonomy":"category","embeddable":true,"href":"https:\/\/www.sportalsub.net\/blog\/wp-json\/wp\/v2\/categories?post=23162"},{"taxonomy":"post_tag","embeddable":true,"href":"https:\/\/www.sportalsub.net\/blog\/wp-json\/wp\/v2\/tags?post=23162"}],"curies":[{"name":"wp","href":"https:\/\/api.w.org\/{rel}","templated":true}]}}