{"id":23473,"date":"2016-05-04T13:47:57","date_gmt":"2016-05-04T18:17:57","guid":{"rendered":"http:\/\/www.sportalsub.net\/blog\/?p=23473"},"modified":"2019-08-29T22:26:19","modified_gmt":"2019-08-30T02:26:19","slug":"6ta-ronda-copa-mundo-cmas-natacion-con-aletas-2016-turquia","status":"publish","type":"post","link":"https:\/\/www.sportalsub.net\/blog\/finswimming-world-cup-2016-turkey","title":{"rendered":"\ud83c\uddf9\ud83c\uddf7 Resultados 6ta Ronda Copa Mundo CMAS Nataci\u00f3n Con Aletas 2016 \u2013 Turqu\u00eda"},"content":{"rendered":"<p><a href=\"http:\/\/www.sportalsub.net\/blog\/wp-content\/uploads\/2016\/04\/turquia1.jpg\" target=\"_blank\"><img loading=\"lazy\" decoding=\"async\" class=\"alignnone size-full wp-image-24097\" src=\"http:\/\/www.sportalsub.net\/blog\/wp-content\/uploads\/2016\/04\/turquia1.jpg\" alt=\"turquia1\" width=\"960\" height=\"640\" srcset=\"https:\/\/www.sportalsub.net\/blog\/wp-content\/uploads\/2016\/04\/turquia1.jpg 960w, https:\/\/www.sportalsub.net\/blog\/wp-content\/uploads\/2016\/04\/turquia1-300x200.jpg 300w, https:\/\/www.sportalsub.net\/blog\/wp-content\/uploads\/2016\/04\/turquia1-768x512.jpg 768w, https:\/\/www.sportalsub.net\/blog\/wp-content\/uploads\/2016\/04\/turquia1-177x118.jpg 177w\" sizes=\"auto, (max-width: 960px) 100vw, 960px\" \/><\/a><\/p>\n<p>(Sportalsub.net \/ CMAS \/ TSSF) &#8211;\u00a0<a href=\"http:\/\/www.sportalsub.net\/en\/finswimming-world-cup-2016-turkey\/\">Read in English<\/a><\/p>\n<p>La Federaci\u00f3n de Actividades Subacu\u00e1ticas de Turqu\u00eda organiz\u00f3 la 6ta Ronda de la Copa Mundo CMAS\u00a02016 de nataci\u00f3n con aletas en piscina, realizada\u00a0del 29 de abril al 1ro de mayo en\u00a0Gebze-Kocaeli en Turqu\u00eda con la participaci\u00f3n de clubes de varios pa\u00edses.<\/p>\n<p><strong><a href=\"http:\/\/www.sportalsub.net\/blog\/wp-content\/uploads\/2016\/04\/003997-1-all_result.pdf\" target=\"_blank\" rel=\"noopener noreferrer\">Resultados Oficiales<\/a> &#8211; <a href=\"http:\/\/www.sportalsub.net\/blog\/wp-content\/uploads\/2016\/04\/003999-1-medal_statistics.pdf\" target=\"_blank\" rel=\"noopener noreferrer\">Medallas<\/a> &#8211; <a href=\"http:\/\/www.sportalsub.net\/blog\/wp-content\/uploads\/2016\/04\/003998-1-all_team_points_details.pdf\" target=\"_blank\" rel=\"noopener noreferrer\">Puntos<\/a><\/strong><\/p>\n<p><strong>Destacada participaci\u00f3n de Colombia<\/strong><\/p>\n<p>En el evento, participaron los clubes <strong>Deportivo Subacu\u00e1tica Nutrias<\/strong> y<strong> Deportivo Subacuaticas Comfamiliar<\/strong>, ambos de la ciudad de Neiva, Departamento del Huila, Colombia, cuyos nadadores alcanzaron varias medallas.\u00a0Por parte de Nutrias:<strong> Daniela Calderon<\/strong> y <strong>Victor Bahamon<\/strong> se subieron 6 veces al podio, mientras que por Comfamiliar: <strong>Paula Oriana Narvaez<\/strong> logr\u00f3 medallas tambi\u00e9n en sus 3 pruebas disputadas. Los atletas estuvieron acompa\u00f1ados en el evento por el entrenador <strong>Juan Carlos Nieto<\/strong>.<\/p>\n<p><a href=\"http:\/\/www.sportalsub.net\/blog\/wp-content\/uploads\/2016\/04\/nadadores-huila.jpg\" target=\"_blank\"><img loading=\"lazy\" decoding=\"async\" class=\"alignnone size-full wp-image-24101\" src=\"http:\/\/www.sportalsub.net\/blog\/wp-content\/uploads\/2016\/04\/nadadores-huila.jpg\" alt=\"nadadores-huila\" width=\"720\" height=\"960\" srcset=\"https:\/\/www.sportalsub.net\/blog\/wp-content\/uploads\/2016\/04\/nadadores-huila.jpg 720w, https:\/\/www.sportalsub.net\/blog\/wp-content\/uploads\/2016\/04\/nadadores-huila-225x300.jpg 225w\" sizes=\"auto, (max-width: 720px) 100vw, 720px\" \/><\/a><\/p>\n<p><a href=\"http:\/\/www.sportalsub.net\/blog\/wp-content\/uploads\/2016\/04\/turquia2.jpg\" target=\"_blank\"><img loading=\"lazy\" decoding=\"async\" class=\"alignnone size-full wp-image-24102\" src=\"http:\/\/www.sportalsub.net\/blog\/wp-content\/uploads\/2016\/04\/turquia2.jpg\" alt=\"turquia2\" width=\"960\" height=\"640\" srcset=\"https:\/\/www.sportalsub.net\/blog\/wp-content\/uploads\/2016\/04\/turquia2.jpg 960w, https:\/\/www.sportalsub.net\/blog\/wp-content\/uploads\/2016\/04\/turquia2-300x200.jpg 300w, https:\/\/www.sportalsub.net\/blog\/wp-content\/uploads\/2016\/04\/turquia2-768x512.jpg 768w, https:\/\/www.sportalsub.net\/blog\/wp-content\/uploads\/2016\/04\/turquia2-177x118.jpg 177w\" sizes=\"auto, (max-width: 960px) 100vw, 960px\" \/><\/a><\/p>\n<p>Toda la informaci\u00f3n oficial se encuentra disponible en el sitio web CMAS\u00a0<a href=\"http:\/\/www.cmas.org\/events\/finswimming-world-cup-round-swimming-pool-160501105234\" target=\"_blank\">www.cmas.org<\/a>\u00a0 y en el sitio oficial del evento\u00a0\u00a0<a href=\"http:\/\/www.worldcupturkey2016.org\/\" target=\"_blank\">www.worldcupturkey2016.org<\/a>.<\/p>\n<p>Enviado por:<\/p>\n<p><strong>\u015eahin \u00d6ZEN<br \/>\n<\/strong><strong>Presidente,<br \/>\n<\/strong><strong>TURKISH UNDERWATER SPORTS FEDERATION<br \/>\n<\/strong><\/p>\n<p><img loading=\"lazy\" decoding=\"async\" class=\"alignnone size-full wp-image-23474\" src=\"http:\/\/www.sportalsub.net\/blog\/wp-content\/uploads\/2016\/02\/turquia2016.jpg\" alt=\"turquia2016\" width=\"900\" height=\"540\" srcset=\"https:\/\/www.sportalsub.net\/blog\/wp-content\/uploads\/2016\/02\/turquia2016.jpg 900w, https:\/\/www.sportalsub.net\/blog\/wp-content\/uploads\/2016\/02\/turquia2016-300x180.jpg 300w, https:\/\/www.sportalsub.net\/blog\/wp-content\/uploads\/2016\/02\/turquia2016-768x461.jpg 768w\" sizes=\"auto, (max-width: 900px) 100vw, 900px\" \/><\/p>\n","protected":false},"excerpt":{"rendered":"<p>(Sportalsub.net \/ CMAS \/ TSSF) &#8211;\u00a0Read in English La Federaci\u00f3n de Actividades Subacu\u00e1ticas de Turqu\u00eda organiz\u00f3 la 6ta Ronda de la Copa Mundo CMAS\u00a02016 de nataci\u00f3n con aletas en piscina, realizada\u00a0del 29 de abril al 1ro de mayo en\u00a0Gebze-Kocaeli en Turqu\u00eda con la participaci\u00f3n de clubes de varios pa\u00edses. Resultados Oficiales &#8211; Medallas &#8211; Puntos Destacada participaci\u00f3n de Colombia En [&#8230;]<\/p>\n","protected":false},"author":1,"featured_media":24097,"comment_status":"open","ping_status":"closed","sticky":false,"template":"","format":"standard","meta":{"_lmt_disableupdate":"","_lmt_disable":"","jetpack_post_was_ever_published":false,"_jetpack_newsletter_access":"","_jetpack_dont_email_post_to_subs":false,"_jetpack_newsletter_tier_id":0,"_jetpack_memberships_contains_paywalled_content":false,"_jetpack_memberships_contains_paid_content":false,"footnotes":"","jetpack_publicize_message":"","jetpack_publicize_feature_enabled":true,"jetpack_social_post_already_shared":true,"jetpack_social_options":{"image_generator_settings":{"template":"highway","default_image_id":0,"font":"","enabled":false},"version":2}},"categories":[3,347,12,120,217],"tags":[],"class_list":["post-23473","post","type-post","status-publish","format-standard","has-post-thumbnail","hentry","category-colombia","category-destacados","category-natacion-con-aletas","category-resultados","category-turquia"],"modified_by":"Sportalsub.net","views":5153,"jetpack_publicize_connections":[],"jetpack_featured_media_url":"https:\/\/www.sportalsub.net\/blog\/wp-content\/uploads\/2016\/04\/turquia1.jpg","jetpack_sharing_enabled":true,"jetpack_shortlink":"https:\/\/wp.me\/pf9lN-66B","jetpack_likes_enabled":false,"jetpack-related-posts":[{"id":1964,"url":"https:\/\/www.sportalsub.net\/blog\/colombia-participara-en-la-5ta-y-6ta-ronda-de-la-copa-del-mundo-de-natacion-con-aletas-cmas\/","url_meta":{"origin":23473,"position":0},"title":"\ud83c\udde8\ud83c\uddf4 Colombia participar\u00e1 en la 5ta y 6ta Ronda de la Copa del Mundo de Nataci\u00f3n con Aletas CMAS","author":"Sportalsub.net","date":"22 abril 2009","format":false,"excerpt":"Foto: Miguel Cede\u00f1o @ Archivo Sportalsub.net La Federaci\u00f3n Colombiana de Actividades Subacu\u00e1ticas, que preside el licenciado Gerardo Lerma, anunci\u00f3 que diez deportistas de nataci\u00f3n con aletas, entre los que se encuentran ocho vallecaucanos, se desplazar\u00e1n hoy a Europa para cumplir con la quinta parada de la Copa Cmas, y una\u2026","rel":"","context":"En \u00abColombia\u00bb","block_context":{"text":"Colombia","link":"https:\/\/www.sportalsub.net\/blog\/category\/paises\/america\/colombia\/"},"img":{"alt_text":"","src":"https:\/\/i0.wp.com\/www.sportalsub.net\/blog\/wp-content\/uploads\/2009\/04\/colombiacopamundo.jpg?resize=350%2C200&ssl=1","width":350,"height":200,"srcset":"https:\/\/i0.wp.com\/www.sportalsub.net\/blog\/wp-content\/uploads\/2009\/04\/colombiacopamundo.jpg?resize=350%2C200&ssl=1 1x, https:\/\/i0.wp.com\/www.sportalsub.net\/blog\/wp-content\/uploads\/2009\/04\/colombiacopamundo.jpg?resize=525%2C300&ssl=1 1.5x"},"classes":[]},{"id":26420,"url":"https:\/\/www.sportalsub.net\/blog\/cmas-finswimming-golden-final-2017-turkey","url_meta":{"origin":23473,"position":1},"title":"\ud83c\uddf9\ud83c\uddf7 Resultados &#8211; Golden Final Copa Mundo CMAS 2017 Nataci\u00f3n con Aletas &#8211; Antalya, Turqu\u00eda","author":"Sportalsub.net","date":"25 septiembre 2017","format":false,"excerpt":"(Sportalsub.net \/ CMAS \/ TSSF) - Read in English La Federaci\u00f3n de Turqu\u00eda de Actividades Subacu\u00e1ticas \u2013 autorizada por la CMAS \u2013 organiz\u00f3 la Ronda Final de la XII Copa Mundo CMAS de Nataci\u00f3n con Aletas en piscina y Aguas Abiertas,del 21 al 25 de septiembre en Antalya (Turqu\u00eda). RESULTADOS\u2026","rel":"","context":"En \u00abDestacados\u00bb","block_context":{"text":"Destacados","link":"https:\/\/www.sportalsub.net\/blog\/category\/mas\/destacados\/"},"img":{"alt_text":"","src":"https:\/\/i0.wp.com\/www.sportalsub.net\/blog\/wp-content\/uploads\/2017\/09\/turquia-aletas-2017.jpg?resize=350%2C200&ssl=1","width":350,"height":200,"srcset":"https:\/\/i0.wp.com\/www.sportalsub.net\/blog\/wp-content\/uploads\/2017\/09\/turquia-aletas-2017.jpg?resize=350%2C200&ssl=1 1x, https:\/\/i0.wp.com\/www.sportalsub.net\/blog\/wp-content\/uploads\/2017\/09\/turquia-aletas-2017.jpg?resize=525%2C300&ssl=1 1.5x, https:\/\/i0.wp.com\/www.sportalsub.net\/blog\/wp-content\/uploads\/2017\/09\/turquia-aletas-2017.jpg?resize=700%2C400&ssl=1 2x, https:\/\/i0.wp.com\/www.sportalsub.net\/blog\/wp-content\/uploads\/2017\/09\/turquia-aletas-2017.jpg?resize=1050%2C600&ssl=1 3x"},"classes":[]},{"id":2042,"url":"https:\/\/www.sportalsub.net\/blog\/resultados-finales-6ta-ronda-de-la-iv-copa-mundo-de-natacion-con-aletas-cmas-2009\/","url_meta":{"origin":23473,"position":2},"title":"\ud83c\udde8\ud83c\udded Resultados finales 6ta Ronda de la IV Copa Mundo de Nataci\u00f3n con Aletas CMAS 2009","author":"Sportalsub.net","date":"3 mayo 2009","format":false,"excerpt":"Foto: Mattia Gobbi @ Ticinonline Una brillante actuaci\u00f3n cumpli\u00f3 la delegaci\u00f3n colombiana de nataci\u00f3n con aletas que particip\u00f3 entre el viernes 1 y el s\u00e1bado 2 de mayo en la VI Parada de la Copa Mundo Cmas, que se desarroll\u00f3 en Tenero, Suiza. En la \u00faltima jornada los representantes nacionales\u2026","rel":"","context":"En \u00abColombia\u00bb","block_context":{"text":"Colombia","link":"https:\/\/www.sportalsub.net\/blog\/category\/paises\/america\/colombia\/"},"img":{"alt_text":"","src":"https:\/\/i0.wp.com\/www.tio.ch\/tio_common\/multimedia\/57\/657\/p_20090501_205322_Nuoto_2.jpg?resize=350%2C200","width":350,"height":200},"classes":[]},{"id":9506,"url":"https:\/\/www.sportalsub.net\/blog\/resultados-vi-copa-mundo-natacion-con-aletas-cmas-%e2%80%93-6ta-ronda-%e2%80%93-austria\/","url_meta":{"origin":23473,"position":3},"title":"\ud83c\udde6\ud83c\uddf9 Resultados VI Copa Mundo Nataci\u00f3n con Aletas CMAS \u2013 6ta Ronda \u2013 Austria","author":"Sportalsub.net","date":"13 junio 2011","format":false,"excerpt":"(Especial Sportalsub.net) Este fin de semana del 10 al 12 de junio se realiz\u00f3 en Linz, Austria, la 6ta Ronda de la VI Copa Mundo de Nataci\u00f3n con Aletas CMAS. Con la participaci\u00f3n de 31 clubes de 11 pa\u00edses. En el evento particip\u00f3 el Colombiano Alejandro Fonseca, del Club CAFAM\u2026","rel":"","context":"En \u00abAustria\u00bb","block_context":{"text":"Austria","link":"https:\/\/www.sportalsub.net\/blog\/category\/paises\/europa\/austria\/"},"img":{"alt_text":"","src":"https:\/\/i0.wp.com\/www.sportalsub.net\/blog\/wp-content\/uploads\/2011\/06\/copamundoaustria.jpg?resize=350%2C200&ssl=1","width":350,"height":200},"classes":[]},{"id":1469,"url":"https:\/\/www.sportalsub.net\/blog\/resultados-de-la-3ra-ronda-de-la-iv-copa-mundo-de-natacion-con-aletas-cmas-2009\/","url_meta":{"origin":23473,"position":4},"title":"\ud83c\udded\ud83c\uddfa Resultados de la 3ra Ronda de la IV Copa Mundo de Nataci\u00f3n con Aletas CMAS 2009","author":"Sportalsub.net","date":"10 marzo 2009","format":false,"excerpt":"Foto: Debrecen Diving Club El pasado 7 y 8 de Marzo de 2009 se realiz\u00f3 en Hajduszoboszl\u00f3, Hungr\u00eda la 3ra Ronda de la IV Copa Mundo de Nataci\u00f3n con Aletas CMAS. Este evento cont\u00f3 con la participaci\u00f3 de 48 clubes, de Rusia, Italia, Francia, Hugr\u00eda, Rep\u00fablica Checa, Bielorrusia, Croacia, Lituania,\u2026","rel":"","context":"En \u00abColombia\u00bb","block_context":{"text":"Colombia","link":"https:\/\/www.sportalsub.net\/blog\/category\/paises\/america\/colombia\/"},"img":{"alt_text":"","src":"https:\/\/i0.wp.com\/www.sportalsub.net\/blog\/wp-content\/uploads\/2013\/11\/3raronda4tacopamundo.jpg?resize=350%2C200&ssl=1","width":350,"height":200},"classes":[]},{"id":5107,"url":"https:\/\/www.sportalsub.net\/blog\/web-oficial-de-la-6ta-ronda-v-copa-mundo-natacion-con-aletas-cmas-bogota-2010\/","url_meta":{"origin":23473,"position":5},"title":"\ud83c\udde8\ud83c\uddf4 Web Oficial de la 6ta Ronda V Copa Mundo Nataci\u00f3n con Aletas CMAS. Bogot\u00e1 2010","author":"Sportalsub.net","date":"28 mayo 2010","format":false,"excerpt":"Web Oficial: www.worldcupbogotafins2010.com El Comit\u00e9 Organizador de la 6ta Ronda de la IV Copa Mundo de Nataci\u00f3n con Aletas CMAS a realizarse en Bogot\u00e1, Colombia los d\u00edas 14 y 15 de agosto de 2010, ha publicado su sitio web oficial www.worldcupbogotafins2010.com Sportalsub.net estar\u00e1 llevando la cobertura web de este importante\u2026","rel":"","context":"En \u00abColombia\u00bb","block_context":{"text":"Colombia","link":"https:\/\/www.sportalsub.net\/blog\/category\/paises\/america\/colombia\/"},"img":{"alt_text":"","src":"https:\/\/i0.wp.com\/www.sportalsub.net\/blog\/wp-content\/uploads\/2010\/05\/webcopamundobogota2009.png?resize=350%2C200&ssl=1","width":350,"height":200},"classes":[]}],"_links":{"self":[{"href":"https:\/\/www.sportalsub.net\/blog\/wp-json\/wp\/v2\/posts\/23473","targetHints":{"allow":["GET"]}}],"collection":[{"href":"https:\/\/www.sportalsub.net\/blog\/wp-json\/wp\/v2\/posts"}],"about":[{"href":"https:\/\/www.sportalsub.net\/blog\/wp-json\/wp\/v2\/types\/post"}],"author":[{"embeddable":true,"href":"https:\/\/www.sportalsub.net\/blog\/wp-json\/wp\/v2\/users\/1"}],"replies":[{"embeddable":true,"href":"https:\/\/www.sportalsub.net\/blog\/wp-json\/wp\/v2\/comments?post=23473"}],"version-history":[{"count":0,"href":"https:\/\/www.sportalsub.net\/blog\/wp-json\/wp\/v2\/posts\/23473\/revisions"}],"wp:featuredmedia":[{"embeddable":true,"href":"https:\/\/www.sportalsub.net\/blog\/wp-json\/wp\/v2\/media\/24097"}],"wp:attachment":[{"href":"https:\/\/www.sportalsub.net\/blog\/wp-json\/wp\/v2\/media?parent=23473"}],"wp:term":[{"taxonomy":"category","embeddable":true,"href":"https:\/\/www.sportalsub.net\/blog\/wp-json\/wp\/v2\/categories?post=23473"},{"taxonomy":"post_tag","embeddable":true,"href":"https:\/\/www.sportalsub.net\/blog\/wp-json\/wp\/v2\/tags?post=23473"}],"curies":[{"name":"wp","href":"https:\/\/api.w.org\/{rel}","templated":true}]}}