{"id":23634,"date":"2016-03-17T13:03:33","date_gmt":"2016-03-17T17:33:33","guid":{"rendered":"http:\/\/www.sportalsub.net\/blog\/?p=23634"},"modified":"2019-09-01T02:04:17","modified_gmt":"2019-09-01T06:04:17","slug":"sportsub-sportalsub-net-y-federacion-catalana-de-actividades-subacuaticas-firman-importante-convenio-de-colaboracion","status":"publish","type":"post","link":"https:\/\/www.sportalsub.net\/blog\/convenio-colaboracion-sportsub-sportalsub-fecdas","title":{"rendered":"\ud83c\uddea\ud83c\uddf8 Sportsub &#038; Sportalsub.net y Federaci\u00f3n Catalana de Actividades Subacu\u00e1ticas firman importante convenio de colaboraci\u00f3n"},"content":{"rendered":"<p><img loading=\"lazy\" decoding=\"async\" class=\"alignnone size-full wp-image-23635\" src=\"http:\/\/www.sportalsub.net\/blog\/wp-content\/uploads\/2016\/03\/colaboracion-sportsub-fecdas.jpg\" alt=\"colaboracion-sportsub-fecdas\" width=\"900\" height=\"550\" srcset=\"https:\/\/www.sportalsub.net\/blog\/wp-content\/uploads\/2016\/03\/colaboracion-sportsub-fecdas.jpg 900w, https:\/\/www.sportalsub.net\/blog\/wp-content\/uploads\/2016\/03\/colaboracion-sportsub-fecdas-300x183.jpg 300w, https:\/\/www.sportalsub.net\/blog\/wp-content\/uploads\/2016\/03\/colaboracion-sportsub-fecdas-768x469.jpg 768w\" sizes=\"auto, (max-width: 900px) 100vw, 900px\" \/><\/p>\n<p>(Sportsub &amp; Sportalsub.net \/ FECDAS)<\/p>\n<p>Las organizaciones <strong><a href=\"http:\/\/www.sportsub.org\" target=\"_blank\">Sportsub<\/a> &amp;<a href=\"http:\/\/www.sportalsub.net\/blog\"> Sportalsub.net<\/a><\/strong> y <strong><a href=\"http:\/\/www.fecdas.cat\" target=\"_blank\">Federaci\u00f3n Catalana de Actividades Subacu\u00e1ticas<\/a><\/strong> (FECDAS) firman importante convenio de colaboraci\u00f3n para\u00a0fomentar la cooperaci\u00f3n mutua, mediante el impulso de acciones para promover, implantar y coordinar actividades formativas, de difusi\u00f3n y de formaci\u00f3n en Actividades Subacu\u00e1ticas, en primer t\u00e9rmino de Nataci\u00f3n con Aletas, as\u00ed como tambi\u00e9n en otras actividades vinculadas con la formaci\u00f3n en el deporte subacu\u00e1tico posteriormente.<\/p>\n<p>El convenio, firmado en la ciudad de Barcelona, Espa\u00f1a por\u00a0\u00a0el Sr. <strong>Salvador Punsola Massa<\/strong>, Presidente de FECDAS con el Lic. <a href=\"http:\/\/www.sportsub.org\/miguel-cedeno\/\" target=\"_blank\"><strong>Miguel Cede\u00f1o<\/strong><\/a>, Director de Sportsub &amp; Sportalsub.net ha contado con la valiosa colaboraci\u00f3n del Director T\u00e9cnico de FECDAS, <strong><a href=\"http:\/\/www.sportsub.org\/albert-batalla\/\" target=\"_blank\">Albert Batalla<\/a><\/strong>, quien ha servido de enlace para llegar al importante acuerdo entre\u00a0ambas organizaciones.<\/p>\n<p>La empresa Sportsub y Sportalsub.net es una instituci\u00f3n de car\u00e1cter divulgativo y formativo que organiza actividades encaminadas a la promoci\u00f3n y difusi\u00f3n de la cultura y la formaci\u00f3n en el campo de las Actividades Subacu\u00e1ticas.<\/p>\n<p>La FECDAS es una entidad deportiva, privada de utilidad p\u00fablica y de inter\u00e9s c\u00edvico y social que disfruta de personalidad jur\u00eddica y capacidad de obrar llenas para el cumplimiento de sus fines, los cuales no tienen car\u00e1cter lucrativo.<\/p>\n<p>Pr\u00f3ximamente ambas organizaciones estar\u00e1n informando las primeras actividades a desarrollar en conjunto, esperando as\u00ed contribuir al crecimiento, difusi\u00f3n y masificaci\u00f3n de las actividades subacu\u00e1ticas.<\/p>\n<p><img loading=\"lazy\" decoding=\"async\" class=\"alignnone size-full wp-image-23641\" src=\"http:\/\/www.sportalsub.net\/blog\/wp-content\/uploads\/2016\/03\/convenio.jpg\" alt=\"convenio\" width=\"676\" height=\"502\" srcset=\"https:\/\/www.sportalsub.net\/blog\/wp-content\/uploads\/2016\/03\/convenio.jpg 676w, https:\/\/www.sportalsub.net\/blog\/wp-content\/uploads\/2016\/03\/convenio-300x223.jpg 300w\" sizes=\"auto, (max-width: 676px) 100vw, 676px\" \/><\/p>\n<p><strong>Publicado por:<\/strong><\/p>\n<p><strong>Miguel Alberto Cede\u00f1o Ortiz (Venezuela)\u00a0<strong><img loading=\"lazy\" decoding=\"async\" src=\"http:\/\/i0.wp.com\/es.fifa.com\/imgml\/flags\/s\/ven.gif?resize=19%2C13\" alt=\"chi Eventos\" width=\"19\" height=\"13\" \/><br \/>\n<\/strong><\/strong><img loading=\"lazy\" decoding=\"async\" class=\" wp-image-23106 alignleft\" src=\"http:\/\/i0.wp.com\/www.sportalsub.net\/blog\/wp-content\/uploads\/2015\/12\/miguelsportsub2015.jpg?resize=100%2C100\" sizes=\"auto, (max-width: 100px) 100vw, 100px\" srcset=\"http:\/\/i0.wp.com\/www.sportalsub.net\/blog\/wp-content\/uploads\/2015\/12\/miguelsportsub2015.jpg?resize=150%2C150 150w, http:\/\/i0.wp.com\/www.sportalsub.net\/blog\/wp-content\/uploads\/2015\/12\/miguelsportsub2015.jpg?resize=65%2C65 65w, http:\/\/i0.wp.com\/www.sportalsub.net\/blog\/wp-content\/uploads\/2015\/12\/miguelsportsub2015.jpg?w=160 160w\" alt=\"miguelsportsub2015\" width=\"100\" height=\"100\" \/>Nacido y residenciado en Caracas, Venezuela es el creador, director y editor de Sportalsub.net. Su experiencia como deportista, entrenador, juez y dirigente de las actividades subacu\u00e1ticas por m\u00e1s de 15 a\u00f1os le han permitido establecer una red de contactos en todo el mundo para dar a conocer e informar todas las novedades sobre el deporte subacu\u00e1tico en habla hispana.<br \/>\n<strong><img loading=\"lazy\" decoding=\"async\" src=\"http:\/\/i2.wp.com\/www.sportalsub.net\/blog\/wp-content\/uploads\/2009\/12\/fb.png?w=640\" alt=\"Facebook\" width=\"22\" height=\"22\" \/><a href=\"http:\/\/www.facebook.com\/miguelsportsub\" target=\"_blank\" rel=\"noopener noreferrer\" target=\"_blank\">\u00a0miguelsportsub<\/a>\u00a0<img loading=\"lazy\" decoding=\"async\" src=\"http:\/\/i0.wp.com\/www.sportalsub.net\/blog\/wp-content\/uploads\/2009\/12\/twitter.png?w=640\" alt=\"Twitter\" width=\"22\" height=\"22\" \/><a href=\"http:\/\/www.twitter.com\/miguelsportsub\" target=\"_blank\" rel=\"noopener noreferrer\" target=\"_blank\">\u00a0miguelsportsub<\/a><\/strong><\/p>\n","protected":false},"excerpt":{"rendered":"<p>(Sportsub &amp; Sportalsub.net \/ FECDAS) Las organizaciones Sportsub &amp; Sportalsub.net y Federaci\u00f3n Catalana de Actividades Subacu\u00e1ticas (FECDAS) firman importante convenio de colaboraci\u00f3n para\u00a0fomentar la cooperaci\u00f3n mutua, mediante el impulso de acciones para promover, implantar y coordinar actividades formativas, de difusi\u00f3n y de formaci\u00f3n en Actividades Subacu\u00e1ticas, en primer t\u00e9rmino de Nataci\u00f3n con Aletas, as\u00ed como tambi\u00e9n en otras actividades vinculadas [&#8230;]<\/p>\n","protected":false},"author":1,"featured_media":23635,"comment_status":"open","ping_status":"closed","sticky":false,"template":"","format":"standard","meta":{"_lmt_disableupdate":"","_lmt_disable":"","jetpack_post_was_ever_published":false,"_jetpack_newsletter_access":"","_jetpack_dont_email_post_to_subs":false,"_jetpack_newsletter_tier_id":0,"_jetpack_memberships_contains_paywalled_content":false,"_jetpack_memberships_contains_paid_content":false,"footnotes":"","jetpack_publicize_message":"","jetpack_publicize_feature_enabled":true,"jetpack_social_post_already_shared":true,"jetpack_social_options":{"image_generator_settings":{"template":"highway","default_image_id":0,"font":"","enabled":false},"version":2}},"categories":[117,257,347,10,12,8],"tags":[],"class_list":["post-23634","post","type-post","status-publish","format-standard","has-post-thumbnail","hentry","category-modalidades","category-editoriales-miguel-cedeno","category-destacados","category-espana","category-natacion-con-aletas","category-venezuela"],"modified_by":"Sportalsub.net","views":3322,"jetpack_publicize_connections":[],"jetpack_featured_media_url":"https:\/\/www.sportalsub.net\/blog\/wp-content\/uploads\/2016\/03\/colaboracion-sportsub-fecdas.jpg","jetpack_sharing_enabled":true,"jetpack_shortlink":"https:\/\/wp.me\/pf9lN-69c","jetpack_likes_enabled":false,"jetpack-related-posts":[{"id":23409,"url":"https:\/\/www.sportalsub.net\/blog\/campeonato-espana-comunidades-2016","url_meta":{"origin":23634,"position":0},"title":"\ud83c\uddea\ud83c\uddf8 Resultados XXIII Campeonato de Espa\u00f1a de Nataci\u00f3n con Aletas por Comunidades Aut\u00f3nomas. Barcelona 2016","author":"Sportalsub.net","date":"24 marzo 2016","format":false,"excerpt":"(Sportalsub.net \/ FEDAS \/ FECDAS Nataci\u00f3n con Aletas) Los d\u00edas 19 y 20 de marzo de 2016 se llev\u00f3 a cabo en la ciudad de Barcelona el XXIII Campeonato de Espa\u00f1a de Nataci\u00f3n con Aletas y velocidad en inmersi\u00f3n por Comunidades Aut\u00f3nomas de la Federaci\u00f3n Espa\u00f1ola de Actividades Subacu\u00e1ticas FEDAS,\u2026","rel":"","context":"En \u00abEspa\u00f1a\u00bb","block_context":{"text":"Espa\u00f1a","link":"https:\/\/www.sportalsub.net\/blog\/category\/paises\/europa\/espana\/"},"img":{"alt_text":"","src":"https:\/\/i0.wp.com\/www.sportalsub.net\/blog\/wp-content\/uploads\/2016\/02\/campeonatoesp2016.jpg?resize=350%2C200&ssl=1","width":350,"height":200,"srcset":"https:\/\/i0.wp.com\/www.sportalsub.net\/blog\/wp-content\/uploads\/2016\/02\/campeonatoesp2016.jpg?resize=350%2C200&ssl=1 1x, https:\/\/i0.wp.com\/www.sportalsub.net\/blog\/wp-content\/uploads\/2016\/02\/campeonatoesp2016.jpg?resize=525%2C300&ssl=1 1.5x, https:\/\/i0.wp.com\/www.sportalsub.net\/blog\/wp-content\/uploads\/2016\/02\/campeonatoesp2016.jpg?resize=700%2C400&ssl=1 2x"},"classes":[]},{"id":29668,"url":"https:\/\/www.sportalsub.net\/blog\/curso-nadosub1-fecdas2-2018","url_meta":{"origin":23634,"position":1},"title":"\ud83c\uddea\ud83c\uddf8 Realizado con \u00e9xito 2do Curso 2018 de Entrenador de Nataci\u00f3n con Aletas Nivel 1 en Barcelona, Espa\u00f1a","author":"Sportalsub.net","date":"20 diciembre 2018","format":false,"excerpt":"(Sportalsub.net \/ Sportsub.org \/ FECDAS \/ Club\u00a0Nataci\u00f3 Barcelona) Con el fin de incorporar una nueva disciplina deportiva y fomentar la creaci\u00f3n de un nuevo equipo de nataci\u00f3n con aletas, el\u00a0Club\u00a0Nataci\u00f3 Barcelona\u00a0con aval y respaldo de\u00a0FECDAS, Federaci\u00f3n Catalana de Actividades Subacu\u00e1ticas,\u00a0llev\u00f3 a cabo con todo \u00e9xito el 2do Curso 2018 de\u2026","rel":"","context":"En \u00abArt\u00edculos por Miguel Cede\u00f1o @miguelsportsub\u00bb","block_context":{"text":"Art\u00edculos por Miguel Cede\u00f1o @miguelsportsub","link":"https:\/\/www.sportalsub.net\/blog\/category\/mas\/editoriales-miguel-cedeno\/"},"img":{"alt_text":"","src":"https:\/\/i0.wp.com\/www.sportalsub.net\/blog\/wp-content\/uploads\/2018\/12\/cursofecdas2sportalsub.jpg?resize=350%2C200&ssl=1","width":350,"height":200,"srcset":"https:\/\/i0.wp.com\/www.sportalsub.net\/blog\/wp-content\/uploads\/2018\/12\/cursofecdas2sportalsub.jpg?resize=350%2C200&ssl=1 1x, https:\/\/i0.wp.com\/www.sportalsub.net\/blog\/wp-content\/uploads\/2018\/12\/cursofecdas2sportalsub.jpg?resize=525%2C300&ssl=1 1.5x, https:\/\/i0.wp.com\/www.sportalsub.net\/blog\/wp-content\/uploads\/2018\/12\/cursofecdas2sportalsub.jpg?resize=700%2C400&ssl=1 2x"},"classes":[]},{"id":27665,"url":"https:\/\/www.sportalsub.net\/blog\/curso-nadosub1-fecdas1-2018","url_meta":{"origin":23634,"position":2},"title":"\ud83c\uddea\ud83c\uddf8 Realizado con \u00e9xito Curso de Entrenador de Nataci\u00f3n con Aletas\u00a0Nivel 1 (Curs d\u2019Entrenador de Nataci\u00f3 amb Aletes Nivell 1) en Barcelona, Espa\u00f1a","author":"Sportalsub.net","date":"15 marzo 2018","format":false,"excerpt":"(Sportalsub.net \/ Sportsub.org \/ FECDAS \/ Club\u00a0Nataci\u00f3 l\u2019Hospitalet El\u00a0Club\u00a0Nataci\u00f3 l\u2019Hospitalet\u00a0con aval y respaldo de\u00a0\u00a0FECDAS, Federaci\u00f3n Catalana de Actividades Subacu\u00e1ticas,\u00a0llev\u00f3 a cabo con todo \u00e9xito el Curso de Entrenador de Nataci\u00f3n con Aletas\u00a0Nivel 1 (Curs d\u2019Entrenador de Nataci\u00f3 amb Aletes Nivell 1)\u00a0 a nivel te\u00f3rico y pr\u00e1ctico (de manera presencial) dictado\u2026","rel":"","context":"En \u00abArt\u00edculos por Miguel Cede\u00f1o @miguelsportsub\u00bb","block_context":{"text":"Art\u00edculos por Miguel Cede\u00f1o @miguelsportsub","link":"https:\/\/www.sportalsub.net\/blog\/category\/mas\/editoriales-miguel-cedeno\/"},"img":{"alt_text":"","src":"https:\/\/i0.wp.com\/www.sportalsub.net\/blog\/wp-content\/uploads\/2018\/03\/curso-fecdas.jpg?resize=350%2C200&ssl=1","width":350,"height":200,"srcset":"https:\/\/i0.wp.com\/www.sportalsub.net\/blog\/wp-content\/uploads\/2018\/03\/curso-fecdas.jpg?resize=350%2C200&ssl=1 1x, https:\/\/i0.wp.com\/www.sportalsub.net\/blog\/wp-content\/uploads\/2018\/03\/curso-fecdas.jpg?resize=525%2C300&ssl=1 1.5x, https:\/\/i0.wp.com\/www.sportalsub.net\/blog\/wp-content\/uploads\/2018\/03\/curso-fecdas.jpg?resize=700%2C400&ssl=1 2x"},"classes":[]},{"id":11085,"url":"https:\/\/www.sportalsub.net\/blog\/espana-dicta-curso-de-iniciacion-a-la-natacion-con-aletas-en-portugal\/","url_meta":{"origin":23634,"position":3},"title":"\ud83c\uddea\ud83c\uddf8 Espa\u00f1a dicta curso de iniciaci\u00f3n a la Nataci\u00f3n con Aletas en Portugal","author":"Sportalsub.net","date":"11 octubre 2011","format":false,"excerpt":"(Especial Sportalsub.net \/ FECDAS \/ FPAS) El pasado 1 y 2 de octubre de 2011 se celebr\u00f3 en la piscina ABVE (Asociaci\u00f3n de Bomberos Voluntarios de Estoril) de Lisboa, Portugal un curso-cl\u00ednica de introducci\u00f3n a la Nataci\u00f3n con Aletas . La FPAS (Federaci\u00f3n Portuguesa de Actividades Subacu\u00e1ticas) tiene la iniciativa\u2026","rel":"","context":"En \u00abCursos, Cl\u00ednicas y Talleres\u00bb","block_context":{"text":"Cursos, Cl\u00ednicas y Talleres","link":"https:\/\/www.sportalsub.net\/blog\/category\/cursos-y-talleres\/"},"img":{"alt_text":"","src":"https:\/\/i0.wp.com\/www.sportalsub.net\/blog\/wp-content\/uploads\/2011\/10\/grupo_web.jpg?resize=350%2C200&ssl=1","width":350,"height":200},"classes":[]},{"id":4465,"url":"https:\/\/www.sportalsub.net\/blog\/resultados-del-campeonato-de-espana-de-natacion-con-aletas-por-comunidades-2010\/","url_meta":{"origin":23634,"position":4},"title":"\ud83c\uddea\ud83c\uddf8 Resultados del Campeonato de Espa\u00f1a de Nataci\u00f3n con Aletas por Comunidades 2010","author":"Sportalsub.net","date":"8 abril 2010","format":false,"excerpt":"Foto: Comit\u00e9 Nataci\u00f3n con Aletas FEDAS - Espa\u00f1a El pasado s\u00e1bado 27 y domingo 28 de marzo se realiz\u00f3 en Palma de Mallorca, Espa\u00f1a el XVII Campeonato de Espa\u00f1a Absoluto por Comunidades Aut\u00f3nomas 2010, avalado por la Federaci\u00f3n Espa\u00f1ola de Actividades Subacu\u00e1ticas FEDAS \u00a0RESULTADOS OFICIALES FEDERACI\u00d3N BALEAR DE ACTIVIDADES SUBACU\u00c1TICAS\u2026","rel":"","context":"En \u00abEspa\u00f1a\u00bb","block_context":{"text":"Espa\u00f1a","link":"https:\/\/www.sportalsub.net\/blog\/category\/paises\/europa\/espana\/"},"img":{"alt_text":"","src":"https:\/\/i0.wp.com\/www.sportalsub.net\/blog\/wp-content\/uploads\/2013\/11\/campespjunsen_15.jpg?resize=350%2C200&ssl=1","width":350,"height":200,"srcset":"https:\/\/i0.wp.com\/www.sportalsub.net\/blog\/wp-content\/uploads\/2013\/11\/campespjunsen_15.jpg?resize=350%2C200&ssl=1 1x, https:\/\/i0.wp.com\/www.sportalsub.net\/blog\/wp-content\/uploads\/2013\/11\/campespjunsen_15.jpg?resize=525%2C300&ssl=1 1.5x"},"classes":[]},{"id":23372,"url":"https:\/\/www.sportalsub.net\/blog\/natacio-amb-aletes","url_meta":{"origin":23634,"position":5},"title":"\ud83c\uddea\ud83c\uddf8 Nataci\u00f3 Amb Aletes: Nataci\u00f3n con Aletas Catalunya &#8211; Espa\u00f1a","author":"Sportalsub.net","date":"11 febrero 2016","format":false,"excerpt":"(Sportalsub.net \/ FECDAS \/ Nataci\u00f3 Amb Aletes) Nuestro deporte es cada vez m\u00e1s grande! Al menos en la red ... La semana pasada se puso un marcha un nuevo sitio web completamente dedicado a la nataci\u00f3n con aletas. Esta web pertenece a FECDAS, Federaci\u00f3n Catalana de Actividades Subacu\u00e1ticas. El sitio\u2026","rel":"","context":"En \u00abEspa\u00f1a\u00bb","block_context":{"text":"Espa\u00f1a","link":"https:\/\/www.sportalsub.net\/blog\/category\/paises\/europa\/espana\/"},"img":{"alt_text":"","src":"https:\/\/i0.wp.com\/www.sportalsub.net\/blog\/wp-content\/uploads\/2016\/02\/natacioambaletes.jpg?resize=350%2C200&ssl=1","width":350,"height":200,"srcset":"https:\/\/i0.wp.com\/www.sportalsub.net\/blog\/wp-content\/uploads\/2016\/02\/natacioambaletes.jpg?resize=350%2C200&ssl=1 1x, https:\/\/i0.wp.com\/www.sportalsub.net\/blog\/wp-content\/uploads\/2016\/02\/natacioambaletes.jpg?resize=525%2C300&ssl=1 1.5x, https:\/\/i0.wp.com\/www.sportalsub.net\/blog\/wp-content\/uploads\/2016\/02\/natacioambaletes.jpg?resize=700%2C400&ssl=1 2x"},"classes":[]}],"_links":{"self":[{"href":"https:\/\/www.sportalsub.net\/blog\/wp-json\/wp\/v2\/posts\/23634","targetHints":{"allow":["GET"]}}],"collection":[{"href":"https:\/\/www.sportalsub.net\/blog\/wp-json\/wp\/v2\/posts"}],"about":[{"href":"https:\/\/www.sportalsub.net\/blog\/wp-json\/wp\/v2\/types\/post"}],"author":[{"embeddable":true,"href":"https:\/\/www.sportalsub.net\/blog\/wp-json\/wp\/v2\/users\/1"}],"replies":[{"embeddable":true,"href":"https:\/\/www.sportalsub.net\/blog\/wp-json\/wp\/v2\/comments?post=23634"}],"version-history":[{"count":0,"href":"https:\/\/www.sportalsub.net\/blog\/wp-json\/wp\/v2\/posts\/23634\/revisions"}],"wp:featuredmedia":[{"embeddable":true,"href":"https:\/\/www.sportalsub.net\/blog\/wp-json\/wp\/v2\/media\/23635"}],"wp:attachment":[{"href":"https:\/\/www.sportalsub.net\/blog\/wp-json\/wp\/v2\/media?parent=23634"}],"wp:term":[{"taxonomy":"category","embeddable":true,"href":"https:\/\/www.sportalsub.net\/blog\/wp-json\/wp\/v2\/categories?post=23634"},{"taxonomy":"post_tag","embeddable":true,"href":"https:\/\/www.sportalsub.net\/blog\/wp-json\/wp\/v2\/tags?post=23634"}],"curies":[{"name":"wp","href":"https:\/\/api.w.org\/{rel}","templated":true}]}}