{"id":23989,"date":"2016-05-11T07:52:23","date_gmt":"2016-05-11T12:22:23","guid":{"rendered":"http:\/\/www.sportalsub.net\/blog\/?p=23989"},"modified":"2019-08-31T21:34:01","modified_gmt":"2019-09-01T01:34:01","slug":"campeonato-nacional-interclubes-de-apnea-en-aguas-confinadas-2016-pereira-colombia","status":"publish","type":"post","link":"https:\/\/www.sportalsub.net\/blog\/interclubes-apnea-2016-pereira-colombia","title":{"rendered":"\ud83c\udde8\ud83c\uddf4 Resultados Campeonato Nacional Interclubes de Apnea en Aguas Confinadas 2016. Pereira, Colombia"},"content":{"rendered":"<p><a href=\"http:\/\/www.sportalsub.net\/blog\/wp-content\/uploads\/2016\/04\/apnea-risaralda.jpg\" target=\"_blank\"><img loading=\"lazy\" decoding=\"async\" class=\"alignnone size-full wp-image-24197\" src=\"http:\/\/www.sportalsub.net\/blog\/wp-content\/uploads\/2016\/04\/apnea-risaralda.jpg\" alt=\"apnea-risaralda\" width=\"1372\" height=\"878\" srcset=\"https:\/\/www.sportalsub.net\/blog\/wp-content\/uploads\/2016\/04\/apnea-risaralda.jpg 1372w, https:\/\/www.sportalsub.net\/blog\/wp-content\/uploads\/2016\/04\/apnea-risaralda-300x192.jpg 300w, https:\/\/www.sportalsub.net\/blog\/wp-content\/uploads\/2016\/04\/apnea-risaralda-768x491.jpg 768w, https:\/\/www.sportalsub.net\/blog\/wp-content\/uploads\/2016\/04\/apnea-risaralda-1024x655.jpg 1024w\" sizes=\"auto, (max-width: 1372px) 100vw, 1372px\" \/><\/a><\/p>\n<p>(Sportalsub.net \/ Club Calypso \/ FEDECAS)<\/p>\n<p>Del 6 al 9 de mayo 2016 se realiz\u00f3 en las piscinas ol\u00edmpicas de Pereira, Risaralda, el XII Campeonato Nacional Interclubes de Apnea en Aguas confinadas de la Federaci\u00f3n Colombiana de Actividades Subacu\u00e1ticas FEDECAS. El evento fue\u00a0organizado por el Club Calypso e incluy\u00f3\u00a0tambi\u00e9n un taller de capacitaci\u00f3n te\u00f3rico pr\u00e1ctico de apnea y juzgamiento.<\/p>\n<p><a href=\"https:\/\/drive.google.com\/file\/d\/0BySrAxc_HCefdEFwZV9NNlg3ZS1tSGxxR0pBZmpiZ0JGa2hv\/view\" target=\"_blank\"><strong>Resultados Oficiales<\/strong><\/a><\/p>\n<p>Evento Presentado por:<\/p>\n<p><a href=\"http:\/\/www.sportalsub.net\/blog\/wp-content\/uploads\/2016\/04\/clubcalypso-promo.jpg\" target=\"_blank\"><img loading=\"lazy\" decoding=\"async\" class=\"alignnone size-full wp-image-24196\" src=\"http:\/\/www.sportalsub.net\/blog\/wp-content\/uploads\/2016\/04\/clubcalypso-promo.jpg\" alt=\"clubcalypso-promo\" width=\"2048\" height=\"892\" srcset=\"https:\/\/www.sportalsub.net\/blog\/wp-content\/uploads\/2016\/04\/clubcalypso-promo.jpg 2048w, https:\/\/www.sportalsub.net\/blog\/wp-content\/uploads\/2016\/04\/clubcalypso-promo-300x131.jpg 300w, https:\/\/www.sportalsub.net\/blog\/wp-content\/uploads\/2016\/04\/clubcalypso-promo-768x335.jpg 768w, https:\/\/www.sportalsub.net\/blog\/wp-content\/uploads\/2016\/04\/clubcalypso-promo-1024x446.jpg 1024w\" sizes=\"auto, (max-width: 2048px) 100vw, 2048px\" \/><\/a><\/p>\n<p><a href=\"http:\/\/www.sportalsub.net\/blog\/wp-content\/uploads\/2016\/03\/19-Res..N\u00ba-1490-APNEA-Aguas-Confinadas.pdf\" target=\"_blank\" rel=\"noopener noreferrer\">Convocatoria Oficial Campeonato\u00a0<\/a><\/p>\n<p><a href=\"http:\/\/www.sportalsub.net\/blog\/wp-content\/uploads\/2016\/03\/CAPACITACION-DE-APNEA-Y-PARTICIPACION-NACIONAL-EN-P\u00eaREIRA-2016.pdf\" target=\"_blank\" rel=\"noopener noreferrer\">Programa Capacitaci\u00f3n Jueces<\/a><\/p>\n<p>M\u00e1s informaci\u00f3n:\u00a0<a href=\"https:\/\/www.facebook.com\/clubsubacuaticocalypso\" target=\"_blank\">https:\/\/www.facebook.com\/clubsubacuaticocalypso<\/a><\/p>\n<p><img loading=\"lazy\" decoding=\"async\" class=\"size-full wp-image-23990 alignnone\" src=\"http:\/\/www.sportalsub.net\/blog\/wp-content\/uploads\/2016\/04\/campeonato-apnea-colombia.jpg\" alt=\"campeonato-apnea-colombia\" width=\"694\" height=\"960\" srcset=\"https:\/\/www.sportalsub.net\/blog\/wp-content\/uploads\/2016\/04\/campeonato-apnea-colombia.jpg 694w, https:\/\/www.sportalsub.net\/blog\/wp-content\/uploads\/2016\/04\/campeonato-apnea-colombia-217x300.jpg 217w\" sizes=\"auto, (max-width: 694px) 100vw, 694px\" \/><\/p>\n","protected":false},"excerpt":{"rendered":"<p>(Sportalsub.net \/ Club Calypso \/ FEDECAS) Del 6 al 9 de mayo 2016 se realiz\u00f3 en las piscinas ol\u00edmpicas de Pereira, Risaralda, el XII Campeonato Nacional Interclubes de Apnea en Aguas confinadas de la Federaci\u00f3n Colombiana de Actividades Subacu\u00e1ticas FEDECAS. El evento fue\u00a0organizado por el Club Calypso e incluy\u00f3\u00a0tambi\u00e9n un taller de capacitaci\u00f3n te\u00f3rico pr\u00e1ctico de apnea y juzgamiento. Resultados [&#8230;]<\/p>\n","protected":false},"author":1,"featured_media":24197,"comment_status":"open","ping_status":"closed","sticky":false,"template":"","format":"standard","meta":{"_lmt_disableupdate":"","_lmt_disable":"","jetpack_post_was_ever_published":false,"_jetpack_newsletter_access":"","_jetpack_dont_email_post_to_subs":false,"_jetpack_newsletter_tier_id":0,"_jetpack_memberships_contains_paywalled_content":false,"_jetpack_memberships_contains_paid_content":false,"footnotes":"","jetpack_publicize_message":"","jetpack_publicize_feature_enabled":true,"jetpack_social_post_already_shared":true,"jetpack_social_options":{"image_generator_settings":{"template":"highway","default_image_id":0,"font":"","enabled":false},"version":2}},"categories":[9,3,112,120],"tags":[],"class_list":["post-23989","post","type-post","status-publish","format-standard","has-post-thumbnail","hentry","category-apnea","category-colombia","category-cursos-y-talleres","category-resultados"],"modified_by":"Sportalsub.net","views":4109,"jetpack_publicize_connections":[],"jetpack_featured_media_url":"https:\/\/www.sportalsub.net\/blog\/wp-content\/uploads\/2016\/04\/apnea-risaralda.jpg","jetpack_sharing_enabled":true,"jetpack_shortlink":"https:\/\/wp.me\/pf9lN-6eV","jetpack_likes_enabled":false,"jetpack-related-posts":[{"id":26030,"url":"https:\/\/www.sportalsub.net\/blog\/resultados-xiv-campeonato-nacional-de-apnea-en-piscina-pereira-colombia","url_meta":{"origin":23989,"position":0},"title":"\ud83c\udde8\ud83c\uddf4 Resultados XIV Campeonato Nacional de Apnea en piscina 2017 Pereira, Colombia","author":"Sportalsub.net","date":"5 mayo 2017","format":false,"excerpt":"(Sportalsub.net \/ FEDECAS \/ Club Calypso) Del 28 de abril al 1 \u00a0de mayo de 2017\u00a0se llev\u00f3 a cabo el XIV Campeonato Nacional de Apnea en piscina de la Federaci\u00f3n Colombiana de Actividades Subacu\u00e1ticas (FEDECAS), el evento fue organizado por el Club Subacu\u00e1tico Calypso con el aval de la Comisi\u00f3n\u2026","rel":"","context":"En \u00abApnea\u00bb","block_context":{"text":"Apnea","link":"https:\/\/www.sportalsub.net\/blog\/category\/modalidades\/apnea\/"},"img":{"alt_text":"","src":"https:\/\/i0.wp.com\/www.sportalsub.net\/blog\/wp-content\/uploads\/2017\/05\/apnea-colombia-2017-1.jpg?resize=350%2C200&ssl=1","width":350,"height":200,"srcset":"https:\/\/i0.wp.com\/www.sportalsub.net\/blog\/wp-content\/uploads\/2017\/05\/apnea-colombia-2017-1.jpg?resize=350%2C200&ssl=1 1x, https:\/\/i0.wp.com\/www.sportalsub.net\/blog\/wp-content\/uploads\/2017\/05\/apnea-colombia-2017-1.jpg?resize=525%2C300&ssl=1 1.5x, https:\/\/i0.wp.com\/www.sportalsub.net\/blog\/wp-content\/uploads\/2017\/05\/apnea-colombia-2017-1.jpg?resize=700%2C400&ssl=1 2x"},"classes":[]},{"id":27579,"url":"https:\/\/www.sportalsub.net\/blog\/nacional-interclubes-apnea-piscina-fedecas-2018-cali-colombia","url_meta":{"origin":23989,"position":1},"title":"\ud83c\udde8\ud83c\uddf4 Resultados &#8211; XVI Campeonato Nacional Interclubes de Apnea en piscina FEDECAS 2018. Cali, Colombia","author":"Sportalsub.net","date":"5 marzo 2018","format":false,"excerpt":"(Sportalsub.net \/ FEDECAS \/ LIVAS) La Federaci\u00f3n Colombiana de Actividades\u00a0Subacu\u00e1ticas FEDECAS llev\u00f3 a cabo el \u201cXVI Campeonato\u00a0Nacional Interclubes de Apnea en Aguas Confinadas por Categor\u00edas\u201d, realizado en la ciudad de Santiago de Cali, del 1 al 4 de Marzo de 2018. El \u201cXVI Campeonato Nacional Interclubes de Apnea en Aguas\u2026","rel":"","context":"En \u00abApnea\u00bb","block_context":{"text":"Apnea","link":"https:\/\/www.sportalsub.net\/blog\/category\/modalidades\/apnea\/"},"img":{"alt_text":"","src":"https:\/\/i0.wp.com\/www.sportalsub.net\/blog\/wp-content\/uploads\/2018\/03\/apneacali.jpg?resize=350%2C200&ssl=1","width":350,"height":200,"srcset":"https:\/\/i0.wp.com\/www.sportalsub.net\/blog\/wp-content\/uploads\/2018\/03\/apneacali.jpg?resize=350%2C200&ssl=1 1x, https:\/\/i0.wp.com\/www.sportalsub.net\/blog\/wp-content\/uploads\/2018\/03\/apneacali.jpg?resize=525%2C300&ssl=1 1.5x, https:\/\/i0.wp.com\/www.sportalsub.net\/blog\/wp-content\/uploads\/2018\/03\/apneacali.jpg?resize=700%2C400&ssl=1 2x"},"classes":[]},{"id":27543,"url":"https:\/\/www.sportalsub.net\/blog\/laura-maria-castrillon-velasquez+","url_meta":{"origin":23989,"position":2},"title":"\ud83c\udde8\ud83c\uddf4 Laura Maria Castrill\u00f3n Velasquez &#8211; Deportista de Apnea de Colombia \u00abIn Memoriam\u00bb","author":"Sportalsub.net","date":"21 febrero 2018","format":false,"excerpt":"(Sportalsub.net \/ FEDECAS \/ Club Calypso) Sportalsub.net se une al duelo que embarga a La Federaci\u00f3n Colombia de Actividades Subacu\u00e1ticas, al Club Calypso de la ciudad de Pereira y a toda la comunidad subacu\u00e1tica de ese pa\u00eds y lamenta profundamente \u00a0el fallecimiento de la joven deportista de las modalidades de\u2026","rel":"","context":"En \u00abApnea\u00bb","block_context":{"text":"Apnea","link":"https:\/\/www.sportalsub.net\/blog\/category\/modalidades\/apnea\/"},"img":{"alt_text":"","src":"https:\/\/i0.wp.com\/www.sportalsub.net\/blog\/wp-content\/uploads\/2018\/02\/laura-apnea.jpg?resize=350%2C200&ssl=1","width":350,"height":200,"srcset":"https:\/\/i0.wp.com\/www.sportalsub.net\/blog\/wp-content\/uploads\/2018\/02\/laura-apnea.jpg?resize=350%2C200&ssl=1 1x, https:\/\/i0.wp.com\/www.sportalsub.net\/blog\/wp-content\/uploads\/2018\/02\/laura-apnea.jpg?resize=525%2C300&ssl=1 1.5x, https:\/\/i0.wp.com\/www.sportalsub.net\/blog\/wp-content\/uploads\/2018\/02\/laura-apnea.jpg?resize=700%2C400&ssl=1 2x"},"classes":[]},{"id":17710,"url":"https:\/\/www.sportalsub.net\/blog\/copa-ciudad-de-cali-apnea-2014","url_meta":{"origin":23989,"position":3},"title":"\ud83c\udde8\ud83c\uddf4 Resultados de la II Copa Interclubes de Apnea \u00abCiudad de Cali\u00bb Colombia","author":"Sportalsub.net","date":"20 mayo 2014","format":false,"excerpt":"(Especial Sportalsub.net \/ FEDECAS \/ LIVAS \/ Club Universitario del Valle) Se llev\u00f3a a cabo la \u201cII COPA INTERCLUBES \u201cCIUDAD DE CALI\u201d DE APNEA EN AGUAS\u00a0CONFINADAS CON INVITACION INTERNACIONAL evento realizado en Santiago de Cali del\u00a016 al 18 de Mayo de 2014. Este evento fue\u00a0el primer clasificatorio para la selecci\u00f3n\u2026","rel":"","context":"En \u00abApnea\u00bb","block_context":{"text":"Apnea","link":"https:\/\/www.sportalsub.net\/blog\/category\/modalidades\/apnea\/"},"img":{"alt_text":"","src":"https:\/\/i0.wp.com\/www.sportalsub.net\/blog\/wp-content\/uploads\/2014\/05\/apnea-colombia.jpg?resize=350%2C200&ssl=1","width":350,"height":200,"srcset":"https:\/\/i0.wp.com\/www.sportalsub.net\/blog\/wp-content\/uploads\/2014\/05\/apnea-colombia.jpg?resize=350%2C200&ssl=1 1x, https:\/\/i0.wp.com\/www.sportalsub.net\/blog\/wp-content\/uploads\/2014\/05\/apnea-colombia.jpg?resize=525%2C300&ssl=1 1.5x, https:\/\/i0.wp.com\/www.sportalsub.net\/blog\/wp-content\/uploads\/2014\/05\/apnea-colombia.jpg?resize=700%2C400&ssl=1 2x"},"classes":[]},{"id":18124,"url":"https:\/\/www.sportalsub.net\/blog\/curso-apnea-pereira-agosto-2014","url_meta":{"origin":23989,"position":4},"title":"\ud83c\udde8\ud83c\uddf4 Curso de Buceo libre en Pereira, Risaralda. Colombia","author":"Sportalsub.net","date":"18 julio 2014","format":false,"excerpt":"(Especial Sportalsub.net \/Club Deportivo Subacuaticas Calypso) Del 20 al 24 de agosto se realizar\u00e1 en las piscinas ol\u00edmpicas de Pereira en Risaralda, el Curso de buceo libre con Certificaci\u00f3n Internacional en apnea Nivel 1 por CMAS y FEDECAS, organizado por el Club Deportivo Subacu\u00e1ticas Calypso y dictado por Carlos Correa,\u2026","rel":"","context":"En \u00abApnea\u00bb","block_context":{"text":"Apnea","link":"https:\/\/www.sportalsub.net\/blog\/category\/modalidades\/apnea\/"},"img":{"alt_text":"","src":"https:\/\/i0.wp.com\/www.sportalsub.net\/blog\/wp-content\/uploads\/2014\/07\/curso-buceo-libre-risaralda.jpg?resize=350%2C200&ssl=1","width":350,"height":200,"srcset":"https:\/\/i0.wp.com\/www.sportalsub.net\/blog\/wp-content\/uploads\/2014\/07\/curso-buceo-libre-risaralda.jpg?resize=350%2C200&ssl=1 1x, https:\/\/i0.wp.com\/www.sportalsub.net\/blog\/wp-content\/uploads\/2014\/07\/curso-buceo-libre-risaralda.jpg?resize=525%2C300&ssl=1 1.5x, https:\/\/i0.wp.com\/www.sportalsub.net\/blog\/wp-content\/uploads\/2014\/07\/curso-buceo-libre-risaralda.jpg?resize=700%2C400&ssl=1 2x"},"classes":[]},{"id":20832,"url":"https:\/\/www.sportalsub.net\/blog\/campeonato-apnea-piscina-colombia-2015","url_meta":{"origin":23989,"position":5},"title":"\ud83c\udde8\ud83c\uddf4 Resultados Campeonato Nacional Interclubes de Apnea en piscina \u00abBarracudas Blue\u00bb Cali, Colombia","author":"Sportalsub.net","date":"30 junio 2015","format":false,"excerpt":"(Sportalsub.net \/ FEDECAS \/ LIVAS \/ Barracudas) Campeonato Nacional Interclubes por categor\u00edas de apnea en aguas confinadas de la Federaci\u00f3n Colombiana de Actividades Subacu\u00e1ticas, FEDECAS, realizado\u00a0del 27 al 29 de junio en Cali, Colombia. HORARIO DE PRUEBAS GENERALES CAMPEONATO APNEA Reuni\u00f3n\u00a0Informativa. Viernes 26 de Junio\u00a07:00 pm Sal\u00f3n de Reuniones Liga\u00a0Valle\u2026","rel":"","context":"En \u00abApnea\u00bb","block_context":{"text":"Apnea","link":"https:\/\/www.sportalsub.net\/blog\/category\/modalidades\/apnea\/"},"img":{"alt_text":"","src":"https:\/\/i0.wp.com\/www.sportalsub.net\/blog\/wp-content\/uploads\/2015\/06\/apneacali1.jpg?resize=350%2C200&ssl=1","width":350,"height":200,"srcset":"https:\/\/i0.wp.com\/www.sportalsub.net\/blog\/wp-content\/uploads\/2015\/06\/apneacali1.jpg?resize=350%2C200&ssl=1 1x, https:\/\/i0.wp.com\/www.sportalsub.net\/blog\/wp-content\/uploads\/2015\/06\/apneacali1.jpg?resize=525%2C300&ssl=1 1.5x, https:\/\/i0.wp.com\/www.sportalsub.net\/blog\/wp-content\/uploads\/2015\/06\/apneacali1.jpg?resize=700%2C400&ssl=1 2x"},"classes":[]}],"_links":{"self":[{"href":"https:\/\/www.sportalsub.net\/blog\/wp-json\/wp\/v2\/posts\/23989","targetHints":{"allow":["GET"]}}],"collection":[{"href":"https:\/\/www.sportalsub.net\/blog\/wp-json\/wp\/v2\/posts"}],"about":[{"href":"https:\/\/www.sportalsub.net\/blog\/wp-json\/wp\/v2\/types\/post"}],"author":[{"embeddable":true,"href":"https:\/\/www.sportalsub.net\/blog\/wp-json\/wp\/v2\/users\/1"}],"replies":[{"embeddable":true,"href":"https:\/\/www.sportalsub.net\/blog\/wp-json\/wp\/v2\/comments?post=23989"}],"version-history":[{"count":0,"href":"https:\/\/www.sportalsub.net\/blog\/wp-json\/wp\/v2\/posts\/23989\/revisions"}],"wp:featuredmedia":[{"embeddable":true,"href":"https:\/\/www.sportalsub.net\/blog\/wp-json\/wp\/v2\/media\/24197"}],"wp:attachment":[{"href":"https:\/\/www.sportalsub.net\/blog\/wp-json\/wp\/v2\/media?parent=23989"}],"wp:term":[{"taxonomy":"category","embeddable":true,"href":"https:\/\/www.sportalsub.net\/blog\/wp-json\/wp\/v2\/categories?post=23989"},{"taxonomy":"post_tag","embeddable":true,"href":"https:\/\/www.sportalsub.net\/blog\/wp-json\/wp\/v2\/tags?post=23989"}],"curies":[{"name":"wp","href":"https:\/\/api.w.org\/{rel}","templated":true}]}}