{"id":24365,"date":"2016-11-10T05:49:33","date_gmt":"2016-11-10T08:49:33","guid":{"rendered":"http:\/\/www.sportalsub.net\/blog\/?p=24365"},"modified":"2019-08-30T07:17:43","modified_gmt":"2019-08-30T11:17:43","slug":"1er-fotosub-open-la-paz-y-4to-campeonato-nacional-de-fotografia-subacuatica-fmas-mexico","status":"publish","type":"post","link":"https:\/\/www.sportalsub.net\/blog\/fotosub-la-paz-2016","title":{"rendered":"\ud83c\uddf2\ud83c\uddfd Resultados y Fotos &#8211; 4to Campeonato Nacional de Fotograf\u00eda Subacu\u00e1tica FMAS La Paz, M\u00e9xico"},"content":{"rendered":"<p><a href=\"http:\/\/www.sportalsub.net\/blog\/wp-content\/uploads\/2016\/10\/fotosubmexico.jpg\" target=\"_blank\"><img loading=\"lazy\" decoding=\"async\" class=\"alignnone size-full wp-image-25613\" src=\"http:\/\/www.sportalsub.net\/blog\/wp-content\/uploads\/2016\/10\/fotosubmexico.jpg\" alt=\"\" width=\"915\" height=\"703\" srcset=\"https:\/\/www.sportalsub.net\/blog\/wp-content\/uploads\/2016\/10\/fotosubmexico.jpg 915w, https:\/\/www.sportalsub.net\/blog\/wp-content\/uploads\/2016\/10\/fotosubmexico-300x230.jpg 300w, https:\/\/www.sportalsub.net\/blog\/wp-content\/uploads\/2016\/10\/fotosubmexico-768x590.jpg 768w\" sizes=\"auto, (max-width: 915px) 100vw, 915px\" \/><\/a><\/p>\n<p>(Sportalsub.net \/ FMAS \/ Fotosub La Paz)<\/p>\n<p>La Federaci\u00f3n Mexicana de Actividades Subacu\u00e1ticas llev\u00f3\u00a0a cabo el 4\u00b0 Campeonato Nacional de Fotograf\u00eda Subacu\u00e1tica, del 4\u00a0al 8\u00a0de Noviembre del 2016.<\/p>\n<p>Este evento fue preparatorio para el XVI Campeonato Mundial de Fotograf\u00eda Submarina CMAS\u00a02017.<\/p>\n<p><strong><a href=\"http:\/\/www.sportalsub.net\/blog\/wp-content\/uploads\/2016\/10\/resultados.pdf\" target=\"_blank\" rel=\"noopener noreferrer\">Resultados y Fotos Ganadoras<\/a>, <\/strong>cortes\u00eda <a href=\"https:\/\/www.facebook.com\/uportugal\" target=\"_blank\">Ulises Portugal<\/a><\/p>\n<p>M\u00e1s info: <a href=\"http:\/\/www.fmas.com.mx\/\" target=\"_blank\">FMAS<\/a> \/ Sitio web oficial: <a href=\"http:\/\/fotosublapaz.com\/?p=87\" target=\"_blank\">fotosublapaz.com<\/a><\/p>\n<p><img loading=\"lazy\" decoding=\"async\" class=\"alignnone size-full wp-image-24399\" src=\"http:\/\/www.sportalsub.net\/blog\/wp-content\/uploads\/2016\/04\/fotosublapaz.jpg\" alt=\"fotosublapaz\" width=\"852\" height=\"1280\" srcset=\"https:\/\/www.sportalsub.net\/blog\/wp-content\/uploads\/2016\/04\/fotosublapaz.jpg 852w, https:\/\/www.sportalsub.net\/blog\/wp-content\/uploads\/2016\/04\/fotosublapaz-200x300.jpg 200w, https:\/\/www.sportalsub.net\/blog\/wp-content\/uploads\/2016\/04\/fotosublapaz-768x1154.jpg 768w, https:\/\/www.sportalsub.net\/blog\/wp-content\/uploads\/2016\/04\/fotosublapaz-682x1024.jpg 682w\" sizes=\"auto, (max-width: 852px) 100vw, 852px\" \/><\/p>\n","protected":false},"excerpt":{"rendered":"<p>(Sportalsub.net \/ FMAS \/ Fotosub La Paz) La Federaci\u00f3n Mexicana de Actividades Subacu\u00e1ticas llev\u00f3\u00a0a cabo el 4\u00b0 Campeonato Nacional de Fotograf\u00eda Subacu\u00e1tica, del 4\u00a0al 8\u00a0de Noviembre del 2016. Este evento fue preparatorio para el XVI Campeonato Mundial de Fotograf\u00eda Submarina CMAS\u00a02017. Resultados y Fotos Ganadoras, cortes\u00eda Ulises Portugal M\u00e1s info: FMAS \/ Sitio web oficial: fotosublapaz.com<\/p>\n","protected":false},"author":1,"featured_media":25613,"comment_status":"open","ping_status":"closed","sticky":false,"template":"","format":"standard","meta":{"_lmt_disableupdate":"","_lmt_disable":"","jetpack_post_was_ever_published":false,"_jetpack_newsletter_access":"","_jetpack_dont_email_post_to_subs":true,"_jetpack_newsletter_tier_id":0,"_jetpack_memberships_contains_paywalled_content":false,"_jetpack_memberships_contains_paid_content":false,"footnotes":"","jetpack_publicize_message":"","jetpack_publicize_feature_enabled":true,"jetpack_social_post_already_shared":true,"jetpack_social_options":{"image_generator_settings":{"template":"highway","default_image_id":0,"font":"","enabled":false},"version":2}},"categories":[19,98,120],"tags":[],"class_list":["post-24365","post","type-post","status-publish","format-standard","has-post-thumbnail","hentry","category-fotografia-submarina","category-mexico","category-resultados"],"modified_by":"Sportalsub.net","views":4587,"jetpack_publicize_connections":[],"jetpack_featured_media_url":"https:\/\/www.sportalsub.net\/blog\/wp-content\/uploads\/2016\/10\/fotosubmexico.jpg","jetpack_sharing_enabled":true,"jetpack_shortlink":"https:\/\/wp.me\/pf9lN-6kZ","jetpack_likes_enabled":false,"jetpack-related-posts":[{"id":22171,"url":"https:\/\/www.sportalsub.net\/blog\/4to-campeonato-nacional-de-fotografia-subacuatica-fmas-2015-mexico\/","url_meta":{"origin":24365,"position":0},"title":"\ud83c\uddf2\ud83c\uddfd 4to Campeonato Nacional de Fotograf\u00eda Subacu\u00e1tica FMAS 2015 M\u00e9xico","author":"Sportalsub.net","date":"24 noviembre 2015","format":false,"excerpt":"(Sportalsub.net \/ FMAS) La Federaci\u00f3n Mexicana de Actividades Subacu\u00e1ticas A.C. a trav\u00e9s de su Comit\u00e9 Deportivo en coordinaci\u00f3n con la Comisi\u00f3n de Foto y Video Subacu\u00e1tico convoca a las Asociaciones, Delegaciones, entidades afiliadas y buceadores independientes a participar en \u00e9l: 4\u00ba CAMPEONATO NACIONAL DE FOTOGRAF\u00cdA SUBACU\u00c1TICA EN FORMATO DIGITAL \u201cACAPULCO\u2026","rel":"","context":"En \u00abFotograf\u00eda Submarina\u00bb","block_context":{"text":"Fotograf\u00eda Submarina","link":"https:\/\/www.sportalsub.net\/blog\/category\/modalidades\/fotografia-submarina\/"},"img":{"alt_text":"","src":"https:\/\/i0.wp.com\/www.sportalsub.net\/blog\/wp-content\/uploads\/2015\/10\/4tofotosubmexico.jpg?resize=350%2C200&ssl=1","width":350,"height":200},"classes":[]},{"id":25639,"url":"https:\/\/www.sportalsub.net\/blog\/mundial-de-fotografia-subacuatica-cmas-2017-mexico\/","url_meta":{"origin":24365,"position":1},"title":"\ud83c\uddf2\ud83c\uddfd Resultados y Fotos. XVI Campeonato Mundial de Fotograf\u00eda Subacu\u00e1tica CMAS Noviembre 2017 \u2013 La Paz, M\u00e9xico","author":"Sportalsub.net","date":"4 diciembre 2017","format":false,"excerpt":"(Sportalsub.net \/ CMAS \/ CMAS Zona Am\u00e9rica \/ FMAS) - Read in English El 16to Campeonato Mundial de Fotograf\u00eda Subacu\u00e1tica de la Confederaci\u00f3n Mundial de Actividades Subacu\u00e1ticas CMAS se llev\u00f3 a cabo del 22 al 27 de noviembre 2017 en La Paz \u2013 Baja California, M\u00e9xico Con profesionales de la\u2026","rel":"","context":"En \u00abAlemania\u00bb","block_context":{"text":"Alemania","link":"https:\/\/www.sportalsub.net\/blog\/category\/paises\/europa\/alemania\/"},"img":{"alt_text":"","src":"https:\/\/i0.wp.com\/www.sportalsub.net\/blog\/wp-content\/uploads\/2017\/11\/24852581_1543952412337082_5605884843737740618_n.jpg?resize=350%2C200&ssl=1","width":350,"height":200,"srcset":"https:\/\/i0.wp.com\/www.sportalsub.net\/blog\/wp-content\/uploads\/2017\/11\/24852581_1543952412337082_5605884843737740618_n.jpg?resize=350%2C200&ssl=1 1x, https:\/\/i0.wp.com\/www.sportalsub.net\/blog\/wp-content\/uploads\/2017\/11\/24852581_1543952412337082_5605884843737740618_n.jpg?resize=525%2C300&ssl=1 1.5x, https:\/\/i0.wp.com\/www.sportalsub.net\/blog\/wp-content\/uploads\/2017\/11\/24852581_1543952412337082_5605884843737740618_n.jpg?resize=700%2C400&ssl=1 2x"},"classes":[]},{"id":16288,"url":"https:\/\/www.sportalsub.net\/blog\/2-campeonato-nacional-de-fotografia-subacuatica-fmas-acapulco-mexico\/","url_meta":{"origin":24365,"position":2},"title":"\ud83c\uddf2\ud83c\uddfd 2\u00b0 Campeonato Nacional de Fotograf\u00eda Subacu\u00e1tica FMAS. Acapulco, M\u00e9xico","author":"Sportalsub.net","date":"8 noviembre 2013","format":false,"excerpt":"(Especial Sportalsub.net \/ FMAS) La Federaci\u00f3n Mexicana de Actividades Subacu\u00e1ticas A.C. a trav\u00e9s de su Comit\u00e9 Deportivo en coordinaci\u00f3n con la Comisi\u00f3n de Foto y Video Subacu\u00e1tico convoca a las Asociaciones, Delegaciones, entidades afiliadas y buceadores independientes a participar en el\u00a02do. CAMPEONATO NACIONAL DE FOTOGRAF\u00cdA SUBACU\u00c1TICA EN FORMATO DIGITAL\u201cACAPULCO 2013\u201d\u2026","rel":"","context":"En \u00abFotograf\u00eda Submarina\u00bb","block_context":{"text":"Fotograf\u00eda Submarina","link":"https:\/\/www.sportalsub.net\/blog\/category\/modalidades\/fotografia-submarina\/"},"img":{"alt_text":"","src":"https:\/\/i0.wp.com\/www.sportalsub.net\/blog\/wp-content\/uploads\/2013\/11\/Fotografia-2013.jpg?resize=350%2C200&ssl=1","width":350,"height":200,"srcset":"https:\/\/i0.wp.com\/www.sportalsub.net\/blog\/wp-content\/uploads\/2013\/11\/Fotografia-2013.jpg?resize=350%2C200&ssl=1 1x, https:\/\/i0.wp.com\/www.sportalsub.net\/blog\/wp-content\/uploads\/2013\/11\/Fotografia-2013.jpg?resize=525%2C300&ssl=1 1.5x, https:\/\/i0.wp.com\/www.sportalsub.net\/blog\/wp-content\/uploads\/2013\/11\/Fotografia-2013.jpg?resize=700%2C400&ssl=1 2x"},"classes":[]},{"id":17065,"url":"https:\/\/www.sportalsub.net\/blog\/viento-en-popa-el-2-campeonato-nacional-de-fotografia-subacuatica-fmas-acapulco-mexico\/","url_meta":{"origin":24365,"position":3},"title":"\ud83c\uddf2\ud83c\uddfd Viento en popa el 2\u00b0 Campeonato Nacional de Fotograf\u00eda Subacu\u00e1tica FMAS. Acapulco, M\u00e9xico","author":"Sportalsub.net","date":"3 diciembre 2013","format":false,"excerpt":"(Especial Sportalsub.net \/ FMAS) Ciudad de M\u00e9xico. A 3 de diciembre de 2013.- Lleg\u00f3 a su fin, con buenas expectativas, el 2\u00ba. Campeonato Nacional de Fotograf\u00eda Subacu\u00e1tica Acapulco 2013, celebrada en tan importante localidad de Guerrero realizado los d\u00edas 28 y 29 de noviembre pasados, inform\u00f3 el presidente de la\u2026","rel":"","context":"En \u00abDestacados Anteriores\u00bb","block_context":{"text":"Destacados Anteriores","link":"https:\/\/www.sportalsub.net\/blog\/category\/coberturas-especiales\/destacados-anteriores\/"},"img":{"alt_text":"","src":"https:\/\/i0.wp.com\/www.sportalsub.net\/blog\/wp-content\/uploads\/2013\/12\/fotosub-mexico-2013.jpg?resize=350%2C200&ssl=1","width":350,"height":200,"srcset":"https:\/\/i0.wp.com\/www.sportalsub.net\/blog\/wp-content\/uploads\/2013\/12\/fotosub-mexico-2013.jpg?resize=350%2C200&ssl=1 1x, https:\/\/i0.wp.com\/www.sportalsub.net\/blog\/wp-content\/uploads\/2013\/12\/fotosub-mexico-2013.jpg?resize=525%2C300&ssl=1 1.5x"},"classes":[]},{"id":14303,"url":"https:\/\/www.sportalsub.net\/blog\/1er-campeonato-nacional-de-fotografia-subacuatica-fmas-1-y-2-de-diciembre-en-acapulco-mexico\/","url_meta":{"origin":24365,"position":4},"title":"\ud83c\uddf2\ud83c\uddfd Resultados del 1er Campeonato Nacional de Fotograf\u00eda Subacu\u00e1tica FMAS 1 y 2 de Diciembre en Acapulco, M\u00e9xico","author":"Sportalsub.net","date":"19 diciembre 2012","format":false,"excerpt":"(Especial Sportalsub.net \/ FMAS) Destacan Valeria Mas y Juan Barnard en el Primer Campeonato Fotosub M\u00e9xico, D.F. A 13 de diciembre de 2012.- Rogelio Flores Aguilera, presidente de la Federaci\u00f3n Mexicana de Actividades Subacu\u00e1ticas, dio a conoce los resultados del primer Campeonato Nacional de Fotograf\u00eda Subacu\u00e1tica FMAS-CMAS Acapulco 2012 -1\u2026","rel":"","context":"En \u00abFotograf\u00eda Submarina\u00bb","block_context":{"text":"Fotograf\u00eda Submarina","link":"https:\/\/www.sportalsub.net\/blog\/category\/modalidades\/fotografia-submarina\/"},"img":{"alt_text":"","src":"https:\/\/i0.wp.com\/www.sportalsub.net\/blog\/wp-content\/uploads\/2012\/12\/Valeria-Gran-Angular-Ambiente1.jpg?resize=350%2C200&ssl=1","width":350,"height":200},"classes":[]},{"id":18798,"url":"https:\/\/www.sportalsub.net\/blog\/fotosub-fmas-mexico-2014","url_meta":{"origin":24365,"position":5},"title":"\ud83c\uddf2\ud83c\uddfd Resultados del 3er Campeonato Nacional de Fotograf\u00eda Subacu\u00e1tica en Formato Digital FOTOSUB FMAS 2014 M\u00e9xico","author":"Sportalsub.net","date":"3 diciembre 2014","format":false,"excerpt":"(Sportalsub.net \/ FMAS) Obtiene Valeria Mas Campeonato Nacional Fotograf\u00eda Subacu\u00e1tica Ciudad de M\u00e9xico. A 3 de diciembre de 2014. La buceadora Valeria Mas conquist\u00f3 el primer lugar general del Tercer Campeonato Nacional de Fotograf\u00eda Subacu\u00e1tica Foto Sub FMAS 2014, del 27 al 30 de noviembre de 2014 en Acapulco, Guerrero\u2026","rel":"","context":"En \u00abFotograf\u00eda Submarina\u00bb","block_context":{"text":"Fotograf\u00eda Submarina","link":"https:\/\/www.sportalsub.net\/blog\/category\/modalidades\/fotografia-submarina\/"},"img":{"alt_text":"","src":"https:\/\/i0.wp.com\/www.sportalsub.net\/blog\/wp-content\/uploads\/2014\/10\/fotosubfmas2014.jpg?resize=350%2C200&ssl=1","width":350,"height":200,"srcset":"https:\/\/i0.wp.com\/www.sportalsub.net\/blog\/wp-content\/uploads\/2014\/10\/fotosubfmas2014.jpg?resize=350%2C200&ssl=1 1x, https:\/\/i0.wp.com\/www.sportalsub.net\/blog\/wp-content\/uploads\/2014\/10\/fotosubfmas2014.jpg?resize=525%2C300&ssl=1 1.5x"},"classes":[]}],"_links":{"self":[{"href":"https:\/\/www.sportalsub.net\/blog\/wp-json\/wp\/v2\/posts\/24365","targetHints":{"allow":["GET"]}}],"collection":[{"href":"https:\/\/www.sportalsub.net\/blog\/wp-json\/wp\/v2\/posts"}],"about":[{"href":"https:\/\/www.sportalsub.net\/blog\/wp-json\/wp\/v2\/types\/post"}],"author":[{"embeddable":true,"href":"https:\/\/www.sportalsub.net\/blog\/wp-json\/wp\/v2\/users\/1"}],"replies":[{"embeddable":true,"href":"https:\/\/www.sportalsub.net\/blog\/wp-json\/wp\/v2\/comments?post=24365"}],"version-history":[{"count":0,"href":"https:\/\/www.sportalsub.net\/blog\/wp-json\/wp\/v2\/posts\/24365\/revisions"}],"wp:featuredmedia":[{"embeddable":true,"href":"https:\/\/www.sportalsub.net\/blog\/wp-json\/wp\/v2\/media\/25613"}],"wp:attachment":[{"href":"https:\/\/www.sportalsub.net\/blog\/wp-json\/wp\/v2\/media?parent=24365"}],"wp:term":[{"taxonomy":"category","embeddable":true,"href":"https:\/\/www.sportalsub.net\/blog\/wp-json\/wp\/v2\/categories?post=24365"},{"taxonomy":"post_tag","embeddable":true,"href":"https:\/\/www.sportalsub.net\/blog\/wp-json\/wp\/v2\/tags?post=24365"}],"curies":[{"name":"wp","href":"https:\/\/api.w.org\/{rel}","templated":true}]}}